{"id":1494,"date":"2018-10-23T08:54:44","date_gmt":"2018-10-23T06:54:44","guid":{"rendered":"http:\/\/cib-events.de\/?p=1494"},"modified":"2023-10-31T10:38:49","modified_gmt":"2023-10-31T09:38:49","slug":"cib-beim-akdb-kommunalforum","status":"publish","type":"post","link":"https:\/\/www.cib.de\/en\/cib-beim-akdb-kommunalforum\/","title":{"rendered":"CIB beim AKDB Kommunalforum"},"content":{"rendered":"<p>Selbstverst\u00e4ndlich waren wir auf dieser Veranstaltung, die sich als Branchentreff unter den Kommunen manifestiert hat, vertreten von Georg Hatzelmann und Roman Thiel,\u00a0dabei. Neuste L\u00f6sungen, Innovationen und Trends in der Verwaltung wurden vorgestellt. Die Botschaft: &#8220;<strong>die Digitalisierung in Kommunen ist ein Muss, um Stadt und Land zukunftssicher zu machen<\/strong>.&#8221;<\/p>\n<p>Vertreter kommunaler Ebenen, F\u00fchrungskr\u00e4fte sowie Sachbearbeiter, waren unter den \u00fcber 1.000 Teilnehmern, um an Pr\u00e4sentationen und Fachvortr\u00e4gen teilzunehmen sowie bei den Praxis-Workshops mitzumachen oder sich die Begleitausstellung der 25 L\u00f6sungspartner anzuschauen.<\/p>\n<p>Seit 1997 verbindet uns mit der AKDB eine partnerschaftliche Gesch\u00e4ftsbeziehung, denn unsere <a href=\"\/en\/products\/\" target=\"_blank\" rel=\"noopener\">CIB Produkte<\/a> sind in vielen Fachverfahren bereits integriert. Auch im Rahmen zuk\u00fcnftiger Herausforderungen, wie z.B. die elektronische Rechnung, werden bei der AKDB <a href=\"\/en\/products\/\" target=\"_blank\" rel=\"noopener\">CIB Komponenten<\/a> eingesetzt.<\/p>\n<p>Neben Networking und der Kontaktpflege mit unseren Partnern waren besonders die Themen und Trends mit den Schwerpunkten Dokument- und Rechnungsverarbeitung interessant!<\/p>\n<p>Let\u00b4s CIB.<\/p>","protected":false},"excerpt":{"rendered":"<p>Selbstverst\u00e4ndlich waren wir auf dieser Veranstaltung, die sich als Branchentreff unter den Kommunen manifestiert hat, vertreten von Georg Hatzelmann und Roman Thiel,\u00a0dabei. Neuste L\u00f6sungen, Innovationen und Trends in der Verwaltung wurden vorgestellt. Die Botschaft: &#8220;die Digitalisierung in Kommunen ist ein Muss, um Stadt und Land zukunftssicher zu machen.&#8221; Vertreter kommunaler Ebenen, F\u00fchrungskr\u00e4fte sowie Sachbearbeiter, waren &#8230; <a title=\"CIB beim AKDB Kommunalforum\" class=\"read-more\" href=\"https:\/\/www.cib.de\/en\/cib-beim-akdb-kommunalforum\/\" aria-label=\"Read more about CIB beim AKDB Kommunalforum\">Read more<\/a><\/p>","protected":false},"author":246,"featured_media":9531,"comment_status":"closed","ping_status":"open","sticky":false,"template":"","format":"standard","meta":{"_acf_changed":false,"footnotes":""},"categories":[1],"tags":[1066,2202],"class_list":["post-1494","post","type-post","status-publish","format-standard","has-post-thumbnail","hentry","category-cib-group","tag-cib-event","tag-only-de"],"acf":[],"yoast_head":"<!-- This site is optimized with the Yoast SEO plugin v27.5 - https:\/\/yoast.com\/product\/yoast-seo-wordpress\/ -->\n<title>CIB beim AKDB Kommunalforum - CIB Group<\/title>\n<meta name=\"robots\" content=\"index, follow, max-snippet:-1, max-image-preview:large, max-video-preview:-1\" \/>\n<link rel=\"canonical\" href=\"https:\/\/www.cib.de\/en\/cib-beim-akdb-kommunalforum\/\" \/>\n<meta property=\"og:locale\" content=\"en_GB\" \/>\n<meta property=\"og:type\" content=\"article\" \/>\n<meta property=\"og:title\" content=\"CIB beim AKDB Kommunalforum - CIB Group\" \/>\n<meta property=\"og:description\" content=\"Selbstverst\u00e4ndlich waren wir auf dieser Veranstaltung, die sich als Branchentreff unter den Kommunen manifestiert hat, vertreten von Georg Hatzelmann und Roman Thiel,\u00a0dabei. Neuste L\u00f6sungen, Innovationen und Trends in der Verwaltung wurden vorgestellt. Die Botschaft: &#8220;die Digitalisierung in Kommunen ist ein Muss, um Stadt und Land zukunftssicher zu machen.&#8221; Vertreter kommunaler Ebenen, F\u00fchrungskr\u00e4fte sowie Sachbearbeiter, waren ... Read more\" \/>\n<meta property=\"og:url\" content=\"https:\/\/www.cib.de\/en\/cib-beim-akdb-kommunalforum\/\" \/>\n<meta property=\"og:site_name\" content=\"CIB Group\" \/>\n<meta property=\"article:publisher\" content=\"https:\/\/www.linkedin.com\/company\/cib\/\" \/>\n<meta property=\"article:published_time\" content=\"2018-10-23T06:54:44+00:00\" \/>\n<meta property=\"article:modified_time\" content=\"2023-10-31T09:38:49+00:00\" \/>\n<meta property=\"og:image\" content=\"https:\/\/www.cib.de\/wp-content\/uploads\/2018\/10\/news_akdb.png\" \/>\n\t<meta property=\"og:image:width\" content=\"826\" \/>\n\t<meta property=\"og:image:height\" content=\"300\" \/>\n\t<meta property=\"og:image:type\" content=\"image\/png\" \/>\n<meta name=\"author\" content=\"CIB Group\" \/>\n<meta name=\"twitter:card\" content=\"summary_large_image\" \/>\n<meta name=\"twitter:label1\" content=\"Written by\" \/>\n\t<meta name=\"twitter:data1\" content=\"CIB Group\" \/>\n\t<meta name=\"twitter:label2\" content=\"Estimated reading time\" \/>\n\t<meta name=\"twitter:data2\" content=\"1 minute\" \/>\n<script type=\"application\/ld+json\" class=\"yoast-schema-graph\">{\"@context\":\"https:\\\/\\\/schema.org\",\"@graph\":[{\"@type\":\"Article\",\"@id\":\"https:\\\/\\\/www.cib.de\\\/cib-beim-akdb-kommunalforum\\\/#article\",\"isPartOf\":{\"@id\":\"https:\\\/\\\/www.cib.de\\\/cib-beim-akdb-kommunalforum\\\/\"},\"author\":{\"name\":\"CIB Group\",\"@id\":\"https:\\\/\\\/www.cib.de\\\/#\\\/schema\\\/person\\\/4c70f0634b93acb47baacdb671694155\"},\"headline\":\"CIB beim AKDB Kommunalforum\",\"datePublished\":\"2018-10-23T06:54:44+00:00\",\"dateModified\":\"2023-10-31T09:38:49+00:00\",\"mainEntityOfPage\":{\"@id\":\"https:\\\/\\\/www.cib.de\\\/cib-beim-akdb-kommunalforum\\\/\"},\"wordCount\":152,\"publisher\":{\"@id\":\"https:\\\/\\\/www.cib.de\\\/#organization\"},\"image\":{\"@id\":\"https:\\\/\\\/www.cib.de\\\/cib-beim-akdb-kommunalforum\\\/#primaryimage\"},\"thumbnailUrl\":\"https:\\\/\\\/www.cib.de\\\/wp-content\\\/uploads\\\/2018\\\/10\\\/news_akdb.png\",\"keywords\":[\"CIB Events\",\"DE\"],\"articleSection\":[\"CIB Group\"],\"inLanguage\":\"en-GB\"},{\"@type\":\"WebPage\",\"@id\":\"https:\\\/\\\/www.cib.de\\\/cib-beim-akdb-kommunalforum\\\/\",\"url\":\"https:\\\/\\\/www.cib.de\\\/cib-beim-akdb-kommunalforum\\\/\",\"name\":\"CIB beim AKDB Kommunalforum - CIB Group\",\"isPartOf\":{\"@id\":\"https:\\\/\\\/www.cib.de\\\/#website\"},\"primaryImageOfPage\":{\"@id\":\"https:\\\/\\\/www.cib.de\\\/cib-beim-akdb-kommunalforum\\\/#primaryimage\"},\"image\":{\"@id\":\"https:\\\/\\\/www.cib.de\\\/cib-beim-akdb-kommunalforum\\\/#primaryimage\"},\"thumbnailUrl\":\"https:\\\/\\\/www.cib.de\\\/wp-content\\\/uploads\\\/2018\\\/10\\\/news_akdb.png\",\"datePublished\":\"2018-10-23T06:54:44+00:00\",\"dateModified\":\"2023-10-31T09:38:49+00:00\",\"breadcrumb\":{\"@id\":\"https:\\\/\\\/www.cib.de\\\/cib-beim-akdb-kommunalforum\\\/#breadcrumb\"},\"inLanguage\":\"en-GB\",\"potentialAction\":[{\"@type\":\"ReadAction\",\"target\":[\"https:\\\/\\\/www.cib.de\\\/cib-beim-akdb-kommunalforum\\\/\"]}]},{\"@type\":\"ImageObject\",\"inLanguage\":\"en-GB\",\"@id\":\"https:\\\/\\\/www.cib.de\\\/cib-beim-akdb-kommunalforum\\\/#primaryimage\",\"url\":\"https:\\\/\\\/www.cib.de\\\/wp-content\\\/uploads\\\/2018\\\/10\\\/news_akdb.png\",\"contentUrl\":\"https:\\\/\\\/www.cib.de\\\/wp-content\\\/uploads\\\/2018\\\/10\\\/news_akdb.png\",\"width\":826,\"height\":300,\"caption\":\"AKDB Kommunalforum\"},{\"@type\":\"BreadcrumbList\",\"@id\":\"https:\\\/\\\/www.cib.de\\\/cib-beim-akdb-kommunalforum\\\/#breadcrumb\",\"itemListElement\":[{\"@type\":\"ListItem\",\"position\":1,\"name\":\"Home\",\"item\":\"https:\\\/\\\/www.cib.de\\\/\"},{\"@type\":\"ListItem\",\"position\":2,\"name\":\"CIB beim AKDB Kommunalforum\"}]},{\"@type\":\"WebSite\",\"@id\":\"https:\\\/\\\/www.cib.de\\\/#website\",\"url\":\"https:\\\/\\\/www.cib.de\\\/\",\"name\":\"CIB Group\",\"description\":\"Digitalisierung, Prozessautomatisierung, K\u00fcnstliche Intelligenz\",\"publisher\":{\"@id\":\"https:\\\/\\\/www.cib.de\\\/#organization\"},\"potentialAction\":[{\"@type\":\"SearchAction\",\"target\":{\"@type\":\"EntryPoint\",\"urlTemplate\":\"https:\\\/\\\/www.cib.de\\\/?s={search_term_string}\"},\"query-input\":{\"@type\":\"PropertyValueSpecification\",\"valueRequired\":true,\"valueName\":\"search_term_string\"}}],\"inLanguage\":\"en-GB\"},{\"@type\":\"Organization\",\"@id\":\"https:\\\/\\\/www.cib.de\\\/#organization\",\"name\":\"CIB Group\",\"url\":\"https:\\\/\\\/www.cib.de\\\/\",\"logo\":{\"@type\":\"ImageObject\",\"inLanguage\":\"en-GB\",\"@id\":\"https:\\\/\\\/www.cib.de\\\/#\\\/schema\\\/logo\\\/image\\\/\",\"url\":\"https:\\\/\\\/www.cib.de\\\/wp-content\\\/uploads\\\/2023\\\/10\\\/CIB_Logo_.svg\",\"contentUrl\":\"https:\\\/\\\/www.cib.de\\\/wp-content\\\/uploads\\\/2023\\\/10\\\/CIB_Logo_.svg\",\"width\":283,\"height\":128,\"caption\":\"CIB Group\"},\"image\":{\"@id\":\"https:\\\/\\\/www.cib.de\\\/#\\\/schema\\\/logo\\\/image\\\/\"},\"sameAs\":[\"https:\\\/\\\/www.linkedin.com\\\/company\\\/cib\\\/\"]},{\"@type\":\"Person\",\"@id\":\"https:\\\/\\\/www.cib.de\\\/#\\\/schema\\\/person\\\/4c70f0634b93acb47baacdb671694155\",\"name\":\"CIB Group\",\"image\":{\"@type\":\"ImageObject\",\"inLanguage\":\"en-GB\",\"@id\":\"https:\\\/\\\/www.cib.de\\\/wp-content\\\/uploads\\\/2023\\\/03\\\/logo_signature2.png\",\"url\":\"https:\\\/\\\/www.cib.de\\\/wp-content\\\/uploads\\\/2023\\\/03\\\/logo_signature2.png\",\"contentUrl\":\"https:\\\/\\\/www.cib.de\\\/wp-content\\\/uploads\\\/2023\\\/03\\\/logo_signature2.png\",\"caption\":\"CIB Group\"},\"description\":\"Die Digitalisierungsexperten\"}]}<\/script>\n<!-- \/ Yoast SEO plugin. -->","yoast_head_json":{"title":"CIB beim AKDB Kommunalforum - CIB Group","robots":{"index":"index","follow":"follow","max-snippet":"max-snippet:-1","max-image-preview":"max-image-preview:large","max-video-preview":"max-video-preview:-1"},"canonical":"https:\/\/www.cib.de\/en\/cib-beim-akdb-kommunalforum\/","og_locale":"en_GB","og_type":"article","og_title":"CIB beim AKDB Kommunalforum - CIB Group","og_description":"Selbstverst\u00e4ndlich waren wir auf dieser Veranstaltung, die sich als Branchentreff unter den Kommunen manifestiert hat, vertreten von Georg Hatzelmann und Roman Thiel,\u00a0dabei. Neuste L\u00f6sungen, Innovationen und Trends in der Verwaltung wurden vorgestellt. Die Botschaft: &#8220;die Digitalisierung in Kommunen ist ein Muss, um Stadt und Land zukunftssicher zu machen.&#8221; Vertreter kommunaler Ebenen, F\u00fchrungskr\u00e4fte sowie Sachbearbeiter, waren ... Read more","og_url":"https:\/\/www.cib.de\/en\/cib-beim-akdb-kommunalforum\/","og_site_name":"CIB Group","article_publisher":"https:\/\/www.linkedin.com\/company\/cib\/","article_published_time":"2018-10-23T06:54:44+00:00","article_modified_time":"2023-10-31T09:38:49+00:00","og_image":[{"width":826,"height":300,"url":"https:\/\/www.cib.de\/wp-content\/uploads\/2018\/10\/news_akdb.png","type":"image\/png"}],"author":"CIB Group","twitter_card":"summary_large_image","twitter_misc":{"Written by":"CIB Group","Estimated reading time":"1 minute"},"schema":{"@context":"https:\/\/schema.org","@graph":[{"@type":"Article","@id":"https:\/\/www.cib.de\/cib-beim-akdb-kommunalforum\/#article","isPartOf":{"@id":"https:\/\/www.cib.de\/cib-beim-akdb-kommunalforum\/"},"author":{"name":"CIB Group","@id":"https:\/\/www.cib.de\/#\/schema\/person\/4c70f0634b93acb47baacdb671694155"},"headline":"CIB beim AKDB Kommunalforum","datePublished":"2018-10-23T06:54:44+00:00","dateModified":"2023-10-31T09:38:49+00:00","mainEntityOfPage":{"@id":"https:\/\/www.cib.de\/cib-beim-akdb-kommunalforum\/"},"wordCount":152,"publisher":{"@id":"https:\/\/www.cib.de\/#organization"},"image":{"@id":"https:\/\/www.cib.de\/cib-beim-akdb-kommunalforum\/#primaryimage"},"thumbnailUrl":"https:\/\/www.cib.de\/wp-content\/uploads\/2018\/10\/news_akdb.png","keywords":["CIB Events","DE"],"articleSection":["CIB Group"],"inLanguage":"en-GB"},{"@type":"WebPage","@id":"https:\/\/www.cib.de\/cib-beim-akdb-kommunalforum\/","url":"https:\/\/www.cib.de\/cib-beim-akdb-kommunalforum\/","name":"CIB beim AKDB Kommunalforum - CIB Group","isPartOf":{"@id":"https:\/\/www.cib.de\/#website"},"primaryImageOfPage":{"@id":"https:\/\/www.cib.de\/cib-beim-akdb-kommunalforum\/#primaryimage"},"image":{"@id":"https:\/\/www.cib.de\/cib-beim-akdb-kommunalforum\/#primaryimage"},"thumbnailUrl":"https:\/\/www.cib.de\/wp-content\/uploads\/2018\/10\/news_akdb.png","datePublished":"2018-10-23T06:54:44+00:00","dateModified":"2023-10-31T09:38:49+00:00","breadcrumb":{"@id":"https:\/\/www.cib.de\/cib-beim-akdb-kommunalforum\/#breadcrumb"},"inLanguage":"en-GB","potentialAction":[{"@type":"ReadAction","target":["https:\/\/www.cib.de\/cib-beim-akdb-kommunalforum\/"]}]},{"@type":"ImageObject","inLanguage":"en-GB","@id":"https:\/\/www.cib.de\/cib-beim-akdb-kommunalforum\/#primaryimage","url":"https:\/\/www.cib.de\/wp-content\/uploads\/2018\/10\/news_akdb.png","contentUrl":"https:\/\/www.cib.de\/wp-content\/uploads\/2018\/10\/news_akdb.png","width":826,"height":300,"caption":"AKDB Kommunalforum"},{"@type":"BreadcrumbList","@id":"https:\/\/www.cib.de\/cib-beim-akdb-kommunalforum\/#breadcrumb","itemListElement":[{"@type":"ListItem","position":1,"name":"Home","item":"https:\/\/www.cib.de\/"},{"@type":"ListItem","position":2,"name":"CIB beim AKDB Kommunalforum"}]},{"@type":"WebSite","@id":"https:\/\/www.cib.de\/#website","url":"https:\/\/www.cib.de\/","name":"CIB Group","description":"Digitalisierung, Prozessautomatisierung, K\u00fcnstliche Intelligenz","publisher":{"@id":"https:\/\/www.cib.de\/#organization"},"potentialAction":[{"@type":"SearchAction","target":{"@type":"EntryPoint","urlTemplate":"https:\/\/www.cib.de\/?s={search_term_string}"},"query-input":{"@type":"PropertyValueSpecification","valueRequired":true,"valueName":"search_term_string"}}],"inLanguage":"en-GB"},{"@type":"Organization","@id":"https:\/\/www.cib.de\/#organization","name":"CIB Group","url":"https:\/\/www.cib.de\/","logo":{"@type":"ImageObject","inLanguage":"en-GB","@id":"https:\/\/www.cib.de\/#\/schema\/logo\/image\/","url":"https:\/\/www.cib.de\/wp-content\/uploads\/2023\/10\/CIB_Logo_.svg","contentUrl":"https:\/\/www.cib.de\/wp-content\/uploads\/2023\/10\/CIB_Logo_.svg","width":283,"height":128,"caption":"CIB Group"},"image":{"@id":"https:\/\/www.cib.de\/#\/schema\/logo\/image\/"},"sameAs":["https:\/\/www.linkedin.com\/company\/cib\/"]},{"@type":"Person","@id":"https:\/\/www.cib.de\/#\/schema\/person\/4c70f0634b93acb47baacdb671694155","name":"CIB Group","image":{"@type":"ImageObject","inLanguage":"en-GB","@id":"https:\/\/www.cib.de\/wp-content\/uploads\/2023\/03\/logo_signature2.png","url":"https:\/\/www.cib.de\/wp-content\/uploads\/2023\/03\/logo_signature2.png","contentUrl":"https:\/\/www.cib.de\/wp-content\/uploads\/2023\/03\/logo_signature2.png","caption":"CIB Group"},"description":"Experts in digitalization"}]}},"post_mailing_queue_ids":[],"_links":{"self":[{"href":"https:\/\/www.cib.de\/en\/wp-json\/wp\/v2\/posts\/1494","targetHints":{"allow":["GET"]}}],"collection":[{"href":"https:\/\/www.cib.de\/en\/wp-json\/wp\/v2\/posts"}],"about":[{"href":"https:\/\/www.cib.de\/en\/wp-json\/wp\/v2\/types\/post"}],"author":[{"embeddable":true,"href":"https:\/\/www.cib.de\/en\/wp-json\/wp\/v2\/users\/246"}],"replies":[{"embeddable":true,"href":"https:\/\/www.cib.de\/en\/wp-json\/wp\/v2\/comments?post=1494"}],"version-history":[{"count":5,"href":"https:\/\/www.cib.de\/en\/wp-json\/wp\/v2\/posts\/1494\/revisions"}],"predecessor-version":[{"id":102756,"href":"https:\/\/www.cib.de\/en\/wp-json\/wp\/v2\/posts\/1494\/revisions\/102756"}],"wp:featuredmedia":[{"embeddable":true,"href":"https:\/\/www.cib.de\/en\/wp-json\/wp\/v2\/media\/9531"}],"wp:attachment":[{"href":"https:\/\/www.cib.de\/en\/wp-json\/wp\/v2\/media?parent=1494"}],"wp:term":[{"taxonomy":"category","embeddable":true,"href":"https:\/\/www.cib.de\/en\/wp-json\/wp\/v2\/categories?post=1494"},{"taxonomy":"post_tag","embeddable":true,"href":"https:\/\/www.cib.de\/en\/wp-json\/wp\/v2\/tags?post=1494"}],"curies":[{"name":"wp","href":"https:\/\/api.w.org\/{rel}","templated":true}]}}