{"id":17582,"date":"2021-09-29T09:25:00","date_gmt":"2021-09-29T07:25:00","guid":{"rendered":"http:\/\/18.198.70.165.nip.io\/?p=17582"},"modified":"2024-09-02T14:31:12","modified_gmt":"2024-09-02T12:31:12","slug":"career-start-at-cib-start-for-our-new-trainee","status":"publish","type":"post","link":"https:\/\/www.cib.de\/en\/berufseinstieg-bei-cib-start-fur-unseren-neuen-auszubildenden\/","title":{"rendered":"Career start at CIB: Start for our new trainee"},"content":{"rendered":"<p>September is traditionally the month for the start of vocational training and for many trainees the start of a new phase in their lives.<\/p>\n\n\n\n<p>CIB Group bildet seit 1993 in den unterschiedlichsten Berufen aus und unter den Kollegen findet man einige ehemalige Auszubildende.<\/p>\n\n\n<div class=\"wp-block-image\">\n<figure class=\"alignleft size-large is-resized\"><img decoding=\"async\" src=\"http:\/\/www.cib.de\/wp-content\/uploads\/2021\/11\/cib-labs-welcome-new-trainees-3-3-1024x950-1.jpg\" alt=\"\" style=\"width:512px;height:475px\"\/><\/figure>\n<\/div>\n\n\n<p>And so we are pleased to welcome Louis Wagner, currently our youngest employee, to the CIB Munich office on the first of September. As a prospective IT specialist for application development, he will strengthen the CIB team with immediate effect.<\/p>\n\n\n\n<p class=\"translation-block\">On a Corona-compliant tour of our office with FFP2 mask and distance, he got to know the colleagues in the office as well as the meeting and video conference rooms, our cafeteria and the event area <a href=\"https:\/\/www.cib.de\/en\/modul-e\/\" target=\"_self\">modul-E<\/a>.<\/p>\n\n\n\n<p>Managing Director Ulrich Brandner welcomed the new apprentice and presented him with a well-filled, naturally self-made CIB school bag for a successful start to his professional life.<\/p>\n\n\n\n<p>And then, together with his supervisor, they got started right away: they opened their laptops and familiarised themselves with the first applications. And perhaps also met other colleagues virtually.<\/p>\n\n\n\n<p>We extend a warm welcome to Louis and wish him fun, success and joy in learning at all times!<\/p>\n\n\n\n<p><strong>Supporting young talents is part of what we do<\/strong><\/p>\n\n\n\n<p class=\"translation-block\">Are you interested in a dual training or dual study programme at CIB? Check our <a href=\"https:\/\/www.cib.de\/en\/job-positions\/\" target=\"_self\">job offers <\/a> and send us your application!<\/p>\n\n\n\n<p>Let\u2019s CIB!<\/p>","protected":false},"excerpt":{"rendered":"<p>September ist traditionell der Monat f\u00fcr den Beginn einer Berufsausbildung und f\u00fcr zahlreiche Auszubildende der Start in einen neuen Lebensabschnitt. CIB Group bildet seit 1993 in den unterschiedlichsten Berufen aus und unter den Kollegen findet man einige ehemalige Auszubildende. Und so freuen wir uns, dass wir mit Louis Wagner am ersten September unseren aktuell j\u00fcngsten &#8230; <a title=\"Career start at CIB: Start for our new trainee\" class=\"read-more\" href=\"https:\/\/www.cib.de\/en\/berufseinstieg-bei-cib-start-fur-unseren-neuen-auszubildenden\/\" aria-label=\"Read more about Berufseinstieg bei CIB: Start f\u00fcr unseren neuen Auszubildenden\">Read more<\/a><\/p>","protected":false},"author":246,"featured_media":119188,"comment_status":"closed","ping_status":"closed","sticky":false,"template":"","format":"standard","meta":{"_acf_changed":false,"footnotes":""},"categories":[78],"tags":[1088,2206],"class_list":["post-17582","post","type-post","status-publish","format-standard","has-post-thumbnail","hentry","category-people","tag-cib-interview","tag-only-en"],"acf":[],"yoast_head":"<!-- This site is optimized with the Yoast SEO plugin v27.5 - https:\/\/yoast.com\/product\/yoast-seo-wordpress\/ -->\n<title>Berufseinstieg bei CIB: Start f\u00fcr unseren neuen Auszubildenden - CIB Group<\/title>\n<meta name=\"robots\" content=\"index, follow, max-snippet:-1, max-image-preview:large, max-video-preview:-1\" \/>\n<link rel=\"canonical\" href=\"https:\/\/www.cib.de\/en\/career-start-at-cib-start-for-our-new-trainee\/\" \/>\n<meta property=\"og:locale\" content=\"en_GB\" \/>\n<meta property=\"og:type\" content=\"article\" \/>\n<meta property=\"og:title\" content=\"Berufseinstieg bei CIB: Start f\u00fcr unseren neuen Auszubildenden - CIB Group\" \/>\n<meta property=\"og:description\" content=\"September ist traditionell der Monat f\u00fcr den Beginn einer Berufsausbildung und f\u00fcr zahlreiche Auszubildende der Start in einen neuen Lebensabschnitt. CIB Group bildet seit 1993 in den unterschiedlichsten Berufen aus und unter den Kollegen findet man einige ehemalige Auszubildende. Und so freuen wir uns, dass wir mit Louis Wagner am ersten September unseren aktuell j\u00fcngsten ... Read more\" \/>\n<meta property=\"og:url\" content=\"https:\/\/www.cib.de\/en\/career-start-at-cib-start-for-our-new-trainee\/\" \/>\n<meta property=\"og:site_name\" content=\"CIB Group\" \/>\n<meta property=\"article:publisher\" content=\"https:\/\/www.linkedin.com\/company\/cib\/\" \/>\n<meta property=\"article:published_time\" content=\"2021-09-29T07:25:00+00:00\" \/>\n<meta property=\"article:modified_time\" content=\"2024-09-02T12:31:12+00:00\" \/>\n<meta property=\"og:image\" content=\"https:\/\/www.cib.de\/wp-content\/uploads\/2021\/09\/HG_CIB-Start.jpg\" \/>\n\t<meta property=\"og:image:width\" content=\"1600\" \/>\n\t<meta property=\"og:image:height\" content=\"600\" \/>\n\t<meta property=\"og:image:type\" content=\"image\/jpeg\" \/>\n<meta name=\"author\" content=\"CIB Group\" \/>\n<meta name=\"twitter:card\" content=\"summary_large_image\" \/>\n<meta name=\"twitter:label1\" content=\"Written by\" \/>\n\t<meta name=\"twitter:data1\" content=\"CIB Group\" \/>\n\t<meta name=\"twitter:label2\" content=\"Estimated reading time\" \/>\n\t<meta name=\"twitter:data2\" content=\"2 minutes\" \/>\n<script type=\"application\/ld+json\" class=\"yoast-schema-graph\">{\"@context\":\"https:\\\/\\\/schema.org\",\"@graph\":[{\"@type\":\"Article\",\"@id\":\"https:\\\/\\\/www.cib.de\\\/berufseinstieg-bei-cib-start-fur-unseren-neuen-auszubildenden\\\/#article\",\"isPartOf\":{\"@id\":\"https:\\\/\\\/www.cib.de\\\/berufseinstieg-bei-cib-start-fur-unseren-neuen-auszubildenden\\\/\"},\"author\":{\"name\":\"CIB Group\",\"@id\":\"https:\\\/\\\/www.cib.de\\\/#\\\/schema\\\/person\\\/4c70f0634b93acb47baacdb671694155\"},\"headline\":\"Berufseinstieg bei CIB: Start f\u00fcr unseren neuen Auszubildenden\",\"datePublished\":\"2021-09-29T07:25:00+00:00\",\"dateModified\":\"2024-09-02T12:31:12+00:00\",\"mainEntityOfPage\":{\"@id\":\"https:\\\/\\\/www.cib.de\\\/berufseinstieg-bei-cib-start-fur-unseren-neuen-auszubildenden\\\/\"},\"wordCount\":238,\"publisher\":{\"@id\":\"https:\\\/\\\/www.cib.de\\\/#organization\"},\"image\":{\"@id\":\"https:\\\/\\\/www.cib.de\\\/berufseinstieg-bei-cib-start-fur-unseren-neuen-auszubildenden\\\/#primaryimage\"},\"thumbnailUrl\":\"https:\\\/\\\/www.cib.de\\\/wp-content\\\/uploads\\\/2021\\\/09\\\/HG_CIB-Start.jpg\",\"keywords\":[\"CIB Interview\",\"EN\"],\"articleSection\":[\"CIB People\"],\"inLanguage\":\"en-GB\"},{\"@type\":\"WebPage\",\"@id\":\"https:\\\/\\\/www.cib.de\\\/berufseinstieg-bei-cib-start-fur-unseren-neuen-auszubildenden\\\/\",\"url\":\"https:\\\/\\\/www.cib.de\\\/berufseinstieg-bei-cib-start-fur-unseren-neuen-auszubildenden\\\/\",\"name\":\"Berufseinstieg bei CIB: Start f\u00fcr unseren neuen Auszubildenden - CIB Group\",\"isPartOf\":{\"@id\":\"https:\\\/\\\/www.cib.de\\\/#website\"},\"primaryImageOfPage\":{\"@id\":\"https:\\\/\\\/www.cib.de\\\/berufseinstieg-bei-cib-start-fur-unseren-neuen-auszubildenden\\\/#primaryimage\"},\"image\":{\"@id\":\"https:\\\/\\\/www.cib.de\\\/berufseinstieg-bei-cib-start-fur-unseren-neuen-auszubildenden\\\/#primaryimage\"},\"thumbnailUrl\":\"https:\\\/\\\/www.cib.de\\\/wp-content\\\/uploads\\\/2021\\\/09\\\/HG_CIB-Start.jpg\",\"datePublished\":\"2021-09-29T07:25:00+00:00\",\"dateModified\":\"2024-09-02T12:31:12+00:00\",\"breadcrumb\":{\"@id\":\"https:\\\/\\\/www.cib.de\\\/berufseinstieg-bei-cib-start-fur-unseren-neuen-auszubildenden\\\/#breadcrumb\"},\"inLanguage\":\"en-GB\",\"potentialAction\":[{\"@type\":\"ReadAction\",\"target\":[\"https:\\\/\\\/www.cib.de\\\/berufseinstieg-bei-cib-start-fur-unseren-neuen-auszubildenden\\\/\"]}]},{\"@type\":\"ImageObject\",\"inLanguage\":\"en-GB\",\"@id\":\"https:\\\/\\\/www.cib.de\\\/berufseinstieg-bei-cib-start-fur-unseren-neuen-auszubildenden\\\/#primaryimage\",\"url\":\"https:\\\/\\\/www.cib.de\\\/wp-content\\\/uploads\\\/2021\\\/09\\\/HG_CIB-Start.jpg\",\"contentUrl\":\"https:\\\/\\\/www.cib.de\\\/wp-content\\\/uploads\\\/2021\\\/09\\\/HG_CIB-Start.jpg\",\"width\":1600,\"height\":600},{\"@type\":\"BreadcrumbList\",\"@id\":\"https:\\\/\\\/www.cib.de\\\/berufseinstieg-bei-cib-start-fur-unseren-neuen-auszubildenden\\\/#breadcrumb\",\"itemListElement\":[{\"@type\":\"ListItem\",\"position\":1,\"name\":\"Home\",\"item\":\"https:\\\/\\\/www.cib.de\\\/\"},{\"@type\":\"ListItem\",\"position\":2,\"name\":\"Berufseinstieg bei CIB: Start f\u00fcr unseren neuen Auszubildenden\"}]},{\"@type\":\"WebSite\",\"@id\":\"https:\\\/\\\/www.cib.de\\\/#website\",\"url\":\"https:\\\/\\\/www.cib.de\\\/\",\"name\":\"CIB Group\",\"description\":\"Digitalisierung, Prozessautomatisierung, K\u00fcnstliche Intelligenz\",\"publisher\":{\"@id\":\"https:\\\/\\\/www.cib.de\\\/#organization\"},\"potentialAction\":[{\"@type\":\"SearchAction\",\"target\":{\"@type\":\"EntryPoint\",\"urlTemplate\":\"https:\\\/\\\/www.cib.de\\\/?s={search_term_string}\"},\"query-input\":{\"@type\":\"PropertyValueSpecification\",\"valueRequired\":true,\"valueName\":\"search_term_string\"}}],\"inLanguage\":\"en-GB\"},{\"@type\":\"Organization\",\"@id\":\"https:\\\/\\\/www.cib.de\\\/#organization\",\"name\":\"CIB Group\",\"url\":\"https:\\\/\\\/www.cib.de\\\/\",\"logo\":{\"@type\":\"ImageObject\",\"inLanguage\":\"en-GB\",\"@id\":\"https:\\\/\\\/www.cib.de\\\/#\\\/schema\\\/logo\\\/image\\\/\",\"url\":\"https:\\\/\\\/www.cib.de\\\/wp-content\\\/uploads\\\/2023\\\/10\\\/CIB_Logo_.svg\",\"contentUrl\":\"https:\\\/\\\/www.cib.de\\\/wp-content\\\/uploads\\\/2023\\\/10\\\/CIB_Logo_.svg\",\"width\":283,\"height\":128,\"caption\":\"CIB Group\"},\"image\":{\"@id\":\"https:\\\/\\\/www.cib.de\\\/#\\\/schema\\\/logo\\\/image\\\/\"},\"sameAs\":[\"https:\\\/\\\/www.linkedin.com\\\/company\\\/cib\\\/\"]},{\"@type\":\"Person\",\"@id\":\"https:\\\/\\\/www.cib.de\\\/#\\\/schema\\\/person\\\/4c70f0634b93acb47baacdb671694155\",\"name\":\"CIB Group\",\"image\":{\"@type\":\"ImageObject\",\"inLanguage\":\"en-GB\",\"@id\":\"https:\\\/\\\/www.cib.de\\\/wp-content\\\/uploads\\\/2023\\\/03\\\/logo_signature2.png\",\"url\":\"https:\\\/\\\/www.cib.de\\\/wp-content\\\/uploads\\\/2023\\\/03\\\/logo_signature2.png\",\"contentUrl\":\"https:\\\/\\\/www.cib.de\\\/wp-content\\\/uploads\\\/2023\\\/03\\\/logo_signature2.png\",\"caption\":\"CIB Group\"},\"description\":\"Die Digitalisierungsexperten\"}]}<\/script>\n<!-- \/ Yoast SEO plugin. -->","yoast_head_json":{"title":"Career start at CIB: Start for our new trainee - CIB Group","robots":{"index":"index","follow":"follow","max-snippet":"max-snippet:-1","max-image-preview":"max-image-preview:large","max-video-preview":"max-video-preview:-1"},"canonical":"https:\/\/www.cib.de\/en\/career-start-at-cib-start-for-our-new-trainee\/","og_locale":"en_GB","og_type":"article","og_title":"Berufseinstieg bei CIB: Start f\u00fcr unseren neuen Auszubildenden - CIB Group","og_description":"September ist traditionell der Monat f\u00fcr den Beginn einer Berufsausbildung und f\u00fcr zahlreiche Auszubildende der Start in einen neuen Lebensabschnitt. CIB Group bildet seit 1993 in den unterschiedlichsten Berufen aus und unter den Kollegen findet man einige ehemalige Auszubildende. Und so freuen wir uns, dass wir mit Louis Wagner am ersten September unseren aktuell j\u00fcngsten ... Read more","og_url":"https:\/\/www.cib.de\/en\/career-start-at-cib-start-for-our-new-trainee\/","og_site_name":"CIB Group","article_publisher":"https:\/\/www.linkedin.com\/company\/cib\/","article_published_time":"2021-09-29T07:25:00+00:00","article_modified_time":"2024-09-02T12:31:12+00:00","og_image":[{"width":1600,"height":600,"url":"https:\/\/www.cib.de\/wp-content\/uploads\/2021\/09\/HG_CIB-Start.jpg","type":"image\/jpeg"}],"author":"CIB Group","twitter_card":"summary_large_image","twitter_misc":{"Written by":"CIB Group","Estimated reading time":"2 minutes"},"schema":{"@context":"https:\/\/schema.org","@graph":[{"@type":"Article","@id":"https:\/\/www.cib.de\/berufseinstieg-bei-cib-start-fur-unseren-neuen-auszubildenden\/#article","isPartOf":{"@id":"https:\/\/www.cib.de\/berufseinstieg-bei-cib-start-fur-unseren-neuen-auszubildenden\/"},"author":{"name":"CIB Group","@id":"https:\/\/www.cib.de\/#\/schema\/person\/4c70f0634b93acb47baacdb671694155"},"headline":"Berufseinstieg bei CIB: Start f\u00fcr unseren neuen Auszubildenden","datePublished":"2021-09-29T07:25:00+00:00","dateModified":"2024-09-02T12:31:12+00:00","mainEntityOfPage":{"@id":"https:\/\/www.cib.de\/berufseinstieg-bei-cib-start-fur-unseren-neuen-auszubildenden\/"},"wordCount":238,"publisher":{"@id":"https:\/\/www.cib.de\/#organization"},"image":{"@id":"https:\/\/www.cib.de\/berufseinstieg-bei-cib-start-fur-unseren-neuen-auszubildenden\/#primaryimage"},"thumbnailUrl":"https:\/\/www.cib.de\/wp-content\/uploads\/2021\/09\/HG_CIB-Start.jpg","keywords":["CIB Interview","EN"],"articleSection":["CIB People"],"inLanguage":"en-GB"},{"@type":"WebPage","@id":"https:\/\/www.cib.de\/berufseinstieg-bei-cib-start-fur-unseren-neuen-auszubildenden\/","url":"https:\/\/www.cib.de\/berufseinstieg-bei-cib-start-fur-unseren-neuen-auszubildenden\/","name":"Career start at CIB: Start for our new trainee - CIB Group","isPartOf":{"@id":"https:\/\/www.cib.de\/#website"},"primaryImageOfPage":{"@id":"https:\/\/www.cib.de\/berufseinstieg-bei-cib-start-fur-unseren-neuen-auszubildenden\/#primaryimage"},"image":{"@id":"https:\/\/www.cib.de\/berufseinstieg-bei-cib-start-fur-unseren-neuen-auszubildenden\/#primaryimage"},"thumbnailUrl":"https:\/\/www.cib.de\/wp-content\/uploads\/2021\/09\/HG_CIB-Start.jpg","datePublished":"2021-09-29T07:25:00+00:00","dateModified":"2024-09-02T12:31:12+00:00","breadcrumb":{"@id":"https:\/\/www.cib.de\/berufseinstieg-bei-cib-start-fur-unseren-neuen-auszubildenden\/#breadcrumb"},"inLanguage":"en-GB","potentialAction":[{"@type":"ReadAction","target":["https:\/\/www.cib.de\/berufseinstieg-bei-cib-start-fur-unseren-neuen-auszubildenden\/"]}]},{"@type":"ImageObject","inLanguage":"en-GB","@id":"https:\/\/www.cib.de\/berufseinstieg-bei-cib-start-fur-unseren-neuen-auszubildenden\/#primaryimage","url":"https:\/\/www.cib.de\/wp-content\/uploads\/2021\/09\/HG_CIB-Start.jpg","contentUrl":"https:\/\/www.cib.de\/wp-content\/uploads\/2021\/09\/HG_CIB-Start.jpg","width":1600,"height":600},{"@type":"BreadcrumbList","@id":"https:\/\/www.cib.de\/berufseinstieg-bei-cib-start-fur-unseren-neuen-auszubildenden\/#breadcrumb","itemListElement":[{"@type":"ListItem","position":1,"name":"Home","item":"https:\/\/www.cib.de\/"},{"@type":"ListItem","position":2,"name":"Berufseinstieg bei CIB: Start f\u00fcr unseren neuen Auszubildenden"}]},{"@type":"WebSite","@id":"https:\/\/www.cib.de\/#website","url":"https:\/\/www.cib.de\/","name":"CIB Group","description":"Digitalisierung, Prozessautomatisierung, K\u00fcnstliche Intelligenz","publisher":{"@id":"https:\/\/www.cib.de\/#organization"},"potentialAction":[{"@type":"SearchAction","target":{"@type":"EntryPoint","urlTemplate":"https:\/\/www.cib.de\/?s={search_term_string}"},"query-input":{"@type":"PropertyValueSpecification","valueRequired":true,"valueName":"search_term_string"}}],"inLanguage":"en-GB"},{"@type":"Organization","@id":"https:\/\/www.cib.de\/#organization","name":"CIB Group","url":"https:\/\/www.cib.de\/","logo":{"@type":"ImageObject","inLanguage":"en-GB","@id":"https:\/\/www.cib.de\/#\/schema\/logo\/image\/","url":"https:\/\/www.cib.de\/wp-content\/uploads\/2023\/10\/CIB_Logo_.svg","contentUrl":"https:\/\/www.cib.de\/wp-content\/uploads\/2023\/10\/CIB_Logo_.svg","width":283,"height":128,"caption":"CIB Group"},"image":{"@id":"https:\/\/www.cib.de\/#\/schema\/logo\/image\/"},"sameAs":["https:\/\/www.linkedin.com\/company\/cib\/"]},{"@type":"Person","@id":"https:\/\/www.cib.de\/#\/schema\/person\/4c70f0634b93acb47baacdb671694155","name":"CIB Group","image":{"@type":"ImageObject","inLanguage":"en-GB","@id":"https:\/\/www.cib.de\/wp-content\/uploads\/2023\/03\/logo_signature2.png","url":"https:\/\/www.cib.de\/wp-content\/uploads\/2023\/03\/logo_signature2.png","contentUrl":"https:\/\/www.cib.de\/wp-content\/uploads\/2023\/03\/logo_signature2.png","caption":"CIB Group"},"description":"Experts in digitalization"}]}},"post_mailing_queue_ids":[],"_links":{"self":[{"href":"https:\/\/www.cib.de\/en\/wp-json\/wp\/v2\/posts\/17582","targetHints":{"allow":["GET"]}}],"collection":[{"href":"https:\/\/www.cib.de\/en\/wp-json\/wp\/v2\/posts"}],"about":[{"href":"https:\/\/www.cib.de\/en\/wp-json\/wp\/v2\/types\/post"}],"author":[{"embeddable":true,"href":"https:\/\/www.cib.de\/en\/wp-json\/wp\/v2\/users\/246"}],"replies":[{"embeddable":true,"href":"https:\/\/www.cib.de\/en\/wp-json\/wp\/v2\/comments?post=17582"}],"version-history":[{"count":10,"href":"https:\/\/www.cib.de\/en\/wp-json\/wp\/v2\/posts\/17582\/revisions"}],"predecessor-version":[{"id":104097,"href":"https:\/\/www.cib.de\/en\/wp-json\/wp\/v2\/posts\/17582\/revisions\/104097"}],"wp:featuredmedia":[{"embeddable":true,"href":"https:\/\/www.cib.de\/en\/wp-json\/wp\/v2\/media\/119188"}],"wp:attachment":[{"href":"https:\/\/www.cib.de\/en\/wp-json\/wp\/v2\/media?parent=17582"}],"wp:term":[{"taxonomy":"category","embeddable":true,"href":"https:\/\/www.cib.de\/en\/wp-json\/wp\/v2\/categories?post=17582"},{"taxonomy":"post_tag","embeddable":true,"href":"https:\/\/www.cib.de\/en\/wp-json\/wp\/v2\/tags?post=17582"}],"curies":[{"name":"wp","href":"https:\/\/api.w.org\/{rel}","templated":true}]}}