{"id":3956,"date":"2019-07-08T13:16:16","date_gmt":"2019-07-08T11:16:16","guid":{"rendered":"http:\/\/cib-events.de\/?p=3956"},"modified":"2023-04-20T08:47:25","modified_gmt":"2023-04-20T06:47:25","slug":"cib-auf-der-doxnet-fachkonferenz","status":"publish","type":"post","link":"https:\/\/www.cib.de\/en\/cib-auf-der-doxnet-fachkonferenz\/","title":{"rendered":"CIB auf der DOXNET Fachkonferenz"},"content":{"rendered":"<p>Einmal im Jahr findet in Baden-Baden die <a href=\"https:\/\/www.doxnet.de\/\" target=\"_blank\" rel=\"noreferrer noopener\" aria-label=\" (\u00f6ffnet in neuem Tab)\">DOXNET<\/a> statt \u2013 und CIB war wieder mit dabei! Neben zahlreichen Fachvortr\u00e4gen berichteten Unternehmen in spannenden Pr\u00e4sentationen von interessanten Konzepten und Ideen rund um die Themen Dokumenten- und Outputmanagement.<\/p>\n\n\n\n<p>Die Veranstaltung vom 24. \u2013 26. Juni diente zum einen dazu, die Entwicklungen und Bed\u00fcrfnisse am Markt weiterhin im Blick zu haben und neue Projekte der Branche kennenzulernen. Zum anderen stand aber vor allem das Networking im Vordergrund: So konnten Gesch\u00e4ftsbeziehungen mit einem unserer langj\u00e4hrigen Partner vertieft und neue Kontakte gekn\u00fcpft werden. Folgetermine zur Vorstellung unserer L\u00f6sungen stehen auch schon fest.<\/p>\n\n\n\n<p>Let&#8217;s CIB!<\/p>","protected":false},"excerpt":{"rendered":"<p>Einmal im Jahr findet in Baden-Baden die DOXNET statt \u2013 und CIB war wieder mit dabei! Neben zahlreichen Fachvortr\u00e4gen berichteten Unternehmen in spannenden Pr\u00e4sentationen von interessanten Konzepten und Ideen rund um die Themen Dokumenten- und Outputmanagement. Die Veranstaltung vom 24. \u2013 26. Juni diente zum einen dazu, die Entwicklungen und Bed\u00fcrfnisse am Markt weiterhin im &#8230; <a title=\"CIB auf der DOXNET Fachkonferenz\" class=\"read-more\" href=\"https:\/\/www.cib.de\/en\/cib-auf-der-doxnet-fachkonferenz\/\" aria-label=\"Read more about CIB auf der DOXNET Fachkonferenz\">Read more<\/a><\/p>","protected":false},"author":246,"featured_media":9456,"comment_status":"closed","ping_status":"open","sticky":false,"template":"","format":"standard","meta":{"_acf_changed":false,"footnotes":""},"categories":[1],"tags":[2202],"class_list":["post-3956","post","type-post","status-publish","format-standard","has-post-thumbnail","hentry","category-cib-group","tag-only-de"],"acf":[],"yoast_head":"<!-- This site is optimized with the Yoast SEO plugin v27.5 - https:\/\/yoast.com\/product\/yoast-seo-wordpress\/ -->\n<title>CIB auf der DOXNET Fachkonferenz - CIB Group<\/title>\n<meta name=\"description\" content=\"CIB war wieder auf der Fachkonferenz rund um das Dokumenten- und Outputmanagement und konnte seine Gesch\u00e4ftsbeziehungen ausweiten.\" \/>\n<meta name=\"robots\" content=\"index, follow, max-snippet:-1, max-image-preview:large, max-video-preview:-1\" \/>\n<link rel=\"canonical\" href=\"https:\/\/www.cib.de\/en\/cib-auf-der-doxnet-fachkonferenz\/\" \/>\n<meta property=\"og:locale\" content=\"en_GB\" \/>\n<meta property=\"og:type\" content=\"article\" \/>\n<meta property=\"og:title\" content=\"CIB auf der DOXNET Fachkonferenz - CIB Group\" \/>\n<meta property=\"og:description\" content=\"CIB war wieder auf der Fachkonferenz rund um das Dokumenten- und Outputmanagement und konnte seine Gesch\u00e4ftsbeziehungen ausweiten.\" \/>\n<meta property=\"og:url\" content=\"https:\/\/www.cib.de\/en\/cib-auf-der-doxnet-fachkonferenz\/\" \/>\n<meta property=\"og:site_name\" content=\"CIB Group\" \/>\n<meta property=\"article:publisher\" content=\"https:\/\/www.linkedin.com\/company\/cib\/\" \/>\n<meta property=\"article:published_time\" content=\"2019-07-08T11:16:16+00:00\" \/>\n<meta property=\"article:modified_time\" content=\"2023-04-20T06:47:25+00:00\" \/>\n<meta property=\"og:image\" content=\"https:\/\/www.cib.de\/wp-content\/uploads\/2019\/07\/doxnet.png\" \/>\n\t<meta property=\"og:image:width\" content=\"827\" \/>\n\t<meta property=\"og:image:height\" content=\"300\" \/>\n\t<meta property=\"og:image:type\" content=\"image\/png\" \/>\n<meta name=\"author\" content=\"CIB Group\" \/>\n<meta name=\"twitter:card\" content=\"summary_large_image\" \/>\n<meta name=\"twitter:label1\" content=\"Written by\" \/>\n\t<meta name=\"twitter:data1\" content=\"CIB Group\" \/>\n\t<meta name=\"twitter:label2\" content=\"Estimated reading time\" \/>\n\t<meta name=\"twitter:data2\" content=\"1 minute\" \/>\n<script type=\"application\/ld+json\" class=\"yoast-schema-graph\">{\"@context\":\"https:\\\/\\\/schema.org\",\"@graph\":[{\"@type\":\"Article\",\"@id\":\"https:\\\/\\\/www.cib.de\\\/en\\\/cib-auf-der-doxnet-fachkonferenz\\\/#article\",\"isPartOf\":{\"@id\":\"https:\\\/\\\/www.cib.de\\\/en\\\/cib-auf-der-doxnet-fachkonferenz\\\/\"},\"author\":{\"name\":\"CIB Group\",\"@id\":\"https:\\\/\\\/www.cib.de\\\/#\\\/schema\\\/person\\\/4c70f0634b93acb47baacdb671694155\"},\"headline\":\"CIB auf der DOXNET Fachkonferenz\",\"datePublished\":\"2019-07-08T11:16:16+00:00\",\"dateModified\":\"2023-04-20T06:47:25+00:00\",\"mainEntityOfPage\":{\"@id\":\"https:\\\/\\\/www.cib.de\\\/en\\\/cib-auf-der-doxnet-fachkonferenz\\\/\"},\"wordCount\":107,\"publisher\":{\"@id\":\"https:\\\/\\\/www.cib.de\\\/#organization\"},\"image\":{\"@id\":\"https:\\\/\\\/www.cib.de\\\/en\\\/cib-auf-der-doxnet-fachkonferenz\\\/#primaryimage\"},\"thumbnailUrl\":\"https:\\\/\\\/www.cib.de\\\/wp-content\\\/uploads\\\/2019\\\/07\\\/doxnet.png\",\"keywords\":[\"DE\"],\"articleSection\":[\"CIB Group\"],\"inLanguage\":\"en-GB\"},{\"@type\":\"WebPage\",\"@id\":\"https:\\\/\\\/www.cib.de\\\/en\\\/cib-auf-der-doxnet-fachkonferenz\\\/\",\"url\":\"https:\\\/\\\/www.cib.de\\\/en\\\/cib-auf-der-doxnet-fachkonferenz\\\/\",\"name\":\"CIB auf der DOXNET Fachkonferenz - CIB Group\",\"isPartOf\":{\"@id\":\"https:\\\/\\\/www.cib.de\\\/#website\"},\"primaryImageOfPage\":{\"@id\":\"https:\\\/\\\/www.cib.de\\\/en\\\/cib-auf-der-doxnet-fachkonferenz\\\/#primaryimage\"},\"image\":{\"@id\":\"https:\\\/\\\/www.cib.de\\\/en\\\/cib-auf-der-doxnet-fachkonferenz\\\/#primaryimage\"},\"thumbnailUrl\":\"https:\\\/\\\/www.cib.de\\\/wp-content\\\/uploads\\\/2019\\\/07\\\/doxnet.png\",\"datePublished\":\"2019-07-08T11:16:16+00:00\",\"dateModified\":\"2023-04-20T06:47:25+00:00\",\"description\":\"CIB war wieder auf der Fachkonferenz rund um das Dokumenten- und Outputmanagement und konnte seine Gesch\u00e4ftsbeziehungen ausweiten.\",\"breadcrumb\":{\"@id\":\"https:\\\/\\\/www.cib.de\\\/en\\\/cib-auf-der-doxnet-fachkonferenz\\\/#breadcrumb\"},\"inLanguage\":\"en-GB\",\"potentialAction\":[{\"@type\":\"ReadAction\",\"target\":[\"https:\\\/\\\/www.cib.de\\\/en\\\/cib-auf-der-doxnet-fachkonferenz\\\/\"]}]},{\"@type\":\"ImageObject\",\"inLanguage\":\"en-GB\",\"@id\":\"https:\\\/\\\/www.cib.de\\\/en\\\/cib-auf-der-doxnet-fachkonferenz\\\/#primaryimage\",\"url\":\"https:\\\/\\\/www.cib.de\\\/wp-content\\\/uploads\\\/2019\\\/07\\\/doxnet.png\",\"contentUrl\":\"https:\\\/\\\/www.cib.de\\\/wp-content\\\/uploads\\\/2019\\\/07\\\/doxnet.png\",\"width\":827,\"height\":300,\"caption\":\"CIB auf der DOXNET Fachkonferenz\"},{\"@type\":\"BreadcrumbList\",\"@id\":\"https:\\\/\\\/www.cib.de\\\/en\\\/cib-auf-der-doxnet-fachkonferenz\\\/#breadcrumb\",\"itemListElement\":[{\"@type\":\"ListItem\",\"position\":1,\"name\":\"Home\",\"item\":\"https:\\\/\\\/www.cib.de\\\/\"},{\"@type\":\"ListItem\",\"position\":2,\"name\":\"CIB auf der DOXNET Fachkonferenz\"}]},{\"@type\":\"WebSite\",\"@id\":\"https:\\\/\\\/www.cib.de\\\/#website\",\"url\":\"https:\\\/\\\/www.cib.de\\\/\",\"name\":\"CIB Group\",\"description\":\"Digitalisierung, Prozessautomatisierung, K\u00fcnstliche Intelligenz\",\"publisher\":{\"@id\":\"https:\\\/\\\/www.cib.de\\\/#organization\"},\"potentialAction\":[{\"@type\":\"SearchAction\",\"target\":{\"@type\":\"EntryPoint\",\"urlTemplate\":\"https:\\\/\\\/www.cib.de\\\/?s={search_term_string}\"},\"query-input\":{\"@type\":\"PropertyValueSpecification\",\"valueRequired\":true,\"valueName\":\"search_term_string\"}}],\"inLanguage\":\"en-GB\"},{\"@type\":\"Organization\",\"@id\":\"https:\\\/\\\/www.cib.de\\\/#organization\",\"name\":\"CIB Group\",\"url\":\"https:\\\/\\\/www.cib.de\\\/\",\"logo\":{\"@type\":\"ImageObject\",\"inLanguage\":\"en-GB\",\"@id\":\"https:\\\/\\\/www.cib.de\\\/#\\\/schema\\\/logo\\\/image\\\/\",\"url\":\"https:\\\/\\\/www.cib.de\\\/wp-content\\\/uploads\\\/2023\\\/10\\\/CIB_Logo_.svg\",\"contentUrl\":\"https:\\\/\\\/www.cib.de\\\/wp-content\\\/uploads\\\/2023\\\/10\\\/CIB_Logo_.svg\",\"width\":283,\"height\":128,\"caption\":\"CIB Group\"},\"image\":{\"@id\":\"https:\\\/\\\/www.cib.de\\\/#\\\/schema\\\/logo\\\/image\\\/\"},\"sameAs\":[\"https:\\\/\\\/www.linkedin.com\\\/company\\\/cib\\\/\"]},{\"@type\":\"Person\",\"@id\":\"https:\\\/\\\/www.cib.de\\\/#\\\/schema\\\/person\\\/4c70f0634b93acb47baacdb671694155\",\"name\":\"CIB Group\",\"image\":{\"@type\":\"ImageObject\",\"inLanguage\":\"en-GB\",\"@id\":\"https:\\\/\\\/www.cib.de\\\/wp-content\\\/uploads\\\/2023\\\/03\\\/logo_signature2.png\",\"url\":\"https:\\\/\\\/www.cib.de\\\/wp-content\\\/uploads\\\/2023\\\/03\\\/logo_signature2.png\",\"contentUrl\":\"https:\\\/\\\/www.cib.de\\\/wp-content\\\/uploads\\\/2023\\\/03\\\/logo_signature2.png\",\"caption\":\"CIB Group\"},\"description\":\"Die Digitalisierungsexperten\"}]}<\/script>\n<!-- \/ Yoast SEO plugin. -->","yoast_head_json":{"title":"CIB auf der DOXNET Fachkonferenz - CIB Group","description":"CIB war wieder auf der Fachkonferenz rund um das Dokumenten- und Outputmanagement und konnte seine Gesch\u00e4ftsbeziehungen ausweiten.","robots":{"index":"index","follow":"follow","max-snippet":"max-snippet:-1","max-image-preview":"max-image-preview:large","max-video-preview":"max-video-preview:-1"},"canonical":"https:\/\/www.cib.de\/en\/cib-auf-der-doxnet-fachkonferenz\/","og_locale":"en_GB","og_type":"article","og_title":"CIB auf der DOXNET Fachkonferenz - CIB Group","og_description":"CIB war wieder auf der Fachkonferenz rund um das Dokumenten- und Outputmanagement und konnte seine Gesch\u00e4ftsbeziehungen ausweiten.","og_url":"https:\/\/www.cib.de\/en\/cib-auf-der-doxnet-fachkonferenz\/","og_site_name":"CIB Group","article_publisher":"https:\/\/www.linkedin.com\/company\/cib\/","article_published_time":"2019-07-08T11:16:16+00:00","article_modified_time":"2023-04-20T06:47:25+00:00","og_image":[{"width":827,"height":300,"url":"https:\/\/www.cib.de\/wp-content\/uploads\/2019\/07\/doxnet.png","type":"image\/png"}],"author":"CIB Group","twitter_card":"summary_large_image","twitter_misc":{"Written by":"CIB Group","Estimated reading time":"1 minute"},"schema":{"@context":"https:\/\/schema.org","@graph":[{"@type":"Article","@id":"https:\/\/www.cib.de\/en\/cib-auf-der-doxnet-fachkonferenz\/#article","isPartOf":{"@id":"https:\/\/www.cib.de\/en\/cib-auf-der-doxnet-fachkonferenz\/"},"author":{"name":"CIB Group","@id":"https:\/\/www.cib.de\/#\/schema\/person\/4c70f0634b93acb47baacdb671694155"},"headline":"CIB auf der DOXNET Fachkonferenz","datePublished":"2019-07-08T11:16:16+00:00","dateModified":"2023-04-20T06:47:25+00:00","mainEntityOfPage":{"@id":"https:\/\/www.cib.de\/en\/cib-auf-der-doxnet-fachkonferenz\/"},"wordCount":107,"publisher":{"@id":"https:\/\/www.cib.de\/#organization"},"image":{"@id":"https:\/\/www.cib.de\/en\/cib-auf-der-doxnet-fachkonferenz\/#primaryimage"},"thumbnailUrl":"https:\/\/www.cib.de\/wp-content\/uploads\/2019\/07\/doxnet.png","keywords":["DE"],"articleSection":["CIB Group"],"inLanguage":"en-GB"},{"@type":"WebPage","@id":"https:\/\/www.cib.de\/en\/cib-auf-der-doxnet-fachkonferenz\/","url":"https:\/\/www.cib.de\/en\/cib-auf-der-doxnet-fachkonferenz\/","name":"CIB auf der DOXNET Fachkonferenz - CIB Group","isPartOf":{"@id":"https:\/\/www.cib.de\/#website"},"primaryImageOfPage":{"@id":"https:\/\/www.cib.de\/en\/cib-auf-der-doxnet-fachkonferenz\/#primaryimage"},"image":{"@id":"https:\/\/www.cib.de\/en\/cib-auf-der-doxnet-fachkonferenz\/#primaryimage"},"thumbnailUrl":"https:\/\/www.cib.de\/wp-content\/uploads\/2019\/07\/doxnet.png","datePublished":"2019-07-08T11:16:16+00:00","dateModified":"2023-04-20T06:47:25+00:00","description":"CIB war wieder auf der Fachkonferenz rund um das Dokumenten- und Outputmanagement und konnte seine Gesch\u00e4ftsbeziehungen ausweiten.","breadcrumb":{"@id":"https:\/\/www.cib.de\/en\/cib-auf-der-doxnet-fachkonferenz\/#breadcrumb"},"inLanguage":"en-GB","potentialAction":[{"@type":"ReadAction","target":["https:\/\/www.cib.de\/en\/cib-auf-der-doxnet-fachkonferenz\/"]}]},{"@type":"ImageObject","inLanguage":"en-GB","@id":"https:\/\/www.cib.de\/en\/cib-auf-der-doxnet-fachkonferenz\/#primaryimage","url":"https:\/\/www.cib.de\/wp-content\/uploads\/2019\/07\/doxnet.png","contentUrl":"https:\/\/www.cib.de\/wp-content\/uploads\/2019\/07\/doxnet.png","width":827,"height":300,"caption":"CIB auf der DOXNET Fachkonferenz"},{"@type":"BreadcrumbList","@id":"https:\/\/www.cib.de\/en\/cib-auf-der-doxnet-fachkonferenz\/#breadcrumb","itemListElement":[{"@type":"ListItem","position":1,"name":"Home","item":"https:\/\/www.cib.de\/"},{"@type":"ListItem","position":2,"name":"CIB auf der DOXNET Fachkonferenz"}]},{"@type":"WebSite","@id":"https:\/\/www.cib.de\/#website","url":"https:\/\/www.cib.de\/","name":"CIB Group","description":"Digitalisierung, Prozessautomatisierung, K\u00fcnstliche Intelligenz","publisher":{"@id":"https:\/\/www.cib.de\/#organization"},"potentialAction":[{"@type":"SearchAction","target":{"@type":"EntryPoint","urlTemplate":"https:\/\/www.cib.de\/?s={search_term_string}"},"query-input":{"@type":"PropertyValueSpecification","valueRequired":true,"valueName":"search_term_string"}}],"inLanguage":"en-GB"},{"@type":"Organization","@id":"https:\/\/www.cib.de\/#organization","name":"CIB Group","url":"https:\/\/www.cib.de\/","logo":{"@type":"ImageObject","inLanguage":"en-GB","@id":"https:\/\/www.cib.de\/#\/schema\/logo\/image\/","url":"https:\/\/www.cib.de\/wp-content\/uploads\/2023\/10\/CIB_Logo_.svg","contentUrl":"https:\/\/www.cib.de\/wp-content\/uploads\/2023\/10\/CIB_Logo_.svg","width":283,"height":128,"caption":"CIB Group"},"image":{"@id":"https:\/\/www.cib.de\/#\/schema\/logo\/image\/"},"sameAs":["https:\/\/www.linkedin.com\/company\/cib\/"]},{"@type":"Person","@id":"https:\/\/www.cib.de\/#\/schema\/person\/4c70f0634b93acb47baacdb671694155","name":"CIB Group","image":{"@type":"ImageObject","inLanguage":"en-GB","@id":"https:\/\/www.cib.de\/wp-content\/uploads\/2023\/03\/logo_signature2.png","url":"https:\/\/www.cib.de\/wp-content\/uploads\/2023\/03\/logo_signature2.png","contentUrl":"https:\/\/www.cib.de\/wp-content\/uploads\/2023\/03\/logo_signature2.png","caption":"CIB Group"},"description":"Experts in digitalization"}]}},"post_mailing_queue_ids":[],"_links":{"self":[{"href":"https:\/\/www.cib.de\/en\/wp-json\/wp\/v2\/posts\/3956","targetHints":{"allow":["GET"]}}],"collection":[{"href":"https:\/\/www.cib.de\/en\/wp-json\/wp\/v2\/posts"}],"about":[{"href":"https:\/\/www.cib.de\/en\/wp-json\/wp\/v2\/types\/post"}],"author":[{"embeddable":true,"href":"https:\/\/www.cib.de\/en\/wp-json\/wp\/v2\/users\/246"}],"replies":[{"embeddable":true,"href":"https:\/\/www.cib.de\/en\/wp-json\/wp\/v2\/comments?post=3956"}],"version-history":[{"count":3,"href":"https:\/\/www.cib.de\/en\/wp-json\/wp\/v2\/posts\/3956\/revisions"}],"predecessor-version":[{"id":22686,"href":"https:\/\/www.cib.de\/en\/wp-json\/wp\/v2\/posts\/3956\/revisions\/22686"}],"wp:featuredmedia":[{"embeddable":true,"href":"https:\/\/www.cib.de\/en\/wp-json\/wp\/v2\/media\/9456"}],"wp:attachment":[{"href":"https:\/\/www.cib.de\/en\/wp-json\/wp\/v2\/media?parent=3956"}],"wp:term":[{"taxonomy":"category","embeddable":true,"href":"https:\/\/www.cib.de\/en\/wp-json\/wp\/v2\/categories?post=3956"},{"taxonomy":"post_tag","embeddable":true,"href":"https:\/\/www.cib.de\/en\/wp-json\/wp\/v2\/tags?post=3956"}],"curies":[{"name":"wp","href":"https:\/\/api.w.org\/{rel}","templated":true}]}}