{"id":4394,"date":"2019-08-28T08:00:34","date_gmt":"2019-08-28T06:00:34","guid":{"rendered":"http:\/\/cib-events.de\/?p=4394"},"modified":"2023-04-20T08:46:29","modified_gmt":"2023-04-20T06:46:29","slug":"einstieg-bei-cib-unsere-mitarbeiter-erzaehlen-13","status":"publish","type":"post","link":"https:\/\/www.cib.de\/en\/einstieg-bei-cib-unsere-mitarbeiter-erzaehlen-13\/","title":{"rendered":"Einstieg bei CIB &#8211; Unsere Mitarbeiter erz\u00e4hlen"},"content":{"rendered":"<p>Unsere Reihe &#8220;Einstieg bei CIB&#8221; geht in die n\u00e4chste Runde! Mine Tuzcu ist seit Anfang August bei CIB in M\u00fcnchen als Eventmanagerin t\u00e4tig.<\/p>\n\n\n\n<div class=\"wp-block-image\"><figure class=\"alignleft size-full is-resized\"><img fetchpriority=\"high\" decoding=\"async\" src=\"http:\/\/18.198.70.165.nip.io\/wp-content\/uploads\/2019\/08\/IMG-20190827-WA0000-768x1024-1.jpg\" alt=\"\" class=\"wp-image-18933\" width=\"384\" height=\"512\"\/><\/figure><\/div>\n\n\n\n<p><strong>Aus welchem Bereich kommst du, wo liegt deine Expertise? <\/strong><\/p>\n\n\n\n<p>Ich habe im Juni 2019 meine Ausbildung als Kauffrau f\u00fcr B\u00fcromanagement mit der Qualifizierung auf Veranstaltungsmanagement und \u00d6ffentlichkeitsarbeit sowie Assistenz und Sekretariat abgeschlossen. W\u00e4hrend meiner Ausbildung durfte ich viele verschiedene Veranstaltungen in der Organisation, Durchf\u00fchrung und der Nachbereitung unterst\u00fctzen und auch vor Ort dabei sein. Ich habe bereits im ersten Lehrjahr erkannt, dass das der Beruf ist, in dem ich sehr viel Spa\u00df habe und dass ich das gerne diesen Job machen m\u00f6chte.<\/p>\n\n\n\n<p><strong>Warum hast du dich bei CIB beworben? <\/strong><\/p>\n\n\n\n<p>Ich habe die Stellenausschreibung als Junior Eventmanagerin zuf\u00e4llig im Internet entdeckt. Ich hatte zuvor keine Vorstellung dar\u00fcber, was mich erwarten w\u00fcrde, habe mir aber auch nicht sonderlich den Kopf dar\u00fcber zerbrochen. Ich bin ein neugieriger Mensch und versuche viele Dinge mit einem einfachen Prinzip anzugehen &#8211; Probieren geht \u00fcber Studieren.<\/p>\n\n\n\n<p><strong>Gibt es ein oder mehrere Projekte bei CIB, die deine Aufmerksamkeit geweckt haben? Wenn ja, welche?<\/strong><\/p>\n\n\n\n<p>Ich habe bisher nur im Einzelhandel und in der Versicherungsbranche gearbeitet und hatte noch nicht die M\u00f6glichkeit, Einblicke in die IT-Branche zu erhalten. Daher finde ich es besonders interessant diese Branche kennenzulernen, weil ich finde, dass man sich keine Welt mehr ohne jeglichen technischen Fortschritt vorstellen kann. Ich freue mich darauf, die Projekte n\u00e4her kennenzulernen und einen tieferen Einblick in die M\u00f6glichkeiten der IT zu erhalten.<\/p>\n\n\n\n<p><strong>Wie sieht zurzeit dein Arbeitsalltag aus?<\/strong><\/p>\n\n\n\n<p>Zurzeit werde ich auf den aktuellen Stand der einzelnen Veranstaltungen gebracht, welche Vorbereitungen zu treffen sind, welche Hintergr\u00fcnde vorliegen. Nebenbei werde ich auch in die allgemeine Verwaltung bei CIB eingearbeitet, um mich mit den Programmen vertraut zu machen.<\/p>\n\n\n\n<p><strong>Welche Tipps kannst du anderen Bewerbern f\u00fcr den Auswahlprozess bei CIB geben?<\/strong><\/p>\n\n\n\n<p>Lasst euch nicht irritieren, wenn ihr eine Einladung zu einer Bewerberrunde bekommt. Es ist eine andere M\u00f6glichkeit, den Bewerbungsprozess anzugehen und ich war positiv \u00fcberrascht. Ich habe mich, soweit es geht, auf den Termin vorbereitet. Ich habe mir meine Fragen zurecht gelegt und meinte, dass ich an alles gedachte habe. In dem Termin habe ich festgestellt, dass einige wichtige Themen durch die Nervosit\u00e4t und Aufregung untergegangen sind. Da war es wirklich hilfreich, dass meine Mitbewerber diese Fragen gestellt haben.<\/p>\n\n\n\n<p><strong>Was hat dir beim Einstieg bei CIB besonders gut gefallen?<\/strong><\/p>\n\n\n\n<p>Der schnelle und unkomplizierte Einstellungsprozess, das freundliche Miteinander der Kollegen sowie das \u201efamili\u00e4re\u201c Arbeitsklima und die Eingliederung in das Team.<\/p>\n\n\n\n<p>Danke Mine &#8211; und herzlich willkommen!<\/p>\n\n\n\n<p>Let&#8217;s CIB!<\/p>","protected":false},"excerpt":{"rendered":"<p>Unsere Reihe &#8220;Einstieg bei CIB&#8221; geht in die n\u00e4chste Runde! Mine Tuzcu ist seit Anfang August bei CIB in M\u00fcnchen als Eventmanagerin t\u00e4tig. Aus welchem Bereich kommst du, wo liegt deine Expertise? Ich habe im Juni 2019 meine Ausbildung als Kauffrau f\u00fcr B\u00fcromanagement mit der Qualifizierung auf Veranstaltungsmanagement und \u00d6ffentlichkeitsarbeit sowie Assistenz und Sekretariat abgeschlossen. &#8230; <a title=\"Einstieg bei CIB &#8211; Unsere Mitarbeiter erz\u00e4hlen\" class=\"read-more\" href=\"https:\/\/www.cib.de\/en\/einstieg-bei-cib-unsere-mitarbeiter-erzaehlen-13\/\" aria-label=\"Read more about Einstieg bei CIB &#8211; Unsere Mitarbeiter erz\u00e4hlen\">Read more<\/a><\/p>","protected":false},"author":246,"featured_media":2226,"comment_status":"closed","ping_status":"open","sticky":false,"template":"","format":"standard","meta":{"_acf_changed":false,"footnotes":""},"categories":[78],"tags":[1088,2202],"class_list":["post-4394","post","type-post","status-publish","format-standard","has-post-thumbnail","hentry","category-people","tag-cib-interview","tag-only-de"],"acf":[],"yoast_head":"<!-- This site is optimized with the Yoast SEO plugin v27.5 - https:\/\/yoast.com\/product\/yoast-seo-wordpress\/ -->\n<title>Einstieg bei CIB - Unsere Mitarbeiter erz\u00e4hlen - CIB Group<\/title>\n<meta name=\"description\" content=\"Unsere Reihe &quot;Einstieg bei CIB&quot; geht in die n\u00e4chste Runde! Mine Tuzcu ist seit Anfang August bei CIB in M\u00fcnchen als Eventmanagerin t\u00e4tig.\" \/>\n<meta name=\"robots\" content=\"index, follow, max-snippet:-1, max-image-preview:large, max-video-preview:-1\" \/>\n<link rel=\"canonical\" href=\"https:\/\/www.cib.de\/en\/einstieg-bei-cib-unsere-mitarbeiter-erzaehlen-13\/\" \/>\n<meta property=\"og:locale\" content=\"en_GB\" \/>\n<meta property=\"og:type\" content=\"article\" \/>\n<meta property=\"og:title\" content=\"Einstieg bei CIB - Unsere Mitarbeiter erz\u00e4hlen - CIB Group\" \/>\n<meta property=\"og:description\" content=\"Unsere Reihe &quot;Einstieg bei CIB&quot; geht in die n\u00e4chste Runde! Mine Tuzcu ist seit Anfang August bei CIB in M\u00fcnchen als Eventmanagerin t\u00e4tig.\" \/>\n<meta property=\"og:url\" content=\"https:\/\/www.cib.de\/en\/einstieg-bei-cib-unsere-mitarbeiter-erzaehlen-13\/\" \/>\n<meta property=\"og:site_name\" content=\"CIB Group\" \/>\n<meta property=\"article:publisher\" content=\"https:\/\/www.linkedin.com\/company\/cib\/\" \/>\n<meta property=\"article:published_time\" content=\"2019-08-28T06:00:34+00:00\" \/>\n<meta property=\"article:modified_time\" content=\"2023-04-20T06:46:29+00:00\" \/>\n<meta property=\"og:image\" content=\"https:\/\/www.cib.de\/wp-content\/uploads\/2018\/11\/test23.jpg\" \/>\n\t<meta property=\"og:image:width\" content=\"1280\" \/>\n\t<meta property=\"og:image:height\" content=\"480\" \/>\n\t<meta property=\"og:image:type\" content=\"image\/jpeg\" \/>\n<meta name=\"author\" content=\"CIB Group\" \/>\n<meta name=\"twitter:card\" content=\"summary_large_image\" \/>\n<meta name=\"twitter:label1\" content=\"Written by\" \/>\n\t<meta name=\"twitter:data1\" content=\"CIB Group\" \/>\n\t<meta name=\"twitter:label2\" content=\"Estimated reading time\" \/>\n\t<meta name=\"twitter:data2\" content=\"3 minutes\" \/>\n<script type=\"application\/ld+json\" class=\"yoast-schema-graph\">{\"@context\":\"https:\\\/\\\/schema.org\",\"@graph\":[{\"@type\":\"Article\",\"@id\":\"https:\\\/\\\/www.cib.de\\\/einstieg-bei-cib-unsere-mitarbeiter-erzaehlen-13\\\/#article\",\"isPartOf\":{\"@id\":\"https:\\\/\\\/www.cib.de\\\/einstieg-bei-cib-unsere-mitarbeiter-erzaehlen-13\\\/\"},\"author\":{\"name\":\"CIB Group\",\"@id\":\"https:\\\/\\\/www.cib.de\\\/#\\\/schema\\\/person\\\/4c70f0634b93acb47baacdb671694155\"},\"headline\":\"Einstieg bei CIB &#8211; Unsere Mitarbeiter erz\u00e4hlen\",\"datePublished\":\"2019-08-28T06:00:34+00:00\",\"dateModified\":\"2023-04-20T06:46:29+00:00\",\"mainEntityOfPage\":{\"@id\":\"https:\\\/\\\/www.cib.de\\\/einstieg-bei-cib-unsere-mitarbeiter-erzaehlen-13\\\/\"},\"wordCount\":445,\"publisher\":{\"@id\":\"https:\\\/\\\/www.cib.de\\\/#organization\"},\"image\":{\"@id\":\"https:\\\/\\\/www.cib.de\\\/einstieg-bei-cib-unsere-mitarbeiter-erzaehlen-13\\\/#primaryimage\"},\"thumbnailUrl\":\"https:\\\/\\\/www.cib.de\\\/wp-content\\\/uploads\\\/2018\\\/11\\\/test23-e1768818334579.jpg\",\"keywords\":[\"CIB Interview\",\"DE\"],\"articleSection\":[\"CIB People\"],\"inLanguage\":\"en-GB\"},{\"@type\":\"WebPage\",\"@id\":\"https:\\\/\\\/www.cib.de\\\/einstieg-bei-cib-unsere-mitarbeiter-erzaehlen-13\\\/\",\"url\":\"https:\\\/\\\/www.cib.de\\\/einstieg-bei-cib-unsere-mitarbeiter-erzaehlen-13\\\/\",\"name\":\"Einstieg bei CIB - Unsere Mitarbeiter erz\u00e4hlen - CIB Group\",\"isPartOf\":{\"@id\":\"https:\\\/\\\/www.cib.de\\\/#website\"},\"primaryImageOfPage\":{\"@id\":\"https:\\\/\\\/www.cib.de\\\/einstieg-bei-cib-unsere-mitarbeiter-erzaehlen-13\\\/#primaryimage\"},\"image\":{\"@id\":\"https:\\\/\\\/www.cib.de\\\/einstieg-bei-cib-unsere-mitarbeiter-erzaehlen-13\\\/#primaryimage\"},\"thumbnailUrl\":\"https:\\\/\\\/www.cib.de\\\/wp-content\\\/uploads\\\/2018\\\/11\\\/test23-e1768818334579.jpg\",\"datePublished\":\"2019-08-28T06:00:34+00:00\",\"dateModified\":\"2023-04-20T06:46:29+00:00\",\"description\":\"Unsere Reihe \\\"Einstieg bei CIB\\\" geht in die n\u00e4chste Runde! Mine Tuzcu ist seit Anfang August bei CIB in M\u00fcnchen als Eventmanagerin t\u00e4tig.\",\"breadcrumb\":{\"@id\":\"https:\\\/\\\/www.cib.de\\\/einstieg-bei-cib-unsere-mitarbeiter-erzaehlen-13\\\/#breadcrumb\"},\"inLanguage\":\"en-GB\",\"potentialAction\":[{\"@type\":\"ReadAction\",\"target\":[\"https:\\\/\\\/www.cib.de\\\/einstieg-bei-cib-unsere-mitarbeiter-erzaehlen-13\\\/\"]}]},{\"@type\":\"ImageObject\",\"inLanguage\":\"en-GB\",\"@id\":\"https:\\\/\\\/www.cib.de\\\/einstieg-bei-cib-unsere-mitarbeiter-erzaehlen-13\\\/#primaryimage\",\"url\":\"https:\\\/\\\/www.cib.de\\\/wp-content\\\/uploads\\\/2018\\\/11\\\/test23-e1768818334579.jpg\",\"contentUrl\":\"https:\\\/\\\/www.cib.de\\\/wp-content\\\/uploads\\\/2018\\\/11\\\/test23-e1768818334579.jpg\",\"width\":1000,\"height\":375,\"caption\":\"CIB People\"},{\"@type\":\"BreadcrumbList\",\"@id\":\"https:\\\/\\\/www.cib.de\\\/einstieg-bei-cib-unsere-mitarbeiter-erzaehlen-13\\\/#breadcrumb\",\"itemListElement\":[{\"@type\":\"ListItem\",\"position\":1,\"name\":\"Home\",\"item\":\"https:\\\/\\\/www.cib.de\\\/\"},{\"@type\":\"ListItem\",\"position\":2,\"name\":\"Einstieg bei CIB &#8211; Unsere Mitarbeiter erz\u00e4hlen\"}]},{\"@type\":\"WebSite\",\"@id\":\"https:\\\/\\\/www.cib.de\\\/#website\",\"url\":\"https:\\\/\\\/www.cib.de\\\/\",\"name\":\"CIB Group\",\"description\":\"Digitalisierung, Prozessautomatisierung, K\u00fcnstliche Intelligenz\",\"publisher\":{\"@id\":\"https:\\\/\\\/www.cib.de\\\/#organization\"},\"potentialAction\":[{\"@type\":\"SearchAction\",\"target\":{\"@type\":\"EntryPoint\",\"urlTemplate\":\"https:\\\/\\\/www.cib.de\\\/?s={search_term_string}\"},\"query-input\":{\"@type\":\"PropertyValueSpecification\",\"valueRequired\":true,\"valueName\":\"search_term_string\"}}],\"inLanguage\":\"en-GB\"},{\"@type\":\"Organization\",\"@id\":\"https:\\\/\\\/www.cib.de\\\/#organization\",\"name\":\"CIB Group\",\"url\":\"https:\\\/\\\/www.cib.de\\\/\",\"logo\":{\"@type\":\"ImageObject\",\"inLanguage\":\"en-GB\",\"@id\":\"https:\\\/\\\/www.cib.de\\\/#\\\/schema\\\/logo\\\/image\\\/\",\"url\":\"https:\\\/\\\/www.cib.de\\\/wp-content\\\/uploads\\\/2023\\\/10\\\/CIB_Logo_.svg\",\"contentUrl\":\"https:\\\/\\\/www.cib.de\\\/wp-content\\\/uploads\\\/2023\\\/10\\\/CIB_Logo_.svg\",\"width\":283,\"height\":128,\"caption\":\"CIB Group\"},\"image\":{\"@id\":\"https:\\\/\\\/www.cib.de\\\/#\\\/schema\\\/logo\\\/image\\\/\"},\"sameAs\":[\"https:\\\/\\\/www.linkedin.com\\\/company\\\/cib\\\/\"]},{\"@type\":\"Person\",\"@id\":\"https:\\\/\\\/www.cib.de\\\/#\\\/schema\\\/person\\\/4c70f0634b93acb47baacdb671694155\",\"name\":\"CIB Group\",\"image\":{\"@type\":\"ImageObject\",\"inLanguage\":\"en-GB\",\"@id\":\"https:\\\/\\\/www.cib.de\\\/wp-content\\\/uploads\\\/2023\\\/03\\\/logo_signature2.png\",\"url\":\"https:\\\/\\\/www.cib.de\\\/wp-content\\\/uploads\\\/2023\\\/03\\\/logo_signature2.png\",\"contentUrl\":\"https:\\\/\\\/www.cib.de\\\/wp-content\\\/uploads\\\/2023\\\/03\\\/logo_signature2.png\",\"caption\":\"CIB Group\"},\"description\":\"Die Digitalisierungsexperten\"}]}<\/script>\n<!-- \/ Yoast SEO plugin. -->","yoast_head_json":{"title":"Einstieg bei CIB - Unsere Mitarbeiter erz\u00e4hlen - CIB Group","description":"Unsere Reihe \"Einstieg bei CIB\" geht in die n\u00e4chste Runde! Mine Tuzcu ist seit Anfang August bei CIB in M\u00fcnchen als Eventmanagerin t\u00e4tig.","robots":{"index":"index","follow":"follow","max-snippet":"max-snippet:-1","max-image-preview":"max-image-preview:large","max-video-preview":"max-video-preview:-1"},"canonical":"https:\/\/www.cib.de\/en\/einstieg-bei-cib-unsere-mitarbeiter-erzaehlen-13\/","og_locale":"en_GB","og_type":"article","og_title":"Einstieg bei CIB - Unsere Mitarbeiter erz\u00e4hlen - CIB Group","og_description":"Unsere Reihe \"Einstieg bei CIB\" geht in die n\u00e4chste Runde! Mine Tuzcu ist seit Anfang August bei CIB in M\u00fcnchen als Eventmanagerin t\u00e4tig.","og_url":"https:\/\/www.cib.de\/en\/einstieg-bei-cib-unsere-mitarbeiter-erzaehlen-13\/","og_site_name":"CIB Group","article_publisher":"https:\/\/www.linkedin.com\/company\/cib\/","article_published_time":"2019-08-28T06:00:34+00:00","article_modified_time":"2023-04-20T06:46:29+00:00","og_image":[{"width":1280,"height":480,"url":"https:\/\/www.cib.de\/wp-content\/uploads\/2018\/11\/test23.jpg","type":"image\/jpeg"}],"author":"CIB Group","twitter_card":"summary_large_image","twitter_misc":{"Written by":"CIB Group","Estimated reading time":"3 minutes"},"schema":{"@context":"https:\/\/schema.org","@graph":[{"@type":"Article","@id":"https:\/\/www.cib.de\/einstieg-bei-cib-unsere-mitarbeiter-erzaehlen-13\/#article","isPartOf":{"@id":"https:\/\/www.cib.de\/einstieg-bei-cib-unsere-mitarbeiter-erzaehlen-13\/"},"author":{"name":"CIB Group","@id":"https:\/\/www.cib.de\/#\/schema\/person\/4c70f0634b93acb47baacdb671694155"},"headline":"Einstieg bei CIB &#8211; Unsere Mitarbeiter erz\u00e4hlen","datePublished":"2019-08-28T06:00:34+00:00","dateModified":"2023-04-20T06:46:29+00:00","mainEntityOfPage":{"@id":"https:\/\/www.cib.de\/einstieg-bei-cib-unsere-mitarbeiter-erzaehlen-13\/"},"wordCount":445,"publisher":{"@id":"https:\/\/www.cib.de\/#organization"},"image":{"@id":"https:\/\/www.cib.de\/einstieg-bei-cib-unsere-mitarbeiter-erzaehlen-13\/#primaryimage"},"thumbnailUrl":"https:\/\/www.cib.de\/wp-content\/uploads\/2018\/11\/test23-e1768818334579.jpg","keywords":["CIB Interview","DE"],"articleSection":["CIB People"],"inLanguage":"en-GB"},{"@type":"WebPage","@id":"https:\/\/www.cib.de\/einstieg-bei-cib-unsere-mitarbeiter-erzaehlen-13\/","url":"https:\/\/www.cib.de\/einstieg-bei-cib-unsere-mitarbeiter-erzaehlen-13\/","name":"Einstieg bei CIB - Unsere Mitarbeiter erz\u00e4hlen - CIB Group","isPartOf":{"@id":"https:\/\/www.cib.de\/#website"},"primaryImageOfPage":{"@id":"https:\/\/www.cib.de\/einstieg-bei-cib-unsere-mitarbeiter-erzaehlen-13\/#primaryimage"},"image":{"@id":"https:\/\/www.cib.de\/einstieg-bei-cib-unsere-mitarbeiter-erzaehlen-13\/#primaryimage"},"thumbnailUrl":"https:\/\/www.cib.de\/wp-content\/uploads\/2018\/11\/test23-e1768818334579.jpg","datePublished":"2019-08-28T06:00:34+00:00","dateModified":"2023-04-20T06:46:29+00:00","description":"Unsere Reihe \"Einstieg bei CIB\" geht in die n\u00e4chste Runde! Mine Tuzcu ist seit Anfang August bei CIB in M\u00fcnchen als Eventmanagerin t\u00e4tig.","breadcrumb":{"@id":"https:\/\/www.cib.de\/einstieg-bei-cib-unsere-mitarbeiter-erzaehlen-13\/#breadcrumb"},"inLanguage":"en-GB","potentialAction":[{"@type":"ReadAction","target":["https:\/\/www.cib.de\/einstieg-bei-cib-unsere-mitarbeiter-erzaehlen-13\/"]}]},{"@type":"ImageObject","inLanguage":"en-GB","@id":"https:\/\/www.cib.de\/einstieg-bei-cib-unsere-mitarbeiter-erzaehlen-13\/#primaryimage","url":"https:\/\/www.cib.de\/wp-content\/uploads\/2018\/11\/test23-e1768818334579.jpg","contentUrl":"https:\/\/www.cib.de\/wp-content\/uploads\/2018\/11\/test23-e1768818334579.jpg","width":1000,"height":375,"caption":"CIB People"},{"@type":"BreadcrumbList","@id":"https:\/\/www.cib.de\/einstieg-bei-cib-unsere-mitarbeiter-erzaehlen-13\/#breadcrumb","itemListElement":[{"@type":"ListItem","position":1,"name":"Home","item":"https:\/\/www.cib.de\/"},{"@type":"ListItem","position":2,"name":"Einstieg bei CIB &#8211; Unsere Mitarbeiter erz\u00e4hlen"}]},{"@type":"WebSite","@id":"https:\/\/www.cib.de\/#website","url":"https:\/\/www.cib.de\/","name":"CIB Group","description":"Digitalisierung, Prozessautomatisierung, K\u00fcnstliche Intelligenz","publisher":{"@id":"https:\/\/www.cib.de\/#organization"},"potentialAction":[{"@type":"SearchAction","target":{"@type":"EntryPoint","urlTemplate":"https:\/\/www.cib.de\/?s={search_term_string}"},"query-input":{"@type":"PropertyValueSpecification","valueRequired":true,"valueName":"search_term_string"}}],"inLanguage":"en-GB"},{"@type":"Organization","@id":"https:\/\/www.cib.de\/#organization","name":"CIB Group","url":"https:\/\/www.cib.de\/","logo":{"@type":"ImageObject","inLanguage":"en-GB","@id":"https:\/\/www.cib.de\/#\/schema\/logo\/image\/","url":"https:\/\/www.cib.de\/wp-content\/uploads\/2023\/10\/CIB_Logo_.svg","contentUrl":"https:\/\/www.cib.de\/wp-content\/uploads\/2023\/10\/CIB_Logo_.svg","width":283,"height":128,"caption":"CIB Group"},"image":{"@id":"https:\/\/www.cib.de\/#\/schema\/logo\/image\/"},"sameAs":["https:\/\/www.linkedin.com\/company\/cib\/"]},{"@type":"Person","@id":"https:\/\/www.cib.de\/#\/schema\/person\/4c70f0634b93acb47baacdb671694155","name":"CIB Group","image":{"@type":"ImageObject","inLanguage":"en-GB","@id":"https:\/\/www.cib.de\/wp-content\/uploads\/2023\/03\/logo_signature2.png","url":"https:\/\/www.cib.de\/wp-content\/uploads\/2023\/03\/logo_signature2.png","contentUrl":"https:\/\/www.cib.de\/wp-content\/uploads\/2023\/03\/logo_signature2.png","caption":"CIB Group"},"description":"Experts in digitalization"}]}},"post_mailing_queue_ids":[],"_links":{"self":[{"href":"https:\/\/www.cib.de\/en\/wp-json\/wp\/v2\/posts\/4394","targetHints":{"allow":["GET"]}}],"collection":[{"href":"https:\/\/www.cib.de\/en\/wp-json\/wp\/v2\/posts"}],"about":[{"href":"https:\/\/www.cib.de\/en\/wp-json\/wp\/v2\/types\/post"}],"author":[{"embeddable":true,"href":"https:\/\/www.cib.de\/en\/wp-json\/wp\/v2\/users\/246"}],"replies":[{"embeddable":true,"href":"https:\/\/www.cib.de\/en\/wp-json\/wp\/v2\/comments?post=4394"}],"version-history":[{"count":3,"href":"https:\/\/www.cib.de\/en\/wp-json\/wp\/v2\/posts\/4394\/revisions"}],"predecessor-version":[{"id":22675,"href":"https:\/\/www.cib.de\/en\/wp-json\/wp\/v2\/posts\/4394\/revisions\/22675"}],"wp:featuredmedia":[{"embeddable":true,"href":"https:\/\/www.cib.de\/en\/wp-json\/wp\/v2\/media\/2226"}],"wp:attachment":[{"href":"https:\/\/www.cib.de\/en\/wp-json\/wp\/v2\/media?parent=4394"}],"wp:term":[{"taxonomy":"category","embeddable":true,"href":"https:\/\/www.cib.de\/en\/wp-json\/wp\/v2\/categories?post=4394"},{"taxonomy":"post_tag","embeddable":true,"href":"https:\/\/www.cib.de\/en\/wp-json\/wp\/v2\/tags?post=4394"}],"curies":[{"name":"wp","href":"https:\/\/api.w.org\/{rel}","templated":true}]}}