{"id":7756,"date":"2018-01-26T13:29:53","date_gmt":"2018-01-26T12:29:53","guid":{"rendered":"https:\/\/3.120.194.41\/?p=439"},"modified":"2023-10-31T09:50:04","modified_gmt":"2023-10-31T08:50:04","slug":"cib-impulsa-junge-talente-foerdern","status":"publish","type":"post","link":"https:\/\/www.cib.de\/en\/cib-impulsa-junge-talente-foerdern\/","title":{"rendered":"CIB impulsa &#8211; Junge Talente f\u00f6rdern"},"content":{"rendered":"<h2><strong>Zukunft mit CIB gestalten? Neue Impulse f\u00fcr Berufseinsteiger in Spanien!<\/strong><\/h2>\n<p><strong>CIB impulsa <\/strong>ist der Name unseres Projekts, mit dem wir Sch\u00fcler, Auszubildende und Studenten w\u00e4hrend ihres beruflichen Werdegangs f\u00f6rdern.<\/p>\n<p>In Las Palmas wurde der Grundstein daf\u00fcr im Jahr 2017 gelegt. Wir kooperieren mit der\u00a0<a href=\"http:\/\/www.dslpa.de\/\">Deutschen Schule Las Palmas<\/a> , wobei vor allem Sch\u00fclerpraktika im Vordergrund stehen, wir aber auch Forschungsprojekte der Sch\u00fcler unterst\u00fctzen.<\/p>\n<p>Bei CIB in M\u00fcnchen sind <a href=\"\/en\/careers\/\">Praktika und Ausbildungspl\u00e4tze <\/a>schon lange ein fester Bestandteil der Unternehmensphilosophie. Zielstellung ist einerseits, den Sch\u00fclern den Weg f\u00fcr ihre zuk\u00fcnftige Integration in den Arbeitsmarkt zu erleichtern und andererseits potentielle neue Mitarbeiter f\u00fcr uns zu gewinnen.<\/p>\n<p>Anfang Januar bauten wir unsere Bem\u00fchungen weiterhin aus und nahmen mit drei unserer CIB Mitarbeiter (von den Standorten M\u00fcnchen und Las Palmas) an der <a href=\"https:\/\/dsmadrid.org\/de\/bildungsmesse-2018\/\">Berufsorientierungsmesse <\/a>der Deutschen Schulen in Madrid teil.\u00a0 Unser Ziel war es dabei, Kontakte\u00a0zu den Deutschen Schulen in ganz Spanien zu kn\u00fcpfen und F\u00f6rderm\u00f6glichkeiten f\u00fcr Schulprojekte besonders in technischen und wissenschaftlichen Bereichen auszuloten &#8211; und das ist uns dank unserer aufmerksamen Mitarbeitern auch gelungen.<\/p>\n<p>Und das ist erst der Anfang! Viele weitere Aktionen zur F\u00f6rderung und Gewinnung junger Talente sind geplant. Und auch eure Ideen sind willkommen &#8211; Vorschl\u00e4ge f\u00fcr aktive F\u00f6rderungen k\u00f6nnt ihr uns jederzeit zukommen lassen!<\/p>","protected":false},"excerpt":{"rendered":"<p>Zukunft mit CIB gestalten? Neue Impulse f\u00fcr Berufseinsteiger in Spanien! CIB impulsa ist der Name unseres Projekts, mit dem wir Sch\u00fcler, Auszubildende und Studenten w\u00e4hrend ihres beruflichen Werdegangs f\u00f6rdern. In Las Palmas wurde der Grundstein daf\u00fcr im Jahr 2017 gelegt. Wir kooperieren mit der\u00a0Deutschen Schule Las Palmas , wobei vor allem Sch\u00fclerpraktika im Vordergrund stehen, &#8230; <a title=\"CIB impulsa &#8211; Junge Talente f\u00f6rdern\" class=\"read-more\" href=\"https:\/\/www.cib.de\/en\/cib-impulsa-junge-talente-foerdern\/\" aria-label=\"Read more about CIB impulsa &#8211; Junge Talente f\u00f6rdern\">Read more<\/a><\/p>","protected":false},"author":246,"featured_media":9654,"comment_status":"closed","ping_status":"open","sticky":false,"template":"","format":"standard","meta":{"_acf_changed":false,"footnotes":""},"categories":[78],"tags":[1671,2202],"class_list":["post-7756","post","type-post","status-publish","format-standard","has-post-thumbnail","hentry","category-people","tag-cib-impulsa","tag-only-de"],"acf":[],"yoast_head":"<!-- This site is optimized with the Yoast SEO plugin v27.5 - https:\/\/yoast.com\/product\/yoast-seo-wordpress\/ -->\n<title>CIB impulsa - Junge Talente f\u00f6rdern - CIB Group<\/title>\n<meta name=\"robots\" content=\"index, follow, max-snippet:-1, max-image-preview:large, max-video-preview:-1\" \/>\n<link rel=\"canonical\" href=\"https:\/\/www.cib.de\/en\/cib-impulsa-junge-talente-foerdern\/\" \/>\n<meta property=\"og:locale\" content=\"en_GB\" \/>\n<meta property=\"og:type\" content=\"article\" \/>\n<meta property=\"og:title\" content=\"CIB impulsa - Junge Talente f\u00f6rdern - CIB Group\" \/>\n<meta property=\"og:description\" content=\"Zukunft mit CIB gestalten? Neue Impulse f\u00fcr Berufseinsteiger in Spanien! CIB impulsa ist der Name unseres Projekts, mit dem wir Sch\u00fcler, Auszubildende und Studenten w\u00e4hrend ihres beruflichen Werdegangs f\u00f6rdern. In Las Palmas wurde der Grundstein daf\u00fcr im Jahr 2017 gelegt. Wir kooperieren mit der\u00a0Deutschen Schule Las Palmas , wobei vor allem Sch\u00fclerpraktika im Vordergrund stehen, ... Read more\" \/>\n<meta property=\"og:url\" content=\"https:\/\/www.cib.de\/en\/cib-impulsa-junge-talente-foerdern\/\" \/>\n<meta property=\"og:site_name\" content=\"CIB Group\" \/>\n<meta property=\"article:publisher\" content=\"https:\/\/www.linkedin.com\/company\/cib\/\" \/>\n<meta property=\"article:published_time\" content=\"2018-01-26T12:29:53+00:00\" \/>\n<meta property=\"article:modified_time\" content=\"2023-10-31T08:50:04+00:00\" \/>\n<meta property=\"og:image\" content=\"https:\/\/www.cib.de\/wp-content\/uploads\/2018\/01\/header_cibimpulsa1.png\" \/>\n\t<meta property=\"og:image:width\" content=\"826\" \/>\n\t<meta property=\"og:image:height\" content=\"300\" \/>\n\t<meta property=\"og:image:type\" content=\"image\/png\" \/>\n<meta name=\"author\" content=\"CIB Group\" \/>\n<meta name=\"twitter:card\" content=\"summary_large_image\" \/>\n<meta name=\"twitter:label1\" content=\"Written by\" \/>\n\t<meta name=\"twitter:data1\" content=\"CIB Group\" \/>\n\t<meta name=\"twitter:label2\" content=\"Estimated reading time\" \/>\n\t<meta name=\"twitter:data2\" content=\"1 minute\" \/>\n<script type=\"application\/ld+json\" class=\"yoast-schema-graph\">{\"@context\":\"https:\\\/\\\/schema.org\",\"@graph\":[{\"@type\":\"Article\",\"@id\":\"https:\\\/\\\/www.cib.de\\\/cib-impulsa-junge-talente-foerdern\\\/#article\",\"isPartOf\":{\"@id\":\"https:\\\/\\\/www.cib.de\\\/cib-impulsa-junge-talente-foerdern\\\/\"},\"author\":{\"name\":\"CIB Group\",\"@id\":\"https:\\\/\\\/www.cib.de\\\/#\\\/schema\\\/person\\\/4c70f0634b93acb47baacdb671694155\"},\"headline\":\"CIB impulsa &#8211; Junge Talente f\u00f6rdern\",\"datePublished\":\"2018-01-26T12:29:53+00:00\",\"dateModified\":\"2023-10-31T08:50:04+00:00\",\"mainEntityOfPage\":{\"@id\":\"https:\\\/\\\/www.cib.de\\\/cib-impulsa-junge-talente-foerdern\\\/\"},\"wordCount\":235,\"publisher\":{\"@id\":\"https:\\\/\\\/www.cib.de\\\/#organization\"},\"image\":{\"@id\":\"https:\\\/\\\/www.cib.de\\\/cib-impulsa-junge-talente-foerdern\\\/#primaryimage\"},\"thumbnailUrl\":\"https:\\\/\\\/www.cib.de\\\/wp-content\\\/uploads\\\/2018\\\/01\\\/header_cibimpulsa1-e1768816402651.png\",\"keywords\":[\"CIB Impulsa\",\"DE\"],\"articleSection\":[\"CIB People\"],\"inLanguage\":\"en-GB\"},{\"@type\":\"WebPage\",\"@id\":\"https:\\\/\\\/www.cib.de\\\/cib-impulsa-junge-talente-foerdern\\\/\",\"url\":\"https:\\\/\\\/www.cib.de\\\/cib-impulsa-junge-talente-foerdern\\\/\",\"name\":\"CIB impulsa - Junge Talente f\u00f6rdern - CIB Group\",\"isPartOf\":{\"@id\":\"https:\\\/\\\/www.cib.de\\\/#website\"},\"primaryImageOfPage\":{\"@id\":\"https:\\\/\\\/www.cib.de\\\/cib-impulsa-junge-talente-foerdern\\\/#primaryimage\"},\"image\":{\"@id\":\"https:\\\/\\\/www.cib.de\\\/cib-impulsa-junge-talente-foerdern\\\/#primaryimage\"},\"thumbnailUrl\":\"https:\\\/\\\/www.cib.de\\\/wp-content\\\/uploads\\\/2018\\\/01\\\/header_cibimpulsa1-e1768816402651.png\",\"datePublished\":\"2018-01-26T12:29:53+00:00\",\"dateModified\":\"2023-10-31T08:50:04+00:00\",\"breadcrumb\":{\"@id\":\"https:\\\/\\\/www.cib.de\\\/cib-impulsa-junge-talente-foerdern\\\/#breadcrumb\"},\"inLanguage\":\"en-GB\",\"potentialAction\":[{\"@type\":\"ReadAction\",\"target\":[\"https:\\\/\\\/www.cib.de\\\/cib-impulsa-junge-talente-foerdern\\\/\"]}]},{\"@type\":\"ImageObject\",\"inLanguage\":\"en-GB\",\"@id\":\"https:\\\/\\\/www.cib.de\\\/cib-impulsa-junge-talente-foerdern\\\/#primaryimage\",\"url\":\"https:\\\/\\\/www.cib.de\\\/wp-content\\\/uploads\\\/2018\\\/01\\\/header_cibimpulsa1-e1768816402651.png\",\"contentUrl\":\"https:\\\/\\\/www.cib.de\\\/wp-content\\\/uploads\\\/2018\\\/01\\\/header_cibimpulsa1-e1768816402651.png\",\"width\":800,\"height\":291,\"caption\":\"CIB impulsa\"},{\"@type\":\"BreadcrumbList\",\"@id\":\"https:\\\/\\\/www.cib.de\\\/cib-impulsa-junge-talente-foerdern\\\/#breadcrumb\",\"itemListElement\":[{\"@type\":\"ListItem\",\"position\":1,\"name\":\"Home\",\"item\":\"https:\\\/\\\/www.cib.de\\\/\"},{\"@type\":\"ListItem\",\"position\":2,\"name\":\"CIB impulsa &#8211; Junge Talente f\u00f6rdern\"}]},{\"@type\":\"WebSite\",\"@id\":\"https:\\\/\\\/www.cib.de\\\/#website\",\"url\":\"https:\\\/\\\/www.cib.de\\\/\",\"name\":\"CIB Group\",\"description\":\"Digitalisierung, Prozessautomatisierung, K\u00fcnstliche Intelligenz\",\"publisher\":{\"@id\":\"https:\\\/\\\/www.cib.de\\\/#organization\"},\"potentialAction\":[{\"@type\":\"SearchAction\",\"target\":{\"@type\":\"EntryPoint\",\"urlTemplate\":\"https:\\\/\\\/www.cib.de\\\/?s={search_term_string}\"},\"query-input\":{\"@type\":\"PropertyValueSpecification\",\"valueRequired\":true,\"valueName\":\"search_term_string\"}}],\"inLanguage\":\"en-GB\"},{\"@type\":\"Organization\",\"@id\":\"https:\\\/\\\/www.cib.de\\\/#organization\",\"name\":\"CIB Group\",\"url\":\"https:\\\/\\\/www.cib.de\\\/\",\"logo\":{\"@type\":\"ImageObject\",\"inLanguage\":\"en-GB\",\"@id\":\"https:\\\/\\\/www.cib.de\\\/#\\\/schema\\\/logo\\\/image\\\/\",\"url\":\"https:\\\/\\\/www.cib.de\\\/wp-content\\\/uploads\\\/2023\\\/10\\\/CIB_Logo_.svg\",\"contentUrl\":\"https:\\\/\\\/www.cib.de\\\/wp-content\\\/uploads\\\/2023\\\/10\\\/CIB_Logo_.svg\",\"width\":283,\"height\":128,\"caption\":\"CIB Group\"},\"image\":{\"@id\":\"https:\\\/\\\/www.cib.de\\\/#\\\/schema\\\/logo\\\/image\\\/\"},\"sameAs\":[\"https:\\\/\\\/www.linkedin.com\\\/company\\\/cib\\\/\"]},{\"@type\":\"Person\",\"@id\":\"https:\\\/\\\/www.cib.de\\\/#\\\/schema\\\/person\\\/4c70f0634b93acb47baacdb671694155\",\"name\":\"CIB Group\",\"image\":{\"@type\":\"ImageObject\",\"inLanguage\":\"en-GB\",\"@id\":\"https:\\\/\\\/www.cib.de\\\/wp-content\\\/uploads\\\/2023\\\/03\\\/logo_signature2.png\",\"url\":\"https:\\\/\\\/www.cib.de\\\/wp-content\\\/uploads\\\/2023\\\/03\\\/logo_signature2.png\",\"contentUrl\":\"https:\\\/\\\/www.cib.de\\\/wp-content\\\/uploads\\\/2023\\\/03\\\/logo_signature2.png\",\"caption\":\"CIB Group\"},\"description\":\"Die Digitalisierungsexperten\"}]}<\/script>\n<!-- \/ Yoast SEO plugin. -->","yoast_head_json":{"title":"CIB impulsa - Junge Talente f\u00f6rdern - CIB Group","robots":{"index":"index","follow":"follow","max-snippet":"max-snippet:-1","max-image-preview":"max-image-preview:large","max-video-preview":"max-video-preview:-1"},"canonical":"https:\/\/www.cib.de\/en\/cib-impulsa-junge-talente-foerdern\/","og_locale":"en_GB","og_type":"article","og_title":"CIB impulsa - Junge Talente f\u00f6rdern - CIB Group","og_description":"Zukunft mit CIB gestalten? Neue Impulse f\u00fcr Berufseinsteiger in Spanien! CIB impulsa ist der Name unseres Projekts, mit dem wir Sch\u00fcler, Auszubildende und Studenten w\u00e4hrend ihres beruflichen Werdegangs f\u00f6rdern. In Las Palmas wurde der Grundstein daf\u00fcr im Jahr 2017 gelegt. Wir kooperieren mit der\u00a0Deutschen Schule Las Palmas , wobei vor allem Sch\u00fclerpraktika im Vordergrund stehen, ... Read more","og_url":"https:\/\/www.cib.de\/en\/cib-impulsa-junge-talente-foerdern\/","og_site_name":"CIB Group","article_publisher":"https:\/\/www.linkedin.com\/company\/cib\/","article_published_time":"2018-01-26T12:29:53+00:00","article_modified_time":"2023-10-31T08:50:04+00:00","og_image":[{"width":826,"height":300,"url":"https:\/\/www.cib.de\/wp-content\/uploads\/2018\/01\/header_cibimpulsa1.png","type":"image\/png"}],"author":"CIB Group","twitter_card":"summary_large_image","twitter_misc":{"Written by":"CIB Group","Estimated reading time":"1 minute"},"schema":{"@context":"https:\/\/schema.org","@graph":[{"@type":"Article","@id":"https:\/\/www.cib.de\/cib-impulsa-junge-talente-foerdern\/#article","isPartOf":{"@id":"https:\/\/www.cib.de\/cib-impulsa-junge-talente-foerdern\/"},"author":{"name":"CIB Group","@id":"https:\/\/www.cib.de\/#\/schema\/person\/4c70f0634b93acb47baacdb671694155"},"headline":"CIB impulsa &#8211; Junge Talente f\u00f6rdern","datePublished":"2018-01-26T12:29:53+00:00","dateModified":"2023-10-31T08:50:04+00:00","mainEntityOfPage":{"@id":"https:\/\/www.cib.de\/cib-impulsa-junge-talente-foerdern\/"},"wordCount":235,"publisher":{"@id":"https:\/\/www.cib.de\/#organization"},"image":{"@id":"https:\/\/www.cib.de\/cib-impulsa-junge-talente-foerdern\/#primaryimage"},"thumbnailUrl":"https:\/\/www.cib.de\/wp-content\/uploads\/2018\/01\/header_cibimpulsa1-e1768816402651.png","keywords":["CIB Impulsa","DE"],"articleSection":["CIB People"],"inLanguage":"en-GB"},{"@type":"WebPage","@id":"https:\/\/www.cib.de\/cib-impulsa-junge-talente-foerdern\/","url":"https:\/\/www.cib.de\/cib-impulsa-junge-talente-foerdern\/","name":"CIB impulsa - Junge Talente f\u00f6rdern - CIB Group","isPartOf":{"@id":"https:\/\/www.cib.de\/#website"},"primaryImageOfPage":{"@id":"https:\/\/www.cib.de\/cib-impulsa-junge-talente-foerdern\/#primaryimage"},"image":{"@id":"https:\/\/www.cib.de\/cib-impulsa-junge-talente-foerdern\/#primaryimage"},"thumbnailUrl":"https:\/\/www.cib.de\/wp-content\/uploads\/2018\/01\/header_cibimpulsa1-e1768816402651.png","datePublished":"2018-01-26T12:29:53+00:00","dateModified":"2023-10-31T08:50:04+00:00","breadcrumb":{"@id":"https:\/\/www.cib.de\/cib-impulsa-junge-talente-foerdern\/#breadcrumb"},"inLanguage":"en-GB","potentialAction":[{"@type":"ReadAction","target":["https:\/\/www.cib.de\/cib-impulsa-junge-talente-foerdern\/"]}]},{"@type":"ImageObject","inLanguage":"en-GB","@id":"https:\/\/www.cib.de\/cib-impulsa-junge-talente-foerdern\/#primaryimage","url":"https:\/\/www.cib.de\/wp-content\/uploads\/2018\/01\/header_cibimpulsa1-e1768816402651.png","contentUrl":"https:\/\/www.cib.de\/wp-content\/uploads\/2018\/01\/header_cibimpulsa1-e1768816402651.png","width":800,"height":291,"caption":"CIB impulsa"},{"@type":"BreadcrumbList","@id":"https:\/\/www.cib.de\/cib-impulsa-junge-talente-foerdern\/#breadcrumb","itemListElement":[{"@type":"ListItem","position":1,"name":"Home","item":"https:\/\/www.cib.de\/"},{"@type":"ListItem","position":2,"name":"CIB impulsa &#8211; Junge Talente f\u00f6rdern"}]},{"@type":"WebSite","@id":"https:\/\/www.cib.de\/#website","url":"https:\/\/www.cib.de\/","name":"CIB Group","description":"Digitalisierung, Prozessautomatisierung, K\u00fcnstliche Intelligenz","publisher":{"@id":"https:\/\/www.cib.de\/#organization"},"potentialAction":[{"@type":"SearchAction","target":{"@type":"EntryPoint","urlTemplate":"https:\/\/www.cib.de\/?s={search_term_string}"},"query-input":{"@type":"PropertyValueSpecification","valueRequired":true,"valueName":"search_term_string"}}],"inLanguage":"en-GB"},{"@type":"Organization","@id":"https:\/\/www.cib.de\/#organization","name":"CIB Group","url":"https:\/\/www.cib.de\/","logo":{"@type":"ImageObject","inLanguage":"en-GB","@id":"https:\/\/www.cib.de\/#\/schema\/logo\/image\/","url":"https:\/\/www.cib.de\/wp-content\/uploads\/2023\/10\/CIB_Logo_.svg","contentUrl":"https:\/\/www.cib.de\/wp-content\/uploads\/2023\/10\/CIB_Logo_.svg","width":283,"height":128,"caption":"CIB Group"},"image":{"@id":"https:\/\/www.cib.de\/#\/schema\/logo\/image\/"},"sameAs":["https:\/\/www.linkedin.com\/company\/cib\/"]},{"@type":"Person","@id":"https:\/\/www.cib.de\/#\/schema\/person\/4c70f0634b93acb47baacdb671694155","name":"CIB Group","image":{"@type":"ImageObject","inLanguage":"en-GB","@id":"https:\/\/www.cib.de\/wp-content\/uploads\/2023\/03\/logo_signature2.png","url":"https:\/\/www.cib.de\/wp-content\/uploads\/2023\/03\/logo_signature2.png","contentUrl":"https:\/\/www.cib.de\/wp-content\/uploads\/2023\/03\/logo_signature2.png","caption":"CIB Group"},"description":"Experts in digitalization"}]}},"post_mailing_queue_ids":[],"_links":{"self":[{"href":"https:\/\/www.cib.de\/en\/wp-json\/wp\/v2\/posts\/7756","targetHints":{"allow":["GET"]}}],"collection":[{"href":"https:\/\/www.cib.de\/en\/wp-json\/wp\/v2\/posts"}],"about":[{"href":"https:\/\/www.cib.de\/en\/wp-json\/wp\/v2\/types\/post"}],"author":[{"embeddable":true,"href":"https:\/\/www.cib.de\/en\/wp-json\/wp\/v2\/users\/246"}],"replies":[{"embeddable":true,"href":"https:\/\/www.cib.de\/en\/wp-json\/wp\/v2\/comments?post=7756"}],"version-history":[{"count":3,"href":"https:\/\/www.cib.de\/en\/wp-json\/wp\/v2\/posts\/7756\/revisions"}],"predecessor-version":[{"id":102725,"href":"https:\/\/www.cib.de\/en\/wp-json\/wp\/v2\/posts\/7756\/revisions\/102725"}],"wp:featuredmedia":[{"embeddable":true,"href":"https:\/\/www.cib.de\/en\/wp-json\/wp\/v2\/media\/9654"}],"wp:attachment":[{"href":"https:\/\/www.cib.de\/en\/wp-json\/wp\/v2\/media?parent=7756"}],"wp:term":[{"taxonomy":"category","embeddable":true,"href":"https:\/\/www.cib.de\/en\/wp-json\/wp\/v2\/categories?post=7756"},{"taxonomy":"post_tag","embeddable":true,"href":"https:\/\/www.cib.de\/en\/wp-json\/wp\/v2\/tags?post=7756"}],"curies":[{"name":"wp","href":"https:\/\/api.w.org\/{rel}","templated":true}]}}