{"id":112507,"date":"2024-03-04T13:05:13","date_gmt":"2024-03-04T12:05:13","guid":{"rendered":"https:\/\/www.cib.de\/?p=112507"},"modified":"2025-04-09T12:08:41","modified_gmt":"2025-04-09T10:08:41","slug":"participacion-record-jugend-forscht-iberia-2024-lisboa","status":"publish","type":"post","link":"https:\/\/www.cib.de\/es\/rekordbeteiligung-wettbewerb-jugend-forscht-iberia-2024-lissabon\/","title":{"rendered":"R\u00e9cord de participaci\u00f3n en el concurso Jugend forscht Iberia 2024 en Lisboa"},"content":{"rendered":"<div data-elementor-type=\"wp-post\" data-elementor-id=\"112507\" class=\"elementor elementor-112507\" data-elementor-post-type=\"post\">\n\t\t\t\t\t\t<section class=\"elementor-section elementor-top-section elementor-element elementor-element-9cc7924 elementor-section-boxed elementor-section-height-default elementor-section-height-default\" data-id=\"9cc7924\" data-element_type=\"section\" data-e-type=\"section\">\n\t\t\t\t\t\t<div class=\"elementor-container elementor-column-gap-default\">\n\t\t\t\t\t<div class=\"elementor-column elementor-col-100 elementor-top-column elementor-element elementor-element-0f8362b\" data-id=\"0f8362b\" data-element_type=\"column\" data-e-type=\"column\">\n\t\t\t<div class=\"elementor-widget-wrap elementor-element-populated\">\n\t\t\t\t\t\t<div class=\"elementor-element elementor-element-f26ff41 elementor-widget elementor-widget-text-editor\" data-id=\"f26ff41\" data-element_type=\"widget\" data-e-type=\"widget\" data-widget_type=\"text-editor.default\">\n\t\t\t\t<div class=\"elementor-widget-container\">\n\t\t\t\t\t\t\t\t\t<p class=\"translation-block\">Del 22 al 23 de febrero tuvo lugar en el <span style=\"text-decoration: underline\"><a style=\"text-decoration: underline\" href=\"https:\/\/dslissabon.com\/\" target=\"_blank\" rel=\"noopener\">Colegio Alem\u00e1n de Lisboa<\/a><\/span> la edici\u00f3n de este a\u00f1o del <strong>Concurso Regional Jugend forscht Iberia<\/strong>, bajo el lema \"Hazte una idea\" - con CIB como patrocinador exclusivo del concurso.<\/p>\t\t\t\t\t\t\t\t<\/div>\n\t\t\t\t<\/div>\n\t\t\t\t<div class=\"elementor-element elementor-element-b48c699 elementor-widget elementor-widget-heading\" data-id=\"b48c699\" data-element_type=\"widget\" data-e-type=\"widget\" data-widget_type=\"heading.default\">\n\t\t\t\t<div class=\"elementor-widget-container\">\n\t\t\t\t\t<h3 class=\"elementor-heading-title elementor-size-default\">R\u00e9cord de participantes con 45 proyectos escolares innovadores<\/h3>\t\t\t\t<\/div>\n\t\t\t\t<\/div>\n\t\t\t\t\t<\/div>\n\t\t<\/div>\n\t\t\t\t\t<\/div>\n\t\t<\/section>\n\t\t\t\t<section class=\"elementor-section elementor-top-section elementor-element elementor-element-bdf5c4a elementor-reverse-mobile elementor-section-boxed elementor-section-height-default elementor-section-height-default\" data-id=\"bdf5c4a\" data-element_type=\"section\" data-e-type=\"section\">\n\t\t\t\t\t\t<div class=\"elementor-container elementor-column-gap-default\">\n\t\t\t\t\t<div class=\"elementor-column elementor-col-50 elementor-top-column elementor-element elementor-element-3403842\" data-id=\"3403842\" data-element_type=\"column\" data-e-type=\"column\">\n\t\t\t<div class=\"elementor-widget-wrap elementor-element-populated\">\n\t\t\t\t\t\t<div class=\"elementor-element elementor-element-bc79d53 elementor-widget elementor-widget-text-editor\" data-id=\"bc79d53\" data-element_type=\"widget\" data-e-type=\"widget\" data-widget_type=\"text-editor.default\">\n\t\t\t\t<div class=\"elementor-widget-container\">\n\t\t\t\t\t\t\t\t\t<p class=\"translation-block\">El concurso atrajo 45 proyectos y 80 participantes de 10 colegios de Portugal y Espa\u00f1a, lo que supone el mayor n\u00famero de participantes de la historia del concurso en la Pen\u00ednsula Ib\u00e9rica. Vemos esto como una se\u00f1al del \u00e9xito de la excelente colaboraci\u00f3n y el esfuerzo conjunto, que no habr\u00eda sido posible sin el patrocinio de CIB y su fundador <a style=\"text-decoration: underline\" href=\"https:\/\/www.linkedin.com\/in\/ulrich-brandner\" target=\"_blank\" rel=\"noopener\">Ulrich Brandner<\/a><\/span>  y el gran compromiso del Colegio Alem\u00e1n de Lisboa en calidad de anfitri\u00f3n.<\/p>\t\t\t\t\t\t\t\t<\/div>\n\t\t\t\t<\/div>\n\t\t\t\t\t<\/div>\n\t\t<\/div>\n\t\t\t\t<div class=\"elementor-column elementor-col-50 elementor-top-column elementor-element elementor-element-1f93770\" data-id=\"1f93770\" data-element_type=\"column\" data-e-type=\"column\">\n\t\t\t<div class=\"elementor-widget-wrap elementor-element-populated\">\n\t\t\t\t\t\t<div class=\"elementor-element elementor-element-67df81a elementor-widget elementor-widget-image\" data-id=\"67df81a\" data-element_type=\"widget\" data-e-type=\"widget\" data-widget_type=\"image.default\">\n\t\t\t\t<div class=\"elementor-widget-container\">\n\t\t\t\t\t\t\t\t\t\t\t\t\t\t\t<img fetchpriority=\"high\" decoding=\"async\" width=\"888\" height=\"500\" src=\"https:\/\/www.cib.de\/wp-content\/uploads\/2024\/03\/jufo_2024-e1767875796541.jpg\" class=\"attachment-full size-full wp-image-112514\" alt=\"\" \/>\t\t\t\t\t\t\t\t\t\t\t\t\t\t\t<\/div>\n\t\t\t\t<\/div>\n\t\t\t\t\t<\/div>\n\t\t<\/div>\n\t\t\t\t\t<\/div>\n\t\t<\/section>\n\t\t\t\t<section class=\"elementor-section elementor-top-section elementor-element elementor-element-40b712a elementor-section-boxed elementor-section-height-default elementor-section-height-default\" data-id=\"40b712a\" data-element_type=\"section\" data-e-type=\"section\">\n\t\t\t\t\t\t<div class=\"elementor-container elementor-column-gap-default\">\n\t\t\t\t\t<div class=\"elementor-column elementor-col-100 elementor-top-column elementor-element elementor-element-427a19c\" data-id=\"427a19c\" data-element_type=\"column\" data-e-type=\"column\">\n\t\t\t<div class=\"elementor-widget-wrap elementor-element-populated\">\n\t\t\t\t\t\t<div class=\"elementor-element elementor-element-32fafc1 elementor-widget elementor-widget-heading\" data-id=\"32fafc1\" data-element_type=\"widget\" data-e-type=\"widget\" data-widget_type=\"heading.default\">\n\t\t\t\t<div class=\"elementor-widget-container\">\n\t\t\t\t\t<h3 class=\"elementor-heading-title elementor-size-default\">Proyectos premiados en el campo de la inform\u00e1tica<\/h3>\t\t\t\t<\/div>\n\t\t\t\t<\/div>\n\t\t\t\t<div class=\"elementor-element elementor-element-6721f1d elementor-widget elementor-widget-text-editor\" data-id=\"6721f1d\" data-element_type=\"widget\" data-e-type=\"widget\" data-widget_type=\"text-editor.default\">\n\t\t\t\t<div class=\"elementor-widget-container\">\n\t\t\t\t\t\t\t\t\t<ul>\n \t<li><b>Control eficaz de la iluminaci\u00f3n<\/b> - Victor Gurbani, alumno del Colegio Alem\u00e1n Madrid (primer premio)<\/li>\n \t<li><b>Organizar la informaci\u00f3n con ayuda de la inteligencia artificial: aplicaci\u00f3n MindMap para notas<\/b> - Tom Szenessy, alumno del Colegio Alem\u00e1n de M\u00e1laga (segundo premio)<\/li>\n \t<li><b>\u00bfRedactar protocolos de laboratorio con fotos?<\/b> - Leonardo Correia y Rodrigo Lobo, alumnos del Colegio Alem\u00e1n de Oporto (tercer premio)<\/li>\n<\/ul>\t\t\t\t\t\t\t\t<\/div>\n\t\t\t\t<\/div>\n\t\t\t\t<div class=\"elementor-element elementor-element-bd50102 elementor-widget elementor-widget-heading\" data-id=\"bd50102\" data-element_type=\"widget\" data-e-type=\"widget\" data-widget_type=\"heading.default\">\n\t\t\t\t<div class=\"elementor-widget-container\">\n\t\t\t\t\t<h3 class=\"elementor-heading-title elementor-size-default\">Premio Especial CIB con invitaci\u00f3n a M\u00fanich<\/h3>\t\t\t\t<\/div>\n\t\t\t\t<\/div>\n\t\t\t\t<div class=\"elementor-element elementor-element-37e6d36 elementor-widget elementor-widget-text-editor\" data-id=\"37e6d36\" data-element_type=\"widget\" data-e-type=\"widget\" data-widget_type=\"text-editor.default\">\n\t\t\t\t<div class=\"elementor-widget-container\">\n\t\t\t\t\t\t\t\t\t<p class=\"translation-block\">El Premio Especial CIB de este a\u00f1o ha reca\u00eddo en el proyecto <strong>Organizar la informaci\u00f3n con ayuda de la inteligencia artificial: aplicaci\u00f3n MindMap para notas<\/strong>, del alumno <strong>Tom Szenessy, del Colegio Alem\u00e1n de M\u00e1laga.<\/strong><\/p><p>Tom hizo una presentaci\u00f3n apasionada y \u00e1gil durante la cual present\u00f3 su proyecto y contest\u00f3 satisfactoriamente a las muchas aportaciones de los jueces. Demostr\u00f3 un gran conocimiento de temas y herramientas de IA, como por ejemplo un chatbot basado en contexto.<\/p><p>Damos la enhorabuena a Tom y a su mentor, Sr. Gunther Stra\u00dfburger: \u00a1Estaremos encantados de saludarles de nuevo en nuestro evento CIB Code of Summer en M\u00fanich en julo pr\u00f3ximo!<\/p>\t\t\t\t\t\t\t\t<\/div>\n\t\t\t\t<\/div>\n\t\t\t\t<div class=\"elementor-element elementor-element-d002a99 elementor-widget elementor-widget-heading\" data-id=\"d002a99\" data-element_type=\"widget\" data-e-type=\"widget\" data-widget_type=\"heading.default\">\n\t\t\t\t<div class=\"elementor-widget-container\">\n\t\t\t\t\t<h3 class=\"elementor-heading-title elementor-size-default\">Excursi\u00f3n y Networking<\/h3>\t\t\t\t<\/div>\n\t\t\t\t<\/div>\n\t\t\t\t<div class=\"elementor-element elementor-element-d1a2119 elementor-widget elementor-widget-text-editor\" data-id=\"d1a2119\" data-element_type=\"widget\" data-e-type=\"widget\" data-widget_type=\"text-editor.default\">\n\t\t\t\t<div class=\"elementor-widget-container\">\n\t\t\t\t\t\t\t\t\tDurante la excursi\u00f3n del s\u00e1bado por la ma\u00f1ana, los miembros del jurado visitaron la Quinta da Bacalh\u00f4a, en la pen\u00ednsula de Set\u00fabal, uno de los mayores productores de vino de Portugal, con el vino de licor Moscatel, una de las principales atracciones de la regi\u00f3n.\t\t\t\t\t\t\t\t<\/div>\n\t\t\t\t<\/div>\n\t\t\t\t\t<\/div>\n\t\t<\/div>\n\t\t\t\t\t<\/div>\n\t\t<\/section>\n\t\t\t\t<section class=\"elementor-section elementor-top-section elementor-element elementor-element-204cba8 elementor-reverse-mobile elementor-section-boxed elementor-section-height-default elementor-section-height-default\" data-id=\"204cba8\" data-element_type=\"section\" data-e-type=\"section\">\n\t\t\t\t\t\t<div class=\"elementor-container elementor-column-gap-default\">\n\t\t\t\t\t<div class=\"elementor-column elementor-col-50 elementor-top-column elementor-element elementor-element-c7f0218\" data-id=\"c7f0218\" data-element_type=\"column\" data-e-type=\"column\">\n\t\t\t<div class=\"elementor-widget-wrap elementor-element-populated\">\n\t\t\t\t\t\t<div class=\"elementor-element elementor-element-ab13f33 elementor-widget elementor-widget-image\" data-id=\"ab13f33\" data-element_type=\"widget\" data-e-type=\"widget\" data-widget_type=\"image.default\">\n\t\t\t\t<div class=\"elementor-widget-container\">\n\t\t\t\t\t\t\t\t\t\t\t\t\t\t\t<img decoding=\"async\" width=\"715\" height=\"299\" src=\"https:\/\/www.cib.de\/wp-content\/uploads\/2024\/03\/jufo_24_2.png\" class=\"attachment-full size-full wp-image-112523\" alt=\"\" srcset=\"https:\/\/www.cib.de\/wp-content\/uploads\/2024\/03\/jufo_24_2.png 715w, https:\/\/www.cib.de\/wp-content\/uploads\/2024\/03\/jufo_24_2-475x199.png 475w, https:\/\/www.cib.de\/wp-content\/uploads\/2024\/03\/jufo_24_2-18x8.png 18w\" sizes=\"(max-width: 715px) 100vw, 715px\" \/>\t\t\t\t\t\t\t\t\t\t\t\t\t\t\t<\/div>\n\t\t\t\t<\/div>\n\t\t\t\t\t<\/div>\n\t\t<\/div>\n\t\t\t\t<div class=\"elementor-column elementor-col-50 elementor-top-column elementor-element elementor-element-f05b432\" data-id=\"f05b432\" data-element_type=\"column\" data-e-type=\"column\">\n\t\t\t<div class=\"elementor-widget-wrap elementor-element-populated\">\n\t\t\t\t\t\t<div class=\"elementor-element elementor-element-f09c6c4 elementor-widget elementor-widget-text-editor\" data-id=\"f09c6c4\" data-element_type=\"widget\" data-e-type=\"widget\" data-widget_type=\"text-editor.default\">\n\t\t\t\t<div class=\"elementor-widget-container\">\n\t\t\t\t\t\t\t\t\t<p>Nuestra enhorabuena y agradecimiento a todos los participantes por su dedicaci\u00f3n y por los numerosos e inspiradores proyectos.<\/p>\t\t\t\t\t\t\t\t<\/div>\n\t\t\t\t<\/div>\n\t\t\t\t\t<\/div>\n\t\t<\/div>\n\t\t\t\t\t<\/div>\n\t\t<\/section>\n\t\t\t\t<section class=\"elementor-section elementor-top-section elementor-element elementor-element-da28938 elementor-section-boxed elementor-section-height-default elementor-section-height-default\" data-id=\"da28938\" data-element_type=\"section\" data-e-type=\"section\">\n\t\t\t\t\t\t<div class=\"elementor-container elementor-column-gap-default\">\n\t\t\t\t\t<div class=\"elementor-column elementor-col-100 elementor-top-column elementor-element elementor-element-30dab90\" data-id=\"30dab90\" data-element_type=\"column\" data-e-type=\"column\">\n\t\t\t<div class=\"elementor-widget-wrap elementor-element-populated\">\n\t\t\t\t\t\t<div class=\"elementor-element elementor-element-848dcef elementor-widget elementor-widget-heading\" data-id=\"848dcef\" data-element_type=\"widget\" data-e-type=\"widget\" data-widget_type=\"heading.default\">\n\t\t\t\t<div class=\"elementor-widget-container\">\n\t\t\t\t\t<h3 class=\"elementor-heading-title elementor-size-default\">CIB promueve talento joven <\/h3>\t\t\t\t<\/div>\n\t\t\t\t<\/div>\n\t\t\t\t<div class=\"elementor-element elementor-element-8f41bb4 elementor-widget elementor-widget-text-editor\" data-id=\"8f41bb4\" data-element_type=\"widget\" data-e-type=\"widget\" data-widget_type=\"text-editor.default\">\n\t\t\t\t<div class=\"elementor-widget-container\">\n\t\t\t\t\t\t\t\t\t<p>Nuestro programa <a href=\"\/es\/impulsa\/\" target=\"_blank\" rel=\"noopener\"><span style=\"text-decoration: underline;\">CIB Impulsa<\/span><\/a> promueve ideas innovadoras en los campos de la investigaci\u00f3n y la tecnolog\u00eda y apoya a alumnos y estudiantes en su camino hacia la vida profesional. En Espa\u00f1a y Portugal, CIB apoya a los Colegios Alemanes centr\u00e1ndose en la promoci\u00f3n de las materias MINT y la investigaci\u00f3n. Como patrocinador y socio, acompa\u00f1amos a los j\u00f3venes investigadores y ampliamos continuamente nuestra cooperaci\u00f3n con los colegios sobre esta base.<\/p><p>Encontrar\u00e1 m\u00e1s informaci\u00f3n sobre nuestra<span style=\"text-decoration: underline;\"><a style=\"text-decoration: underline;\" href=\"\/es\/impulsa\/\" target=\"_blank\" rel=\"noopener\"> colaboraci\u00f3n con Jugend forscht<\/a><\/span> aqu\u00ed.<\/p><p>Let\u2019s CIB!<\/p>\t\t\t\t\t\t\t\t<\/div>\n\t\t\t\t<\/div>\n\t\t\t\t\t<\/div>\n\t\t<\/div>\n\t\t\t\t\t<\/div>\n\t\t<\/section>\n\t\t\t\t<section class=\"elementor-section elementor-top-section elementor-element elementor-element-6b46127 elementor-section-boxed elementor-section-height-default elementor-section-height-default\" data-id=\"6b46127\" data-element_type=\"section\" data-e-type=\"section\">\n\t\t\t\t\t\t<div class=\"elementor-container elementor-column-gap-default\">\n\t\t\t\t\t<div class=\"elementor-column elementor-col-100 elementor-top-column elementor-element elementor-element-df51373\" data-id=\"df51373\" data-element_type=\"column\" data-e-type=\"column\">\n\t\t\t<div class=\"elementor-widget-wrap elementor-element-populated\">\n\t\t\t\t\t\t<div class=\"elementor-element elementor-element-d59620c elementor-widget elementor-widget-gallery\" data-id=\"d59620c\" data-element_type=\"widget\" data-e-type=\"widget\" data-settings=\"{&quot;lazyload&quot;:&quot;yes&quot;,&quot;gallery_layout&quot;:&quot;grid&quot;,&quot;columns&quot;:4,&quot;columns_tablet&quot;:2,&quot;columns_mobile&quot;:1,&quot;gap&quot;:{&quot;unit&quot;:&quot;px&quot;,&quot;size&quot;:10,&quot;sizes&quot;:[]},&quot;gap_tablet&quot;:{&quot;unit&quot;:&quot;px&quot;,&quot;size&quot;:10,&quot;sizes&quot;:[]},&quot;gap_mobile&quot;:{&quot;unit&quot;:&quot;px&quot;,&quot;size&quot;:10,&quot;sizes&quot;:[]},&quot;link_to&quot;:&quot;file&quot;,&quot;aspect_ratio&quot;:&quot;3:2&quot;,&quot;content_hover_animation&quot;:&quot;fade-in&quot;}\" data-widget_type=\"gallery.default\">\n\t\t\t\t<div class=\"elementor-widget-container\">\n\t\t\t\t\t\t\t<div class=\"elementor-gallery__container\">\n\t\t\t\t\t\t\t<a class=\"e-gallery-item elementor-gallery-item elementor-animated-content\" href=\"https:\/\/www.cib.de\/wp-content\/uploads\/2024\/03\/IMG_9277-scaled-e1710334573446.jpg\" data-elementor-open-lightbox=\"yes\" data-elementor-lightbox-slideshow=\"d59620c\" data-elementor-lightbox-title=\"JUFO_2024_1\" data-e-action-hash=\"#elementor-action%3Aaction%3Dlightbox%26settings%3DeyJpZCI6MTEzMTI3LCJ1cmwiOiJodHRwczpcL1wvd3d3LmNpYi5kZVwvd3AtY29udGVudFwvdXBsb2Fkc1wvMjAyNFwvMDNcL0lNR185Mjc3LXNjYWxlZC1lMTcxMDMzNDU3MzQ0Ni5qcGciLCJzbGlkZXNob3ciOiJkNTk2MjBjIn0%3D\">\n\t\t\t\t\t<div class=\"e-gallery-image elementor-gallery-item__image\" data-thumbnail=\"https:\/\/www.cib.de\/wp-content\/uploads\/2024\/03\/IMG_9277-1024x682.jpg\" data-width=\"1024\" data-height=\"682\" aria-label=\"\" role=\"img\" ><\/div>\n\t\t\t\t\t\t\t\t\t\t\t\t\t\t<\/a>\n\t\t\t\t\t\t\t<a class=\"e-gallery-item elementor-gallery-item elementor-animated-content\" href=\"https:\/\/www.cib.de\/wp-content\/uploads\/2024\/03\/Gruppenfoto-scaled-e1767875723552.jpg\" data-elementor-open-lightbox=\"yes\" data-elementor-lightbox-slideshow=\"d59620c\" data-elementor-lightbox-title=\"JUFO_2024_Gruppenfoto\" data-e-action-hash=\"#elementor-action%3Aaction%3Dlightbox%26settings%3DeyJpZCI6MTEzMTI1LCJ1cmwiOiJodHRwczpcL1wvd3d3LmNpYi5kZVwvd3AtY29udGVudFwvdXBsb2Fkc1wvMjAyNFwvMDNcL0dydXBwZW5mb3RvLXNjYWxlZC1lMTc2Nzg3NTcyMzU1Mi5qcGciLCJzbGlkZXNob3ciOiJkNTk2MjBjIn0%3D\">\n\t\t\t\t\t<div class=\"e-gallery-image elementor-gallery-item__image\" data-thumbnail=\"https:\/\/www.cib.de\/wp-content\/uploads\/2024\/03\/Gruppenfoto-1024x683.jpg\" data-width=\"1024\" data-height=\"683\" aria-label=\"\" role=\"img\" ><\/div>\n\t\t\t\t\t\t\t\t\t\t\t\t\t\t<\/a>\n\t\t\t\t\t\t\t<a class=\"e-gallery-item elementor-gallery-item elementor-animated-content\" href=\"https:\/\/www.cib.de\/wp-content\/uploads\/2024\/03\/IMG_0152-scaled-e1767875735660.jpg\" data-elementor-open-lightbox=\"yes\" data-elementor-lightbox-slideshow=\"d59620c\" data-elementor-lightbox-title=\"JUFO_2024_2\" data-e-action-hash=\"#elementor-action%3Aaction%3Dlightbox%26settings%3DeyJpZCI6MTEzMTI0LCJ1cmwiOiJodHRwczpcL1wvd3d3LmNpYi5kZVwvd3AtY29udGVudFwvdXBsb2Fkc1wvMjAyNFwvMDNcL0lNR18wMTUyLXNjYWxlZC1lMTc2Nzg3NTczNTY2MC5qcGciLCJzbGlkZXNob3ciOiJkNTk2MjBjIn0%3D\">\n\t\t\t\t\t<div class=\"e-gallery-image elementor-gallery-item__image\" data-thumbnail=\"https:\/\/www.cib.de\/wp-content\/uploads\/2024\/03\/IMG_0152-1024x683.jpg\" data-width=\"1024\" data-height=\"683\" aria-label=\"\" role=\"img\" ><\/div>\n\t\t\t\t\t\t\t\t\t\t\t\t\t\t<\/a>\n\t\t\t\t\t\t\t<a class=\"e-gallery-item elementor-gallery-item elementor-animated-content\" href=\"https:\/\/www.cib.de\/wp-content\/uploads\/2024\/03\/IMG_0116-scaled-e1710334374292.jpg\" data-elementor-open-lightbox=\"yes\" data-elementor-lightbox-slideshow=\"d59620c\" data-elementor-lightbox-title=\"JUFO_2024_3\" data-e-action-hash=\"#elementor-action%3Aaction%3Dlightbox%26settings%3DeyJpZCI6MTEzMTIyLCJ1cmwiOiJodHRwczpcL1wvd3d3LmNpYi5kZVwvd3AtY29udGVudFwvdXBsb2Fkc1wvMjAyNFwvMDNcL0lNR18wMTE2LXNjYWxlZC1lMTcxMDMzNDM3NDI5Mi5qcGciLCJzbGlkZXNob3ciOiJkNTk2MjBjIn0%3D\">\n\t\t\t\t\t<div class=\"e-gallery-image elementor-gallery-item__image\" data-thumbnail=\"https:\/\/www.cib.de\/wp-content\/uploads\/2024\/03\/IMG_0116-1024x682.jpg\" data-width=\"1024\" data-height=\"682\" aria-label=\"\" role=\"img\" ><\/div>\n\t\t\t\t\t\t\t\t\t\t\t\t\t\t<\/a>\n\t\t\t\t\t<\/div>\n\t\t\t\t\t<\/div>\n\t\t\t\t<\/div>\n\t\t\t\t\t<\/div>\n\t\t<\/div>\n\t\t\t\t\t<\/div>\n\t\t<\/section>\n\t\t\t\t<\/div>","protected":false},"excerpt":{"rendered":"<p>Vom 22. bis 23. Februar fand an der Deutschen Schule Lissabon der diesj\u00e4hrige Jugend forscht Regionalwettbewerb Iberia unter dem Motto \u201eMach dir einen Kopf\u201c statt &#8211; mit CIB als exklusiver Sponsor des Wettbewerbs. Teilnahmerekord mit 55 innovativen Sch\u00fclerprojekten Am Wettbewerb nahmen 45 Projekte und 80 Teilnehmer aus 10 Schulen in Portugal und Spanien teil, was &#8230; <a title=\"R\u00e9cord de participaci\u00f3n en el concurso Jugend forscht Iberia 2024 en Lisboa\" class=\"read-more\" href=\"https:\/\/www.cib.de\/es\/rekordbeteiligung-wettbewerb-jugend-forscht-iberia-2024-lissabon\/\" aria-label=\"Leer m\u00e1s sobre Rekordbeteiligung beim Wettbewerb von Jugend forscht Iberia 2024 in Lissabon\">Leer m\u00e1s<\/a><\/p>","protected":false},"author":246,"featured_media":112510,"comment_status":"closed","ping_status":"closed","sticky":false,"template":"","format":"standard","meta":{"_acf_changed":false,"footnotes":""},"categories":[220],"tags":[1671,1673,1706],"class_list":["post-112507","post","type-post","status-publish","format-standard","has-post-thumbnail","hentry","category-cat-proactive","tag-cib-impulsa","tag-jugend-forscht","tag-home"],"acf":[],"yoast_head":"<!-- This site is optimized with the Yoast SEO plugin v27.5 - https:\/\/yoast.com\/product\/yoast-seo-wordpress\/ -->\n<title>Rekordbeteiligung bei Jugend forscht Iberia 2024 in Lissabon<\/title>\n<meta name=\"description\" content=\"Rege Teilnahmen am diesj\u00e4hrigen Jugend forscht Iberia Wettbewerb mit 80 Teilnehmern aus 10 Schulen in Portugal und Spanien. Let\u00b4s CIB!\" \/>\n<meta name=\"robots\" content=\"index, follow, max-snippet:-1, max-image-preview:large, max-video-preview:-1\" \/>\n<link rel=\"canonical\" href=\"https:\/\/www.cib.de\/es\/participacion-record-jugend-forscht-iberia-2024-lisboa\/\" \/>\n<meta property=\"og:locale\" content=\"es_ES\" \/>\n<meta property=\"og:type\" content=\"article\" \/>\n<meta property=\"og:title\" content=\"Rekordbeteiligung bei Jugend forscht Iberia 2024 in Lissabon\" \/>\n<meta property=\"og:description\" content=\"Rege Teilnahmen am diesj\u00e4hrigen Jugend forscht Iberia Wettbewerb mit 80 Teilnehmern aus 10 Schulen in Portugal und Spanien. Let\u00b4s CIB!\" \/>\n<meta property=\"og:url\" content=\"https:\/\/www.cib.de\/es\/participacion-record-jugend-forscht-iberia-2024-lisboa\/\" \/>\n<meta property=\"og:site_name\" content=\"CIB Group\" \/>\n<meta property=\"article:publisher\" content=\"https:\/\/www.linkedin.com\/company\/cib\/\" \/>\n<meta property=\"article:published_time\" content=\"2024-03-04T12:05:13+00:00\" \/>\n<meta property=\"article:modified_time\" content=\"2025-04-09T10:08:41+00:00\" \/>\n<meta property=\"og:image\" content=\"https:\/\/www.cib.de\/wp-content\/uploads\/2024\/03\/HG_jufo_2024.jpg\" \/>\n\t<meta property=\"og:image:width\" content=\"1800\" \/>\n\t<meta property=\"og:image:height\" content=\"605\" \/>\n\t<meta property=\"og:image:type\" content=\"image\/jpeg\" \/>\n<meta name=\"author\" content=\"CIB Group\" \/>\n<meta name=\"twitter:card\" content=\"summary_large_image\" \/>\n<meta name=\"twitter:label1\" content=\"Escrito por\" \/>\n\t<meta name=\"twitter:data1\" content=\"CIB Group\" \/>\n\t<meta name=\"twitter:label2\" content=\"Tiempo de lectura\" \/>\n\t<meta name=\"twitter:data2\" content=\"3 minutos\" \/>\n<script type=\"application\/ld+json\" class=\"yoast-schema-graph\">{\"@context\":\"https:\\\/\\\/schema.org\",\"@graph\":[{\"@type\":\"Article\",\"@id\":\"https:\\\/\\\/www.cib.de\\\/rekordbeteiligung-wettbewerb-jugend-forscht-iberia-2024-lissabon\\\/#article\",\"isPartOf\":{\"@id\":\"https:\\\/\\\/www.cib.de\\\/rekordbeteiligung-wettbewerb-jugend-forscht-iberia-2024-lissabon\\\/\"},\"author\":{\"name\":\"CIB Group\",\"@id\":\"https:\\\/\\\/www.cib.de\\\/#\\\/schema\\\/person\\\/4c70f0634b93acb47baacdb671694155\"},\"headline\":\"Rekordbeteiligung beim Wettbewerb von Jugend forscht Iberia 2024 in Lissabon\",\"datePublished\":\"2024-03-04T12:05:13+00:00\",\"dateModified\":\"2025-04-09T10:08:41+00:00\",\"mainEntityOfPage\":{\"@id\":\"https:\\\/\\\/www.cib.de\\\/rekordbeteiligung-wettbewerb-jugend-forscht-iberia-2024-lissabon\\\/\"},\"wordCount\":413,\"publisher\":{\"@id\":\"https:\\\/\\\/www.cib.de\\\/#organization\"},\"image\":{\"@id\":\"https:\\\/\\\/www.cib.de\\\/rekordbeteiligung-wettbewerb-jugend-forscht-iberia-2024-lissabon\\\/#primaryimage\"},\"thumbnailUrl\":\"https:\\\/\\\/www.cib.de\\\/wp-content\\\/uploads\\\/2024\\\/03\\\/HG_jufo_2024-e1767875805155.jpg\",\"keywords\":[\"CIB Impulsa\",\"Jugend forscht\",\"Trending topic\"],\"articleSection\":[\"CIB proActive\"],\"inLanguage\":\"es\"},{\"@type\":\"WebPage\",\"@id\":\"https:\\\/\\\/www.cib.de\\\/rekordbeteiligung-wettbewerb-jugend-forscht-iberia-2024-lissabon\\\/\",\"url\":\"https:\\\/\\\/www.cib.de\\\/rekordbeteiligung-wettbewerb-jugend-forscht-iberia-2024-lissabon\\\/\",\"name\":\"Rekordbeteiligung bei Jugend forscht Iberia 2024 in Lissabon\",\"isPartOf\":{\"@id\":\"https:\\\/\\\/www.cib.de\\\/#website\"},\"primaryImageOfPage\":{\"@id\":\"https:\\\/\\\/www.cib.de\\\/rekordbeteiligung-wettbewerb-jugend-forscht-iberia-2024-lissabon\\\/#primaryimage\"},\"image\":{\"@id\":\"https:\\\/\\\/www.cib.de\\\/rekordbeteiligung-wettbewerb-jugend-forscht-iberia-2024-lissabon\\\/#primaryimage\"},\"thumbnailUrl\":\"https:\\\/\\\/www.cib.de\\\/wp-content\\\/uploads\\\/2024\\\/03\\\/HG_jufo_2024-e1767875805155.jpg\",\"datePublished\":\"2024-03-04T12:05:13+00:00\",\"dateModified\":\"2025-04-09T10:08:41+00:00\",\"description\":\"Rege Teilnahmen am diesj\u00e4hrigen Jugend forscht Iberia Wettbewerb mit 80 Teilnehmern aus 10 Schulen in Portugal und Spanien. Let\u00b4s CIB!\",\"breadcrumb\":{\"@id\":\"https:\\\/\\\/www.cib.de\\\/rekordbeteiligung-wettbewerb-jugend-forscht-iberia-2024-lissabon\\\/#breadcrumb\"},\"inLanguage\":\"es\",\"potentialAction\":[{\"@type\":\"ReadAction\",\"target\":[\"https:\\\/\\\/www.cib.de\\\/rekordbeteiligung-wettbewerb-jugend-forscht-iberia-2024-lissabon\\\/\"]}]},{\"@type\":\"ImageObject\",\"inLanguage\":\"es\",\"@id\":\"https:\\\/\\\/www.cib.de\\\/rekordbeteiligung-wettbewerb-jugend-forscht-iberia-2024-lissabon\\\/#primaryimage\",\"url\":\"https:\\\/\\\/www.cib.de\\\/wp-content\\\/uploads\\\/2024\\\/03\\\/HG_jufo_2024-e1767875805155.jpg\",\"contentUrl\":\"https:\\\/\\\/www.cib.de\\\/wp-content\\\/uploads\\\/2024\\\/03\\\/HG_jufo_2024-e1767875805155.jpg\",\"width\":1488,\"height\":500},{\"@type\":\"BreadcrumbList\",\"@id\":\"https:\\\/\\\/www.cib.de\\\/rekordbeteiligung-wettbewerb-jugend-forscht-iberia-2024-lissabon\\\/#breadcrumb\",\"itemListElement\":[{\"@type\":\"ListItem\",\"position\":1,\"name\":\"Home\",\"item\":\"https:\\\/\\\/www.cib.de\\\/\"},{\"@type\":\"ListItem\",\"position\":2,\"name\":\"Rekordbeteiligung beim Wettbewerb von Jugend forscht Iberia 2024 in Lissabon\"}]},{\"@type\":\"WebSite\",\"@id\":\"https:\\\/\\\/www.cib.de\\\/#website\",\"url\":\"https:\\\/\\\/www.cib.de\\\/\",\"name\":\"CIB Group\",\"description\":\"Digitalisierung, Prozessautomatisierung, K\u00fcnstliche Intelligenz\",\"publisher\":{\"@id\":\"https:\\\/\\\/www.cib.de\\\/#organization\"},\"potentialAction\":[{\"@type\":\"SearchAction\",\"target\":{\"@type\":\"EntryPoint\",\"urlTemplate\":\"https:\\\/\\\/www.cib.de\\\/?s={search_term_string}\"},\"query-input\":{\"@type\":\"PropertyValueSpecification\",\"valueRequired\":true,\"valueName\":\"search_term_string\"}}],\"inLanguage\":\"es\"},{\"@type\":\"Organization\",\"@id\":\"https:\\\/\\\/www.cib.de\\\/#organization\",\"name\":\"CIB Group\",\"url\":\"https:\\\/\\\/www.cib.de\\\/\",\"logo\":{\"@type\":\"ImageObject\",\"inLanguage\":\"es\",\"@id\":\"https:\\\/\\\/www.cib.de\\\/#\\\/schema\\\/logo\\\/image\\\/\",\"url\":\"https:\\\/\\\/www.cib.de\\\/wp-content\\\/uploads\\\/2023\\\/10\\\/CIB_Logo_.svg\",\"contentUrl\":\"https:\\\/\\\/www.cib.de\\\/wp-content\\\/uploads\\\/2023\\\/10\\\/CIB_Logo_.svg\",\"width\":283,\"height\":128,\"caption\":\"CIB Group\"},\"image\":{\"@id\":\"https:\\\/\\\/www.cib.de\\\/#\\\/schema\\\/logo\\\/image\\\/\"},\"sameAs\":[\"https:\\\/\\\/www.linkedin.com\\\/company\\\/cib\\\/\"]},{\"@type\":\"Person\",\"@id\":\"https:\\\/\\\/www.cib.de\\\/#\\\/schema\\\/person\\\/4c70f0634b93acb47baacdb671694155\",\"name\":\"CIB Group\",\"image\":{\"@type\":\"ImageObject\",\"inLanguage\":\"es\",\"@id\":\"https:\\\/\\\/www.cib.de\\\/wp-content\\\/uploads\\\/2023\\\/03\\\/logo_signature2.png\",\"url\":\"https:\\\/\\\/www.cib.de\\\/wp-content\\\/uploads\\\/2023\\\/03\\\/logo_signature2.png\",\"contentUrl\":\"https:\\\/\\\/www.cib.de\\\/wp-content\\\/uploads\\\/2023\\\/03\\\/logo_signature2.png\",\"caption\":\"CIB Group\"},\"description\":\"Die Digitalisierungsexperten\"}]}<\/script>\n<!-- \/ Yoast SEO plugin. -->","yoast_head_json":{"title":"Rekordbeteiligung bei Jugend forscht Iberia 2024 in Lissabon","description":"Animada participaci\u00f3n en el concurso Jugend forscht Iberia de este a\u00f1o, con 80 participantes de 10 escuelas de Portugal y Espa\u00f1a. Let's CIB!","robots":{"index":"index","follow":"follow","max-snippet":"max-snippet:-1","max-image-preview":"max-image-preview:large","max-video-preview":"max-video-preview:-1"},"canonical":"https:\/\/www.cib.de\/es\/participacion-record-jugend-forscht-iberia-2024-lisboa\/","og_locale":"es_ES","og_type":"article","og_title":"Rekordbeteiligung bei Jugend forscht Iberia 2024 in Lissabon","og_description":"Rege Teilnahmen am diesj\u00e4hrigen Jugend forscht Iberia Wettbewerb mit 80 Teilnehmern aus 10 Schulen in Portugal und Spanien. Let\u00b4s CIB!","og_url":"https:\/\/www.cib.de\/es\/participacion-record-jugend-forscht-iberia-2024-lisboa\/","og_site_name":"CIB Group","article_publisher":"https:\/\/www.linkedin.com\/company\/cib\/","article_published_time":"2024-03-04T12:05:13+00:00","article_modified_time":"2025-04-09T10:08:41+00:00","og_image":[{"width":1800,"height":605,"url":"https:\/\/www.cib.de\/wp-content\/uploads\/2024\/03\/HG_jufo_2024.jpg","type":"image\/jpeg"}],"author":"CIB Group","twitter_card":"summary_large_image","twitter_misc":{"Escrito por":"CIB Group","Tiempo de lectura":"3 minutos"},"schema":{"@context":"https:\/\/schema.org","@graph":[{"@type":"Article","@id":"https:\/\/www.cib.de\/rekordbeteiligung-wettbewerb-jugend-forscht-iberia-2024-lissabon\/#article","isPartOf":{"@id":"https:\/\/www.cib.de\/rekordbeteiligung-wettbewerb-jugend-forscht-iberia-2024-lissabon\/"},"author":{"name":"CIB Group","@id":"https:\/\/www.cib.de\/#\/schema\/person\/4c70f0634b93acb47baacdb671694155"},"headline":"Rekordbeteiligung beim Wettbewerb von Jugend forscht Iberia 2024 in Lissabon","datePublished":"2024-03-04T12:05:13+00:00","dateModified":"2025-04-09T10:08:41+00:00","mainEntityOfPage":{"@id":"https:\/\/www.cib.de\/rekordbeteiligung-wettbewerb-jugend-forscht-iberia-2024-lissabon\/"},"wordCount":413,"publisher":{"@id":"https:\/\/www.cib.de\/#organization"},"image":{"@id":"https:\/\/www.cib.de\/rekordbeteiligung-wettbewerb-jugend-forscht-iberia-2024-lissabon\/#primaryimage"},"thumbnailUrl":"https:\/\/www.cib.de\/wp-content\/uploads\/2024\/03\/HG_jufo_2024-e1767875805155.jpg","keywords":["CIB Impulsa","Jugend forscht","Trending topic"],"articleSection":["CIB proActive"],"inLanguage":"es"},{"@type":"WebPage","@id":"https:\/\/www.cib.de\/rekordbeteiligung-wettbewerb-jugend-forscht-iberia-2024-lissabon\/","url":"https:\/\/www.cib.de\/rekordbeteiligung-wettbewerb-jugend-forscht-iberia-2024-lissabon\/","name":"Rekordbeteiligung bei Jugend forscht Iberia 2024 in Lissabon","isPartOf":{"@id":"https:\/\/www.cib.de\/#website"},"primaryImageOfPage":{"@id":"https:\/\/www.cib.de\/rekordbeteiligung-wettbewerb-jugend-forscht-iberia-2024-lissabon\/#primaryimage"},"image":{"@id":"https:\/\/www.cib.de\/rekordbeteiligung-wettbewerb-jugend-forscht-iberia-2024-lissabon\/#primaryimage"},"thumbnailUrl":"https:\/\/www.cib.de\/wp-content\/uploads\/2024\/03\/HG_jufo_2024-e1767875805155.jpg","datePublished":"2024-03-04T12:05:13+00:00","dateModified":"2025-04-09T10:08:41+00:00","description":"Animada participaci\u00f3n en el concurso Jugend forscht Iberia de este a\u00f1o, con 80 participantes de 10 escuelas de Portugal y Espa\u00f1a. Let's CIB!","breadcrumb":{"@id":"https:\/\/www.cib.de\/rekordbeteiligung-wettbewerb-jugend-forscht-iberia-2024-lissabon\/#breadcrumb"},"inLanguage":"es","potentialAction":[{"@type":"ReadAction","target":["https:\/\/www.cib.de\/rekordbeteiligung-wettbewerb-jugend-forscht-iberia-2024-lissabon\/"]}]},{"@type":"ImageObject","inLanguage":"es","@id":"https:\/\/www.cib.de\/rekordbeteiligung-wettbewerb-jugend-forscht-iberia-2024-lissabon\/#primaryimage","url":"https:\/\/www.cib.de\/wp-content\/uploads\/2024\/03\/HG_jufo_2024-e1767875805155.jpg","contentUrl":"https:\/\/www.cib.de\/wp-content\/uploads\/2024\/03\/HG_jufo_2024-e1767875805155.jpg","width":1488,"height":500},{"@type":"BreadcrumbList","@id":"https:\/\/www.cib.de\/rekordbeteiligung-wettbewerb-jugend-forscht-iberia-2024-lissabon\/#breadcrumb","itemListElement":[{"@type":"ListItem","position":1,"name":"Home","item":"https:\/\/www.cib.de\/"},{"@type":"ListItem","position":2,"name":"Rekordbeteiligung beim Wettbewerb von Jugend forscht Iberia 2024 in Lissabon"}]},{"@type":"WebSite","@id":"https:\/\/www.cib.de\/#website","url":"https:\/\/www.cib.de\/","name":"CIB Group","description":"Digitalisierung, Prozessautomatisierung, K\u00fcnstliche Intelligenz","publisher":{"@id":"https:\/\/www.cib.de\/#organization"},"potentialAction":[{"@type":"SearchAction","target":{"@type":"EntryPoint","urlTemplate":"https:\/\/www.cib.de\/?s={search_term_string}"},"query-input":{"@type":"PropertyValueSpecification","valueRequired":true,"valueName":"search_term_string"}}],"inLanguage":"es"},{"@type":"Organization","@id":"https:\/\/www.cib.de\/#organization","name":"CIB Group","url":"https:\/\/www.cib.de\/","logo":{"@type":"ImageObject","inLanguage":"es","@id":"https:\/\/www.cib.de\/#\/schema\/logo\/image\/","url":"https:\/\/www.cib.de\/wp-content\/uploads\/2023\/10\/CIB_Logo_.svg","contentUrl":"https:\/\/www.cib.de\/wp-content\/uploads\/2023\/10\/CIB_Logo_.svg","width":283,"height":128,"caption":"CIB Group"},"image":{"@id":"https:\/\/www.cib.de\/#\/schema\/logo\/image\/"},"sameAs":["https:\/\/www.linkedin.com\/company\/cib\/"]},{"@type":"Person","@id":"https:\/\/www.cib.de\/#\/schema\/person\/4c70f0634b93acb47baacdb671694155","name":"CIB Group","image":{"@type":"ImageObject","inLanguage":"es","@id":"https:\/\/www.cib.de\/wp-content\/uploads\/2023\/03\/logo_signature2.png","url":"https:\/\/www.cib.de\/wp-content\/uploads\/2023\/03\/logo_signature2.png","contentUrl":"https:\/\/www.cib.de\/wp-content\/uploads\/2023\/03\/logo_signature2.png","caption":"CIB Group"},"description":"Expertos en digitalizaci\u00f3n"}]}},"post_mailing_queue_ids":[],"_links":{"self":[{"href":"https:\/\/www.cib.de\/es\/wp-json\/wp\/v2\/posts\/112507","targetHints":{"allow":["GET"]}}],"collection":[{"href":"https:\/\/www.cib.de\/es\/wp-json\/wp\/v2\/posts"}],"about":[{"href":"https:\/\/www.cib.de\/es\/wp-json\/wp\/v2\/types\/post"}],"author":[{"embeddable":true,"href":"https:\/\/www.cib.de\/es\/wp-json\/wp\/v2\/users\/246"}],"replies":[{"embeddable":true,"href":"https:\/\/www.cib.de\/es\/wp-json\/wp\/v2\/comments?post=112507"}],"version-history":[{"count":41,"href":"https:\/\/www.cib.de\/es\/wp-json\/wp\/v2\/posts\/112507\/revisions"}],"predecessor-version":[{"id":113130,"href":"https:\/\/www.cib.de\/es\/wp-json\/wp\/v2\/posts\/112507\/revisions\/113130"}],"wp:featuredmedia":[{"embeddable":true,"href":"https:\/\/www.cib.de\/es\/wp-json\/wp\/v2\/media\/112510"}],"wp:attachment":[{"href":"https:\/\/www.cib.de\/es\/wp-json\/wp\/v2\/media?parent=112507"}],"wp:term":[{"taxonomy":"category","embeddable":true,"href":"https:\/\/www.cib.de\/es\/wp-json\/wp\/v2\/categories?post=112507"},{"taxonomy":"post_tag","embeddable":true,"href":"https:\/\/www.cib.de\/es\/wp-json\/wp\/v2\/tags?post=112507"}],"curies":[{"name":"wp","href":"https:\/\/api.w.org\/{rel}","templated":true}]}}