{"id":121509,"date":"2024-10-29T14:03:08","date_gmt":"2024-10-29T13:03:08","guid":{"rendered":"https:\/\/www.cib.de\/?p=121509"},"modified":"2024-10-29T16:30:44","modified_gmt":"2024-10-29T15:30:44","slug":"cib-celebra-35-aniversario-entrevistamos-fundador-ulrich-brandner","status":"publish","type":"post","link":"https:\/\/www.cib.de\/es\/cib-feiert-35-jubilaum-interview-mit-cib-grunder-ulrich-brandner\/","title":{"rendered":"CIB celebra su 35 aniversario: entrevistamos a su fundador, Ulrich Brandner"},"content":{"rendered":"<div data-elementor-type=\"wp-post\" data-elementor-id=\"121509\" class=\"elementor elementor-121509\" data-elementor-post-type=\"post\">\n\t\t\t\t\t\t<section class=\"elementor-section elementor-top-section elementor-element elementor-element-c76b5ad elementor-section-boxed elementor-section-height-default elementor-section-height-default\" data-id=\"c76b5ad\" data-element_type=\"section\" data-e-type=\"section\">\n\t\t\t\t\t\t<div class=\"elementor-container elementor-column-gap-default\">\n\t\t\t\t\t<div class=\"elementor-column elementor-col-100 elementor-top-column elementor-element elementor-element-d354e29\" data-id=\"d354e29\" data-element_type=\"column\" data-e-type=\"column\">\n\t\t\t<div class=\"elementor-widget-wrap elementor-element-populated\">\n\t\t\t\t\t\t<div class=\"elementor-element elementor-element-29e6085 elementor-widget elementor-widget-text-editor\" data-id=\"29e6085\" data-element_type=\"widget\" data-e-type=\"widget\" data-widget_type=\"text-editor.default\">\n\t\t\t\t<div class=\"elementor-widget-container\">\n\t\t\t\t\t\t\t\t\t<p class=\"translation-block\">CIB Group celebra 35 a\u00f1os de historia. Ayer desayunamos juntos y disfrutamos de una proyecci\u00f3n de diapositivas para recordar muchos momentos entra\u00f1ables. Tambi\u00e9n obsequiamos a nuestro fundador, <span><u><a href=\"\/\/www.linkedin.com\/in\/ulrich-brandner\/\u00bb\" target=\"\u00ab_blank\u00bb\">Ulrich Brandner<\/a><\/u><\/span>, con peri\u00f3dicos originales de 1989, el a\u00f1o de fundaci\u00f3n...<\/p>\t\t\t\t\t\t\t\t<\/div>\n\t\t\t\t<\/div>\n\t\t\t\t\t<\/div>\n\t\t<\/div>\n\t\t\t\t\t<\/div>\n\t\t<\/section>\n\t\t\t\t<section class=\"elementor-section elementor-top-section elementor-element elementor-element-c1cd833 elementor-section-boxed elementor-section-height-default elementor-section-height-default\" data-id=\"c1cd833\" data-element_type=\"section\" data-e-type=\"section\">\n\t\t\t\t\t\t<div class=\"elementor-container elementor-column-gap-default\">\n\t\t\t\t\t<div class=\"elementor-column elementor-col-100 elementor-top-column elementor-element elementor-element-819ef18\" data-id=\"819ef18\" data-element_type=\"column\" data-e-type=\"column\">\n\t\t\t<div class=\"elementor-widget-wrap elementor-element-populated\">\n\t\t\t\t\t\t\t<\/div>\n\t\t<\/div>\n\t\t\t\t\t<\/div>\n\t\t<\/section>\n\t\t\t\t<section class=\"elementor-section elementor-top-section elementor-element elementor-element-c7ee5aa elementor-section-content-middle elementor-section-boxed elementor-section-height-default elementor-section-height-default\" data-id=\"c7ee5aa\" data-element_type=\"section\" data-e-type=\"section\">\n\t\t\t\t\t\t<div class=\"elementor-container elementor-column-gap-default\">\n\t\t\t\t\t<div class=\"elementor-column elementor-col-50 elementor-top-column elementor-element elementor-element-b235eef\" data-id=\"b235eef\" data-element_type=\"column\" data-e-type=\"column\">\n\t\t\t<div class=\"elementor-widget-wrap elementor-element-populated\">\n\t\t\t\t\t\t<div class=\"elementor-element elementor-element-3f451a2 elementor-widget elementor-widget-text-editor\" data-id=\"3f451a2\" data-element_type=\"widget\" data-e-type=\"widget\" data-widget_type=\"text-editor.default\">\n\t\t\t\t<div class=\"elementor-widget-container\">\n\t\t\t\t\t\t\t\t\tCon motivo del 35 aniversario, entrevistamos a Ulrich Brandner sobre sus recuerdos de aquellos primeros tiempos\t\t\t\t\t\t\t\t<\/div>\n\t\t\t\t<\/div>\n\t\t\t\t<div class=\"elementor-element elementor-element-a2b9cdd elementor-widget elementor-widget-text-editor\" data-id=\"a2b9cdd\" data-element_type=\"widget\" data-e-type=\"widget\" data-widget_type=\"text-editor.default\">\n\t\t\t\t<div class=\"elementor-widget-container\">\n\t\t\t\t\t\t\t\t\t<strong>35 a\u00f1os de CIB Group: \u00a1una trayectoria impresionante! Sr. Brandner, usted fund\u00f3 la empresa en una \u00e9poca de agitaci\u00f3n pol\u00edtica en Alemania. \u00bfQu\u00e9 recuerdos tiene de aquella \u00e9poca?<\/strong>\t\t\t\t\t\t\t\t<\/div>\n\t\t\t\t<\/div>\n\t\t\t\t<div class=\"elementor-element elementor-element-2dafee8 elementor-widget elementor-widget-text-editor\" data-id=\"2dafee8\" data-element_type=\"widget\" data-e-type=\"widget\" data-widget_type=\"text-editor.default\">\n\t\t\t\t<div class=\"elementor-widget-container\">\n\t\t\t\t\t\t\t\t\t<p><em>Brandner: \u00abFue una \u00e9poca extremadamente emocionante. Octubre de 1989 marc\u00f3 un punto de inflexi\u00f3n en la historia alemana. Las manifestaciones de los lunes en la RDA se convirtieron en un s\u00edmbolo de resistencia pac\u00edfica contra el r\u00e9gimen de la Uni\u00f3n Sovi\u00e9tica. Esto condujo finalmente a la apertura del Muro de Berl\u00edn en noviembre de 1989.<\/em><\/p>\t\t\t\t\t\t\t\t<\/div>\n\t\t\t\t<\/div>\n\t\t\t\t\t<\/div>\n\t\t<\/div>\n\t\t\t\t<div class=\"elementor-column elementor-col-50 elementor-top-column elementor-element elementor-element-0f8aa91\" data-id=\"0f8aa91\" data-element_type=\"column\" data-e-type=\"column\">\n\t\t\t<div class=\"elementor-widget-wrap elementor-element-populated\">\n\t\t\t\t\t\t<div class=\"elementor-element elementor-element-095e637 elementor-widget elementor-widget-image\" data-id=\"095e637\" data-element_type=\"widget\" data-e-type=\"widget\" data-widget_type=\"image.default\">\n\t\t\t\t<div class=\"elementor-widget-container\">\n\t\t\t\t\t\t\t\t\t\t\t\t\t\t\t<img fetchpriority=\"high\" decoding=\"async\" width=\"683\" height=\"1024\" src=\"https:\/\/www.cib.de\/wp-content\/uploads\/2024\/10\/35-Jahre-blog-20.-Uli-683x1024.jpg\" class=\"attachment-large size-large wp-image-121508\" alt=\"\" srcset=\"https:\/\/www.cib.de\/wp-content\/uploads\/2024\/10\/35-Jahre-blog-20.-Uli-683x1024.jpg 683w, https:\/\/www.cib.de\/wp-content\/uploads\/2024\/10\/35-Jahre-blog-20.-Uli-200x300.jpg 200w, https:\/\/www.cib.de\/wp-content\/uploads\/2024\/10\/35-Jahre-blog-20.-Uli-768x1152.jpg 768w, https:\/\/www.cib.de\/wp-content\/uploads\/2024\/10\/35-Jahre-blog-20.-Uli-1024x1536.jpg 1024w, https:\/\/www.cib.de\/wp-content\/uploads\/2024\/10\/35-Jahre-blog-20.-Uli-1365x2048.jpg 1365w, https:\/\/www.cib.de\/wp-content\/uploads\/2024\/10\/35-Jahre-blog-20.-Uli-8x12.jpg 8w, https:\/\/www.cib.de\/wp-content\/uploads\/2024\/10\/35-Jahre-blog-20.-Uli-scaled-e1767788372129.jpg 400w\" sizes=\"(max-width: 683px) 100vw, 683px\" \/>\t\t\t\t\t\t\t\t\t\t\t\t\t\t\t<\/div>\n\t\t\t\t<\/div>\n\t\t\t\t\t<\/div>\n\t\t<\/div>\n\t\t\t\t\t<\/div>\n\t\t<\/section>\n\t\t\t\t<section class=\"elementor-section elementor-top-section elementor-element elementor-element-4fa627d elementor-section-boxed elementor-section-height-default elementor-section-height-default\" data-id=\"4fa627d\" data-element_type=\"section\" data-e-type=\"section\">\n\t\t\t\t\t\t<div class=\"elementor-container elementor-column-gap-default\">\n\t\t\t\t\t<div class=\"elementor-column elementor-col-100 elementor-top-column elementor-element elementor-element-47d47d9\" data-id=\"47d47d9\" data-element_type=\"column\" data-e-type=\"column\">\n\t\t\t<div class=\"elementor-widget-wrap elementor-element-populated\">\n\t\t\t\t\t\t<div class=\"elementor-element elementor-element-4699f09 elementor-widget elementor-widget-text-editor\" data-id=\"4699f09\" data-element_type=\"widget\" data-e-type=\"widget\" data-widget_type=\"text-editor.default\">\n\t\t\t\t<div class=\"elementor-widget-container\">\n\t\t\t\t\t\t\t\t\t<strong>\u00bfC\u00f3mo afect\u00f3 a su empresa la ca\u00edda del Muro de Berl\u00edn?<\/strong>\t\t\t\t\t\t\t\t<\/div>\n\t\t\t\t<\/div>\n\t\t\t\t\t<\/div>\n\t\t<\/div>\n\t\t\t\t\t<\/div>\n\t\t<\/section>\n\t\t\t\t<section class=\"elementor-section elementor-top-section elementor-element elementor-element-89ee7cf elementor-section-boxed elementor-section-height-default elementor-section-height-default\" data-id=\"89ee7cf\" data-element_type=\"section\" data-e-type=\"section\">\n\t\t\t\t\t\t<div class=\"elementor-container elementor-column-gap-default\">\n\t\t\t\t\t<div class=\"elementor-column elementor-col-100 elementor-top-column elementor-element elementor-element-00dc15b\" data-id=\"00dc15b\" data-element_type=\"column\" data-e-type=\"column\">\n\t\t\t<div class=\"elementor-widget-wrap elementor-element-populated\">\n\t\t\t\t\t\t<div class=\"elementor-element elementor-element-7a5cd5e elementor-widget elementor-widget-text-editor\" data-id=\"7a5cd5e\" data-element_type=\"widget\" data-e-type=\"widget\" data-widget_type=\"text-editor.default\">\n\t\t\t\t<div class=\"elementor-widget-container\">\n\t\t\t\t\t\t\t\t\t<em>Brandner: Tras la ca\u00edda del Muro de Berl\u00edn, recibimos numerosas solicitudes de la antigua RDA. Por desgracia, nos dimos cuenta de que los conocimientos de inform\u00e1tica de los solicitantes no sol\u00edan cumplir nuestros requisitos. Adem\u00e1s, la mayor\u00eda de los solicitantes solo hablaban ruso y no ingl\u00e9s, lo que supon\u00eda un gran obst\u00e1culo en el sector de las TI. No obstante, nos esforzamos por integrar a los candidatos en nuestros procesos de trabajo.<\/em>\t\t\t\t\t\t\t\t<\/div>\n\t\t\t\t<\/div>\n\t\t\t\t\t<\/div>\n\t\t<\/div>\n\t\t\t\t\t<\/div>\n\t\t<\/section>\n\t\t\t\t<section class=\"elementor-section elementor-top-section elementor-element elementor-element-0703f22 elementor-section-boxed elementor-section-height-default elementor-section-height-default\" data-id=\"0703f22\" data-element_type=\"section\" data-e-type=\"section\">\n\t\t\t\t\t\t<div class=\"elementor-container elementor-column-gap-default\">\n\t\t\t\t\t<div class=\"elementor-column elementor-col-100 elementor-top-column elementor-element elementor-element-df3a556\" data-id=\"df3a556\" data-element_type=\"column\" data-e-type=\"column\">\n\t\t\t<div class=\"elementor-widget-wrap elementor-element-populated\">\n\t\t\t\t\t\t<div class=\"elementor-element elementor-element-1e32678 elementor-widget elementor-widget-text-editor\" data-id=\"1e32678\" data-element_type=\"widget\" data-e-type=\"widget\" data-widget_type=\"text-editor.default\">\n\t\t\t\t<div class=\"elementor-widget-container\">\n\t\t\t\t\t\t\t\t\t<strong>\u00bfPuede contarnos algo m\u00e1s sobre el periodo fundacional?<\/strong>\t\t\t\t\t\t\t\t<\/div>\n\t\t\t\t<\/div>\n\t\t\t\t\t<\/div>\n\t\t<\/div>\n\t\t\t\t\t<\/div>\n\t\t<\/section>\n\t\t\t\t<section class=\"elementor-section elementor-top-section elementor-element elementor-element-0616bed elementor-section-boxed elementor-section-height-default elementor-section-height-default\" data-id=\"0616bed\" data-element_type=\"section\" data-e-type=\"section\">\n\t\t\t\t\t\t<div class=\"elementor-container elementor-column-gap-default\">\n\t\t\t\t\t<div class=\"elementor-column elementor-col-100 elementor-top-column elementor-element elementor-element-0e4a2cf\" data-id=\"0e4a2cf\" data-element_type=\"column\" data-e-type=\"column\">\n\t\t\t<div class=\"elementor-widget-wrap elementor-element-populated\">\n\t\t\t\t\t\t<div class=\"elementor-element elementor-element-da5f17a elementor-widget elementor-widget-text-editor\" data-id=\"da5f17a\" data-element_type=\"widget\" data-e-type=\"widget\" data-widget_type=\"text-editor.default\">\n\t\t\t\t<div class=\"elementor-widget-container\">\n\t\t\t\t\t\t\t\t\t<em>Brandner: Al principio \u00e9ramos siete y cada uno invirti\u00f3 personalmente. Por aquel entonces, en 1989, los costes de las estaciones de trabajo y de un servidor ascend\u00edan a casi 90.000 euros. Era una suma considerable, sobre todo teniendo en cuenta que la infraestructura inform\u00e1tica era otro reto en aquella \u00e9poca. A modo de comparaci\u00f3n, los grandes discos duros ten\u00edan entonces una capacidad de almacenamiento de 256 MB. <\/em>\t\t\t\t\t\t\t\t<\/div>\n\t\t\t\t<\/div>\n\t\t\t\t\t<\/div>\n\t\t<\/div>\n\t\t\t\t\t<\/div>\n\t\t<\/section>\n\t\t\t\t<section class=\"elementor-section elementor-top-section elementor-element elementor-element-04e0824 elementor-section-boxed elementor-section-height-default elementor-section-height-default\" data-id=\"04e0824\" data-element_type=\"section\" data-e-type=\"section\">\n\t\t\t\t\t\t<div class=\"elementor-container elementor-column-gap-default\">\n\t\t\t\t\t<div class=\"elementor-column elementor-col-100 elementor-top-column elementor-element elementor-element-fb9d780\" data-id=\"fb9d780\" data-element_type=\"column\" data-e-type=\"column\">\n\t\t\t<div class=\"elementor-widget-wrap elementor-element-populated\">\n\t\t\t\t\t\t<div class=\"elementor-element elementor-element-8ddc5ae elementor-widget elementor-widget-text-editor\" data-id=\"8ddc5ae\" data-element_type=\"widget\" data-e-type=\"widget\" data-widget_type=\"text-editor.default\">\n\t\t\t\t<div class=\"elementor-widget-container\">\n\t\t\t\t\t\t\t\t\t<strong>\u00bfQu\u00e9 retos recuerda especialmente de los primeros tiempos? <\/strong>\t\t\t\t\t\t\t\t<\/div>\n\t\t\t\t<\/div>\n\t\t\t\t\t<\/div>\n\t\t<\/div>\n\t\t\t\t\t<\/div>\n\t\t<\/section>\n\t\t\t\t<section class=\"elementor-section elementor-top-section elementor-element elementor-element-fdfa07e elementor-section-boxed elementor-section-height-default elementor-section-height-default\" data-id=\"fdfa07e\" data-element_type=\"section\" data-e-type=\"section\">\n\t\t\t\t\t\t<div class=\"elementor-container elementor-column-gap-default\">\n\t\t\t\t\t<div class=\"elementor-column elementor-col-100 elementor-top-column elementor-element elementor-element-11f2bed\" data-id=\"11f2bed\" data-element_type=\"column\" data-e-type=\"column\">\n\t\t\t<div class=\"elementor-widget-wrap elementor-element-populated\">\n\t\t\t\t\t\t<div class=\"elementor-element elementor-element-8faf8ac elementor-widget elementor-widget-text-editor\" data-id=\"8faf8ac\" data-element_type=\"widget\" data-e-type=\"widget\" data-widget_type=\"text-editor.default\">\n\t\t\t\t<div class=\"elementor-widget-container\">\n\t\t\t\t\t\t\t\t\t<p><em>Brandner: \u00a1Hubo muchos! Me qued\u00f3 grabada una an\u00e9cdota: en aquella \u00e9poca no hab\u00eda tel\u00e9fonos m\u00f3viles ni correo electr\u00f3nico. Debido a un retraso en la entrega de nuestro sistema telef\u00f3nico, tuvimos que trabajar desde una cabina cercana durante casi tres meses. Y como no nos pod\u00edan devolver la llamada, tuvimos en ocasiones que hacer cola junto a las cabinas...  <\/em><\/p>\t\t\t\t\t\t\t\t<\/div>\n\t\t\t\t<\/div>\n\t\t\t\t\t<\/div>\n\t\t<\/div>\n\t\t\t\t\t<\/div>\n\t\t<\/section>\n\t\t\t\t<section class=\"elementor-section elementor-top-section elementor-element elementor-element-394b277 elementor-section-boxed elementor-section-height-default elementor-section-height-default\" data-id=\"394b277\" data-element_type=\"section\" data-e-type=\"section\">\n\t\t\t\t\t\t<div class=\"elementor-container elementor-column-gap-default\">\n\t\t\t\t\t<div class=\"elementor-column elementor-col-100 elementor-top-column elementor-element elementor-element-73c3d88\" data-id=\"73c3d88\" data-element_type=\"column\" data-e-type=\"column\">\n\t\t\t<div class=\"elementor-widget-wrap elementor-element-populated\">\n\t\t\t\t\t\t<div class=\"elementor-element elementor-element-02bcc09 elementor-widget elementor-widget-text-editor\" data-id=\"02bcc09\" data-element_type=\"widget\" data-e-type=\"widget\" data-widget_type=\"text-editor.default\">\n\t\t\t\t<div class=\"elementor-widget-container\">\n\t\t\t\t\t\t\t\t\t<strong>\u00bfCon qu\u00e9 rapidez se materializ\u00f3 el \u00e9xito?<\/strong>\t\t\t\t\t\t\t\t<\/div>\n\t\t\t\t<\/div>\n\t\t\t\t\t<\/div>\n\t\t<\/div>\n\t\t\t\t\t<\/div>\n\t\t<\/section>\n\t\t\t\t<section class=\"elementor-section elementor-top-section elementor-element elementor-element-0149e68 elementor-section-boxed elementor-section-height-default elementor-section-height-default\" data-id=\"0149e68\" data-element_type=\"section\" data-e-type=\"section\">\n\t\t\t\t\t\t<div class=\"elementor-container elementor-column-gap-default\">\n\t\t\t\t\t<div class=\"elementor-column elementor-col-100 elementor-top-column elementor-element elementor-element-4fa51a1\" data-id=\"4fa51a1\" data-element_type=\"column\" data-e-type=\"column\">\n\t\t\t<div class=\"elementor-widget-wrap elementor-element-populated\">\n\t\t\t\t\t\t<div class=\"elementor-element elementor-element-57fbdc3 elementor-widget elementor-widget-text-editor\" data-id=\"57fbdc3\" data-element_type=\"widget\" data-e-type=\"widget\" data-widget_type=\"text-editor.default\">\n\t\t\t\t<div class=\"elementor-widget-container\">\n\t\t\t\t\t\t\t\t\t<em>Brandner: Hemos crecido continuamente. En solo dos a\u00f1os ten\u00edamos 13 empleados y, diez a\u00f1os despu\u00e9s, super\u00e1bamos los 40. Nuestra colaboraci\u00f3n con equipos de desarrollo internacionales nos ha ayudado a progresar de forma constante. En 2007 iniciamos nuestra internacionalizaci\u00f3n en Bielorrusia; en 2015 fund\u00e9 nuestra primera sede en Espa\u00f1a, a la que siguieron Austria y Portugal m\u00e1s tarde. Nuestro objetivo siempre ha sido permanecer cerca de nuestros clientes. En la actualidad, empleamos a 150 personas en siete sedes internacionales. El viaje sigue siendo apasionante.<\/em>\t\t\t\t\t\t\t\t<\/div>\n\t\t\t\t<\/div>\n\t\t\t\t\t<\/div>\n\t\t<\/div>\n\t\t\t\t\t<\/div>\n\t\t<\/section>\n\t\t\t\t<section class=\"elementor-section elementor-top-section elementor-element elementor-element-bbbd66b elementor-section-boxed elementor-section-height-default elementor-section-height-default\" data-id=\"bbbd66b\" data-element_type=\"section\" data-e-type=\"section\">\n\t\t\t\t\t\t<div class=\"elementor-container elementor-column-gap-default\">\n\t\t\t\t\t<div class=\"elementor-column elementor-col-100 elementor-top-column elementor-element elementor-element-dba96da\" data-id=\"dba96da\" data-element_type=\"column\" data-e-type=\"column\">\n\t\t\t<div class=\"elementor-widget-wrap elementor-element-populated\">\n\t\t\t\t\t\t<div class=\"elementor-element elementor-element-7f01183 elementor-widget elementor-widget-text-editor\" data-id=\"7f01183\" data-element_type=\"widget\" data-e-type=\"widget\" data-widget_type=\"text-editor.default\">\n\t\t\t\t<div class=\"elementor-widget-container\">\n\t\t\t\t\t\t\t\t\t<strong>\u00bfCu\u00e1l cree que ha sido la clave del \u00e9xito de CIB Group?  <\/strong>\t\t\t\t\t\t\t\t<\/div>\n\t\t\t\t<\/div>\n\t\t\t\t\t<\/div>\n\t\t<\/div>\n\t\t\t\t\t<\/div>\n\t\t<\/section>\n\t\t\t\t<section class=\"elementor-section elementor-top-section elementor-element elementor-element-cfef212 elementor-section-boxed elementor-section-height-default elementor-section-height-default\" data-id=\"cfef212\" data-element_type=\"section\" data-e-type=\"section\">\n\t\t\t\t\t\t<div class=\"elementor-container elementor-column-gap-default\">\n\t\t\t\t\t<div class=\"elementor-column elementor-col-100 elementor-top-column elementor-element elementor-element-030c45d\" data-id=\"030c45d\" data-element_type=\"column\" data-e-type=\"column\">\n\t\t\t<div class=\"elementor-widget-wrap elementor-element-populated\">\n\t\t\t\t\t\t<div class=\"elementor-element elementor-element-2dc86dc elementor-widget elementor-widget-text-editor\" data-id=\"2dc86dc\" data-element_type=\"widget\" data-e-type=\"widget\" data-widget_type=\"text-editor.default\">\n\t\t\t\t<div class=\"elementor-widget-container\">\n\t\t\t\t\t\t\t\t\t<em>Brandner: Siempre hemos seguido desarrollando y buscando nuevas soluciones. Hemos sido valientes y apasionados. CIB se basa en una comunidad que se mantiene unida por la confianza, la libertad y la independencia. Estos valores son importantes para nuestro \u00e9xito.<\/em>\t\t\t\t\t\t\t\t<\/div>\n\t\t\t\t<\/div>\n\t\t\t\t\t<\/div>\n\t\t<\/div>\n\t\t\t\t\t<\/div>\n\t\t<\/section>\n\t\t\t\t<section class=\"elementor-section elementor-top-section elementor-element elementor-element-2d4ad75 elementor-section-boxed elementor-section-height-default elementor-section-height-default\" data-id=\"2d4ad75\" data-element_type=\"section\" data-e-type=\"section\">\n\t\t\t\t\t\t<div class=\"elementor-container elementor-column-gap-default\">\n\t\t\t\t\t<div class=\"elementor-column elementor-col-100 elementor-top-column elementor-element elementor-element-ad1e6c5\" data-id=\"ad1e6c5\" data-element_type=\"column\" data-e-type=\"column\">\n\t\t\t<div class=\"elementor-widget-wrap elementor-element-populated\">\n\t\t\t\t\t\t<div class=\"elementor-element elementor-element-2d90775 elementor-widget elementor-widget-text-editor\" data-id=\"2d90775\" data-element_type=\"widget\" data-e-type=\"widget\" data-widget_type=\"text-editor.default\">\n\t\t\t\t<div class=\"elementor-widget-container\">\n\t\t\t\t\t\t\t\t\t<strong>\u00bfQu\u00e9 consejo dar\u00eda a los j\u00f3venes fundadores?<\/strong>\t\t\t\t\t\t\t\t<\/div>\n\t\t\t\t<\/div>\n\t\t\t\t\t<\/div>\n\t\t<\/div>\n\t\t\t\t\t<\/div>\n\t\t<\/section>\n\t\t\t\t<section class=\"elementor-section elementor-top-section elementor-element elementor-element-a5cf189 elementor-section-boxed elementor-section-height-default elementor-section-height-default\" data-id=\"a5cf189\" data-element_type=\"section\" data-e-type=\"section\">\n\t\t\t\t\t\t<div class=\"elementor-container elementor-column-gap-default\">\n\t\t\t\t\t<div class=\"elementor-column elementor-col-100 elementor-top-column elementor-element elementor-element-c22b554\" data-id=\"c22b554\" data-element_type=\"column\" data-e-type=\"column\">\n\t\t\t<div class=\"elementor-widget-wrap elementor-element-populated\">\n\t\t\t\t\t\t<div class=\"elementor-element elementor-element-93f175e elementor-widget elementor-widget-text-editor\" data-id=\"93f175e\" data-element_type=\"widget\" data-e-type=\"widget\" data-widget_type=\"text-editor.default\">\n\t\t\t\t<div class=\"elementor-widget-container\">\n\t\t\t\t\t\t\t\t\t<p><em>Brandner: Los j\u00f3venes empresarios deber\u00edan aprovechar las \u00faltimas tecnolog\u00edas, especialmente la inteligencia artificial. Las oportunidades que ofrece la IA son enormes, pero hay que tener el valor de aprovecharlas. <\/em><\/p><p>Muchas gracias por la entrevista.<\/p><p><span style=\"text-decoration: underline;\"><a href=\"https:\/\/www.cib.de\/es\/historia\/\">Aqu\u00ed encontrar\u00e1 m\u00e1s informaci\u00f3n sobre nuestra historia.<\/a><\/span><\/p>\t\t\t\t\t\t\t\t<\/div>\n\t\t\t\t<\/div>\n\t\t\t\t\t<\/div>\n\t\t<\/div>\n\t\t\t\t\t<\/div>\n\t\t<\/section>\n\t\t\t\t<section class=\"elementor-section elementor-top-section elementor-element elementor-element-9d2d9a8 elementor-section-boxed elementor-section-height-default elementor-section-height-default\" data-id=\"9d2d9a8\" data-element_type=\"section\" data-e-type=\"section\">\n\t\t\t\t\t\t<div class=\"elementor-container elementor-column-gap-default\">\n\t\t\t\t\t<div class=\"elementor-column elementor-col-100 elementor-top-column elementor-element elementor-element-274c993\" data-id=\"274c993\" data-element_type=\"column\" data-e-type=\"column\">\n\t\t\t<div class=\"elementor-widget-wrap elementor-element-populated\">\n\t\t\t\t\t\t<div class=\"elementor-element elementor-element-c01d043 elementor-widget elementor-widget-gallery\" data-id=\"c01d043\" data-element_type=\"widget\" data-e-type=\"widget\" data-settings=\"{&quot;gallery_layout&quot;:&quot;justified&quot;,&quot;gap&quot;:{&quot;unit&quot;:&quot;px&quot;,&quot;size&quot;:0,&quot;sizes&quot;:[]},&quot;ideal_row_height&quot;:{&quot;unit&quot;:&quot;px&quot;,&quot;size&quot;:273,&quot;sizes&quot;:[]},&quot;lazyload&quot;:&quot;yes&quot;,&quot;ideal_row_height_tablet&quot;:{&quot;unit&quot;:&quot;px&quot;,&quot;size&quot;:150,&quot;sizes&quot;:[]},&quot;ideal_row_height_mobile&quot;:{&quot;unit&quot;:&quot;px&quot;,&quot;size&quot;:150,&quot;sizes&quot;:[]},&quot;gap_tablet&quot;:{&quot;unit&quot;:&quot;px&quot;,&quot;size&quot;:10,&quot;sizes&quot;:[]},&quot;gap_mobile&quot;:{&quot;unit&quot;:&quot;px&quot;,&quot;size&quot;:10,&quot;sizes&quot;:[]},&quot;link_to&quot;:&quot;file&quot;,&quot;overlay_background&quot;:&quot;yes&quot;,&quot;content_hover_animation&quot;:&quot;fade-in&quot;}\" data-widget_type=\"gallery.default\">\n\t\t\t\t<div class=\"elementor-widget-container\">\n\t\t\t\t\t\t\t<div class=\"elementor-gallery__container\">\n\t\t\t\t\t\t\t<a class=\"e-gallery-item elementor-gallery-item elementor-animated-content\" href=\"https:\/\/www.cib.de\/wp-content\/uploads\/2024\/10\/35-Jahre-blog-1.jpg\" data-elementor-open-lightbox=\"yes\" data-elementor-lightbox-slideshow=\"c01d043\" data-elementor-lightbox-title=\"35-Jahre-blog-1\" data-e-action-hash=\"#elementor-action%3Aaction%3Dlightbox%26settings%3DeyJpZCI6MTIxNTEyLCJ1cmwiOiJodHRwczpcL1wvd3d3LmNpYi5kZVwvd3AtY29udGVudFwvdXBsb2Fkc1wvMjAyNFwvMTBcLzM1LUphaHJlLWJsb2ctMS5qcGciLCJzbGlkZXNob3ciOiJjMDFkMDQzIn0%3D\">\n\t\t\t\t\t<div class=\"e-gallery-image elementor-gallery-item__image\" data-thumbnail=\"https:\/\/www.cib.de\/wp-content\/uploads\/2024\/10\/35-Jahre-blog-1.jpg\" data-width=\"525\" data-height=\"394\" aria-label=\"\" role=\"img\" ><\/div>\n\t\t\t\t\t\t\t\t\t\t\t<div class=\"elementor-gallery-item__overlay\"><\/div>\n\t\t\t\t\t\t\t\t\t\t\t\t\t\t<\/a>\n\t\t\t\t\t\t\t<a class=\"e-gallery-item elementor-gallery-item elementor-animated-content\" href=\"https:\/\/www.cib.de\/wp-content\/uploads\/2024\/10\/35-Jahre-blog-2-e1767788324931.jpg\" data-elementor-open-lightbox=\"yes\" data-elementor-lightbox-slideshow=\"c01d043\" data-elementor-lightbox-title=\"35-Jahre-blog-2\" data-e-action-hash=\"#elementor-action%3Aaction%3Dlightbox%26settings%3DeyJpZCI6MTIxNTE2LCJ1cmwiOiJodHRwczpcL1wvd3d3LmNpYi5kZVwvd3AtY29udGVudFwvdXBsb2Fkc1wvMjAyNFwvMTBcLzM1LUphaHJlLWJsb2ctMi1lMTc2Nzc4ODMyNDkzMS5qcGciLCJzbGlkZXNob3ciOiJjMDFkMDQzIn0%3D\">\n\t\t\t\t\t<div class=\"e-gallery-image elementor-gallery-item__image\" data-thumbnail=\"https:\/\/www.cib.de\/wp-content\/uploads\/2024\/10\/35-Jahre-blog-2-e1767788324931.jpg\" data-width=\"439\" data-height=\"350\" aria-label=\"\" role=\"img\" ><\/div>\n\t\t\t\t\t\t\t\t\t\t\t<div class=\"elementor-gallery-item__overlay\"><\/div>\n\t\t\t\t\t\t\t\t\t\t\t\t\t\t<\/a>\n\t\t\t\t\t\t\t<a class=\"e-gallery-item elementor-gallery-item elementor-animated-content\" href=\"https:\/\/www.cib.de\/wp-content\/uploads\/2024\/10\/35-Jahre-blog-3.jpg\" data-elementor-open-lightbox=\"yes\" data-elementor-lightbox-slideshow=\"c01d043\" data-elementor-lightbox-title=\"35-Jahre-blog-3\" data-e-action-hash=\"#elementor-action%3Aaction%3Dlightbox%26settings%3DeyJpZCI6MTIxNTE1LCJ1cmwiOiJodHRwczpcL1wvd3d3LmNpYi5kZVwvd3AtY29udGVudFwvdXBsb2Fkc1wvMjAyNFwvMTBcLzM1LUphaHJlLWJsb2ctMy5qcGciLCJzbGlkZXNob3ciOiJjMDFkMDQzIn0%3D\">\n\t\t\t\t\t<div class=\"e-gallery-image elementor-gallery-item__image\" data-thumbnail=\"https:\/\/www.cib.de\/wp-content\/uploads\/2024\/10\/35-Jahre-blog-3.jpg\" data-width=\"249\" data-height=\"394\" aria-label=\"\" role=\"img\" ><\/div>\n\t\t\t\t\t\t\t\t\t\t\t<div class=\"elementor-gallery-item__overlay\"><\/div>\n\t\t\t\t\t\t\t\t\t\t\t\t\t\t<\/a>\n\t\t\t\t\t<\/div>\n\t\t\t\t\t<\/div>\n\t\t\t\t<\/div>\n\t\t\t\t\t<\/div>\n\t\t<\/div>\n\t\t\t\t\t<\/div>\n\t\t<\/section>\n\t\t\t\t<\/div>","protected":false},"excerpt":{"rendered":"<p>CIB Group puede echar la vista atr\u00e1s y recordar los 35 a\u00f1os de historia de la empresa. Ayer desayunamos juntos y disfrutamos de una proyecci\u00f3n de diapositivas para recordar muchos momentos maravillosos que hemos vivido juntos.<\/p>","protected":false},"author":246,"featured_media":121526,"comment_status":"closed","ping_status":"closed","sticky":false,"template":"","format":"standard","meta":{"_acf_changed":false,"footnotes":""},"categories":[1],"tags":[1066,1980],"class_list":["post-121509","post","type-post","status-publish","format-standard","has-post-thumbnail","hentry","category-cib-group","tag-cib-event","tag-cib-group"],"acf":[],"yoast_head":"<!-- This site is optimized with the Yoast SEO plugin v27.5 - https:\/\/yoast.com\/product\/yoast-seo-wordpress\/ -->\n<title>CIB feiert 35. Jubil\u00e4um \u2013 Interview mit CIB-Gr\u00fcnder Ulrich Brandner<\/title>\n<meta name=\"description\" content=\"Die CIB Group blickt auf 35 Jahre Unternehmensgeschichte zur\u00fcck. Dazu haben wir Unternehmensgr\u00fcnder Ulrich Brandner interviewt.\" \/>\n<meta name=\"robots\" content=\"index, follow, max-snippet:-1, max-image-preview:large, max-video-preview:-1\" \/>\n<link rel=\"canonical\" href=\"https:\/\/www.cib.de\/es\/cib-celebra-35-aniversario-entrevistamos-fundador-ulrich-brandner\/\" \/>\n<meta property=\"og:locale\" content=\"es_ES\" \/>\n<meta property=\"og:type\" content=\"article\" \/>\n<meta property=\"og:title\" content=\"CIB feiert 35. Jubil\u00e4um \u2013 Interview mit CIB-Gr\u00fcnder Ulrich Brandner\" \/>\n<meta property=\"og:description\" content=\"Die CIB Group blickt auf 35 Jahre Unternehmensgeschichte zur\u00fcck. Dazu haben wir Unternehmensgr\u00fcnder Ulrich Brandner interviewt.\" \/>\n<meta property=\"og:url\" content=\"https:\/\/www.cib.de\/es\/cib-celebra-35-aniversario-entrevistamos-fundador-ulrich-brandner\/\" \/>\n<meta property=\"og:site_name\" content=\"CIB Group\" \/>\n<meta property=\"article:publisher\" content=\"https:\/\/www.linkedin.com\/company\/cib\/\" \/>\n<meta property=\"article:published_time\" content=\"2024-10-29T13:03:08+00:00\" \/>\n<meta property=\"article:modified_time\" content=\"2024-10-29T15:30:44+00:00\" \/>\n<meta property=\"og:image\" content=\"https:\/\/www.cib.de\/wp-content\/uploads\/2024\/10\/35-Jahre-blog-HG2.jpg\" \/>\n\t<meta property=\"og:image:width\" content=\"1600\" \/>\n\t<meta property=\"og:image:height\" content=\"600\" \/>\n\t<meta property=\"og:image:type\" content=\"image\/jpeg\" \/>\n<meta name=\"author\" content=\"CIB Group\" \/>\n<meta name=\"twitter:card\" content=\"summary_large_image\" \/>\n<meta name=\"twitter:label1\" content=\"Escrito por\" \/>\n\t<meta name=\"twitter:data1\" content=\"CIB Group\" \/>\n\t<meta name=\"twitter:label2\" content=\"Tiempo de lectura\" \/>\n\t<meta name=\"twitter:data2\" content=\"3 minutos\" \/>\n<script type=\"application\/ld+json\" class=\"yoast-schema-graph\">{\"@context\":\"https:\\\/\\\/schema.org\",\"@graph\":[{\"@type\":\"Article\",\"@id\":\"https:\\\/\\\/www.cib.de\\\/cib-feiert-35-jubilaum-interview-mit-cib-grunder-ulrich-brandner\\\/#article\",\"isPartOf\":{\"@id\":\"https:\\\/\\\/www.cib.de\\\/cib-feiert-35-jubilaum-interview-mit-cib-grunder-ulrich-brandner\\\/\"},\"author\":{\"name\":\"CIB Group\",\"@id\":\"https:\\\/\\\/www.cib.de\\\/#\\\/schema\\\/person\\\/4c70f0634b93acb47baacdb671694155\"},\"headline\":\"CIB feiert 35. Jubil\u00e4um \u2013 Interview mit CIB-Gr\u00fcnder Ulrich Brandner\",\"datePublished\":\"2024-10-29T13:03:08+00:00\",\"dateModified\":\"2024-10-29T15:30:44+00:00\",\"mainEntityOfPage\":{\"@id\":\"https:\\\/\\\/www.cib.de\\\/cib-feiert-35-jubilaum-interview-mit-cib-grunder-ulrich-brandner\\\/\"},\"wordCount\":559,\"publisher\":{\"@id\":\"https:\\\/\\\/www.cib.de\\\/#organization\"},\"image\":{\"@id\":\"https:\\\/\\\/www.cib.de\\\/cib-feiert-35-jubilaum-interview-mit-cib-grunder-ulrich-brandner\\\/#primaryimage\"},\"thumbnailUrl\":\"https:\\\/\\\/www.cib.de\\\/wp-content\\\/uploads\\\/2024\\\/10\\\/35-Jahre-blog-HG2-e1767788313140.jpg\",\"keywords\":[\"CIB Events\",\"CIB Group\"],\"articleSection\":[\"CIB Group\"],\"inLanguage\":\"es\"},{\"@type\":\"WebPage\",\"@id\":\"https:\\\/\\\/www.cib.de\\\/cib-feiert-35-jubilaum-interview-mit-cib-grunder-ulrich-brandner\\\/\",\"url\":\"https:\\\/\\\/www.cib.de\\\/cib-feiert-35-jubilaum-interview-mit-cib-grunder-ulrich-brandner\\\/\",\"name\":\"CIB feiert 35. Jubil\u00e4um \u2013 Interview mit CIB-Gr\u00fcnder Ulrich Brandner\",\"isPartOf\":{\"@id\":\"https:\\\/\\\/www.cib.de\\\/#website\"},\"primaryImageOfPage\":{\"@id\":\"https:\\\/\\\/www.cib.de\\\/cib-feiert-35-jubilaum-interview-mit-cib-grunder-ulrich-brandner\\\/#primaryimage\"},\"image\":{\"@id\":\"https:\\\/\\\/www.cib.de\\\/cib-feiert-35-jubilaum-interview-mit-cib-grunder-ulrich-brandner\\\/#primaryimage\"},\"thumbnailUrl\":\"https:\\\/\\\/www.cib.de\\\/wp-content\\\/uploads\\\/2024\\\/10\\\/35-Jahre-blog-HG2-e1767788313140.jpg\",\"datePublished\":\"2024-10-29T13:03:08+00:00\",\"dateModified\":\"2024-10-29T15:30:44+00:00\",\"description\":\"Die CIB Group blickt auf 35 Jahre Unternehmensgeschichte zur\u00fcck. Dazu haben wir Unternehmensgr\u00fcnder Ulrich Brandner interviewt.\",\"breadcrumb\":{\"@id\":\"https:\\\/\\\/www.cib.de\\\/cib-feiert-35-jubilaum-interview-mit-cib-grunder-ulrich-brandner\\\/#breadcrumb\"},\"inLanguage\":\"es\",\"potentialAction\":[{\"@type\":\"ReadAction\",\"target\":[\"https:\\\/\\\/www.cib.de\\\/cib-feiert-35-jubilaum-interview-mit-cib-grunder-ulrich-brandner\\\/\"]}]},{\"@type\":\"ImageObject\",\"inLanguage\":\"es\",\"@id\":\"https:\\\/\\\/www.cib.de\\\/cib-feiert-35-jubilaum-interview-mit-cib-grunder-ulrich-brandner\\\/#primaryimage\",\"url\":\"https:\\\/\\\/www.cib.de\\\/wp-content\\\/uploads\\\/2024\\\/10\\\/35-Jahre-blog-HG2-e1767788313140.jpg\",\"contentUrl\":\"https:\\\/\\\/www.cib.de\\\/wp-content\\\/uploads\\\/2024\\\/10\\\/35-Jahre-blog-HG2-e1767788313140.jpg\",\"width\":1467,\"height\":550},{\"@type\":\"BreadcrumbList\",\"@id\":\"https:\\\/\\\/www.cib.de\\\/cib-feiert-35-jubilaum-interview-mit-cib-grunder-ulrich-brandner\\\/#breadcrumb\",\"itemListElement\":[{\"@type\":\"ListItem\",\"position\":1,\"name\":\"Home\",\"item\":\"https:\\\/\\\/www.cib.de\\\/\"},{\"@type\":\"ListItem\",\"position\":2,\"name\":\"CIB feiert 35. Jubil\u00e4um \u2013 Interview mit CIB-Gr\u00fcnder Ulrich Brandner\"}]},{\"@type\":\"WebSite\",\"@id\":\"https:\\\/\\\/www.cib.de\\\/#website\",\"url\":\"https:\\\/\\\/www.cib.de\\\/\",\"name\":\"CIB Group\",\"description\":\"Digitalisierung, Prozessautomatisierung, K\u00fcnstliche Intelligenz\",\"publisher\":{\"@id\":\"https:\\\/\\\/www.cib.de\\\/#organization\"},\"potentialAction\":[{\"@type\":\"SearchAction\",\"target\":{\"@type\":\"EntryPoint\",\"urlTemplate\":\"https:\\\/\\\/www.cib.de\\\/?s={search_term_string}\"},\"query-input\":{\"@type\":\"PropertyValueSpecification\",\"valueRequired\":true,\"valueName\":\"search_term_string\"}}],\"inLanguage\":\"es\"},{\"@type\":\"Organization\",\"@id\":\"https:\\\/\\\/www.cib.de\\\/#organization\",\"name\":\"CIB Group\",\"url\":\"https:\\\/\\\/www.cib.de\\\/\",\"logo\":{\"@type\":\"ImageObject\",\"inLanguage\":\"es\",\"@id\":\"https:\\\/\\\/www.cib.de\\\/#\\\/schema\\\/logo\\\/image\\\/\",\"url\":\"https:\\\/\\\/www.cib.de\\\/wp-content\\\/uploads\\\/2023\\\/10\\\/CIB_Logo_.svg\",\"contentUrl\":\"https:\\\/\\\/www.cib.de\\\/wp-content\\\/uploads\\\/2023\\\/10\\\/CIB_Logo_.svg\",\"width\":283,\"height\":128,\"caption\":\"CIB Group\"},\"image\":{\"@id\":\"https:\\\/\\\/www.cib.de\\\/#\\\/schema\\\/logo\\\/image\\\/\"},\"sameAs\":[\"https:\\\/\\\/www.linkedin.com\\\/company\\\/cib\\\/\"]},{\"@type\":\"Person\",\"@id\":\"https:\\\/\\\/www.cib.de\\\/#\\\/schema\\\/person\\\/4c70f0634b93acb47baacdb671694155\",\"name\":\"CIB Group\",\"image\":{\"@type\":\"ImageObject\",\"inLanguage\":\"es\",\"@id\":\"https:\\\/\\\/www.cib.de\\\/wp-content\\\/uploads\\\/2023\\\/03\\\/logo_signature2.png\",\"url\":\"https:\\\/\\\/www.cib.de\\\/wp-content\\\/uploads\\\/2023\\\/03\\\/logo_signature2.png\",\"contentUrl\":\"https:\\\/\\\/www.cib.de\\\/wp-content\\\/uploads\\\/2023\\\/03\\\/logo_signature2.png\",\"caption\":\"CIB Group\"},\"description\":\"Die Digitalisierungsexperten\"}]}<\/script>\n<!-- \/ Yoast SEO plugin. -->","yoast_head_json":{"title":"CIB celebra su 35 aniversario: entrevistamos a su fundador, Ulrich Brandner","description":"El Grupo CIB celebra 35 a\u00f1os de historia. Entrevistamos al fundador de la empresa, Ulrich Brandner.","robots":{"index":"index","follow":"follow","max-snippet":"max-snippet:-1","max-image-preview":"max-image-preview:large","max-video-preview":"max-video-preview:-1"},"canonical":"https:\/\/www.cib.de\/es\/cib-celebra-35-aniversario-entrevistamos-fundador-ulrich-brandner\/","og_locale":"es_ES","og_type":"article","og_title":"CIB feiert 35. Jubil\u00e4um \u2013 Interview mit CIB-Gr\u00fcnder Ulrich Brandner","og_description":"Die CIB Group blickt auf 35 Jahre Unternehmensgeschichte zur\u00fcck. Dazu haben wir Unternehmensgr\u00fcnder Ulrich Brandner interviewt.","og_url":"https:\/\/www.cib.de\/es\/cib-celebra-35-aniversario-entrevistamos-fundador-ulrich-brandner\/","og_site_name":"CIB Group","article_publisher":"https:\/\/www.linkedin.com\/company\/cib\/","article_published_time":"2024-10-29T13:03:08+00:00","article_modified_time":"2024-10-29T15:30:44+00:00","og_image":[{"width":1600,"height":600,"url":"https:\/\/www.cib.de\/wp-content\/uploads\/2024\/10\/35-Jahre-blog-HG2.jpg","type":"image\/jpeg"}],"author":"CIB Group","twitter_card":"summary_large_image","twitter_misc":{"Escrito por":"CIB Group","Tiempo de lectura":"3 minutos"},"schema":{"@context":"https:\/\/schema.org","@graph":[{"@type":"Article","@id":"https:\/\/www.cib.de\/cib-feiert-35-jubilaum-interview-mit-cib-grunder-ulrich-brandner\/#article","isPartOf":{"@id":"https:\/\/www.cib.de\/cib-feiert-35-jubilaum-interview-mit-cib-grunder-ulrich-brandner\/"},"author":{"name":"CIB Group","@id":"https:\/\/www.cib.de\/#\/schema\/person\/4c70f0634b93acb47baacdb671694155"},"headline":"CIB feiert 35. Jubil\u00e4um \u2013 Interview mit CIB-Gr\u00fcnder Ulrich Brandner","datePublished":"2024-10-29T13:03:08+00:00","dateModified":"2024-10-29T15:30:44+00:00","mainEntityOfPage":{"@id":"https:\/\/www.cib.de\/cib-feiert-35-jubilaum-interview-mit-cib-grunder-ulrich-brandner\/"},"wordCount":559,"publisher":{"@id":"https:\/\/www.cib.de\/#organization"},"image":{"@id":"https:\/\/www.cib.de\/cib-feiert-35-jubilaum-interview-mit-cib-grunder-ulrich-brandner\/#primaryimage"},"thumbnailUrl":"https:\/\/www.cib.de\/wp-content\/uploads\/2024\/10\/35-Jahre-blog-HG2-e1767788313140.jpg","keywords":["CIB Events","CIB Group"],"articleSection":["CIB Group"],"inLanguage":"es"},{"@type":"WebPage","@id":"https:\/\/www.cib.de\/cib-feiert-35-jubilaum-interview-mit-cib-grunder-ulrich-brandner\/","url":"https:\/\/www.cib.de\/cib-feiert-35-jubilaum-interview-mit-cib-grunder-ulrich-brandner\/","name":"CIB celebra su 35 aniversario: entrevistamos a su fundador, Ulrich Brandner","isPartOf":{"@id":"https:\/\/www.cib.de\/#website"},"primaryImageOfPage":{"@id":"https:\/\/www.cib.de\/cib-feiert-35-jubilaum-interview-mit-cib-grunder-ulrich-brandner\/#primaryimage"},"image":{"@id":"https:\/\/www.cib.de\/cib-feiert-35-jubilaum-interview-mit-cib-grunder-ulrich-brandner\/#primaryimage"},"thumbnailUrl":"https:\/\/www.cib.de\/wp-content\/uploads\/2024\/10\/35-Jahre-blog-HG2-e1767788313140.jpg","datePublished":"2024-10-29T13:03:08+00:00","dateModified":"2024-10-29T15:30:44+00:00","description":"El Grupo CIB celebra 35 a\u00f1os de historia. Entrevistamos al fundador de la empresa, Ulrich Brandner.","breadcrumb":{"@id":"https:\/\/www.cib.de\/cib-feiert-35-jubilaum-interview-mit-cib-grunder-ulrich-brandner\/#breadcrumb"},"inLanguage":"es","potentialAction":[{"@type":"ReadAction","target":["https:\/\/www.cib.de\/cib-feiert-35-jubilaum-interview-mit-cib-grunder-ulrich-brandner\/"]}]},{"@type":"ImageObject","inLanguage":"es","@id":"https:\/\/www.cib.de\/cib-feiert-35-jubilaum-interview-mit-cib-grunder-ulrich-brandner\/#primaryimage","url":"https:\/\/www.cib.de\/wp-content\/uploads\/2024\/10\/35-Jahre-blog-HG2-e1767788313140.jpg","contentUrl":"https:\/\/www.cib.de\/wp-content\/uploads\/2024\/10\/35-Jahre-blog-HG2-e1767788313140.jpg","width":1467,"height":550},{"@type":"BreadcrumbList","@id":"https:\/\/www.cib.de\/cib-feiert-35-jubilaum-interview-mit-cib-grunder-ulrich-brandner\/#breadcrumb","itemListElement":[{"@type":"ListItem","position":1,"name":"Home","item":"https:\/\/www.cib.de\/"},{"@type":"ListItem","position":2,"name":"CIB feiert 35. Jubil\u00e4um \u2013 Interview mit CIB-Gr\u00fcnder Ulrich Brandner"}]},{"@type":"WebSite","@id":"https:\/\/www.cib.de\/#website","url":"https:\/\/www.cib.de\/","name":"CIB Group","description":"Digitalisierung, Prozessautomatisierung, K\u00fcnstliche Intelligenz","publisher":{"@id":"https:\/\/www.cib.de\/#organization"},"potentialAction":[{"@type":"SearchAction","target":{"@type":"EntryPoint","urlTemplate":"https:\/\/www.cib.de\/?s={search_term_string}"},"query-input":{"@type":"PropertyValueSpecification","valueRequired":true,"valueName":"search_term_string"}}],"inLanguage":"es"},{"@type":"Organization","@id":"https:\/\/www.cib.de\/#organization","name":"CIB Group","url":"https:\/\/www.cib.de\/","logo":{"@type":"ImageObject","inLanguage":"es","@id":"https:\/\/www.cib.de\/#\/schema\/logo\/image\/","url":"https:\/\/www.cib.de\/wp-content\/uploads\/2023\/10\/CIB_Logo_.svg","contentUrl":"https:\/\/www.cib.de\/wp-content\/uploads\/2023\/10\/CIB_Logo_.svg","width":283,"height":128,"caption":"CIB Group"},"image":{"@id":"https:\/\/www.cib.de\/#\/schema\/logo\/image\/"},"sameAs":["https:\/\/www.linkedin.com\/company\/cib\/"]},{"@type":"Person","@id":"https:\/\/www.cib.de\/#\/schema\/person\/4c70f0634b93acb47baacdb671694155","name":"CIB Group","image":{"@type":"ImageObject","inLanguage":"es","@id":"https:\/\/www.cib.de\/wp-content\/uploads\/2023\/03\/logo_signature2.png","url":"https:\/\/www.cib.de\/wp-content\/uploads\/2023\/03\/logo_signature2.png","contentUrl":"https:\/\/www.cib.de\/wp-content\/uploads\/2023\/03\/logo_signature2.png","caption":"CIB Group"},"description":"Expertos en digitalizaci\u00f3n"}]}},"post_mailing_queue_ids":[],"_links":{"self":[{"href":"https:\/\/www.cib.de\/es\/wp-json\/wp\/v2\/posts\/121509","targetHints":{"allow":["GET"]}}],"collection":[{"href":"https:\/\/www.cib.de\/es\/wp-json\/wp\/v2\/posts"}],"about":[{"href":"https:\/\/www.cib.de\/es\/wp-json\/wp\/v2\/types\/post"}],"author":[{"embeddable":true,"href":"https:\/\/www.cib.de\/es\/wp-json\/wp\/v2\/users\/246"}],"replies":[{"embeddable":true,"href":"https:\/\/www.cib.de\/es\/wp-json\/wp\/v2\/comments?post=121509"}],"version-history":[{"count":48,"href":"https:\/\/www.cib.de\/es\/wp-json\/wp\/v2\/posts\/121509\/revisions"}],"predecessor-version":[{"id":130681,"href":"https:\/\/www.cib.de\/es\/wp-json\/wp\/v2\/posts\/121509\/revisions\/130681"}],"wp:featuredmedia":[{"embeddable":true,"href":"https:\/\/www.cib.de\/es\/wp-json\/wp\/v2\/media\/121526"}],"wp:attachment":[{"href":"https:\/\/www.cib.de\/es\/wp-json\/wp\/v2\/media?parent=121509"}],"wp:term":[{"taxonomy":"category","embeddable":true,"href":"https:\/\/www.cib.de\/es\/wp-json\/wp\/v2\/categories?post=121509"},{"taxonomy":"post_tag","embeddable":true,"href":"https:\/\/www.cib.de\/es\/wp-json\/wp\/v2\/tags?post=121509"}],"curies":[{"name":"wp","href":"https:\/\/api.w.org\/{rel}","templated":true}]}}