{"id":125898,"date":"2025-04-10T11:54:25","date_gmt":"2025-04-10T09:54:25","guid":{"rendered":"https:\/\/www.cib.de\/?p=125898"},"modified":"2025-04-10T14:58:59","modified_gmt":"2025-04-10T12:58:59","slug":"cib-kubecon-cloudnativecon-europe-2025-londres","status":"publish","type":"post","link":"https:\/\/www.cib.de\/es\/cib-kubecon-cloudnativecon-europe-2025-london\/","title":{"rendered":"CIB en la KubeCon + CloudNativeCon Europe 2025 en Londres\u00a0\u00a0"},"content":{"rendered":"<div data-elementor-type=\"wp-post\" data-elementor-id=\"125898\" class=\"elementor elementor-125898\" data-elementor-post-type=\"post\">\n\t\t\t\t\t\t<section class=\"elementor-section elementor-top-section elementor-element elementor-element-dcc890d elementor-section-boxed elementor-section-height-default elementor-section-height-default\" data-id=\"dcc890d\" data-element_type=\"section\" data-e-type=\"section\">\n\t\t\t\t\t\t<div class=\"elementor-container elementor-column-gap-default\">\n\t\t\t\t\t<div class=\"elementor-column elementor-col-100 elementor-top-column elementor-element elementor-element-e8d4f94\" data-id=\"e8d4f94\" data-element_type=\"column\" data-e-type=\"column\">\n\t\t\t<div class=\"elementor-widget-wrap elementor-element-populated\">\n\t\t\t\t\t\t<div class=\"elementor-element elementor-element-1be7c10 elementor-widget elementor-widget-text-editor\" data-id=\"1be7c10\" data-element_type=\"widget\" data-e-type=\"widget\" data-widget_type=\"text-editor.default\">\n\t\t\t\t<div class=\"elementor-widget-container\">\n\t\t\t\t\t\t\t\t\t<p class=\"translation-block\">Del 1 al 4 de abril de 2025, parte de nuestro equipo de ingenier\u00eda de plataformas asisti\u00f3 a la <a href=\"https:\/\/events.linuxfoundation.org\/kubecon-cloudnativecon-europe\/\" target=\"_blank\" rel=\"noopener\"><span style=\"text-decoration: underline\"><strong>KubeCon + CloudNativeCon Europe 2025<\/strong><\/span><\/a> en Londres. Con m\u00e1s de 12 000 asistentes, la KubeCon de este a\u00f1o fue un evento impresionante. Organizado por la Cloud Native Computing Foundation (CNCF), el evento no solo ofreci\u00f3 una visi\u00f3n en profundidad de las tecnolog\u00edas nativas de la nube actuales, sino que tambi\u00e9n brind\u00f3 numerosas oportunidades para relacionarse directamente con los responsables de los principales proyectos de c\u00f3digo abierto.<\/p>\t\t\t\t\t\t\t\t<\/div>\n\t\t\t\t<\/div>\n\t\t\t\t<div class=\"elementor-element elementor-element-22c2269 elementor-widget elementor-widget-heading\" data-id=\"22c2269\" data-element_type=\"widget\" data-e-type=\"widget\" data-widget_type=\"heading.default\">\n\t\t\t\t<div class=\"elementor-widget-container\">\n\t\t\t\t\t<h2 class=\"elementor-heading-title elementor-size-default\">Temas principales: Observabilidad, ingenier\u00eda de plataformas, seguridad e IA\/MLOps<\/h2>\t\t\t\t<\/div>\n\t\t\t\t<\/div>\n\t\t\t\t<section class=\"elementor-section elementor-inner-section elementor-element elementor-element-edd703a elementor-section-boxed elementor-section-height-default elementor-section-height-default\" data-id=\"edd703a\" data-element_type=\"section\" data-e-type=\"section\">\n\t\t\t\t\t\t<div class=\"elementor-container elementor-column-gap-default\">\n\t\t\t\t\t<div class=\"elementor-column elementor-col-50 elementor-inner-column elementor-element elementor-element-ef3a891\" data-id=\"ef3a891\" data-element_type=\"column\" data-e-type=\"column\">\n\t\t\t<div class=\"elementor-widget-wrap elementor-element-populated\">\n\t\t\t\t\t\t<div class=\"elementor-element elementor-element-6016ffd elementor-widget elementor-widget-text-editor\" data-id=\"6016ffd\" data-element_type=\"widget\" data-e-type=\"widget\" data-widget_type=\"text-editor.default\">\n\t\t\t\t<div class=\"elementor-widget-container\">\n\t\t\t\t\t\t\t\t\t<p>Durante la KubeCon 2025, temas como la observabilidad, la ingenier\u00eda de plataformas y la seguridad ocuparon un lugar central. Las sesiones sobre estas \u00e1reas proporcionaron valiosas perspectivas sobre los avances actuales y las mejores pr\u00e1cticas. Tambi\u00e9n se debatieron aspectos apasionantes de la IA y los MLOps, demostrando c\u00f3mo las tecnolog\u00edas nativas de la nube pueden respaldar la pr\u00f3xima era de la inteligencia artificial.<\/p>\t\t\t\t\t\t\t\t<\/div>\n\t\t\t\t<\/div>\n\t\t\t\t<div class=\"elementor-element elementor-element-0bec828 elementor-widget elementor-widget-heading\" data-id=\"0bec828\" data-element_type=\"widget\" data-e-type=\"widget\" data-widget_type=\"heading.default\">\n\t\t\t\t<div class=\"elementor-widget-container\">\n\t\t\t\t\t<h2 class=\"elementor-heading-title elementor-size-default\">Intercambio con los responsables del mantenimiento y la comunidad <\/h2>\t\t\t\t<\/div>\n\t\t\t\t<\/div>\n\t\t\t\t<div class=\"elementor-element elementor-element-fa150be elementor-widget elementor-widget-text-editor\" data-id=\"fa150be\" data-element_type=\"widget\" data-e-type=\"widget\" data-widget_type=\"text-editor.default\">\n\t\t\t\t<div class=\"elementor-widget-container\">\n\t\t\t\t\t\t\t\t\t<p>KubeCon no es s\u00f3lo una conferencia con muchas presentaciones, sino tambi\u00e9n una excelente plataforma para el di\u00e1logo directo. Nuestro equipo tuvo la oportunidad de intercambiar ideas con los responsables de los principales proyectos de c\u00f3digo abierto y recoger ideas importantes para nuestro propio trabajo. Este intercambio es especialmente valioso, no s\u00f3lo para seguir el ritmo de la tecnolog\u00eda, sino tambi\u00e9n para participar en el desarrollo a largo plazo de la comunidad de c\u00f3digo abierto.<\/p>\t\t\t\t\t\t\t\t<\/div>\n\t\t\t\t<\/div>\n\t\t\t\t\t<\/div>\n\t\t<\/div>\n\t\t\t\t<div class=\"elementor-column elementor-col-50 elementor-inner-column elementor-element elementor-element-cbca96c\" data-id=\"cbca96c\" data-element_type=\"column\" data-e-type=\"column\">\n\t\t\t<div class=\"elementor-widget-wrap elementor-element-populated\">\n\t\t\t\t\t\t<div class=\"elementor-element elementor-element-a86ea86 elementor-widget elementor-widget-image\" data-id=\"a86ea86\" data-element_type=\"widget\" data-e-type=\"widget\" data-widget_type=\"image.default\">\n\t\t\t\t<div class=\"elementor-widget-container\">\n\t\t\t\t\t\t\t\t\t\t\t\t\t\t\t<img fetchpriority=\"high\" decoding=\"async\" width=\"712\" height=\"1024\" src=\"https:\/\/www.cib.de\/wp-content\/uploads\/2025\/04\/kibecon_1-712x1024.jpg\" class=\"attachment-large size-large wp-image-125902\" alt=\"\" srcset=\"https:\/\/www.cib.de\/wp-content\/uploads\/2025\/04\/kibecon_1-712x1024.jpg 712w, https:\/\/www.cib.de\/wp-content\/uploads\/2025\/04\/kibecon_1-209x300.jpg 209w, https:\/\/www.cib.de\/wp-content\/uploads\/2025\/04\/kibecon_1-8x12.jpg 8w, https:\/\/www.cib.de\/wp-content\/uploads\/2025\/04\/kibecon_1-e1767784968241.jpg 500w\" sizes=\"(max-width: 712px) 100vw, 712px\" \/>\t\t\t\t\t\t\t\t\t\t\t\t\t\t\t<\/div>\n\t\t\t\t<\/div>\n\t\t\t\t\t<\/div>\n\t\t<\/div>\n\t\t\t\t\t<\/div>\n\t\t<\/section>\n\t\t\t\t<section class=\"elementor-section elementor-inner-section elementor-element elementor-element-fae5a8b elementor-section-boxed elementor-section-height-default elementor-section-height-default\" data-id=\"fae5a8b\" data-element_type=\"section\" data-e-type=\"section\">\n\t\t\t\t\t\t<div class=\"elementor-container elementor-column-gap-default\">\n\t\t\t\t\t<div class=\"elementor-column elementor-col-50 elementor-inner-column elementor-element elementor-element-df249ca\" data-id=\"df249ca\" data-element_type=\"column\" data-e-type=\"column\">\n\t\t\t<div class=\"elementor-widget-wrap elementor-element-populated\">\n\t\t\t\t\t\t<div class=\"elementor-element elementor-element-8f2451c elementor-widget elementor-widget-image\" data-id=\"8f2451c\" data-element_type=\"widget\" data-e-type=\"widget\" data-widget_type=\"image.default\">\n\t\t\t\t<div class=\"elementor-widget-container\">\n\t\t\t\t\t\t\t\t\t\t\t\t\t\t\t<img decoding=\"async\" width=\"1024\" height=\"771\" src=\"https:\/\/www.cib.de\/wp-content\/uploads\/2025\/04\/kibecon_2-1024x771.jpg\" class=\"attachment-large size-large wp-image-125903\" alt=\"\" srcset=\"https:\/\/www.cib.de\/wp-content\/uploads\/2025\/04\/kibecon_2-1024x771.jpg 1024w, https:\/\/www.cib.de\/wp-content\/uploads\/2025\/04\/kibecon_2-399x300.jpg 399w, https:\/\/www.cib.de\/wp-content\/uploads\/2025\/04\/kibecon_2-768x578.jpg 768w, https:\/\/www.cib.de\/wp-content\/uploads\/2025\/04\/kibecon_2-16x12.jpg 16w, https:\/\/www.cib.de\/wp-content\/uploads\/2025\/04\/kibecon_2-e1767784979180.jpg 664w\" sizes=\"(max-width: 1024px) 100vw, 1024px\" \/>\t\t\t\t\t\t\t\t\t\t\t\t\t\t\t<\/div>\n\t\t\t\t<\/div>\n\t\t\t\t\t<\/div>\n\t\t<\/div>\n\t\t\t\t<div class=\"elementor-column elementor-col-50 elementor-inner-column elementor-element elementor-element-a77e06c\" data-id=\"a77e06c\" data-element_type=\"column\" data-e-type=\"column\">\n\t\t\t<div class=\"elementor-widget-wrap elementor-element-populated\">\n\t\t\t\t\t\t<div class=\"elementor-element elementor-element-cf0b030 elementor-widget elementor-widget-heading\" data-id=\"cf0b030\" data-element_type=\"widget\" data-e-type=\"widget\" data-widget_type=\"heading.default\">\n\t\t\t\t<div class=\"elementor-widget-container\">\n\t\t\t\t\t<h2 class=\"elementor-heading-title elementor-size-default\">Conferencias magistrales y nuevas iniciativas<\/h2>\t\t\t\t<\/div>\n\t\t\t\t<\/div>\n\t\t\t\t<div class=\"elementor-element elementor-element-659def6 elementor-widget elementor-widget-text-editor\" data-id=\"659def6\" data-element_type=\"widget\" data-e-type=\"widget\" data-widget_type=\"text-editor.default\">\n\t\t\t\t<div class=\"elementor-widget-container\">\n\t\t\t\t\t\t\t\t\t<p>Las ponencias de KubeCon 2025 ofrecieron una visi\u00f3n fascinante de la evoluci\u00f3n actual y futura. El debate sobre el papel de las tecnolog\u00edas nativas de la nube en el desarrollo de nuevas infraestructuras, como la iniciativa de nubes soberanas de la UE, fue especialmente emocionante. Seguimos esta evoluci\u00f3n con gran inter\u00e9s, ya que representa un paso importante hacia una infraestructura de nube segura e independiente para Europa.<\/p>\t\t\t\t\t\t\t\t<\/div>\n\t\t\t\t<\/div>\n\t\t\t\t\t<\/div>\n\t\t<\/div>\n\t\t\t\t\t<\/div>\n\t\t<\/section>\n\t\t\t\t<div class=\"elementor-element elementor-element-dea63d8 elementor-widget elementor-widget-heading\" data-id=\"dea63d8\" data-element_type=\"widget\" data-e-type=\"widget\" data-widget_type=\"heading.default\">\n\t\t\t\t<div class=\"elementor-widget-container\">\n\t\t\t\t\t<h2 class=\"elementor-heading-title elementor-size-default\">Perspectivas: Cloud Native Summit M\u00fanich 2025 <\/h2>\t\t\t\t<\/div>\n\t\t\t\t<\/div>\n\t\t\t\t<div class=\"elementor-element elementor-element-f02b70d elementor-widget elementor-widget-text-editor\" data-id=\"f02b70d\" data-element_type=\"widget\" data-e-type=\"widget\" data-widget_type=\"text-editor.default\">\n\t\t\t\t<div class=\"elementor-widget-container\">\n\t\t\t\t\t\t\t\t\t<p class=\"translation-block\">Ya hay otro acontecimiento destacado en el horizonte: la  <a href=\"https:\/\/kcdmunich.de\" target=\"_blank\" rel=\"noopener\"><span style=\"text-decoration: underline\"><strong>Cloud Native Summit Munich<\/strong><\/span><\/a>  tendr\u00e1 lugar los d\u00edas 21 y 22 de julio de 2025 en el smartvillage Bogenhausen de M\u00fanich.  Este evento est\u00e1 dirigido a desarrolladores, ingenieros de plataformas y profesionales de TI y ofrece una plataforma para el di\u00e1logo sobre tecnolog\u00edas nativas de la nube. Como el smartvillage Bogenhausen est\u00e1 situado justo al lado de nuestra oficina de M\u00fanich, en Arabellapark, esperamos con especial inter\u00e9s el evento. Tras el \u00e9xito de participaci\u00f3n del a\u00f1o pasado, tenemos previsto volver a estar presentes este a\u00f1o.<\/p>\t\t\t\t\t\t\t\t<\/div>\n\t\t\t\t<\/div>\n\t\t\t\t<div class=\"elementor-element elementor-element-5ab83ca elementor-widget elementor-widget-heading\" data-id=\"5ab83ca\" data-element_type=\"widget\" data-e-type=\"widget\" data-widget_type=\"heading.default\">\n\t\t\t\t<div class=\"elementor-widget-container\">\n\t\t\t\t\t<h2 class=\"elementor-heading-title elementor-size-default\">El portal para procesos de facturaci\u00f3n eficientes <\/h2>\t\t\t\t<\/div>\n\t\t\t\t<\/div>\n\t\t\t\t<div class=\"elementor-element elementor-element-a82c158 elementor-widget elementor-widget-text-editor\" data-id=\"a82c158\" data-element_type=\"widget\" data-e-type=\"widget\" data-widget_type=\"text-editor.default\">\n\t\t\t\t<div class=\"elementor-widget-container\">\n\t\t\t\t\t\t\t\t\t<p>KubeCon + CloudNativeCon Europe 2025 fue una experiencia enriquecedora que nos abri\u00f3 nuevas perspectivas t\u00e9cnicas y nos ofreci\u00f3 muchas oportunidades para el di\u00e1logo y la creaci\u00f3n de redes. Estamos deseando incorporar lo aprendido a nuestro trabajo en CIB.<\/p><p>Let\u00b4s CIB!<\/p>\t\t\t\t\t\t\t\t<\/div>\n\t\t\t\t<\/div>\n\t\t\t\t\t<\/div>\n\t\t<\/div>\n\t\t\t\t\t<\/div>\n\t\t<\/section>\n\t\t\t\t<\/div>","protected":false},"excerpt":{"rendered":"<p>Del 1 al 4 de abril de 2025, parte de nuestro equipo de ingenier\u00eda de plataformas asisti\u00f3 a la KubeCon + CloudNativeCon Europe 2025 en Londres.<\/p>","protected":false},"author":246,"featured_media":125900,"comment_status":"closed","ping_status":"closed","sticky":false,"template":"","format":"standard","meta":{"_acf_changed":false,"footnotes":""},"categories":[1],"tags":[1066],"class_list":["post-125898","post","type-post","status-publish","format-standard","has-post-thumbnail","hentry","category-cib-group","tag-cib-event"],"acf":[],"yoast_head":"<!-- This site is optimized with the Yoast SEO plugin v27.5 - https:\/\/yoast.com\/product\/yoast-seo-wordpress\/ -->\n<title>CIB auf der KubeCon + CloudNativeCon Europe 2025 in London\u00a0\u00a0<\/title>\n<meta name=\"description\" content=\"April 2025 war unser Platform Engineering Teams eine Woche lang auf der KubeCon + CloudNativeCon Europe 2025 in London dabei.\" \/>\n<meta name=\"robots\" content=\"index, follow, max-snippet:-1, max-image-preview:large, max-video-preview:-1\" \/>\n<link rel=\"canonical\" href=\"https:\/\/www.cib.de\/es\/cib-kubecon-cloudnativecon-europe-2025-londres\/\" \/>\n<meta property=\"og:locale\" content=\"es_ES\" \/>\n<meta property=\"og:type\" content=\"article\" \/>\n<meta property=\"og:title\" content=\"CIB auf der KubeCon + CloudNativeCon Europe 2025 in London\u00a0\u00a0\" \/>\n<meta property=\"og:description\" content=\"April 2025 war unser Platform Engineering Teams eine Woche lang auf der KubeCon + CloudNativeCon Europe 2025 in London dabei.\" \/>\n<meta property=\"og:url\" content=\"https:\/\/www.cib.de\/es\/cib-kubecon-cloudnativecon-europe-2025-londres\/\" \/>\n<meta property=\"og:site_name\" content=\"CIB Group\" \/>\n<meta property=\"article:publisher\" content=\"https:\/\/www.linkedin.com\/company\/cib\/\" \/>\n<meta property=\"article:published_time\" content=\"2025-04-10T09:54:25+00:00\" \/>\n<meta property=\"article:modified_time\" content=\"2025-04-10T12:58:59+00:00\" \/>\n<meta property=\"og:image\" content=\"https:\/\/www.cib.de\/wp-content\/uploads\/2025\/04\/KubeCon_HG.png\" \/>\n\t<meta property=\"og:image:width\" content=\"1600\" \/>\n\t<meta property=\"og:image:height\" content=\"600\" \/>\n\t<meta property=\"og:image:type\" content=\"image\/png\" \/>\n<meta name=\"author\" content=\"CIB Group\" \/>\n<meta name=\"twitter:card\" content=\"summary_large_image\" \/>\n<meta name=\"twitter:label1\" content=\"Escrito por\" \/>\n\t<meta name=\"twitter:data1\" content=\"CIB Group\" \/>\n\t<meta name=\"twitter:label2\" content=\"Tiempo de lectura\" \/>\n\t<meta name=\"twitter:data2\" content=\"3 minutos\" \/>\n<script type=\"application\/ld+json\" class=\"yoast-schema-graph\">{\"@context\":\"https:\\\/\\\/schema.org\",\"@graph\":[{\"@type\":\"Article\",\"@id\":\"https:\\\/\\\/www.cib.de\\\/cib-kubecon-cloudnativecon-europe-2025-london\\\/#article\",\"isPartOf\":{\"@id\":\"https:\\\/\\\/www.cib.de\\\/cib-kubecon-cloudnativecon-europe-2025-london\\\/\"},\"author\":{\"name\":\"CIB Group\",\"@id\":\"https:\\\/\\\/www.cib.de\\\/#\\\/schema\\\/person\\\/4c70f0634b93acb47baacdb671694155\"},\"headline\":\"CIB auf der KubeCon + CloudNativeCon Europe 2025 in London\u00a0\u00a0\",\"datePublished\":\"2025-04-10T09:54:25+00:00\",\"dateModified\":\"2025-04-10T12:58:59+00:00\",\"mainEntityOfPage\":{\"@id\":\"https:\\\/\\\/www.cib.de\\\/cib-kubecon-cloudnativecon-europe-2025-london\\\/\"},\"wordCount\":405,\"publisher\":{\"@id\":\"https:\\\/\\\/www.cib.de\\\/#organization\"},\"image\":{\"@id\":\"https:\\\/\\\/www.cib.de\\\/cib-kubecon-cloudnativecon-europe-2025-london\\\/#primaryimage\"},\"thumbnailUrl\":\"https:\\\/\\\/www.cib.de\\\/wp-content\\\/uploads\\\/2025\\\/04\\\/KubeCon_HG-e1767785000824.png\",\"keywords\":[\"CIB Events\"],\"articleSection\":[\"CIB Group\"],\"inLanguage\":\"es\"},{\"@type\":\"WebPage\",\"@id\":\"https:\\\/\\\/www.cib.de\\\/cib-kubecon-cloudnativecon-europe-2025-london\\\/\",\"url\":\"https:\\\/\\\/www.cib.de\\\/cib-kubecon-cloudnativecon-europe-2025-london\\\/\",\"name\":\"CIB auf der KubeCon + CloudNativeCon Europe 2025 in London\u00a0\u00a0\",\"isPartOf\":{\"@id\":\"https:\\\/\\\/www.cib.de\\\/#website\"},\"primaryImageOfPage\":{\"@id\":\"https:\\\/\\\/www.cib.de\\\/cib-kubecon-cloudnativecon-europe-2025-london\\\/#primaryimage\"},\"image\":{\"@id\":\"https:\\\/\\\/www.cib.de\\\/cib-kubecon-cloudnativecon-europe-2025-london\\\/#primaryimage\"},\"thumbnailUrl\":\"https:\\\/\\\/www.cib.de\\\/wp-content\\\/uploads\\\/2025\\\/04\\\/KubeCon_HG-e1767785000824.png\",\"datePublished\":\"2025-04-10T09:54:25+00:00\",\"dateModified\":\"2025-04-10T12:58:59+00:00\",\"description\":\"April 2025 war unser Platform Engineering Teams eine Woche lang auf der KubeCon + CloudNativeCon Europe 2025 in London dabei.\",\"breadcrumb\":{\"@id\":\"https:\\\/\\\/www.cib.de\\\/cib-kubecon-cloudnativecon-europe-2025-london\\\/#breadcrumb\"},\"inLanguage\":\"es\",\"potentialAction\":[{\"@type\":\"ReadAction\",\"target\":[\"https:\\\/\\\/www.cib.de\\\/cib-kubecon-cloudnativecon-europe-2025-london\\\/\"]}]},{\"@type\":\"ImageObject\",\"inLanguage\":\"es\",\"@id\":\"https:\\\/\\\/www.cib.de\\\/cib-kubecon-cloudnativecon-europe-2025-london\\\/#primaryimage\",\"url\":\"https:\\\/\\\/www.cib.de\\\/wp-content\\\/uploads\\\/2025\\\/04\\\/KubeCon_HG-e1767785000824.png\",\"contentUrl\":\"https:\\\/\\\/www.cib.de\\\/wp-content\\\/uploads\\\/2025\\\/04\\\/KubeCon_HG-e1767785000824.png\",\"width\":1467,\"height\":550},{\"@type\":\"BreadcrumbList\",\"@id\":\"https:\\\/\\\/www.cib.de\\\/cib-kubecon-cloudnativecon-europe-2025-london\\\/#breadcrumb\",\"itemListElement\":[{\"@type\":\"ListItem\",\"position\":1,\"name\":\"Home\",\"item\":\"https:\\\/\\\/www.cib.de\\\/\"},{\"@type\":\"ListItem\",\"position\":2,\"name\":\"CIB auf der KubeCon + CloudNativeCon Europe 2025 in London\u00a0\u00a0\"}]},{\"@type\":\"WebSite\",\"@id\":\"https:\\\/\\\/www.cib.de\\\/#website\",\"url\":\"https:\\\/\\\/www.cib.de\\\/\",\"name\":\"CIB Group\",\"description\":\"Digitalisierung, Prozessautomatisierung, K\u00fcnstliche Intelligenz\",\"publisher\":{\"@id\":\"https:\\\/\\\/www.cib.de\\\/#organization\"},\"potentialAction\":[{\"@type\":\"SearchAction\",\"target\":{\"@type\":\"EntryPoint\",\"urlTemplate\":\"https:\\\/\\\/www.cib.de\\\/?s={search_term_string}\"},\"query-input\":{\"@type\":\"PropertyValueSpecification\",\"valueRequired\":true,\"valueName\":\"search_term_string\"}}],\"inLanguage\":\"es\"},{\"@type\":\"Organization\",\"@id\":\"https:\\\/\\\/www.cib.de\\\/#organization\",\"name\":\"CIB Group\",\"url\":\"https:\\\/\\\/www.cib.de\\\/\",\"logo\":{\"@type\":\"ImageObject\",\"inLanguage\":\"es\",\"@id\":\"https:\\\/\\\/www.cib.de\\\/#\\\/schema\\\/logo\\\/image\\\/\",\"url\":\"https:\\\/\\\/www.cib.de\\\/wp-content\\\/uploads\\\/2023\\\/10\\\/CIB_Logo_.svg\",\"contentUrl\":\"https:\\\/\\\/www.cib.de\\\/wp-content\\\/uploads\\\/2023\\\/10\\\/CIB_Logo_.svg\",\"width\":283,\"height\":128,\"caption\":\"CIB Group\"},\"image\":{\"@id\":\"https:\\\/\\\/www.cib.de\\\/#\\\/schema\\\/logo\\\/image\\\/\"},\"sameAs\":[\"https:\\\/\\\/www.linkedin.com\\\/company\\\/cib\\\/\"]},{\"@type\":\"Person\",\"@id\":\"https:\\\/\\\/www.cib.de\\\/#\\\/schema\\\/person\\\/4c70f0634b93acb47baacdb671694155\",\"name\":\"CIB Group\",\"image\":{\"@type\":\"ImageObject\",\"inLanguage\":\"es\",\"@id\":\"https:\\\/\\\/www.cib.de\\\/wp-content\\\/uploads\\\/2023\\\/03\\\/logo_signature2.png\",\"url\":\"https:\\\/\\\/www.cib.de\\\/wp-content\\\/uploads\\\/2023\\\/03\\\/logo_signature2.png\",\"contentUrl\":\"https:\\\/\\\/www.cib.de\\\/wp-content\\\/uploads\\\/2023\\\/03\\\/logo_signature2.png\",\"caption\":\"CIB Group\"},\"description\":\"Die Digitalisierungsexperten\"}]}<\/script>\n<!-- \/ Yoast SEO plugin. -->","yoast_head_json":{"title":"CIB en la KubeCon + CloudNativeCon Europe 2025 en Londres\u00a0\u00a0","description":"April 2025 war unser Platform Engineering Teams eine Woche lang auf der KubeCon + CloudNativeCon Europe 2025 in London dabei.","robots":{"index":"index","follow":"follow","max-snippet":"max-snippet:-1","max-image-preview":"max-image-preview:large","max-video-preview":"max-video-preview:-1"},"canonical":"https:\/\/www.cib.de\/es\/cib-kubecon-cloudnativecon-europe-2025-londres\/","og_locale":"es_ES","og_type":"article","og_title":"CIB auf der KubeCon + CloudNativeCon Europe 2025 in London\u00a0\u00a0","og_description":"April 2025 war unser Platform Engineering Teams eine Woche lang auf der KubeCon + CloudNativeCon Europe 2025 in London dabei.","og_url":"https:\/\/www.cib.de\/es\/cib-kubecon-cloudnativecon-europe-2025-londres\/","og_site_name":"CIB Group","article_publisher":"https:\/\/www.linkedin.com\/company\/cib\/","article_published_time":"2025-04-10T09:54:25+00:00","article_modified_time":"2025-04-10T12:58:59+00:00","og_image":[{"width":1600,"height":600,"url":"https:\/\/www.cib.de\/wp-content\/uploads\/2025\/04\/KubeCon_HG.png","type":"image\/png"}],"author":"CIB Group","twitter_card":"summary_large_image","twitter_misc":{"Escrito por":"CIB Group","Tiempo de lectura":"3 minutos"},"schema":{"@context":"https:\/\/schema.org","@graph":[{"@type":"Article","@id":"https:\/\/www.cib.de\/cib-kubecon-cloudnativecon-europe-2025-london\/#article","isPartOf":{"@id":"https:\/\/www.cib.de\/cib-kubecon-cloudnativecon-europe-2025-london\/"},"author":{"name":"CIB Group","@id":"https:\/\/www.cib.de\/#\/schema\/person\/4c70f0634b93acb47baacdb671694155"},"headline":"CIB auf der KubeCon + CloudNativeCon Europe 2025 in London\u00a0\u00a0","datePublished":"2025-04-10T09:54:25+00:00","dateModified":"2025-04-10T12:58:59+00:00","mainEntityOfPage":{"@id":"https:\/\/www.cib.de\/cib-kubecon-cloudnativecon-europe-2025-london\/"},"wordCount":405,"publisher":{"@id":"https:\/\/www.cib.de\/#organization"},"image":{"@id":"https:\/\/www.cib.de\/cib-kubecon-cloudnativecon-europe-2025-london\/#primaryimage"},"thumbnailUrl":"https:\/\/www.cib.de\/wp-content\/uploads\/2025\/04\/KubeCon_HG-e1767785000824.png","keywords":["CIB Events"],"articleSection":["CIB Group"],"inLanguage":"es"},{"@type":"WebPage","@id":"https:\/\/www.cib.de\/cib-kubecon-cloudnativecon-europe-2025-london\/","url":"https:\/\/www.cib.de\/cib-kubecon-cloudnativecon-europe-2025-london\/","name":"CIB en la KubeCon + CloudNativeCon Europe 2025 en Londres\u00a0\u00a0","isPartOf":{"@id":"https:\/\/www.cib.de\/#website"},"primaryImageOfPage":{"@id":"https:\/\/www.cib.de\/cib-kubecon-cloudnativecon-europe-2025-london\/#primaryimage"},"image":{"@id":"https:\/\/www.cib.de\/cib-kubecon-cloudnativecon-europe-2025-london\/#primaryimage"},"thumbnailUrl":"https:\/\/www.cib.de\/wp-content\/uploads\/2025\/04\/KubeCon_HG-e1767785000824.png","datePublished":"2025-04-10T09:54:25+00:00","dateModified":"2025-04-10T12:58:59+00:00","description":"April 2025 war unser Platform Engineering Teams eine Woche lang auf der KubeCon + CloudNativeCon Europe 2025 in London dabei.","breadcrumb":{"@id":"https:\/\/www.cib.de\/cib-kubecon-cloudnativecon-europe-2025-london\/#breadcrumb"},"inLanguage":"es","potentialAction":[{"@type":"ReadAction","target":["https:\/\/www.cib.de\/cib-kubecon-cloudnativecon-europe-2025-london\/"]}]},{"@type":"ImageObject","inLanguage":"es","@id":"https:\/\/www.cib.de\/cib-kubecon-cloudnativecon-europe-2025-london\/#primaryimage","url":"https:\/\/www.cib.de\/wp-content\/uploads\/2025\/04\/KubeCon_HG-e1767785000824.png","contentUrl":"https:\/\/www.cib.de\/wp-content\/uploads\/2025\/04\/KubeCon_HG-e1767785000824.png","width":1467,"height":550},{"@type":"BreadcrumbList","@id":"https:\/\/www.cib.de\/cib-kubecon-cloudnativecon-europe-2025-london\/#breadcrumb","itemListElement":[{"@type":"ListItem","position":1,"name":"Home","item":"https:\/\/www.cib.de\/"},{"@type":"ListItem","position":2,"name":"CIB auf der KubeCon + CloudNativeCon Europe 2025 in London\u00a0\u00a0"}]},{"@type":"WebSite","@id":"https:\/\/www.cib.de\/#website","url":"https:\/\/www.cib.de\/","name":"CIB Group","description":"Digitalisierung, Prozessautomatisierung, K\u00fcnstliche Intelligenz","publisher":{"@id":"https:\/\/www.cib.de\/#organization"},"potentialAction":[{"@type":"SearchAction","target":{"@type":"EntryPoint","urlTemplate":"https:\/\/www.cib.de\/?s={search_term_string}"},"query-input":{"@type":"PropertyValueSpecification","valueRequired":true,"valueName":"search_term_string"}}],"inLanguage":"es"},{"@type":"Organization","@id":"https:\/\/www.cib.de\/#organization","name":"CIB Group","url":"https:\/\/www.cib.de\/","logo":{"@type":"ImageObject","inLanguage":"es","@id":"https:\/\/www.cib.de\/#\/schema\/logo\/image\/","url":"https:\/\/www.cib.de\/wp-content\/uploads\/2023\/10\/CIB_Logo_.svg","contentUrl":"https:\/\/www.cib.de\/wp-content\/uploads\/2023\/10\/CIB_Logo_.svg","width":283,"height":128,"caption":"CIB Group"},"image":{"@id":"https:\/\/www.cib.de\/#\/schema\/logo\/image\/"},"sameAs":["https:\/\/www.linkedin.com\/company\/cib\/"]},{"@type":"Person","@id":"https:\/\/www.cib.de\/#\/schema\/person\/4c70f0634b93acb47baacdb671694155","name":"CIB Group","image":{"@type":"ImageObject","inLanguage":"es","@id":"https:\/\/www.cib.de\/wp-content\/uploads\/2023\/03\/logo_signature2.png","url":"https:\/\/www.cib.de\/wp-content\/uploads\/2023\/03\/logo_signature2.png","contentUrl":"https:\/\/www.cib.de\/wp-content\/uploads\/2023\/03\/logo_signature2.png","caption":"CIB Group"},"description":"Expertos en digitalizaci\u00f3n"}]}},"post_mailing_queue_ids":[],"_links":{"self":[{"href":"https:\/\/www.cib.de\/es\/wp-json\/wp\/v2\/posts\/125898","targetHints":{"allow":["GET"]}}],"collection":[{"href":"https:\/\/www.cib.de\/es\/wp-json\/wp\/v2\/posts"}],"about":[{"href":"https:\/\/www.cib.de\/es\/wp-json\/wp\/v2\/types\/post"}],"author":[{"embeddable":true,"href":"https:\/\/www.cib.de\/es\/wp-json\/wp\/v2\/users\/246"}],"replies":[{"embeddable":true,"href":"https:\/\/www.cib.de\/es\/wp-json\/wp\/v2\/comments?post=125898"}],"version-history":[{"count":15,"href":"https:\/\/www.cib.de\/es\/wp-json\/wp\/v2\/posts\/125898\/revisions"}],"predecessor-version":[{"id":126090,"href":"https:\/\/www.cib.de\/es\/wp-json\/wp\/v2\/posts\/125898\/revisions\/126090"}],"wp:featuredmedia":[{"embeddable":true,"href":"https:\/\/www.cib.de\/es\/wp-json\/wp\/v2\/media\/125900"}],"wp:attachment":[{"href":"https:\/\/www.cib.de\/es\/wp-json\/wp\/v2\/media?parent=125898"}],"wp:term":[{"taxonomy":"category","embeddable":true,"href":"https:\/\/www.cib.de\/es\/wp-json\/wp\/v2\/categories?post=125898"},{"taxonomy":"post_tag","embeddable":true,"href":"https:\/\/www.cib.de\/es\/wp-json\/wp\/v2\/tags?post=125898"}],"curies":[{"name":"wp","href":"https:\/\/api.w.org\/{rel}","templated":true}]}}