{"id":130446,"date":"2025-10-15T14:12:34","date_gmt":"2025-10-15T12:12:34","guid":{"rendered":"https:\/\/www.cib.de\/?p=130446"},"modified":"2025-10-15T14:12:35","modified_gmt":"2025-10-15T12:12:35","slug":"teambuilding-portugal-celebracion-3-aniversario-cib-compass","status":"publish","type":"post","link":"https:\/\/www.cib.de\/es\/teambuilding-portugal-feiern-3-jaehrige-jubilaeum-cib-compass\/","title":{"rendered":"Teambuilding: celebramos el tercer aniversario de CIB compass\u00a0"},"content":{"rendered":"<div data-elementor-type=\"wp-post\" data-elementor-id=\"130446\" class=\"elementor elementor-130446\" data-elementor-post-type=\"post\">\n\t\t\t\t\t\t<section class=\"elementor-section elementor-top-section elementor-element elementor-element-9780ba0 elementor-section-boxed elementor-section-height-default elementor-section-height-default\" data-id=\"9780ba0\" data-element_type=\"section\" data-e-type=\"section\">\n\t\t\t\t\t\t<div class=\"elementor-container elementor-column-gap-default\">\n\t\t\t\t\t<div class=\"elementor-column elementor-col-100 elementor-top-column elementor-element elementor-element-628a048\" data-id=\"628a048\" data-element_type=\"column\" data-e-type=\"column\">\n\t\t\t<div class=\"elementor-widget-wrap elementor-element-populated\">\n\t\t\t\t\t\t<div class=\"elementor-element elementor-element-89604a6 elementor-widget elementor-widget-text-editor\" data-id=\"89604a6\" data-element_type=\"widget\" data-e-type=\"widget\" data-widget_type=\"text-editor.default\">\n\t\t\t\t<div class=\"elementor-widget-container\">\n\t\t\t\t\t\t\t\t\t<p class=\"translation-block\">La semana pasada tuvo lugar un d\u00eda especial de encuentro y celebraci\u00f3n para nuestro equipo de Portugal \u2014compa\u00f1eros de las oficinas de Lisboa y Faro\u2014 y el <u>Director General <a href=\"https:\/\/www.linkedin.com\/in\/ulrich-brandner\/\" target=\"_blank\" rel=\"noopener\">Ulrich Brandner<\/a><\/u>.<\/p><p>El d\u00eda comenz\u00f3 con un almuerzo conjunto en nuestra oficina de Faro. Todos tuvieron la oportunidad de intercambiar opiniones, contar historias y celebrar el tercer aniversario de CIB compass. Fue un momento estupendo para reflexionar sobre lo lejos que hemos llegado y para reconocer el trabajo en equipo y el compromiso que lo han hecho posible.<\/p><p class=\"translation-block\">Por la noche, continuamos con nuestra tradici\u00f3n con una divertida actividad de team building en la cervecer\u00eda al aire libre Vila Vita, en la Oktoberfest. El ambiente era muy animado, con deliciosos platos tradicionales alemanes, m\u00fasica en directo y, por supuesto, \u00a1cerveza alemana!<\/p>\t\t\t\t\t\t\t\t<\/div>\n\t\t\t\t<\/div>\n\t\t\t\t<section class=\"elementor-section elementor-inner-section elementor-element elementor-element-7df1e55 elementor-reverse-mobile elementor-section-boxed elementor-section-height-default elementor-section-height-default\" data-id=\"7df1e55\" data-element_type=\"section\" data-e-type=\"section\">\n\t\t\t\t\t\t<div class=\"elementor-container elementor-column-gap-no\">\n\t\t\t\t\t<div class=\"elementor-column elementor-col-50 elementor-inner-column elementor-element elementor-element-fcabe31\" data-id=\"fcabe31\" data-element_type=\"column\" data-e-type=\"column\">\n\t\t\t<div class=\"elementor-widget-wrap elementor-element-populated\">\n\t\t\t\t\t\t<div class=\"elementor-element elementor-element-611fe9c elementor-widget elementor-widget-heading\" data-id=\"611fe9c\" data-element_type=\"widget\" data-e-type=\"widget\" data-widget_type=\"heading.default\">\n\t\t\t\t<div class=\"elementor-widget-container\">\n\t\t\t\t\t<h2 class=\"elementor-heading-title elementor-size-default\">Antiguos compa\u00f1eros, nuevos compa\u00f1eros \n<\/h2>\t\t\t\t<\/div>\n\t\t\t\t<\/div>\n\t\t\t\t<div class=\"elementor-element elementor-element-7528f9d elementor-widget elementor-widget-text-editor\" data-id=\"7528f9d\" data-element_type=\"widget\" data-e-type=\"widget\" data-widget_type=\"text-editor.default\">\n\t\t\t\t<div class=\"elementor-widget-container\">\n\t\t\t\t\t\t\t\t\t<p class=\"translation-block\">Otro momento destacado de la velada fue el <strong>encuentro con nuestros nuevos compa\u00f1eros<\/strong>, que pronto comenzar\u00e1n a trabajar en nuestra oficina de Faro. Fue maravilloso darles la bienvenida por adelantado y compartir la ilusi\u00f3n por formar parte de nuestro equipo en expansi\u00f3n.<\/p>\t\t\t\t\t\t\t\t<\/div>\n\t\t\t\t<\/div>\n\t\t\t\t\t<\/div>\n\t\t<\/div>\n\t\t\t\t<div class=\"elementor-column elementor-col-50 elementor-inner-column elementor-element elementor-element-01abd22\" data-id=\"01abd22\" data-element_type=\"column\" data-e-type=\"column\">\n\t\t\t<div class=\"elementor-widget-wrap elementor-element-populated\">\n\t\t\t\t\t\t<div class=\"elementor-element elementor-element-0e64f0f elementor-widget elementor-widget-image\" data-id=\"0e64f0f\" data-element_type=\"widget\" data-e-type=\"widget\" data-widget_type=\"image.default\">\n\t\t\t\t<div class=\"elementor-widget-container\">\n\t\t\t\t\t\t\t\t\t\t\t\t\t\t\t<img fetchpriority=\"high\" decoding=\"async\" width=\"1024\" height=\"769\" src=\"https:\/\/www.cib.de\/wp-content\/uploads\/2025\/10\/Media-5-1024x769.jpg\" class=\"attachment-large size-large wp-image-130449\" alt=\"\" srcset=\"https:\/\/www.cib.de\/wp-content\/uploads\/2025\/10\/Media-5-1024x769.jpg 1024w, https:\/\/www.cib.de\/wp-content\/uploads\/2025\/10\/Media-5-399x300.jpg 399w, https:\/\/www.cib.de\/wp-content\/uploads\/2025\/10\/Media-5-768x577.jpg 768w, https:\/\/www.cib.de\/wp-content\/uploads\/2025\/10\/Media-5-1536x1154.jpg 1536w, https:\/\/www.cib.de\/wp-content\/uploads\/2025\/10\/Media-5-16x12.jpg 16w, https:\/\/www.cib.de\/wp-content\/uploads\/2025\/10\/Media-5-e1763978218311.jpg 1000w\" sizes=\"(max-width: 1024px) 100vw, 1024px\" \/>\t\t\t\t\t\t\t\t\t\t\t\t\t\t\t<\/div>\n\t\t\t\t<\/div>\n\t\t\t\t\t<\/div>\n\t\t<\/div>\n\t\t\t\t\t<\/div>\n\t\t<\/section>\n\t\t\t\t<div class=\"elementor-element elementor-element-82f4fac elementor-widget elementor-widget-text-editor\" data-id=\"82f4fac\" data-element_type=\"widget\" data-e-type=\"widget\" data-widget_type=\"text-editor.default\">\n\t\t\t\t<div class=\"elementor-widget-container\">\n\t\t\t\t\t\t\t\t\t<p>Much\u00edsimas gracias a todos los que asistieron y contribuyeron a que este d\u00eda fuera tan especial. \u00a1Por muchos m\u00e1s recuerdos bonitos y \u00e9xitos compartidos!<\/p><p>Let\u00b4s CIB!<\/p>\t\t\t\t\t\t\t\t<\/div>\n\t\t\t\t<\/div>\n\t\t\t\t<div class=\"elementor-element elementor-element-190b19e elementor-widget elementor-widget-gallery\" data-id=\"190b19e\" data-element_type=\"widget\" data-e-type=\"widget\" data-settings=\"{&quot;columns&quot;:3,&quot;gap&quot;:{&quot;unit&quot;:&quot;px&quot;,&quot;size&quot;:0,&quot;sizes&quot;:[]},&quot;lazyload&quot;:&quot;yes&quot;,&quot;gallery_layout&quot;:&quot;grid&quot;,&quot;columns_tablet&quot;:2,&quot;columns_mobile&quot;:1,&quot;gap_tablet&quot;:{&quot;unit&quot;:&quot;px&quot;,&quot;size&quot;:10,&quot;sizes&quot;:[]},&quot;gap_mobile&quot;:{&quot;unit&quot;:&quot;px&quot;,&quot;size&quot;:10,&quot;sizes&quot;:[]},&quot;link_to&quot;:&quot;file&quot;,&quot;aspect_ratio&quot;:&quot;3:2&quot;,&quot;overlay_background&quot;:&quot;yes&quot;,&quot;content_hover_animation&quot;:&quot;fade-in&quot;}\" data-widget_type=\"gallery.default\">\n\t\t\t\t<div class=\"elementor-widget-container\">\n\t\t\t\t\t\t\t<div class=\"elementor-gallery__container\">\n\t\t\t\t\t\t\t<a class=\"e-gallery-item elementor-gallery-item elementor-animated-content\" href=\"https:\/\/www.cib.de\/wp-content\/uploads\/2025\/10\/Media-6-e1763978197775.jpg\" data-elementor-open-lightbox=\"yes\" data-elementor-lightbox-slideshow=\"190b19e\" data-elementor-lightbox-title=\"Media (6)\" data-e-action-hash=\"#elementor-action%3Aaction%3Dlightbox%26settings%3DeyJpZCI6MTMwNDUyLCJ1cmwiOiJodHRwczpcL1wvd3d3LmNpYi5kZVwvd3AtY29udGVudFwvdXBsb2Fkc1wvMjAyNVwvMTBcL01lZGlhLTYtZTE3NjM5NzgxOTc3NzUuanBnIiwic2xpZGVzaG93IjoiMTkwYjE5ZSJ9\">\n\t\t\t\t\t<div class=\"e-gallery-image elementor-gallery-item__image\" data-thumbnail=\"https:\/\/www.cib.de\/wp-content\/uploads\/2025\/10\/Media-6-e1763978197775.jpg\" data-width=\"1000\" data-height=\"751\" aria-label=\"\" role=\"img\" ><\/div>\n\t\t\t\t\t\t\t\t\t\t\t<div class=\"elementor-gallery-item__overlay\"><\/div>\n\t\t\t\t\t\t\t\t\t\t\t\t\t\t<\/a>\n\t\t\t\t\t\t\t<a class=\"e-gallery-item elementor-gallery-item elementor-animated-content\" href=\"https:\/\/www.cib.de\/wp-content\/uploads\/2025\/10\/Media-3-e1763978272660.jpg\" data-elementor-open-lightbox=\"yes\" data-elementor-lightbox-slideshow=\"190b19e\" data-elementor-lightbox-title=\"Media (3)\" data-e-action-hash=\"#elementor-action%3Aaction%3Dlightbox%26settings%3DeyJpZCI6MTMwNDUxLCJ1cmwiOiJodHRwczpcL1wvd3d3LmNpYi5kZVwvd3AtY29udGVudFwvdXBsb2Fkc1wvMjAyNVwvMTBcL01lZGlhLTMtZTE3NjM5NzgyNzI2NjAuanBnIiwic2xpZGVzaG93IjoiMTkwYjE5ZSJ9\">\n\t\t\t\t\t<div class=\"e-gallery-image elementor-gallery-item__image\" data-thumbnail=\"https:\/\/www.cib.de\/wp-content\/uploads\/2025\/10\/Media-3-e1763978272660.jpg\" data-width=\"933\" data-height=\"700\" aria-label=\"\" role=\"img\" ><\/div>\n\t\t\t\t\t\t\t\t\t\t\t<div class=\"elementor-gallery-item__overlay\"><\/div>\n\t\t\t\t\t\t\t\t\t\t\t\t\t\t<\/a>\n\t\t\t\t\t\t\t<a class=\"e-gallery-item elementor-gallery-item elementor-animated-content\" href=\"https:\/\/www.cib.de\/wp-content\/uploads\/2025\/10\/Media-2-e1763978221666.jpg\" data-elementor-open-lightbox=\"yes\" data-elementor-lightbox-slideshow=\"190b19e\" data-elementor-lightbox-title=\"Media (2)\" data-e-action-hash=\"#elementor-action%3Aaction%3Dlightbox%26settings%3DeyJpZCI6MTMwNDUwLCJ1cmwiOiJodHRwczpcL1wvd3d3LmNpYi5kZVwvd3AtY29udGVudFwvdXBsb2Fkc1wvMjAyNVwvMTBcL01lZGlhLTItZTE3NjM5NzgyMjE2NjYuanBnIiwic2xpZGVzaG93IjoiMTkwYjE5ZSJ9\">\n\t\t\t\t\t<div class=\"e-gallery-image elementor-gallery-item__image\" data-thumbnail=\"https:\/\/www.cib.de\/wp-content\/uploads\/2025\/10\/Media-2-e1763978221666.jpg\" data-width=\"1000\" data-height=\"750\" aria-label=\"\" role=\"img\" ><\/div>\n\t\t\t\t\t\t\t\t\t\t\t<div class=\"elementor-gallery-item__overlay\"><\/div>\n\t\t\t\t\t\t\t\t\t\t\t\t\t\t<\/a>\n\t\t\t\t\t<\/div>\n\t\t\t\t\t<\/div>\n\t\t\t\t<\/div>\n\t\t\t\t\t<\/div>\n\t\t<\/div>\n\t\t\t\t\t<\/div>\n\t\t<\/section>\n\t\t\t\t<\/div>","protected":false},"excerpt":{"rendered":"<p class=\"translation-block\">La semana pasada tuvo lugar un d\u00eda especial de encuentro y celebraci\u00f3n para nuestro equipo de Portugal \u2014compa\u00f1eros de las oficinas de Lisboa y Faro\u2014 y el <u>Director General <a href=\"https:\/\/www.linkedin.com\/in\/ulrich-brandner\/\" target=\"_blank\" rel=\"noopener\">Ulrich Brandner<\/a><\/u>.<\/p>","protected":false},"author":246,"featured_media":130448,"comment_status":"closed","ping_status":"closed","sticky":false,"template":"","format":"standard","meta":{"_acf_changed":false,"footnotes":""},"categories":[1],"tags":[1980,2268,2332,2387],"class_list":["post-130446","post","type-post","status-publish","format-standard","has-post-thumbnail","hentry","category-cib-group","tag-cib-group","tag-teambuilding","tag-cib-compass","tag-cib-portugal"],"acf":[],"yoast_head":"<!-- This site is optimized with the Yoast SEO plugin v27.5 - https:\/\/yoast.com\/product\/yoast-seo-wordpress\/ -->\n<title>Teambuilding: Wir feiern das 3-j\u00e4hrige Jubil\u00e4um von CIB compass<\/title>\n<meta name=\"description\" content=\"Drei Jahre CIB compass: In der vergangenen Woche fand ein besonderer Tag der Begegnung und Feier f\u00fcr unser Team aus Portugal.\" \/>\n<meta name=\"robots\" content=\"index, follow, max-snippet:-1, max-image-preview:large, max-video-preview:-1\" \/>\n<link rel=\"canonical\" href=\"https:\/\/www.cib.de\/es\/teambuilding-portugal-celebracion-3-aniversario-cib-compass\/\" \/>\n<meta property=\"og:locale\" content=\"es_ES\" \/>\n<meta property=\"og:type\" content=\"article\" \/>\n<meta property=\"og:title\" content=\"Teambuilding: Wir feiern das 3-j\u00e4hrige Jubil\u00e4um von CIB compass\" \/>\n<meta property=\"og:description\" content=\"Drei Jahre CIB compass: In der vergangenen Woche fand ein besonderer Tag der Begegnung und Feier f\u00fcr unser Team aus Portugal.\" \/>\n<meta property=\"og:url\" content=\"https:\/\/www.cib.de\/es\/teambuilding-portugal-celebracion-3-aniversario-cib-compass\/\" \/>\n<meta property=\"og:site_name\" content=\"CIB Group\" \/>\n<meta property=\"article:publisher\" content=\"https:\/\/www.linkedin.com\/company\/cib\/\" \/>\n<meta property=\"article:published_time\" content=\"2025-10-15T12:12:34+00:00\" \/>\n<meta property=\"article:modified_time\" content=\"2025-10-15T12:12:35+00:00\" \/>\n<meta property=\"og:image\" content=\"https:\/\/www.cib.de\/wp-content\/uploads\/2025\/10\/Teambulding-portugal.jpg\" \/>\n\t<meta property=\"og:image:width\" content=\"1600\" \/>\n\t<meta property=\"og:image:height\" content=\"600\" \/>\n\t<meta property=\"og:image:type\" content=\"image\/jpeg\" \/>\n<meta name=\"author\" content=\"CIB Group\" \/>\n<meta name=\"twitter:card\" content=\"summary_large_image\" \/>\n<meta name=\"twitter:label1\" content=\"Escrito por\" \/>\n\t<meta name=\"twitter:data1\" content=\"CIB Group\" \/>\n\t<meta name=\"twitter:label2\" content=\"Tiempo de lectura\" \/>\n\t<meta name=\"twitter:data2\" content=\"1 minuto\" \/>\n<script type=\"application\/ld+json\" class=\"yoast-schema-graph\">{\"@context\":\"https:\\\/\\\/schema.org\",\"@graph\":[{\"@type\":\"Article\",\"@id\":\"https:\\\/\\\/www.cib.de\\\/teambuilding-portugal-feiern-3-jaehrige-jubilaeum-cib-compass\\\/#article\",\"isPartOf\":{\"@id\":\"https:\\\/\\\/www.cib.de\\\/teambuilding-portugal-feiern-3-jaehrige-jubilaeum-cib-compass\\\/\"},\"author\":{\"name\":\"CIB Group\",\"@id\":\"https:\\\/\\\/www.cib.de\\\/#\\\/schema\\\/person\\\/4c70f0634b93acb47baacdb671694155\"},\"headline\":\"Teambuilding in Portugal: Wir feiern das 3-j\u00e4hrige Jubil\u00e4um von CIB compass!\u00a0\",\"datePublished\":\"2025-10-15T12:12:34+00:00\",\"dateModified\":\"2025-10-15T12:12:35+00:00\",\"mainEntityOfPage\":{\"@id\":\"https:\\\/\\\/www.cib.de\\\/teambuilding-portugal-feiern-3-jaehrige-jubilaeum-cib-compass\\\/\"},\"wordCount\":233,\"publisher\":{\"@id\":\"https:\\\/\\\/www.cib.de\\\/#organization\"},\"image\":{\"@id\":\"https:\\\/\\\/www.cib.de\\\/teambuilding-portugal-feiern-3-jaehrige-jubilaeum-cib-compass\\\/#primaryimage\"},\"thumbnailUrl\":\"https:\\\/\\\/www.cib.de\\\/wp-content\\\/uploads\\\/2025\\\/10\\\/Teambulding-portugal.jpg\",\"keywords\":[\"CIB Group\",\"Teambuilding\",\"CIB compass\",\"CIB Portugal\"],\"articleSection\":[\"CIB Group\"],\"inLanguage\":\"es\"},{\"@type\":\"WebPage\",\"@id\":\"https:\\\/\\\/www.cib.de\\\/teambuilding-portugal-feiern-3-jaehrige-jubilaeum-cib-compass\\\/\",\"url\":\"https:\\\/\\\/www.cib.de\\\/teambuilding-portugal-feiern-3-jaehrige-jubilaeum-cib-compass\\\/\",\"name\":\"Teambuilding: Wir feiern das 3-j\u00e4hrige Jubil\u00e4um von CIB compass\",\"isPartOf\":{\"@id\":\"https:\\\/\\\/www.cib.de\\\/#website\"},\"primaryImageOfPage\":{\"@id\":\"https:\\\/\\\/www.cib.de\\\/teambuilding-portugal-feiern-3-jaehrige-jubilaeum-cib-compass\\\/#primaryimage\"},\"image\":{\"@id\":\"https:\\\/\\\/www.cib.de\\\/teambuilding-portugal-feiern-3-jaehrige-jubilaeum-cib-compass\\\/#primaryimage\"},\"thumbnailUrl\":\"https:\\\/\\\/www.cib.de\\\/wp-content\\\/uploads\\\/2025\\\/10\\\/Teambulding-portugal.jpg\",\"datePublished\":\"2025-10-15T12:12:34+00:00\",\"dateModified\":\"2025-10-15T12:12:35+00:00\",\"description\":\"Drei Jahre CIB compass: In der vergangenen Woche fand ein besonderer Tag der Begegnung und Feier f\u00fcr unser Team aus Portugal.\",\"breadcrumb\":{\"@id\":\"https:\\\/\\\/www.cib.de\\\/teambuilding-portugal-feiern-3-jaehrige-jubilaeum-cib-compass\\\/#breadcrumb\"},\"inLanguage\":\"es\",\"potentialAction\":[{\"@type\":\"ReadAction\",\"target\":[\"https:\\\/\\\/www.cib.de\\\/teambuilding-portugal-feiern-3-jaehrige-jubilaeum-cib-compass\\\/\"]}]},{\"@type\":\"ImageObject\",\"inLanguage\":\"es\",\"@id\":\"https:\\\/\\\/www.cib.de\\\/teambuilding-portugal-feiern-3-jaehrige-jubilaeum-cib-compass\\\/#primaryimage\",\"url\":\"https:\\\/\\\/www.cib.de\\\/wp-content\\\/uploads\\\/2025\\\/10\\\/Teambulding-portugal.jpg\",\"contentUrl\":\"https:\\\/\\\/www.cib.de\\\/wp-content\\\/uploads\\\/2025\\\/10\\\/Teambulding-portugal.jpg\",\"width\":1600,\"height\":600},{\"@type\":\"BreadcrumbList\",\"@id\":\"https:\\\/\\\/www.cib.de\\\/teambuilding-portugal-feiern-3-jaehrige-jubilaeum-cib-compass\\\/#breadcrumb\",\"itemListElement\":[{\"@type\":\"ListItem\",\"position\":1,\"name\":\"Home\",\"item\":\"https:\\\/\\\/www.cib.de\\\/\"},{\"@type\":\"ListItem\",\"position\":2,\"name\":\"Teambuilding in Portugal: Wir feiern das 3-j\u00e4hrige Jubil\u00e4um von CIB compass!\u00a0\"}]},{\"@type\":\"WebSite\",\"@id\":\"https:\\\/\\\/www.cib.de\\\/#website\",\"url\":\"https:\\\/\\\/www.cib.de\\\/\",\"name\":\"CIB Group\",\"description\":\"Digitalisierung, Prozessautomatisierung, K\u00fcnstliche Intelligenz\",\"publisher\":{\"@id\":\"https:\\\/\\\/www.cib.de\\\/#organization\"},\"potentialAction\":[{\"@type\":\"SearchAction\",\"target\":{\"@type\":\"EntryPoint\",\"urlTemplate\":\"https:\\\/\\\/www.cib.de\\\/?s={search_term_string}\"},\"query-input\":{\"@type\":\"PropertyValueSpecification\",\"valueRequired\":true,\"valueName\":\"search_term_string\"}}],\"inLanguage\":\"es\"},{\"@type\":\"Organization\",\"@id\":\"https:\\\/\\\/www.cib.de\\\/#organization\",\"name\":\"CIB Group\",\"url\":\"https:\\\/\\\/www.cib.de\\\/\",\"logo\":{\"@type\":\"ImageObject\",\"inLanguage\":\"es\",\"@id\":\"https:\\\/\\\/www.cib.de\\\/#\\\/schema\\\/logo\\\/image\\\/\",\"url\":\"https:\\\/\\\/www.cib.de\\\/wp-content\\\/uploads\\\/2023\\\/10\\\/CIB_Logo_.svg\",\"contentUrl\":\"https:\\\/\\\/www.cib.de\\\/wp-content\\\/uploads\\\/2023\\\/10\\\/CIB_Logo_.svg\",\"width\":283,\"height\":128,\"caption\":\"CIB Group\"},\"image\":{\"@id\":\"https:\\\/\\\/www.cib.de\\\/#\\\/schema\\\/logo\\\/image\\\/\"},\"sameAs\":[\"https:\\\/\\\/www.linkedin.com\\\/company\\\/cib\\\/\"]},{\"@type\":\"Person\",\"@id\":\"https:\\\/\\\/www.cib.de\\\/#\\\/schema\\\/person\\\/4c70f0634b93acb47baacdb671694155\",\"name\":\"CIB Group\",\"image\":{\"@type\":\"ImageObject\",\"inLanguage\":\"es\",\"@id\":\"https:\\\/\\\/www.cib.de\\\/wp-content\\\/uploads\\\/2023\\\/03\\\/logo_signature2.png\",\"url\":\"https:\\\/\\\/www.cib.de\\\/wp-content\\\/uploads\\\/2023\\\/03\\\/logo_signature2.png\",\"contentUrl\":\"https:\\\/\\\/www.cib.de\\\/wp-content\\\/uploads\\\/2023\\\/03\\\/logo_signature2.png\",\"caption\":\"CIB Group\"},\"description\":\"Die Digitalisierungsexperten\"}]}<\/script>\n<!-- \/ Yoast SEO plugin. -->","yoast_head_json":{"title":"Teambuilding: celebramos el tercer aniversario de CIB compass","description":"Tres a\u00f1os de CIB compass: La semana pasada tuvo lugar un d\u00eda especial de encuentro y celebraci\u00f3n para nuestro equipo de Portugal.","robots":{"index":"index","follow":"follow","max-snippet":"max-snippet:-1","max-image-preview":"max-image-preview:large","max-video-preview":"max-video-preview:-1"},"canonical":"https:\/\/www.cib.de\/es\/teambuilding-portugal-celebracion-3-aniversario-cib-compass\/","og_locale":"es_ES","og_type":"article","og_title":"Teambuilding: Wir feiern das 3-j\u00e4hrige Jubil\u00e4um von CIB compass","og_description":"Drei Jahre CIB compass: In der vergangenen Woche fand ein besonderer Tag der Begegnung und Feier f\u00fcr unser Team aus Portugal.","og_url":"https:\/\/www.cib.de\/es\/teambuilding-portugal-celebracion-3-aniversario-cib-compass\/","og_site_name":"CIB Group","article_publisher":"https:\/\/www.linkedin.com\/company\/cib\/","article_published_time":"2025-10-15T12:12:34+00:00","article_modified_time":"2025-10-15T12:12:35+00:00","og_image":[{"width":1600,"height":600,"url":"https:\/\/www.cib.de\/wp-content\/uploads\/2025\/10\/Teambulding-portugal.jpg","type":"image\/jpeg"}],"author":"CIB Group","twitter_card":"summary_large_image","twitter_misc":{"Escrito por":"CIB Group","Tiempo de lectura":"1 minuto"},"schema":{"@context":"https:\/\/schema.org","@graph":[{"@type":"Article","@id":"https:\/\/www.cib.de\/teambuilding-portugal-feiern-3-jaehrige-jubilaeum-cib-compass\/#article","isPartOf":{"@id":"https:\/\/www.cib.de\/teambuilding-portugal-feiern-3-jaehrige-jubilaeum-cib-compass\/"},"author":{"name":"CIB Group","@id":"https:\/\/www.cib.de\/#\/schema\/person\/4c70f0634b93acb47baacdb671694155"},"headline":"Teambuilding in Portugal: Wir feiern das 3-j\u00e4hrige Jubil\u00e4um von CIB compass!\u00a0","datePublished":"2025-10-15T12:12:34+00:00","dateModified":"2025-10-15T12:12:35+00:00","mainEntityOfPage":{"@id":"https:\/\/www.cib.de\/teambuilding-portugal-feiern-3-jaehrige-jubilaeum-cib-compass\/"},"wordCount":233,"publisher":{"@id":"https:\/\/www.cib.de\/#organization"},"image":{"@id":"https:\/\/www.cib.de\/teambuilding-portugal-feiern-3-jaehrige-jubilaeum-cib-compass\/#primaryimage"},"thumbnailUrl":"https:\/\/www.cib.de\/wp-content\/uploads\/2025\/10\/Teambulding-portugal.jpg","keywords":["CIB Group","Teambuilding","CIB compass","CIB Portugal"],"articleSection":["CIB Group"],"inLanguage":"es"},{"@type":"WebPage","@id":"https:\/\/www.cib.de\/teambuilding-portugal-feiern-3-jaehrige-jubilaeum-cib-compass\/","url":"https:\/\/www.cib.de\/teambuilding-portugal-feiern-3-jaehrige-jubilaeum-cib-compass\/","name":"Teambuilding: celebramos el tercer aniversario de CIB compass","isPartOf":{"@id":"https:\/\/www.cib.de\/#website"},"primaryImageOfPage":{"@id":"https:\/\/www.cib.de\/teambuilding-portugal-feiern-3-jaehrige-jubilaeum-cib-compass\/#primaryimage"},"image":{"@id":"https:\/\/www.cib.de\/teambuilding-portugal-feiern-3-jaehrige-jubilaeum-cib-compass\/#primaryimage"},"thumbnailUrl":"https:\/\/www.cib.de\/wp-content\/uploads\/2025\/10\/Teambulding-portugal.jpg","datePublished":"2025-10-15T12:12:34+00:00","dateModified":"2025-10-15T12:12:35+00:00","description":"Tres a\u00f1os de CIB compass: La semana pasada tuvo lugar un d\u00eda especial de encuentro y celebraci\u00f3n para nuestro equipo de Portugal.","breadcrumb":{"@id":"https:\/\/www.cib.de\/teambuilding-portugal-feiern-3-jaehrige-jubilaeum-cib-compass\/#breadcrumb"},"inLanguage":"es","potentialAction":[{"@type":"ReadAction","target":["https:\/\/www.cib.de\/teambuilding-portugal-feiern-3-jaehrige-jubilaeum-cib-compass\/"]}]},{"@type":"ImageObject","inLanguage":"es","@id":"https:\/\/www.cib.de\/teambuilding-portugal-feiern-3-jaehrige-jubilaeum-cib-compass\/#primaryimage","url":"https:\/\/www.cib.de\/wp-content\/uploads\/2025\/10\/Teambulding-portugal.jpg","contentUrl":"https:\/\/www.cib.de\/wp-content\/uploads\/2025\/10\/Teambulding-portugal.jpg","width":1600,"height":600},{"@type":"BreadcrumbList","@id":"https:\/\/www.cib.de\/teambuilding-portugal-feiern-3-jaehrige-jubilaeum-cib-compass\/#breadcrumb","itemListElement":[{"@type":"ListItem","position":1,"name":"Home","item":"https:\/\/www.cib.de\/"},{"@type":"ListItem","position":2,"name":"Teambuilding in Portugal: Wir feiern das 3-j\u00e4hrige Jubil\u00e4um von CIB compass!\u00a0"}]},{"@type":"WebSite","@id":"https:\/\/www.cib.de\/#website","url":"https:\/\/www.cib.de\/","name":"CIB Group","description":"Digitalisierung, Prozessautomatisierung, K\u00fcnstliche Intelligenz","publisher":{"@id":"https:\/\/www.cib.de\/#organization"},"potentialAction":[{"@type":"SearchAction","target":{"@type":"EntryPoint","urlTemplate":"https:\/\/www.cib.de\/?s={search_term_string}"},"query-input":{"@type":"PropertyValueSpecification","valueRequired":true,"valueName":"search_term_string"}}],"inLanguage":"es"},{"@type":"Organization","@id":"https:\/\/www.cib.de\/#organization","name":"CIB Group","url":"https:\/\/www.cib.de\/","logo":{"@type":"ImageObject","inLanguage":"es","@id":"https:\/\/www.cib.de\/#\/schema\/logo\/image\/","url":"https:\/\/www.cib.de\/wp-content\/uploads\/2023\/10\/CIB_Logo_.svg","contentUrl":"https:\/\/www.cib.de\/wp-content\/uploads\/2023\/10\/CIB_Logo_.svg","width":283,"height":128,"caption":"CIB Group"},"image":{"@id":"https:\/\/www.cib.de\/#\/schema\/logo\/image\/"},"sameAs":["https:\/\/www.linkedin.com\/company\/cib\/"]},{"@type":"Person","@id":"https:\/\/www.cib.de\/#\/schema\/person\/4c70f0634b93acb47baacdb671694155","name":"CIB Group","image":{"@type":"ImageObject","inLanguage":"es","@id":"https:\/\/www.cib.de\/wp-content\/uploads\/2023\/03\/logo_signature2.png","url":"https:\/\/www.cib.de\/wp-content\/uploads\/2023\/03\/logo_signature2.png","contentUrl":"https:\/\/www.cib.de\/wp-content\/uploads\/2023\/03\/logo_signature2.png","caption":"CIB Group"},"description":"Expertos en digitalizaci\u00f3n"}]}},"post_mailing_queue_ids":[],"_links":{"self":[{"href":"https:\/\/www.cib.de\/es\/wp-json\/wp\/v2\/posts\/130446","targetHints":{"allow":["GET"]}}],"collection":[{"href":"https:\/\/www.cib.de\/es\/wp-json\/wp\/v2\/posts"}],"about":[{"href":"https:\/\/www.cib.de\/es\/wp-json\/wp\/v2\/types\/post"}],"author":[{"embeddable":true,"href":"https:\/\/www.cib.de\/es\/wp-json\/wp\/v2\/users\/246"}],"replies":[{"embeddable":true,"href":"https:\/\/www.cib.de\/es\/wp-json\/wp\/v2\/comments?post=130446"}],"version-history":[{"count":21,"href":"https:\/\/www.cib.de\/es\/wp-json\/wp\/v2\/posts\/130446\/revisions"}],"predecessor-version":[{"id":130602,"href":"https:\/\/www.cib.de\/es\/wp-json\/wp\/v2\/posts\/130446\/revisions\/130602"}],"wp:featuredmedia":[{"embeddable":true,"href":"https:\/\/www.cib.de\/es\/wp-json\/wp\/v2\/media\/130448"}],"wp:attachment":[{"href":"https:\/\/www.cib.de\/es\/wp-json\/wp\/v2\/media?parent=130446"}],"wp:term":[{"taxonomy":"category","embeddable":true,"href":"https:\/\/www.cib.de\/es\/wp-json\/wp\/v2\/categories?post=130446"},{"taxonomy":"post_tag","embeddable":true,"href":"https:\/\/www.cib.de\/es\/wp-json\/wp\/v2\/tags?post=130446"}],"curies":[{"name":"wp","href":"https:\/\/api.w.org\/{rel}","templated":true}]}}