{"id":133682,"date":"2026-01-28T15:06:14","date_gmt":"2026-01-28T14:06:14","guid":{"rendered":"https:\/\/www.cib.de\/?p=133682"},"modified":"2026-01-28T15:06:16","modified_gmt":"2026-01-28T14:06:16","slug":"cib-teambuilding-en-las-palmas-equipo-y-crecimiento","status":"publish","type":"post","link":"https:\/\/www.cib.de\/es\/cib-teambuilding-in-las-palmas-zusammenarbeit-wachstum\/","title":{"rendered":"Conectar personas, dar forma al futuro - CIB Teambuilding en Las Palmas"},"content":{"rendered":"<div data-elementor-type=\"wp-post\" data-elementor-id=\"133682\" class=\"elementor elementor-133682\" data-elementor-post-type=\"post\">\n\t\t\t\t\t\t<section class=\"elementor-section elementor-top-section elementor-element elementor-element-96fdd26 elementor-section-boxed elementor-section-height-default elementor-section-height-default\" data-id=\"96fdd26\" data-element_type=\"section\" data-e-type=\"section\">\n\t\t\t\t\t\t<div class=\"elementor-container elementor-column-gap-default\">\n\t\t\t\t\t<div class=\"elementor-column elementor-col-100 elementor-top-column elementor-element elementor-element-a282019\" data-id=\"a282019\" data-element_type=\"column\" data-e-type=\"column\">\n\t\t\t<div class=\"elementor-widget-wrap elementor-element-populated\">\n\t\t\t\t\t\t<div class=\"elementor-element elementor-element-0aa37a1 elementor-widget elementor-widget-text-editor\" data-id=\"0aa37a1\" data-element_type=\"widget\" data-e-type=\"widget\" data-widget_type=\"text-editor.default\">\n\t\t\t\t<div class=\"elementor-widget-container translation-block\">El pasado mi\u00e9rcoles 21 de enero tuvo lugar en las instalaciones de <strong>CIB labs S.L. en Las Palmas<\/strong> la segunda parte de nuestro taller de team building de CIB. Ya el <strong>17 de diciembre<\/strong> hab\u00edamos realizado el primer taller en el marco de nuestro cierre de ejercicio. Con la continuaci\u00f3n, retomamos el tema con muchas ideas valiosas, un intenso intercambio personal y una visi\u00f3n clara del futuro.<\/div>\n\t\t\t\t<\/div>\n\t\t\t\t<div class=\"elementor-element elementor-element-634e224 elementor-widget elementor-widget-heading\" data-id=\"634e224\" data-element_type=\"widget\" data-e-type=\"widget\" data-widget_type=\"heading.default\">\n\t\t\t\t<div class=\"elementor-widget-container\">\n\t\t\t\t\t<h2 class=\"elementor-heading-title elementor-size-default\">Impresiones personales y conocimiento mutuo<\/h2>\t\t\t\t<\/div>\n\t\t\t\t<\/div>\n\t\t\t\t<section class=\"elementor-section elementor-inner-section elementor-element elementor-element-596f837 elementor-section-full_width elementor-reverse-mobile elementor-section-height-default elementor-section-height-default\" data-id=\"596f837\" data-element_type=\"section\" data-e-type=\"section\">\n\t\t\t\t\t\t<div class=\"elementor-container elementor-column-gap-no\">\n\t\t\t\t\t<div class=\"elementor-column elementor-col-50 elementor-inner-column elementor-element elementor-element-f528aba\" data-id=\"f528aba\" data-element_type=\"column\" data-e-type=\"column\">\n\t\t\t<div class=\"elementor-widget-wrap elementor-element-populated\">\n\t\t\t\t\t\t<div class=\"elementor-element elementor-element-8b12da4 elementor-widget elementor-widget-text-editor\" data-id=\"8b12da4\" data-element_type=\"widget\" data-e-type=\"widget\" data-widget_type=\"text-editor.default\">\n\t\t\t\t<div class=\"elementor-widget-container\">\n\t\t\t\t\t\t\t\t\tEl intercambio personal fue el tema central de los dos d\u00edas del taller. Los compa\u00f1eros tuvieron la oportunidad de presentarse a s\u00ed mismos y su trabajo. El taller ofreci\u00f3 a nuestros nuevos empleados la oportunidad de conocer al equipo y obtener valiosa informaci\u00f3n sobre CIB Group. \t\t\t\t\t\t\t\t<\/div>\n\t\t\t\t<\/div>\n\t\t\t\t\t<\/div>\n\t\t<\/div>\n\t\t\t\t<div class=\"elementor-column elementor-col-50 elementor-inner-column elementor-element elementor-element-3da7228\" data-id=\"3da7228\" data-element_type=\"column\" data-e-type=\"column\">\n\t\t\t<div class=\"elementor-widget-wrap elementor-element-populated\">\n\t\t\t\t\t\t<div class=\"elementor-element elementor-element-b81c681 elementor-widget elementor-widget-image\" data-id=\"b81c681\" data-element_type=\"widget\" data-e-type=\"widget\" data-widget_type=\"image.default\">\n\t\t\t\t<div class=\"elementor-widget-container\">\n\t\t\t\t\t\t\t\t\t\t\t\t\t\t\t<img fetchpriority=\"high\" decoding=\"async\" width=\"675\" height=\"450\" src=\"https:\/\/www.cib.de\/wp-content\/uploads\/2026\/01\/IMG_4657.jpg\" class=\"attachment-large size-large wp-image-133688\" alt=\"\" srcset=\"https:\/\/www.cib.de\/wp-content\/uploads\/2026\/01\/IMG_4657.jpg 675w, https:\/\/www.cib.de\/wp-content\/uploads\/2026\/01\/IMG_4657-450x300.jpg 450w, https:\/\/www.cib.de\/wp-content\/uploads\/2026\/01\/IMG_4657-18x12.jpg 18w\" sizes=\"(max-width: 675px) 100vw, 675px\" \/>\t\t\t\t\t\t\t\t\t\t\t\t\t\t\t<\/div>\n\t\t\t\t<\/div>\n\t\t\t\t\t<\/div>\n\t\t<\/div>\n\t\t\t\t\t<\/div>\n\t\t<\/section>\n\t\t\t\t<div class=\"elementor-element elementor-element-e11b94e elementor-widget elementor-widget-heading\" data-id=\"e11b94e\" data-element_type=\"widget\" data-e-type=\"widget\" data-widget_type=\"heading.default\">\n\t\t\t\t<div class=\"elementor-widget-container\">\n\t\t\t\t\t<h2 class=\"elementor-heading-title elementor-size-default\">Modelos de trabajo, colaboraci\u00f3n y desarrollo continuo<\/h2>\t\t\t\t<\/div>\n\t\t\t\t<\/div>\n\t\t\t\t<div class=\"elementor-element elementor-element-1677da3 elementor-widget elementor-widget-text-editor\" data-id=\"1677da3\" data-element_type=\"widget\" data-e-type=\"widget\" data-widget_type=\"text-editor.default\">\n\t\t\t\t<div class=\"elementor-widget-container\">\n\t\t\t\t\t\t\t\t\t<p>Otro punto central del taller fue la reflexi\u00f3n conjunta sobre nuestra forma de trabajar en equipo. Entre otros, se debatieron los siguientes temas:<\/p><ul><li>Lugares de trabajo y modelos de presencia (oficina, teletrabajo o h\u00edbrido)<\/li><li>Contactos y esp\u00edritu de equipo, tanto in situ como a distancia.<\/li><li>Oportunidades de formaci\u00f3n continua: con la IA como protagonista<\/li><\/ul>\t\t\t\t\t\t\t\t<\/div>\n\t\t\t\t<\/div>\n\t\t\t\t<div class=\"elementor-element elementor-element-f1dcd3f elementor-widget elementor-widget-text-editor\" data-id=\"f1dcd3f\" data-element_type=\"widget\" data-e-type=\"widget\" data-widget_type=\"text-editor.default\">\n\t\t\t\t<div class=\"elementor-widget-container\">\n\t\t\t\t\t\t\t\t\t<p class=\"translation-block\">Adem\u00e1s, las ponencias tambi\u00e9n se centraron en el conocimiento sobre nuestros <strong>clientes<\/strong> y nuestras actuales <strong>soluciones de automatizaci\u00f3n e inteligencia artificial<\/strong>. El objetivo era seguir reforzando la comprensi\u00f3n com\u00fan de la orientaci\u00f3n estrat\u00e9gica de CIB Group. <br>Adem\u00e1s, <a href=\"https:\/\/www.linkedin.com\/in\/walterperezherrera\/\" target=\"_self\"><span style=\"text-decoration: underline\"><strong>Walter P\u00e9rez<\/strong><\/span><\/a>, director general de CIB en las Islas Canarias, ofreci\u00f3 interesantes perspectivas sobre las <strong>actividades de ventas y los \u00e9xitos actuales en Espa\u00f1a<\/strong>.<\/p>\t\t\t\t\t\t\t\t<\/div>\n\t\t\t\t<\/div>\n\t\t\t\t<div class=\"elementor-element elementor-element-e00ab52 elementor-widget elementor-widget-heading\" data-id=\"e00ab52\" data-element_type=\"widget\" data-e-type=\"widget\" data-widget_type=\"heading.default\">\n\t\t\t\t<div class=\"elementor-widget-container\">\n\t\t\t\t\t<h2 class=\"elementor-heading-title elementor-size-default\">Mirando hacia el futuro: crecimiento y perspectivas internacionales<\/h2>\t\t\t\t<\/div>\n\t\t\t\t<\/div>\n\t\t\t\t<section class=\"elementor-section elementor-inner-section elementor-element elementor-element-faa5498 elementor-section-full_width elementor-reverse-mobile elementor-section-height-default elementor-section-height-default\" data-id=\"faa5498\" data-element_type=\"section\" data-e-type=\"section\">\n\t\t\t\t\t\t<div class=\"elementor-container elementor-column-gap-no\">\n\t\t\t\t\t<div class=\"elementor-column elementor-col-50 elementor-inner-column elementor-element elementor-element-1846aff\" data-id=\"1846aff\" data-element_type=\"column\" data-e-type=\"column\">\n\t\t\t<div class=\"elementor-widget-wrap elementor-element-populated\">\n\t\t\t\t\t\t<div class=\"elementor-element elementor-element-8894c86 elementor-widget elementor-widget-image\" data-id=\"8894c86\" data-element_type=\"widget\" data-e-type=\"widget\" data-widget_type=\"image.default\">\n\t\t\t\t<div class=\"elementor-widget-container\">\n\t\t\t\t\t\t\t\t\t\t\t\t\t\t\t<img decoding=\"async\" width=\"600\" height=\"401\" src=\"https:\/\/www.cib.de\/wp-content\/uploads\/2026\/01\/Picture1.jpg\" class=\"attachment-large size-large wp-image-133692\" alt=\"\" srcset=\"https:\/\/www.cib.de\/wp-content\/uploads\/2026\/01\/Picture1.jpg 600w, https:\/\/www.cib.de\/wp-content\/uploads\/2026\/01\/Picture1-449x300.jpg 449w, https:\/\/www.cib.de\/wp-content\/uploads\/2026\/01\/Picture1-18x12.jpg 18w\" sizes=\"(max-width: 600px) 100vw, 600px\" \/>\t\t\t\t\t\t\t\t\t\t\t\t\t\t\t<\/div>\n\t\t\t\t<\/div>\n\t\t\t\t\t<\/div>\n\t\t<\/div>\n\t\t\t\t<div class=\"elementor-column elementor-col-50 elementor-inner-column elementor-element elementor-element-cb9ac29\" data-id=\"cb9ac29\" data-element_type=\"column\" data-e-type=\"column\">\n\t\t\t<div class=\"elementor-widget-wrap elementor-element-populated\">\n\t\t\t\t\t\t<div class=\"elementor-element elementor-element-a5767aa elementor-widget elementor-widget-text-editor\" data-id=\"a5767aa\" data-element_type=\"widget\" data-e-type=\"widget\" data-widget_type=\"text-editor.default\">\n\t\t\t\t<div class=\"elementor-widget-container translation-block\"><a href=\"https:\/\/www.linkedin.com\/in\/ulrich-brandner\" target=\"_blank\" rel=\"noopener\"><span style=\"text-decoration: underline\"><strong>Ulrich Brandner<\/strong><\/span><\/a>, nuestro director general en Espa\u00f1a y propietario de CIB Group, acompa\u00f1\u00f3 durante todo el taller y ofreci\u00f3 interesantes perspectivas sobre los <strong>planes de expansi\u00f3n en Asia con <a href=\"https:\/\/cibseven.org\/es\/\" target=\"_blank\" rel=\"noopener\"><span style=\"text-decoration: underline\">CIB seven<\/span><\/a><\/strong>. La ubicaci\u00f3n prevista es Singapur, un centro econ\u00f3mico y tecnol\u00f3gico de vanguardia impulsado por la innovaci\u00f3n y uno de los <strong>nudos estrat\u00e9gicos m\u00e1s importantes de Asia<\/strong>.<\/div>\n\t\t\t\t<\/div>\n\t\t\t\t\t<\/div>\n\t\t<\/div>\n\t\t\t\t\t<\/div>\n\t\t<\/section>\n\t\t\t\t<div class=\"elementor-element elementor-element-31e5a40 elementor-widget elementor-widget-text-editor\" data-id=\"31e5a40\" data-element_type=\"widget\" data-e-type=\"widget\" data-widget_type=\"text-editor.default\">\n\t\t\t\t<div class=\"elementor-widget-container\">\n\t\t\t\t\t\t\t\t\t<p class=\"translation-block\">Singapur combina una <strong>excelente infraestructura digital<\/strong>, un entorno econ\u00f3mico estable y una red internacional con un alto nivel de <strong>competencia tecnol\u00f3gica<\/strong>. Por lo tanto, la ubicaci\u00f3n ofrece las condiciones ideales para un <strong>crecimiento sostenible<\/strong>, la expansi\u00f3n de nuestra <strong>capacidad de innovaci\u00f3n<\/strong> y el posicionamiento de <strong>CIB Group<\/strong> en los mercados asi\u00e1ticos. En este contexto, tambi\u00e9n se discuti\u00f3 la formaci\u00f3n prevista del equipo.<\/p>\t\t\t\t\t\t\t\t<\/div>\n\t\t\t\t<\/div>\n\t\t\t\t<div class=\"elementor-element elementor-element-29c8656 elementor-widget elementor-widget-heading\" data-id=\"29c8656\" data-element_type=\"widget\" data-e-type=\"widget\" data-widget_type=\"heading.default\">\n\t\t\t\t<div class=\"elementor-widget-container\">\n\t\t\t\t\t<h2 class=\"elementor-heading-title elementor-size-default\">El portal para procesos de facturaci\u00f3n eficientes<\/h2>\t\t\t\t<\/div>\n\t\t\t\t<\/div>\n\t\t\t\t<div class=\"elementor-element elementor-element-c5e2dad elementor-widget elementor-widget-text-editor\" data-id=\"c5e2dad\" data-element_type=\"widget\" data-e-type=\"widget\" data-widget_type=\"text-editor.default\">\n\t\t\t\t<div class=\"elementor-widget-container\">\n\t\t\t\t\t\t\t\t\t<p>El taller de formaci\u00f3n de equipos celebrado en Las Palmas ha demostrado una vez m\u00e1s lo importantes que son el intercambio personal, la transparencia y el entendimiento mutuo para una colaboraci\u00f3n exitosa, especialmente en un entorno de trabajo internacional e h\u00edbrido.<\/p><p>Queremos expresar nuestro agradecimiento a Ulrich Brander, por hacer posible estos talleres y promover activamente el intercambio abierto dentro de CIB Group. Esperamos con inter\u00e9s los pr\u00f3ximos pasos que daremos juntos.<\/p><p>Let\u2019s CIB!<\/p>\t\t\t\t\t\t\t\t<\/div>\n\t\t\t\t<\/div>\n\t\t\t\t<div class=\"elementor-element elementor-element-6476bc5 elementor-widget elementor-widget-gallery\" data-id=\"6476bc5\" data-element_type=\"widget\" data-e-type=\"widget\" data-settings=\"{&quot;columns&quot;:3,&quot;gap&quot;:{&quot;unit&quot;:&quot;px&quot;,&quot;size&quot;:0,&quot;sizes&quot;:[]},&quot;lazyload&quot;:&quot;yes&quot;,&quot;gallery_layout&quot;:&quot;grid&quot;,&quot;columns_tablet&quot;:2,&quot;columns_mobile&quot;:1,&quot;gap_tablet&quot;:{&quot;unit&quot;:&quot;px&quot;,&quot;size&quot;:10,&quot;sizes&quot;:[]},&quot;gap_mobile&quot;:{&quot;unit&quot;:&quot;px&quot;,&quot;size&quot;:10,&quot;sizes&quot;:[]},&quot;link_to&quot;:&quot;file&quot;,&quot;aspect_ratio&quot;:&quot;3:2&quot;,&quot;overlay_background&quot;:&quot;yes&quot;,&quot;content_hover_animation&quot;:&quot;fade-in&quot;}\" data-widget_type=\"gallery.default\">\n\t\t\t\t<div class=\"elementor-widget-container\">\n\t\t\t\t\t\t\t<div class=\"elementor-gallery__container\">\n\t\t\t\t\t\t\t<a class=\"e-gallery-item elementor-gallery-item elementor-animated-content\" href=\"https:\/\/www.cib.de\/wp-content\/uploads\/2026\/01\/IMG_419.jpg\" data-elementor-open-lightbox=\"yes\" data-elementor-lightbox-slideshow=\"6476bc5\" data-elementor-lightbox-title=\"IMG_419\" data-e-action-hash=\"#elementor-action%3Aaction%3Dlightbox%26settings%3DeyJpZCI6MTMzNjk4LCJ1cmwiOiJodHRwczpcL1wvd3d3LmNpYi5kZVwvd3AtY29udGVudFwvdXBsb2Fkc1wvMjAyNlwvMDFcL0lNR180MTkuanBnIiwic2xpZGVzaG93IjoiNjQ3NmJjNSJ9\">\n\t\t\t\t\t<div class=\"e-gallery-image elementor-gallery-item__image\" data-thumbnail=\"https:\/\/www.cib.de\/wp-content\/uploads\/2026\/01\/IMG_419.jpg\" data-width=\"600\" data-height=\"450\" aria-label=\"\" role=\"img\" ><\/div>\n\t\t\t\t\t\t\t\t\t\t\t<div class=\"elementor-gallery-item__overlay\"><\/div>\n\t\t\t\t\t\t\t\t\t\t\t\t\t\t<\/a>\n\t\t\t\t\t\t\t<a class=\"e-gallery-item elementor-gallery-item elementor-animated-content\" href=\"https:\/\/www.cib.de\/wp-content\/uploads\/2026\/01\/IMG_4776.jpg\" data-elementor-open-lightbox=\"yes\" data-elementor-lightbox-slideshow=\"6476bc5\" data-elementor-lightbox-title=\"IMG_4776\" data-e-action-hash=\"#elementor-action%3Aaction%3Dlightbox%26settings%3DeyJpZCI6MTMzNjk2LCJ1cmwiOiJodHRwczpcL1wvd3d3LmNpYi5kZVwvd3AtY29udGVudFwvdXBsb2Fkc1wvMjAyNlwvMDFcL0lNR180Nzc2LmpwZyIsInNsaWRlc2hvdyI6IjY0NzZiYzUifQ%3D%3D\">\n\t\t\t\t\t<div class=\"e-gallery-image elementor-gallery-item__image\" data-thumbnail=\"https:\/\/www.cib.de\/wp-content\/uploads\/2026\/01\/IMG_4776.jpg\" data-width=\"600\" data-height=\"430\" aria-label=\"\" role=\"img\" ><\/div>\n\t\t\t\t\t\t\t\t\t\t\t<div class=\"elementor-gallery-item__overlay\"><\/div>\n\t\t\t\t\t\t\t\t\t\t\t\t\t\t<\/a>\n\t\t\t\t\t\t\t<a class=\"e-gallery-item elementor-gallery-item elementor-animated-content\" href=\"https:\/\/www.cib.de\/wp-content\/uploads\/2026\/01\/IMG_4662.jpg\" data-elementor-open-lightbox=\"yes\" data-elementor-lightbox-slideshow=\"6476bc5\" data-elementor-lightbox-title=\"IMG_4662\" data-e-action-hash=\"#elementor-action%3Aaction%3Dlightbox%26settings%3DeyJpZCI6MTMzNjk1LCJ1cmwiOiJodHRwczpcL1wvd3d3LmNpYi5kZVwvd3AtY29udGVudFwvdXBsb2Fkc1wvMjAyNlwvMDFcL0lNR180NjYyLmpwZyIsInNsaWRlc2hvdyI6IjY0NzZiYzUifQ%3D%3D\">\n\t\t\t\t\t<div class=\"e-gallery-image elementor-gallery-item__image\" data-thumbnail=\"https:\/\/www.cib.de\/wp-content\/uploads\/2026\/01\/IMG_4662.jpg\" data-width=\"675\" data-height=\"450\" aria-label=\"\" role=\"img\" ><\/div>\n\t\t\t\t\t\t\t\t\t\t\t<div class=\"elementor-gallery-item__overlay\"><\/div>\n\t\t\t\t\t\t\t\t\t\t\t\t\t\t<\/a>\n\t\t\t\t\t\t\t<a class=\"e-gallery-item elementor-gallery-item elementor-animated-content\" href=\"https:\/\/www.cib.de\/wp-content\/uploads\/2026\/01\/IMG_4638.jpg\" data-elementor-open-lightbox=\"yes\" data-elementor-lightbox-slideshow=\"6476bc5\" data-elementor-lightbox-title=\"IMG_4638\" data-e-action-hash=\"#elementor-action%3Aaction%3Dlightbox%26settings%3DeyJpZCI6MTMzNjk0LCJ1cmwiOiJodHRwczpcL1wvd3d3LmNpYi5kZVwvd3AtY29udGVudFwvdXBsb2Fkc1wvMjAyNlwvMDFcL0lNR180NjM4LmpwZyIsInNsaWRlc2hvdyI6IjY0NzZiYzUifQ%3D%3D\">\n\t\t\t\t\t<div class=\"e-gallery-image elementor-gallery-item__image\" data-thumbnail=\"https:\/\/www.cib.de\/wp-content\/uploads\/2026\/01\/IMG_4638.jpg\" data-width=\"675\" data-height=\"450\" aria-label=\"\" role=\"img\" ><\/div>\n\t\t\t\t\t\t\t\t\t\t\t<div class=\"elementor-gallery-item__overlay\"><\/div>\n\t\t\t\t\t\t\t\t\t\t\t\t\t\t<\/a>\n\t\t\t\t\t\t\t<a class=\"e-gallery-item elementor-gallery-item elementor-animated-content\" href=\"https:\/\/www.cib.de\/wp-content\/uploads\/2026\/01\/IMG_4645.jpg\" data-elementor-open-lightbox=\"yes\" data-elementor-lightbox-slideshow=\"6476bc5\" data-elementor-lightbox-title=\"IMG_4645\" data-e-action-hash=\"#elementor-action%3Aaction%3Dlightbox%26settings%3DeyJpZCI6MTMzNjkzLCJ1cmwiOiJodHRwczpcL1wvd3d3LmNpYi5kZVwvd3AtY29udGVudFwvdXBsb2Fkc1wvMjAyNlwvMDFcL0lNR180NjQ1LmpwZyIsInNsaWRlc2hvdyI6IjY0NzZiYzUifQ%3D%3D\">\n\t\t\t\t\t<div class=\"e-gallery-image elementor-gallery-item__image\" data-thumbnail=\"https:\/\/www.cib.de\/wp-content\/uploads\/2026\/01\/IMG_4645.jpg\" data-width=\"675\" data-height=\"450\" aria-label=\"\" role=\"img\" ><\/div>\n\t\t\t\t\t\t\t\t\t\t\t<div class=\"elementor-gallery-item__overlay\"><\/div>\n\t\t\t\t\t\t\t\t\t\t\t\t\t\t<\/a>\n\t\t\t\t\t\t\t<a class=\"e-gallery-item elementor-gallery-item elementor-animated-content\" href=\"https:\/\/www.cib.de\/wp-content\/uploads\/2026\/01\/IMG_4782.jpg\" data-elementor-open-lightbox=\"yes\" data-elementor-lightbox-slideshow=\"6476bc5\" data-elementor-lightbox-title=\"IMG_4782\" data-e-action-hash=\"#elementor-action%3Aaction%3Dlightbox%26settings%3DeyJpZCI6MTMzNjk3LCJ1cmwiOiJodHRwczpcL1wvd3d3LmNpYi5kZVwvd3AtY29udGVudFwvdXBsb2Fkc1wvMjAyNlwvMDFcL0lNR180NzgyLmpwZyIsInNsaWRlc2hvdyI6IjY0NzZiYzUifQ%3D%3D\">\n\t\t\t\t\t<div class=\"e-gallery-image elementor-gallery-item__image\" data-thumbnail=\"https:\/\/www.cib.de\/wp-content\/uploads\/2026\/01\/IMG_4782.jpg\" data-width=\"600\" data-height=\"493\" aria-label=\"\" role=\"img\" ><\/div>\n\t\t\t\t\t\t\t\t\t\t\t<div class=\"elementor-gallery-item__overlay\"><\/div>\n\t\t\t\t\t\t\t\t\t\t\t\t\t\t<\/a>\n\t\t\t\t\t<\/div>\n\t\t\t\t\t<\/div>\n\t\t\t\t<\/div>\n\t\t\t\t\t<\/div>\n\t\t<\/div>\n\t\t\t\t\t<\/div>\n\t\t<\/section>\n\t\t\t\t<\/div>","protected":false},"excerpt":{"rendered":"<p>El pasado mi\u00e9rcoles 21 de enero tuvo lugar en las instalaciones de CIB labs S.L. en Las Palmas la segunda parte de nuestro taller de team building de CIB. El 17 de diciembre ya hab\u00edamos realizado el primer taller en el marco de nuestra clausura anual. <\/p>","protected":false},"author":246,"featured_media":133684,"comment_status":"closed","ping_status":"closed","sticky":false,"template":"","format":"standard","meta":{"_acf_changed":false,"footnotes":""},"categories":[1],"tags":[1980,2268],"class_list":["post-133682","post","type-post","status-publish","format-standard","has-post-thumbnail","hentry","category-cib-group","tag-cib-group","tag-teambuilding"],"acf":[],"yoast_head":"<!-- This site is optimized with the Yoast SEO plugin v27.5 - https:\/\/yoast.com\/product\/yoast-seo-wordpress\/ -->\n<title>CIB Teambuilding in Las Palmas: Zusammenarbeit und Wachstum<\/title>\n<meta name=\"description\" content=\"Beim CIB Teambuilding in Las Palmas standen Austausch, Zusammenarbeit und gemeinsame Zukunftsperspektiven im Fokus.\" \/>\n<meta name=\"robots\" content=\"index, follow, max-snippet:-1, max-image-preview:large, max-video-preview:-1\" \/>\n<link rel=\"canonical\" href=\"https:\/\/www.cib.de\/es\/cib-teambuilding-en-las-palmas-equipo-y-crecimiento\/\" \/>\n<meta property=\"og:locale\" content=\"es_ES\" \/>\n<meta property=\"og:type\" content=\"article\" \/>\n<meta property=\"og:title\" content=\"CIB Teambuilding in Las Palmas: Zusammenarbeit und Wachstum\" \/>\n<meta property=\"og:description\" content=\"Beim CIB Teambuilding in Las Palmas standen Austausch, Zusammenarbeit und gemeinsame Zukunftsperspektiven im Fokus.\" \/>\n<meta property=\"og:url\" content=\"https:\/\/www.cib.de\/es\/cib-teambuilding-en-las-palmas-equipo-y-crecimiento\/\" \/>\n<meta property=\"og:site_name\" content=\"CIB Group\" \/>\n<meta property=\"article:publisher\" content=\"https:\/\/www.linkedin.com\/company\/cib\/\" \/>\n<meta property=\"article:published_time\" content=\"2026-01-28T14:06:14+00:00\" \/>\n<meta property=\"article:modified_time\" content=\"2026-01-28T14:06:16+00:00\" \/>\n<meta property=\"og:image\" content=\"https:\/\/www.cib.de\/wp-content\/uploads\/2026\/01\/HG_2.jpg\" \/>\n\t<meta property=\"og:image:width\" content=\"1600\" \/>\n\t<meta property=\"og:image:height\" content=\"600\" \/>\n\t<meta property=\"og:image:type\" content=\"image\/jpeg\" \/>\n<meta name=\"author\" content=\"CIB Group\" \/>\n<meta name=\"twitter:card\" content=\"summary_large_image\" \/>\n<meta name=\"twitter:label1\" content=\"Escrito por\" \/>\n\t<meta name=\"twitter:data1\" content=\"CIB Group\" \/>\n\t<meta name=\"twitter:label2\" content=\"Tiempo de lectura\" \/>\n\t<meta name=\"twitter:data2\" content=\"3 minutos\" \/>\n<script type=\"application\/ld+json\" class=\"yoast-schema-graph\">{\"@context\":\"https:\\\/\\\/schema.org\",\"@graph\":[{\"@type\":\"Article\",\"@id\":\"https:\\\/\\\/www.cib.de\\\/cib-teambuilding-in-las-palmas-zusammenarbeit-wachstum\\\/#article\",\"isPartOf\":{\"@id\":\"https:\\\/\\\/www.cib.de\\\/cib-teambuilding-in-las-palmas-zusammenarbeit-wachstum\\\/\"},\"author\":{\"name\":\"CIB Group\",\"@id\":\"https:\\\/\\\/www.cib.de\\\/#\\\/schema\\\/person\\\/4c70f0634b93acb47baacdb671694155\"},\"headline\":\"Menschen verbinden, Zukunft gestalten &#8211; CIB-Teambuilding in Las Palmas\",\"datePublished\":\"2026-01-28T14:06:14+00:00\",\"dateModified\":\"2026-01-28T14:06:16+00:00\",\"mainEntityOfPage\":{\"@id\":\"https:\\\/\\\/www.cib.de\\\/cib-teambuilding-in-las-palmas-zusammenarbeit-wachstum\\\/\"},\"wordCount\":418,\"publisher\":{\"@id\":\"https:\\\/\\\/www.cib.de\\\/#organization\"},\"image\":{\"@id\":\"https:\\\/\\\/www.cib.de\\\/cib-teambuilding-in-las-palmas-zusammenarbeit-wachstum\\\/#primaryimage\"},\"thumbnailUrl\":\"https:\\\/\\\/www.cib.de\\\/wp-content\\\/uploads\\\/2026\\\/01\\\/HG_2.jpg\",\"keywords\":[\"CIB Group\",\"Teambuilding\"],\"articleSection\":[\"CIB Group\"],\"inLanguage\":\"es\"},{\"@type\":\"WebPage\",\"@id\":\"https:\\\/\\\/www.cib.de\\\/cib-teambuilding-in-las-palmas-zusammenarbeit-wachstum\\\/\",\"url\":\"https:\\\/\\\/www.cib.de\\\/cib-teambuilding-in-las-palmas-zusammenarbeit-wachstum\\\/\",\"name\":\"CIB Teambuilding in Las Palmas: Zusammenarbeit und Wachstum\",\"isPartOf\":{\"@id\":\"https:\\\/\\\/www.cib.de\\\/#website\"},\"primaryImageOfPage\":{\"@id\":\"https:\\\/\\\/www.cib.de\\\/cib-teambuilding-in-las-palmas-zusammenarbeit-wachstum\\\/#primaryimage\"},\"image\":{\"@id\":\"https:\\\/\\\/www.cib.de\\\/cib-teambuilding-in-las-palmas-zusammenarbeit-wachstum\\\/#primaryimage\"},\"thumbnailUrl\":\"https:\\\/\\\/www.cib.de\\\/wp-content\\\/uploads\\\/2026\\\/01\\\/HG_2.jpg\",\"datePublished\":\"2026-01-28T14:06:14+00:00\",\"dateModified\":\"2026-01-28T14:06:16+00:00\",\"description\":\"Beim CIB Teambuilding in Las Palmas standen Austausch, Zusammenarbeit und gemeinsame Zukunftsperspektiven im Fokus.\",\"breadcrumb\":{\"@id\":\"https:\\\/\\\/www.cib.de\\\/cib-teambuilding-in-las-palmas-zusammenarbeit-wachstum\\\/#breadcrumb\"},\"inLanguage\":\"es\",\"potentialAction\":[{\"@type\":\"ReadAction\",\"target\":[\"https:\\\/\\\/www.cib.de\\\/cib-teambuilding-in-las-palmas-zusammenarbeit-wachstum\\\/\"]}]},{\"@type\":\"ImageObject\",\"inLanguage\":\"es\",\"@id\":\"https:\\\/\\\/www.cib.de\\\/cib-teambuilding-in-las-palmas-zusammenarbeit-wachstum\\\/#primaryimage\",\"url\":\"https:\\\/\\\/www.cib.de\\\/wp-content\\\/uploads\\\/2026\\\/01\\\/HG_2.jpg\",\"contentUrl\":\"https:\\\/\\\/www.cib.de\\\/wp-content\\\/uploads\\\/2026\\\/01\\\/HG_2.jpg\",\"width\":1600,\"height\":600},{\"@type\":\"BreadcrumbList\",\"@id\":\"https:\\\/\\\/www.cib.de\\\/cib-teambuilding-in-las-palmas-zusammenarbeit-wachstum\\\/#breadcrumb\",\"itemListElement\":[{\"@type\":\"ListItem\",\"position\":1,\"name\":\"Home\",\"item\":\"https:\\\/\\\/www.cib.de\\\/\"},{\"@type\":\"ListItem\",\"position\":2,\"name\":\"Menschen verbinden, Zukunft gestalten &#8211; CIB-Teambuilding in Las Palmas\"}]},{\"@type\":\"WebSite\",\"@id\":\"https:\\\/\\\/www.cib.de\\\/#website\",\"url\":\"https:\\\/\\\/www.cib.de\\\/\",\"name\":\"CIB Group\",\"description\":\"Digitalisierung, Prozessautomatisierung, K\u00fcnstliche Intelligenz\",\"publisher\":{\"@id\":\"https:\\\/\\\/www.cib.de\\\/#organization\"},\"potentialAction\":[{\"@type\":\"SearchAction\",\"target\":{\"@type\":\"EntryPoint\",\"urlTemplate\":\"https:\\\/\\\/www.cib.de\\\/?s={search_term_string}\"},\"query-input\":{\"@type\":\"PropertyValueSpecification\",\"valueRequired\":true,\"valueName\":\"search_term_string\"}}],\"inLanguage\":\"es\"},{\"@type\":\"Organization\",\"@id\":\"https:\\\/\\\/www.cib.de\\\/#organization\",\"name\":\"CIB Group\",\"url\":\"https:\\\/\\\/www.cib.de\\\/\",\"logo\":{\"@type\":\"ImageObject\",\"inLanguage\":\"es\",\"@id\":\"https:\\\/\\\/www.cib.de\\\/#\\\/schema\\\/logo\\\/image\\\/\",\"url\":\"https:\\\/\\\/www.cib.de\\\/wp-content\\\/uploads\\\/2023\\\/10\\\/CIB_Logo_.svg\",\"contentUrl\":\"https:\\\/\\\/www.cib.de\\\/wp-content\\\/uploads\\\/2023\\\/10\\\/CIB_Logo_.svg\",\"width\":283,\"height\":128,\"caption\":\"CIB Group\"},\"image\":{\"@id\":\"https:\\\/\\\/www.cib.de\\\/#\\\/schema\\\/logo\\\/image\\\/\"},\"sameAs\":[\"https:\\\/\\\/www.linkedin.com\\\/company\\\/cib\\\/\"]},{\"@type\":\"Person\",\"@id\":\"https:\\\/\\\/www.cib.de\\\/#\\\/schema\\\/person\\\/4c70f0634b93acb47baacdb671694155\",\"name\":\"CIB Group\",\"image\":{\"@type\":\"ImageObject\",\"inLanguage\":\"es\",\"@id\":\"https:\\\/\\\/www.cib.de\\\/wp-content\\\/uploads\\\/2023\\\/03\\\/logo_signature2.png\",\"url\":\"https:\\\/\\\/www.cib.de\\\/wp-content\\\/uploads\\\/2023\\\/03\\\/logo_signature2.png\",\"contentUrl\":\"https:\\\/\\\/www.cib.de\\\/wp-content\\\/uploads\\\/2023\\\/03\\\/logo_signature2.png\",\"caption\":\"CIB Group\"},\"description\":\"Die Digitalisierungsexperten\"}]}<\/script>\n<!-- \/ Yoast SEO plugin. -->","yoast_head_json":{"title":"CIB Teambuilding en Las Palmas: Trabajo en equipo y crecimiento","description":"El evento de team building de CIB en Las Palmas se centr\u00f3 en el intercambio, la colaboraci\u00f3n y las perspectivas de futuro comunes.","robots":{"index":"index","follow":"follow","max-snippet":"max-snippet:-1","max-image-preview":"max-image-preview:large","max-video-preview":"max-video-preview:-1"},"canonical":"https:\/\/www.cib.de\/es\/cib-teambuilding-en-las-palmas-equipo-y-crecimiento\/","og_locale":"es_ES","og_type":"article","og_title":"CIB Teambuilding in Las Palmas: Zusammenarbeit und Wachstum","og_description":"Beim CIB Teambuilding in Las Palmas standen Austausch, Zusammenarbeit und gemeinsame Zukunftsperspektiven im Fokus.","og_url":"https:\/\/www.cib.de\/es\/cib-teambuilding-en-las-palmas-equipo-y-crecimiento\/","og_site_name":"CIB Group","article_publisher":"https:\/\/www.linkedin.com\/company\/cib\/","article_published_time":"2026-01-28T14:06:14+00:00","article_modified_time":"2026-01-28T14:06:16+00:00","og_image":[{"width":1600,"height":600,"url":"https:\/\/www.cib.de\/wp-content\/uploads\/2026\/01\/HG_2.jpg","type":"image\/jpeg"}],"author":"CIB Group","twitter_card":"summary_large_image","twitter_misc":{"Escrito por":"CIB Group","Tiempo de lectura":"3 minutos"},"schema":{"@context":"https:\/\/schema.org","@graph":[{"@type":"Article","@id":"https:\/\/www.cib.de\/cib-teambuilding-in-las-palmas-zusammenarbeit-wachstum\/#article","isPartOf":{"@id":"https:\/\/www.cib.de\/cib-teambuilding-in-las-palmas-zusammenarbeit-wachstum\/"},"author":{"name":"CIB Group","@id":"https:\/\/www.cib.de\/#\/schema\/person\/4c70f0634b93acb47baacdb671694155"},"headline":"Menschen verbinden, Zukunft gestalten &#8211; CIB-Teambuilding in Las Palmas","datePublished":"2026-01-28T14:06:14+00:00","dateModified":"2026-01-28T14:06:16+00:00","mainEntityOfPage":{"@id":"https:\/\/www.cib.de\/cib-teambuilding-in-las-palmas-zusammenarbeit-wachstum\/"},"wordCount":418,"publisher":{"@id":"https:\/\/www.cib.de\/#organization"},"image":{"@id":"https:\/\/www.cib.de\/cib-teambuilding-in-las-palmas-zusammenarbeit-wachstum\/#primaryimage"},"thumbnailUrl":"https:\/\/www.cib.de\/wp-content\/uploads\/2026\/01\/HG_2.jpg","keywords":["CIB Group","Teambuilding"],"articleSection":["CIB Group"],"inLanguage":"es"},{"@type":"WebPage","@id":"https:\/\/www.cib.de\/cib-teambuilding-in-las-palmas-zusammenarbeit-wachstum\/","url":"https:\/\/www.cib.de\/cib-teambuilding-in-las-palmas-zusammenarbeit-wachstum\/","name":"CIB Teambuilding en Las Palmas: Trabajo en equipo y crecimiento","isPartOf":{"@id":"https:\/\/www.cib.de\/#website"},"primaryImageOfPage":{"@id":"https:\/\/www.cib.de\/cib-teambuilding-in-las-palmas-zusammenarbeit-wachstum\/#primaryimage"},"image":{"@id":"https:\/\/www.cib.de\/cib-teambuilding-in-las-palmas-zusammenarbeit-wachstum\/#primaryimage"},"thumbnailUrl":"https:\/\/www.cib.de\/wp-content\/uploads\/2026\/01\/HG_2.jpg","datePublished":"2026-01-28T14:06:14+00:00","dateModified":"2026-01-28T14:06:16+00:00","description":"El evento de team building de CIB en Las Palmas se centr\u00f3 en el intercambio, la colaboraci\u00f3n y las perspectivas de futuro comunes.","breadcrumb":{"@id":"https:\/\/www.cib.de\/cib-teambuilding-in-las-palmas-zusammenarbeit-wachstum\/#breadcrumb"},"inLanguage":"es","potentialAction":[{"@type":"ReadAction","target":["https:\/\/www.cib.de\/cib-teambuilding-in-las-palmas-zusammenarbeit-wachstum\/"]}]},{"@type":"ImageObject","inLanguage":"es","@id":"https:\/\/www.cib.de\/cib-teambuilding-in-las-palmas-zusammenarbeit-wachstum\/#primaryimage","url":"https:\/\/www.cib.de\/wp-content\/uploads\/2026\/01\/HG_2.jpg","contentUrl":"https:\/\/www.cib.de\/wp-content\/uploads\/2026\/01\/HG_2.jpg","width":1600,"height":600},{"@type":"BreadcrumbList","@id":"https:\/\/www.cib.de\/cib-teambuilding-in-las-palmas-zusammenarbeit-wachstum\/#breadcrumb","itemListElement":[{"@type":"ListItem","position":1,"name":"Home","item":"https:\/\/www.cib.de\/"},{"@type":"ListItem","position":2,"name":"Menschen verbinden, Zukunft gestalten &#8211; CIB-Teambuilding in Las Palmas"}]},{"@type":"WebSite","@id":"https:\/\/www.cib.de\/#website","url":"https:\/\/www.cib.de\/","name":"CIB Group","description":"Digitalisierung, Prozessautomatisierung, K\u00fcnstliche Intelligenz","publisher":{"@id":"https:\/\/www.cib.de\/#organization"},"potentialAction":[{"@type":"SearchAction","target":{"@type":"EntryPoint","urlTemplate":"https:\/\/www.cib.de\/?s={search_term_string}"},"query-input":{"@type":"PropertyValueSpecification","valueRequired":true,"valueName":"search_term_string"}}],"inLanguage":"es"},{"@type":"Organization","@id":"https:\/\/www.cib.de\/#organization","name":"CIB Group","url":"https:\/\/www.cib.de\/","logo":{"@type":"ImageObject","inLanguage":"es","@id":"https:\/\/www.cib.de\/#\/schema\/logo\/image\/","url":"https:\/\/www.cib.de\/wp-content\/uploads\/2023\/10\/CIB_Logo_.svg","contentUrl":"https:\/\/www.cib.de\/wp-content\/uploads\/2023\/10\/CIB_Logo_.svg","width":283,"height":128,"caption":"CIB Group"},"image":{"@id":"https:\/\/www.cib.de\/#\/schema\/logo\/image\/"},"sameAs":["https:\/\/www.linkedin.com\/company\/cib\/"]},{"@type":"Person","@id":"https:\/\/www.cib.de\/#\/schema\/person\/4c70f0634b93acb47baacdb671694155","name":"CIB Group","image":{"@type":"ImageObject","inLanguage":"es","@id":"https:\/\/www.cib.de\/wp-content\/uploads\/2023\/03\/logo_signature2.png","url":"https:\/\/www.cib.de\/wp-content\/uploads\/2023\/03\/logo_signature2.png","contentUrl":"https:\/\/www.cib.de\/wp-content\/uploads\/2023\/03\/logo_signature2.png","caption":"CIB Group"},"description":"Expertos en digitalizaci\u00f3n"}]}},"post_mailing_queue_ids":[],"_links":{"self":[{"href":"https:\/\/www.cib.de\/es\/wp-json\/wp\/v2\/posts\/133682","targetHints":{"allow":["GET"]}}],"collection":[{"href":"https:\/\/www.cib.de\/es\/wp-json\/wp\/v2\/posts"}],"about":[{"href":"https:\/\/www.cib.de\/es\/wp-json\/wp\/v2\/types\/post"}],"author":[{"embeddable":true,"href":"https:\/\/www.cib.de\/es\/wp-json\/wp\/v2\/users\/246"}],"replies":[{"embeddable":true,"href":"https:\/\/www.cib.de\/es\/wp-json\/wp\/v2\/comments?post=133682"}],"version-history":[{"count":22,"href":"https:\/\/www.cib.de\/es\/wp-json\/wp\/v2\/posts\/133682\/revisions"}],"predecessor-version":[{"id":133722,"href":"https:\/\/www.cib.de\/es\/wp-json\/wp\/v2\/posts\/133682\/revisions\/133722"}],"wp:featuredmedia":[{"embeddable":true,"href":"https:\/\/www.cib.de\/es\/wp-json\/wp\/v2\/media\/133684"}],"wp:attachment":[{"href":"https:\/\/www.cib.de\/es\/wp-json\/wp\/v2\/media?parent=133682"}],"wp:term":[{"taxonomy":"category","embeddable":true,"href":"https:\/\/www.cib.de\/es\/wp-json\/wp\/v2\/categories?post=133682"},{"taxonomy":"post_tag","embeddable":true,"href":"https:\/\/www.cib.de\/es\/wp-json\/wp\/v2\/tags?post=133682"}],"curies":[{"name":"wp","href":"https:\/\/api.w.org\/{rel}","templated":true}]}}