{"id":17423,"date":"2021-10-19T17:13:55","date_gmt":"2021-10-19T15:13:55","guid":{"rendered":"http:\/\/18.198.70.165.nip.io\/?p=17423"},"modified":"2023-04-19T16:51:51","modified_gmt":"2023-04-19T14:51:51","slug":"en-portada-la-semana-de-4-dias-de-cib-group-en-el-confidencial","status":"publish","type":"post","link":"https:\/\/www.cib.de\/es\/cib-mit-4-tage-woche-auf-titelseite-in-spanien\/","title":{"rendered":"En portada: la semana de 4 d\u00edas de CIB Group en \u201cEl Confidencial\u201d"},"content":{"rendered":"<p>\u201cAs\u00ed se logra en una multinacional de \u2018software\u2019 la semana de 4 d\u00edas sin bajar el sueldo\u201d era el titular del pasado s\u00e1bado en el peri\u00f3dico digital espa\u00f1ol <em>El Confidencial.<\/em><\/p>\n\n\n\n<p><strong>La semana de 4 d\u00edas en Espa\u00f1a<\/strong><\/p>\n\n\n\n<p><p>El modelo de semana de 4 d\u00edas es un tema muy discutido en la actualidad espa\u00f1ola. A principios de a\u00f1o, el Gobierno aprob\u00f3 una propuesta del partido M\u00e1s Pa\u00eds para reducir la jornada laboral de los empleados a 32 horas semanales en un proyecto piloto en 200 empresas con apoyo financiero del Estado.<\/p>\n<p>\nSin embargo, la reducci\u00f3n de la jornada laboral propuesta va unida a una reducci\u00f3n de salario, por lo que es comparable a un empleo a tiempo parcial en Alemania, resultando poco beneficiosa para los trabajadores espa\u00f1oles.\n<\/p><p>\nLa mayor\u00eda de los empleados de Telef\u00f3nica, por ejemplo, rechazaron la propuesta de reducci\u00f3n de su jornada, ya que \u00e9sta habr\u00eda conllevado la disminuci\u00f3n sus salarios y cotizaciones a la Seguridad Social alrededor del 16%, quedando finalmente sin cumplir el objetivo de la empresa de conseguir el 10% de empleados adheridos al proyecto.<\/p>\n<p>\nPor otra parte, la cadena de moda Desigual, parece haber tropezado con el mismo obst\u00e1culo, ofreciendo tambi\u00e9n a sus empleados la semana de 4 d\u00edas y cubriendo parte del d\u00e9ficit salarial, quedando los salarios reducidos en un 6,5%.<\/p>&nbsp;<\/p>\n\n\n\n<p><strong>\u00bfQu\u00e9 hace diferente a CIB Group?<\/strong><\/p>\n\n\n\n<div class=\"wp-block-columns is-layout-flex wp-container-core-columns-is-layout-9d6595d7 wp-block-columns-is-layout-flex\">\n<div class=\"wp-block-column is-layout-flow wp-block-column-is-layout-flow\" style=\"flex-basis:66.66%\">\n<p class=\"translation-block\"><p>Mientras otras empresas siguen buscando soluciones para el nuevo modelo de horario laboral, \n\n<a href=\"https:\/\/www.cib.de\/es\/4dayweek-cib-group-introduce-la-semana-laboral-de-4-dias\/\" target=\"_self\">CIB Group ya ha introducido con \u00e9xito la semana de 4 d\u00edas en Alemania y Espa\u00f1a.<\/a><\/p>\n<p>Un aspecto fundamental para el \u00e9xito del modelo #4DayWeek es mantener las condiciones salariales de los empleados, tal y como se describe en el art\u00edculo period\u00edstico:<\/p><\/p>\n<\/div>\n\n\n\n<div class=\"wp-block-column is-layout-flow wp-block-column-is-layout-flow\" style=\"flex-basis:33.33%\">\n<figure class=\"wp-block-image size-full\"><img decoding=\"async\" src=\"https:\/\/www.cib.de\/wp-content\/uploads\/2021\/10\/work-balance-2-1024x573-1.png\" alt=\"\" class=\"wp-image-17428\"\/><\/figure>\n<\/div>\n<\/div>\n\n\n\n<p>\u201cEs el caso de CIB, una multinacional de software dedicada a tecnolog\u00edas de la informaci\u00f3n, especializada en optimizaci\u00f3n de procesos de negocios. Fundada en 1989, cuenta con 170 empleados entre su sede de M\u00fanich y las filiales que han abierto en Austria y Espa\u00f1a. En Espa\u00f1a tienen oficinas tanto en Canarias como en Valencia. Desde hace casi un mes, pr\u00e1cticamente todos los empleados del grupo trabajan cuatro d\u00edas por semana, manteni\u00e9ndose intactas sus n\u00f3minas y sus d\u00edas de vacaciones.\u201d<\/p>\n\n\n\n<p><strong>De 5 a 4 d\u00edas, de 40 a 36 horas<\/strong><\/p>\n\n\n\n<p>El modelo por el que ha optado CIB Group es una jornada laboral de 9 horas de lunes a jueves. Por lo tanto, el tiempo total de trabajo semanal es de 36 horas. <\/p>\n\n\n\n<div class=\"wp-block-columns is-layout-flex wp-container-core-columns-is-layout-9d6595d7 wp-block-columns-is-layout-flex\">\n<div class=\"wp-block-column is-layout-flow wp-block-column-is-layout-flow\">\n<div class=\"wp-block-media-text alignwide is-stacked-on-mobile\" style=\"grid-template-columns:40% auto\"><figure class=\"wp-block-media-text__media\"><img decoding=\"async\" src=\"https:\/\/www.cib.de\/wp-content\/uploads\/2021\/10\/time-life-work-3-992x1024-1.png\" alt=\"\" class=\"wp-image-17429 size-full\"\/><\/figure><div class=\"wp-block-media-text__content\">\n<p>\u201cSe podr\u00eda decir que nos han \u2018regalado\u2019 cuatro horas a la semana\u201d, explica Cristina Silvera, responsable de RRHH de la filial espa\u00f1ola CIB labs. La clave, seg\u00fan dice, \u201creside en la posibilidad de liberarnos de tareas rutinarias que consumen mucho tiempo\u201d, y subraya que CIB Group, como pionero en el campo del BPM con Inteligencia Artificial, se encuentra en una situaci\u00f3n privilegiada para conseguir un aumento de la productividad utilizando sus propias soluciones innovadoras en el campo de la digitalizaci\u00f3n, ganando as\u00ed valioso tiempo libre. \u201cLos trabajadores no van a tener que trabajar m\u00e1s r\u00e1pido, ni mucho menos, para compensar la reducci\u00f3n\u201d, a\u00f1ade Silvera y subraya: \u201cEl objetivo es poner a prueba los propios procesos de trabajo, cuestionar el trabajo rutinario y sustituirlo por procesos de trabajo nuevos y eficaces\u201d.&nbsp;<\/p>\n<\/div><\/div>\n<\/div>\n<\/div>\n\n\n\n<p><strong>Trabajar m\u00e1s eficazmente, no m\u00e1s r\u00e1pido<\/strong><\/p>\n\n\n\n<p>Una pauta que tambi\u00e9n ha prevalecido en el dise\u00f1o de la nueva semana laboral. \u201cHemos escogido el viernes como d\u00eda libre fijo, descartando un sistema rotativo en la mayor\u00eda de equipos\u201d, dice Silvera.&nbsp;<\/p>\n\n\n\n<p><p>\u201cAl sincronizar los tiempos de trabajo evitamos la delegaci\u00f3n de tareas, los buzones de correo electr\u00f3nico llenos y la reorganizaci\u00f3n de citas, lo que consume mucho tiempo y as\u00ed no se ve afectado el descanso que nos ofrece el d\u00eda libre adicional\u201d.<\/p>\n<p>\nEste proyecto piloto permanecer\u00e1 a prueba durante un periodo de seis meses, durante el cual tambi\u00e9n ser\u00e1 supervisado cient\u00edficamente por psic\u00f3logos laborales e industriales.\n<\/p><\/p>\n\n\n\n<p><strong>Menos es m\u00e1s<\/strong><\/p>\n\n\n\n<div class=\"wp-block-columns is-layout-flex wp-container-core-columns-is-layout-9d6595d7 wp-block-columns-is-layout-flex\">\n<div class=\"wp-block-column is-layout-flow wp-block-column-is-layout-flow\" style=\"flex-basis:66.66%\">\n<p><p>La idea de \u201cmenos es m\u00e1s\u201d surgi\u00f3 del Director General y propietario de CIB Group, Ulrich Brandner, sorprendiendo a los empleados en julio de 2021 con su propuesta de introducir la semana laboral de 4 d\u00edas para todos.<\/p>\n<p>Las primeras reacciones de los empleados fueran muy positivas, y se aprovech\u00f3 el mes de agosto para aclarar cuestiones m\u00e1s en detalle y hacer del proyecto una realidad a corto plazo.<\/p><\/p>\n<\/div>\n\n\n\n<div class=\"wp-block-column is-layout-flow wp-block-column-is-layout-flow\" style=\"flex-basis:33.33%\">\n<figure class=\"wp-block-image size-full\"><img decoding=\"async\" src=\"https:\/\/www.cib.de\/wp-content\/uploads\/2021\/10\/girl-working-at-home-2-1024x726-1.png\" alt=\"\" class=\"wp-image-17430\"\/><\/figure>\n<\/div>\n<\/div>\n\n\n\n<p>\u201cEl \u00faltimo a\u00f1o y medio, con una proporci\u00f3n extremadamente alta de teletrabajo, nos ha demostrado una vez m\u00e1s que podemos confiar en nuestros empleados\u201d, contin\u00faa Brandner y a\u00f1ade: \u201cLa semana de 4 d\u00edas tambi\u00e9n se basa en la confianza: estamos seguros de que nuestros empleados ganar\u00e1n m\u00e1s tiempo para sus asuntos personales con un mejor equilibrio entre la vida laboral y personal, empezando la nueva semana con la cabeza despejada, satisfechos y motivados. De este modo, nuestras 36 horas en cuatro d\u00edas pueden convertirse en verdaderas horas de calidad, en las que seguimos llevando nuestros proyectos a buen puerto con motivaci\u00f3n y concentraci\u00f3n.\u201d&nbsp;<\/p>\n\n\n\n<p><strong>\u00bfQu\u00e9 dicen los clientes?<\/strong><\/p>\n\n\n\n<p>\u201c\u00bfC\u00f3mo reaccionan nuestros clientes?\u201d, seg\u00fan informa Brandner, fue una de las preocupaciones m\u00e1s comunes planteadas por el personal en relaci\u00f3n con la semana de 4 d\u00edas.<\/p>\n\n\n\n<p>Sin embargo, asegura: \u201cPudimos comprobar que nuestros clientes recibieron la idea de forma muy positiva y que a algunos les gustar\u00eda tener ellos mismos un modelo de horario laboral similar. Gracias a una buena organizaci\u00f3n, nos hemos asegurado de que nuestros clientes tambi\u00e9n puedan contactar con una persona de contacto los viernes, en caso de que sea necesario\u201d.&nbsp;<\/p>\n\n\n\n<p><strong>\u00bfSemana de 4 d\u00edas como modelo laboral permanente?<\/strong><\/p>\n\n\n\n<div class=\"wp-block-columns is-layout-flex wp-container-core-columns-is-layout-9d6595d7 wp-block-columns-is-layout-flex\">\n<div class=\"wp-block-column is-layout-flow wp-block-column-is-layout-flow\">\n<div class=\"wp-block-media-text alignwide is-stacked-on-mobile\" style=\"grid-template-columns:40% auto\"><figure class=\"wp-block-media-text__media\"><img decoding=\"async\" src=\"https:\/\/www.cib.de\/wp-content\/uploads\/2021\/10\/client-happy-4-day-week-2-1018x1024-1.png\" alt=\"\" class=\"wp-image-17431 size-full\"\/><\/figure><div class=\"wp-block-media-text__content\">\n<p>CIB Group garantiza por tanto que sus clientes podr\u00e1n seguir contactando con ellos los viernes, habilitando para ello una plantilla de emergencia. Para que los empleados que trabajan los viernes tambi\u00e9n se beneficien de las ventajas de la semana de 4 d\u00edas, el d\u00eda libre en estos equipos se divide de lunes a viernes.<\/p>\n<\/div><\/div>\n<\/div>\n<\/div>\n\n\n\n<p><p>Los trabajadores del CIB Group pod\u00edan elegir entre optar por la semana de 4 d\u00edas con una reducci\u00f3n de horas y el mismo salario o seguir con el modelo de horario laboral anterior. Tanto en Espa\u00f1a como en Alemania, todos los empleados a tiempo completo decidieron aceptar la oferta, adquiriendo este modelo durante un periodo de prueba de 6 meses.\n<\/p>\n<p>\nAl final del primer mes de prueba, la conclusi\u00f3n provisional del CIB es que todos sus empleados est\u00e1n motivados para contribuir a que la idea de la semana de 4 d\u00edas sea un \u00e9xito y se establezca de forma permanente en la empresa.<\/p><\/p>\n\n\n\n<p class=\"translation-block\">Let\u2019s CIB! <a href=\"https:\/\/www.cib.de\/es\/4dayweek\/\" target=\"_self\">Visita nuestra web<\/a><\/p>","protected":false},"excerpt":{"rendered":"<p>\u201eWie ein internationales IT-Unternehmen die 4-Tage-Woche ohne Gehaltsk\u00fcrzung erreicht\u201c&nbsp;lautete die Schlagzeile vergangenen Samstag in der spanischen Online-Zeitung El Confidencial. Der Artikel beleuchtet die 4-Tage-Woche und stellt heraus, was CIB, das im Titel referenzierte IT-Unternehmen, diesbez\u00fcglich von vielen spanischen Unternehmen unterscheidet. Spanien und die 4-Tage-Woche Das Modell der 4-Tage-Woche ist ein in Spanien aktuell viel diskutiertes &#8230; <a title=\"En portada: la semana de 4 d\u00edas de CIB Group en \u201cEl Confidencial\u201d\" class=\"read-more\" href=\"https:\/\/www.cib.de\/es\/cib-mit-4-tage-woche-auf-titelseite-in-spanien\/\" aria-label=\"Leer m\u00e1s sobre CIB mit 4-Tage-Woche auf Titelseite in Spanien\">Leer m\u00e1s<\/a><\/p>","protected":false},"author":246,"featured_media":17424,"comment_status":"closed","ping_status":"closed","sticky":false,"template":"","format":"standard","meta":{"_acf_changed":false,"footnotes":""},"categories":[1],"tags":[1927,2206],"class_list":["post-17423","post","type-post","status-publish","format-standard","has-post-thumbnail","hentry","category-cib-group","tag-4-tage-woche","tag-only-en"],"acf":[],"yoast_head":"<!-- This site is optimized with the Yoast SEO plugin v27.5 - https:\/\/yoast.com\/product\/yoast-seo-wordpress\/ -->\n<title>CIB mit 4-Tage-Woche auf Titelseite in Spanien - CIB Group<\/title>\n<meta name=\"robots\" content=\"index, follow, max-snippet:-1, max-image-preview:large, max-video-preview:-1\" \/>\n<link rel=\"canonical\" href=\"https:\/\/www.cib.de\/es\/en-portada-la-semana-de-4-dias-de-cib-group-en-el-confidencial\/\" \/>\n<meta property=\"og:locale\" content=\"es_ES\" \/>\n<meta property=\"og:type\" content=\"article\" \/>\n<meta property=\"og:title\" content=\"CIB mit 4-Tage-Woche auf Titelseite in Spanien - CIB Group\" \/>\n<meta property=\"og:description\" content=\"\u201eWie ein internationales IT-Unternehmen die 4-Tage-Woche ohne Gehaltsk\u00fcrzung erreicht\u201c&nbsp;lautete die Schlagzeile vergangenen Samstag in der spanischen Online-Zeitung El Confidencial. Der Artikel beleuchtet die 4-Tage-Woche und stellt heraus, was CIB, das im Titel referenzierte IT-Unternehmen, diesbez\u00fcglich von vielen spanischen Unternehmen unterscheidet. Spanien und die 4-Tage-Woche Das Modell der 4-Tage-Woche ist ein in Spanien aktuell viel diskutiertes ... Leer m\u00e1s\" \/>\n<meta property=\"og:url\" content=\"https:\/\/www.cib.de\/es\/en-portada-la-semana-de-4-dias-de-cib-group-en-el-confidencial\/\" \/>\n<meta property=\"og:site_name\" content=\"CIB Group\" \/>\n<meta property=\"article:publisher\" content=\"https:\/\/www.linkedin.com\/company\/cib\/\" \/>\n<meta property=\"article:published_time\" content=\"2021-10-19T15:13:55+00:00\" \/>\n<meta property=\"article:modified_time\" content=\"2023-04-19T14:51:51+00:00\" \/>\n<meta property=\"og:image\" content=\"https:\/\/www.cib.de\/wp-content\/uploads\/2021\/11\/Blog-1242x482-El-Confidencial.png\" \/>\n\t<meta property=\"og:image:width\" content=\"1243\" \/>\n\t<meta property=\"og:image:height\" content=\"483\" \/>\n\t<meta property=\"og:image:type\" content=\"image\/png\" \/>\n<meta name=\"author\" content=\"CIB Group\" \/>\n<meta name=\"twitter:card\" content=\"summary_large_image\" \/>\n<meta name=\"twitter:label1\" content=\"Escrito por\" \/>\n\t<meta name=\"twitter:data1\" content=\"CIB Group\" \/>\n\t<meta name=\"twitter:label2\" content=\"Tiempo de lectura\" \/>\n\t<meta name=\"twitter:data2\" content=\"5 minutos\" \/>\n<script type=\"application\/ld+json\" class=\"yoast-schema-graph\">{\"@context\":\"https:\\\/\\\/schema.org\",\"@graph\":[{\"@type\":\"Article\",\"@id\":\"https:\\\/\\\/www.cib.de\\\/cib-mit-4-tage-woche-auf-titelseite-in-spanien\\\/#article\",\"isPartOf\":{\"@id\":\"https:\\\/\\\/www.cib.de\\\/cib-mit-4-tage-woche-auf-titelseite-in-spanien\\\/\"},\"author\":{\"name\":\"CIB Group\",\"@id\":\"https:\\\/\\\/www.cib.de\\\/#\\\/schema\\\/person\\\/4c70f0634b93acb47baacdb671694155\"},\"headline\":\"CIB mit 4-Tage-Woche auf Titelseite in Spanien\",\"datePublished\":\"2021-10-19T15:13:55+00:00\",\"dateModified\":\"2023-04-19T14:51:51+00:00\",\"mainEntityOfPage\":{\"@id\":\"https:\\\/\\\/www.cib.de\\\/cib-mit-4-tage-woche-auf-titelseite-in-spanien\\\/\"},\"wordCount\":991,\"publisher\":{\"@id\":\"https:\\\/\\\/www.cib.de\\\/#organization\"},\"image\":{\"@id\":\"https:\\\/\\\/www.cib.de\\\/cib-mit-4-tage-woche-auf-titelseite-in-spanien\\\/#primaryimage\"},\"thumbnailUrl\":\"https:\\\/\\\/www.cib.de\\\/wp-content\\\/uploads\\\/2021\\\/11\\\/Blog-1242x482-El-Confidencial.png\",\"keywords\":[\"4-Tage-Woche\",\"EN\"],\"articleSection\":[\"CIB Group\"],\"inLanguage\":\"es\"},{\"@type\":\"WebPage\",\"@id\":\"https:\\\/\\\/www.cib.de\\\/cib-mit-4-tage-woche-auf-titelseite-in-spanien\\\/\",\"url\":\"https:\\\/\\\/www.cib.de\\\/cib-mit-4-tage-woche-auf-titelseite-in-spanien\\\/\",\"name\":\"CIB mit 4-Tage-Woche auf Titelseite in Spanien - CIB Group\",\"isPartOf\":{\"@id\":\"https:\\\/\\\/www.cib.de\\\/#website\"},\"primaryImageOfPage\":{\"@id\":\"https:\\\/\\\/www.cib.de\\\/cib-mit-4-tage-woche-auf-titelseite-in-spanien\\\/#primaryimage\"},\"image\":{\"@id\":\"https:\\\/\\\/www.cib.de\\\/cib-mit-4-tage-woche-auf-titelseite-in-spanien\\\/#primaryimage\"},\"thumbnailUrl\":\"https:\\\/\\\/www.cib.de\\\/wp-content\\\/uploads\\\/2021\\\/11\\\/Blog-1242x482-El-Confidencial.png\",\"datePublished\":\"2021-10-19T15:13:55+00:00\",\"dateModified\":\"2023-04-19T14:51:51+00:00\",\"breadcrumb\":{\"@id\":\"https:\\\/\\\/www.cib.de\\\/cib-mit-4-tage-woche-auf-titelseite-in-spanien\\\/#breadcrumb\"},\"inLanguage\":\"es\",\"potentialAction\":[{\"@type\":\"ReadAction\",\"target\":[\"https:\\\/\\\/www.cib.de\\\/cib-mit-4-tage-woche-auf-titelseite-in-spanien\\\/\"]}]},{\"@type\":\"ImageObject\",\"inLanguage\":\"es\",\"@id\":\"https:\\\/\\\/www.cib.de\\\/cib-mit-4-tage-woche-auf-titelseite-in-spanien\\\/#primaryimage\",\"url\":\"https:\\\/\\\/www.cib.de\\\/wp-content\\\/uploads\\\/2021\\\/11\\\/Blog-1242x482-El-Confidencial.png\",\"contentUrl\":\"https:\\\/\\\/www.cib.de\\\/wp-content\\\/uploads\\\/2021\\\/11\\\/Blog-1242x482-El-Confidencial.png\",\"width\":1243,\"height\":483,\"caption\":\"Blog el confidencial\"},{\"@type\":\"BreadcrumbList\",\"@id\":\"https:\\\/\\\/www.cib.de\\\/cib-mit-4-tage-woche-auf-titelseite-in-spanien\\\/#breadcrumb\",\"itemListElement\":[{\"@type\":\"ListItem\",\"position\":1,\"name\":\"Home\",\"item\":\"https:\\\/\\\/www.cib.de\\\/\"},{\"@type\":\"ListItem\",\"position\":2,\"name\":\"CIB mit 4-Tage-Woche auf Titelseite in Spanien\"}]},{\"@type\":\"WebSite\",\"@id\":\"https:\\\/\\\/www.cib.de\\\/#website\",\"url\":\"https:\\\/\\\/www.cib.de\\\/\",\"name\":\"CIB Group\",\"description\":\"Digitalisierung, Prozessautomatisierung, K\u00fcnstliche Intelligenz\",\"publisher\":{\"@id\":\"https:\\\/\\\/www.cib.de\\\/#organization\"},\"potentialAction\":[{\"@type\":\"SearchAction\",\"target\":{\"@type\":\"EntryPoint\",\"urlTemplate\":\"https:\\\/\\\/www.cib.de\\\/?s={search_term_string}\"},\"query-input\":{\"@type\":\"PropertyValueSpecification\",\"valueRequired\":true,\"valueName\":\"search_term_string\"}}],\"inLanguage\":\"es\"},{\"@type\":\"Organization\",\"@id\":\"https:\\\/\\\/www.cib.de\\\/#organization\",\"name\":\"CIB Group\",\"url\":\"https:\\\/\\\/www.cib.de\\\/\",\"logo\":{\"@type\":\"ImageObject\",\"inLanguage\":\"es\",\"@id\":\"https:\\\/\\\/www.cib.de\\\/#\\\/schema\\\/logo\\\/image\\\/\",\"url\":\"https:\\\/\\\/www.cib.de\\\/wp-content\\\/uploads\\\/2023\\\/10\\\/CIB_Logo_.svg\",\"contentUrl\":\"https:\\\/\\\/www.cib.de\\\/wp-content\\\/uploads\\\/2023\\\/10\\\/CIB_Logo_.svg\",\"width\":283,\"height\":128,\"caption\":\"CIB Group\"},\"image\":{\"@id\":\"https:\\\/\\\/www.cib.de\\\/#\\\/schema\\\/logo\\\/image\\\/\"},\"sameAs\":[\"https:\\\/\\\/www.linkedin.com\\\/company\\\/cib\\\/\"]},{\"@type\":\"Person\",\"@id\":\"https:\\\/\\\/www.cib.de\\\/#\\\/schema\\\/person\\\/4c70f0634b93acb47baacdb671694155\",\"name\":\"CIB Group\",\"image\":{\"@type\":\"ImageObject\",\"inLanguage\":\"es\",\"@id\":\"https:\\\/\\\/www.cib.de\\\/wp-content\\\/uploads\\\/2023\\\/03\\\/logo_signature2.png\",\"url\":\"https:\\\/\\\/www.cib.de\\\/wp-content\\\/uploads\\\/2023\\\/03\\\/logo_signature2.png\",\"contentUrl\":\"https:\\\/\\\/www.cib.de\\\/wp-content\\\/uploads\\\/2023\\\/03\\\/logo_signature2.png\",\"caption\":\"CIB Group\"},\"description\":\"Die Digitalisierungsexperten\"}]}<\/script>\n<!-- \/ Yoast SEO plugin. -->","yoast_head_json":{"title":"En portada: La semana de 4 d\u00edas de CIB Group en \"El Confidencial\"","robots":{"index":"index","follow":"follow","max-snippet":"max-snippet:-1","max-image-preview":"max-image-preview:large","max-video-preview":"max-video-preview:-1"},"canonical":"https:\/\/www.cib.de\/es\/en-portada-la-semana-de-4-dias-de-cib-group-en-el-confidencial\/","og_locale":"es_ES","og_type":"article","og_title":"CIB mit 4-Tage-Woche auf Titelseite in Spanien - CIB Group","og_description":"\u201eWie ein internationales IT-Unternehmen die 4-Tage-Woche ohne Gehaltsk\u00fcrzung erreicht\u201c&nbsp;lautete die Schlagzeile vergangenen Samstag in der spanischen Online-Zeitung El Confidencial. Der Artikel beleuchtet die 4-Tage-Woche und stellt heraus, was CIB, das im Titel referenzierte IT-Unternehmen, diesbez\u00fcglich von vielen spanischen Unternehmen unterscheidet. Spanien und die 4-Tage-Woche Das Modell der 4-Tage-Woche ist ein in Spanien aktuell viel diskutiertes ... Leer m\u00e1s","og_url":"https:\/\/www.cib.de\/es\/en-portada-la-semana-de-4-dias-de-cib-group-en-el-confidencial\/","og_site_name":"CIB Group","article_publisher":"https:\/\/www.linkedin.com\/company\/cib\/","article_published_time":"2021-10-19T15:13:55+00:00","article_modified_time":"2023-04-19T14:51:51+00:00","og_image":[{"width":1243,"height":483,"url":"https:\/\/www.cib.de\/wp-content\/uploads\/2021\/11\/Blog-1242x482-El-Confidencial.png","type":"image\/png"}],"author":"CIB Group","twitter_card":"summary_large_image","twitter_misc":{"Escrito por":"CIB Group","Tiempo de lectura":"5 minutos"},"schema":{"@context":"https:\/\/schema.org","@graph":[{"@type":"Article","@id":"https:\/\/www.cib.de\/cib-mit-4-tage-woche-auf-titelseite-in-spanien\/#article","isPartOf":{"@id":"https:\/\/www.cib.de\/cib-mit-4-tage-woche-auf-titelseite-in-spanien\/"},"author":{"name":"CIB Group","@id":"https:\/\/www.cib.de\/#\/schema\/person\/4c70f0634b93acb47baacdb671694155"},"headline":"CIB mit 4-Tage-Woche auf Titelseite in Spanien","datePublished":"2021-10-19T15:13:55+00:00","dateModified":"2023-04-19T14:51:51+00:00","mainEntityOfPage":{"@id":"https:\/\/www.cib.de\/cib-mit-4-tage-woche-auf-titelseite-in-spanien\/"},"wordCount":991,"publisher":{"@id":"https:\/\/www.cib.de\/#organization"},"image":{"@id":"https:\/\/www.cib.de\/cib-mit-4-tage-woche-auf-titelseite-in-spanien\/#primaryimage"},"thumbnailUrl":"https:\/\/www.cib.de\/wp-content\/uploads\/2021\/11\/Blog-1242x482-El-Confidencial.png","keywords":["4-Tage-Woche","EN"],"articleSection":["CIB Group"],"inLanguage":"es"},{"@type":"WebPage","@id":"https:\/\/www.cib.de\/cib-mit-4-tage-woche-auf-titelseite-in-spanien\/","url":"https:\/\/www.cib.de\/cib-mit-4-tage-woche-auf-titelseite-in-spanien\/","name":"En portada: La semana de 4 d\u00edas de CIB Group en \"El Confidencial\"","isPartOf":{"@id":"https:\/\/www.cib.de\/#website"},"primaryImageOfPage":{"@id":"https:\/\/www.cib.de\/cib-mit-4-tage-woche-auf-titelseite-in-spanien\/#primaryimage"},"image":{"@id":"https:\/\/www.cib.de\/cib-mit-4-tage-woche-auf-titelseite-in-spanien\/#primaryimage"},"thumbnailUrl":"https:\/\/www.cib.de\/wp-content\/uploads\/2021\/11\/Blog-1242x482-El-Confidencial.png","datePublished":"2021-10-19T15:13:55+00:00","dateModified":"2023-04-19T14:51:51+00:00","breadcrumb":{"@id":"https:\/\/www.cib.de\/cib-mit-4-tage-woche-auf-titelseite-in-spanien\/#breadcrumb"},"inLanguage":"es","potentialAction":[{"@type":"ReadAction","target":["https:\/\/www.cib.de\/cib-mit-4-tage-woche-auf-titelseite-in-spanien\/"]}]},{"@type":"ImageObject","inLanguage":"es","@id":"https:\/\/www.cib.de\/cib-mit-4-tage-woche-auf-titelseite-in-spanien\/#primaryimage","url":"https:\/\/www.cib.de\/wp-content\/uploads\/2021\/11\/Blog-1242x482-El-Confidencial.png","contentUrl":"https:\/\/www.cib.de\/wp-content\/uploads\/2021\/11\/Blog-1242x482-El-Confidencial.png","width":1243,"height":483,"caption":"Blog el confidencial"},{"@type":"BreadcrumbList","@id":"https:\/\/www.cib.de\/cib-mit-4-tage-woche-auf-titelseite-in-spanien\/#breadcrumb","itemListElement":[{"@type":"ListItem","position":1,"name":"Home","item":"https:\/\/www.cib.de\/"},{"@type":"ListItem","position":2,"name":"CIB mit 4-Tage-Woche auf Titelseite in Spanien"}]},{"@type":"WebSite","@id":"https:\/\/www.cib.de\/#website","url":"https:\/\/www.cib.de\/","name":"CIB Group","description":"Digitalisierung, Prozessautomatisierung, K\u00fcnstliche Intelligenz","publisher":{"@id":"https:\/\/www.cib.de\/#organization"},"potentialAction":[{"@type":"SearchAction","target":{"@type":"EntryPoint","urlTemplate":"https:\/\/www.cib.de\/?s={search_term_string}"},"query-input":{"@type":"PropertyValueSpecification","valueRequired":true,"valueName":"search_term_string"}}],"inLanguage":"es"},{"@type":"Organization","@id":"https:\/\/www.cib.de\/#organization","name":"CIB Group","url":"https:\/\/www.cib.de\/","logo":{"@type":"ImageObject","inLanguage":"es","@id":"https:\/\/www.cib.de\/#\/schema\/logo\/image\/","url":"https:\/\/www.cib.de\/wp-content\/uploads\/2023\/10\/CIB_Logo_.svg","contentUrl":"https:\/\/www.cib.de\/wp-content\/uploads\/2023\/10\/CIB_Logo_.svg","width":283,"height":128,"caption":"CIB Group"},"image":{"@id":"https:\/\/www.cib.de\/#\/schema\/logo\/image\/"},"sameAs":["https:\/\/www.linkedin.com\/company\/cib\/"]},{"@type":"Person","@id":"https:\/\/www.cib.de\/#\/schema\/person\/4c70f0634b93acb47baacdb671694155","name":"CIB Group","image":{"@type":"ImageObject","inLanguage":"es","@id":"https:\/\/www.cib.de\/wp-content\/uploads\/2023\/03\/logo_signature2.png","url":"https:\/\/www.cib.de\/wp-content\/uploads\/2023\/03\/logo_signature2.png","contentUrl":"https:\/\/www.cib.de\/wp-content\/uploads\/2023\/03\/logo_signature2.png","caption":"CIB Group"},"description":"Expertos en digitalizaci\u00f3n"}]}},"post_mailing_queue_ids":[],"_links":{"self":[{"href":"https:\/\/www.cib.de\/es\/wp-json\/wp\/v2\/posts\/17423","targetHints":{"allow":["GET"]}}],"collection":[{"href":"https:\/\/www.cib.de\/es\/wp-json\/wp\/v2\/posts"}],"about":[{"href":"https:\/\/www.cib.de\/es\/wp-json\/wp\/v2\/types\/post"}],"author":[{"embeddable":true,"href":"https:\/\/www.cib.de\/es\/wp-json\/wp\/v2\/users\/246"}],"replies":[{"embeddable":true,"href":"https:\/\/www.cib.de\/es\/wp-json\/wp\/v2\/comments?post=17423"}],"version-history":[{"count":5,"href":"https:\/\/www.cib.de\/es\/wp-json\/wp\/v2\/posts\/17423\/revisions"}],"predecessor-version":[{"id":50961,"href":"https:\/\/www.cib.de\/es\/wp-json\/wp\/v2\/posts\/17423\/revisions\/50961"}],"wp:featuredmedia":[{"embeddable":true,"href":"https:\/\/www.cib.de\/es\/wp-json\/wp\/v2\/media\/17424"}],"wp:attachment":[{"href":"https:\/\/www.cib.de\/es\/wp-json\/wp\/v2\/media?parent=17423"}],"wp:term":[{"taxonomy":"category","embeddable":true,"href":"https:\/\/www.cib.de\/es\/wp-json\/wp\/v2\/categories?post=17423"},{"taxonomy":"post_tag","embeddable":true,"href":"https:\/\/www.cib.de\/es\/wp-json\/wp\/v2\/tags?post=17423"}],"curies":[{"name":"wp","href":"https:\/\/api.w.org\/{rel}","templated":true}]}}