{"id":17547,"date":"2021-08-13T09:01:20","date_gmt":"2021-08-13T07:01:20","guid":{"rendered":"http:\/\/18.198.70.165.nip.io\/?p=17547"},"modified":"2025-04-09T12:10:22","modified_gmt":"2025-04-09T10:10:22","slug":"concurso-cib-cinco-jovenes-talentos-premiados","status":"publish","type":"post","link":"https:\/\/www.cib.de\/es\/cib-wettbewerb-preisverleihung-an-funf-mint-talente\/","title":{"rendered":"Concurso CIB: cinco j\u00f3venes talentos premiados"},"content":{"rendered":"<p class=\"translation-block\">El <a href=\"https:\/\/www.dslpa.org\/2021\/07\/cib-wettbewerb-physik-mint-2020-21-2\/\" target=\"_self\">concurso CIB del Colegio Alem\u00e1n de Las Palmas<\/a> supone un reto para los alumnos de los cursos de las clases superiores, por el que adem\u00e1s pueden conseguir grandes premios por su participaci\u00f3n en las \u00e1reas M.I.N.T. (en alem\u00e1n \u201cHumanidades, Inform\u00e1tica, Ciencias naturales y Tecnolog\u00eda\u201d):<\/p>\n\n\n\n<p><p><\/p><\/p>\n\n\n\n<ul class=\"wp-block-list\"><li>Alumnos experimentan (de la clase 7. a la 9.)<\/li><li>J\u00f3venes investigan (de la clase 10. a la 12.)<\/li><li>Concurso de F\u00edsica MNU (Juniors: clases 7. y 8., nivel avanzado: clases 9. y 10.)<\/li><li>Concurso Nacional de Inform\u00e1tica (dirigido a j\u00f3venes de colegio alemanes hasta los 21 a\u00f1os)<\/li><\/ul>\n\n\n\n<p><p><\/p><\/p>\n\n\n\n<p>Este a\u00f1o, cinco alumnos aceptaron el reto. A finales de junio se celebr\u00f3 la ceremonia de entrega de premios en las instalaciones del Colegio, durante la cual nuestros compa\u00f1eros, Cristina Silvera y Walter P\u00e9rez, entregaron cinco certificados y premios. El acto fue dirigido por el director Martin Schweinsberg.<\/p>\n\n\n\n<div class=\"wp-block-image\"><figure class=\"alignleft size-full\"><img fetchpriority=\"high\" decoding=\"async\" width=\"216\" height=\"305\" src=\"http:\/\/18.198.70.165.nip.io\/wp-content\/uploads\/2021\/11\/CIB-Wettbewerb.png\" alt=\"\" class=\"wp-image-17551\" srcset=\"https:\/\/www.cib.de\/wp-content\/uploads\/2021\/11\/CIB-Wettbewerb.png 216w, https:\/\/www.cib.de\/wp-content\/uploads\/2021\/11\/CIB-Wettbewerb-212x300.png 212w\" sizes=\"(max-width: 216px) 100vw, 216px\" \/><\/figure><\/div>\n\n\n\n<p><strong>El primer puesto: Elia Doumerc<\/strong><\/p>\n\n\n\n<p>El\u00eda decidi\u00f3 participar en el concurso nacional de inform\u00e1tica y convenci\u00f3 al jurado con sus habilidades de programaci\u00f3n para resolver tres dif\u00edciles problemas matem\u00e1ticos:<\/p>\n\n\n\n<p>\u201cEl objetivo era resolver las tareas lo mejor posible. Esto significa que los algoritmos deben ser eficientes y el c\u00f3digo del programa elegante y legible. Adem\u00e1s, hice mucho hincapi\u00e9 en la documentaci\u00f3n del programa, que deb\u00eda aclarar la soluci\u00f3n y contener tambi\u00e9n un an\u00e1lisis te\u00f3rico del problema\u201d, cuenta El\u00eda. \u201cRecib\u00ed unos AirPods como premio, que me encantaron\u201d.<\/p>\n\n\n\n<p><strong><br><p>Premios para todos<\/p><\/strong><\/p>\n\n\n\n<p>Sim\u00f3n y Marcos quedaron en segundo lugar y recibieron sendos smartwatches de Huawei. Lorena y \u00c1lvaro recibieron el libro de texto de f\u00edsica \u201cArtima\u00f1as de la f\u00edsica\u201d. \u00a1Enhorabuena!<\/p>\n\n\n\n<p><strong>A partir de septiembre comienza la siguiente ronda<\/strong><\/p>\n\n\n\n<p>Tras sus excelentes primeros resultados, en septiembre comienza para El\u00eda la fase final del Concurso Nacional de Inform\u00e1tica. Aqu\u00ed se elegir\u00e1 el ganador final entre todos los participantes seleccionados. \u00a1Cruzamos los dedos y le deseamos mucho \u00e9xito!<\/p>\n\n\n\n<p><strong>Fomentamos el talento entre los j\u00f3venes<\/strong><\/p>\n\n\n\n<p>Entendemos nuestro compromiso con los j\u00f3venes estudiantes como una inversi\u00f3n de futuro por la que deseamos facilitar a los j\u00f3venes su entrada en el mundo laboral en el campo de la tecnolog\u00edas de la informaci\u00f3n.<\/p>\n\n\n\n<p class=\"translation-block\">\u00bfEst\u00e1s interesado en un programa de formaci\u00f3n dual o de estudios duales en CIB? Puedes dirigirte a nuestra compa\u00f1era Cristina Silvera escribiendo a jobs@cib.de<\/p>\n\n\n\n<p>Let\u2019s CIB!<\/p>","protected":false},"excerpt":{"rendered":"<p>Der CIB Wettbewerb der Deutschen Schule Las Palmas stellt kreative und talentierte Sch\u00fcler der 7. bis 12. Klasse vor eine spannende Herausforderung. Es winken tolle Preise f\u00fcr die Teilnahme an einem der folgenden Wettbewerbe im Bereich MINT (Mensch, Informatik, Naturwissenschaft, Technik): Sch\u00fcler experimentieren (7. bis 9. Klasse) Jugend forscht (10. bis 12. Klasse) MNU-Physik-Wettbewerb (Junioren: &#8230; <a title=\"Concurso CIB: cinco j\u00f3venes talentos premiados\" class=\"read-more\" href=\"https:\/\/www.cib.de\/es\/cib-wettbewerb-preisverleihung-an-funf-mint-talente\/\" aria-label=\"Leer m\u00e1s sobre CIB Wettbewerb: Preisverleihung an f\u00fcnf MINT-Talente\">Leer m\u00e1s<\/a><\/p>","protected":false},"author":246,"featured_media":17549,"comment_status":"closed","ping_status":"closed","sticky":false,"template":"","format":"standard","meta":{"_acf_changed":false,"footnotes":""},"categories":[220],"tags":[1671,2204],"class_list":["post-17547","post","type-post","status-publish","format-standard","has-post-thumbnail","hentry","category-cat-proactive","tag-cib-impulsa","tag-only-es"],"acf":[],"yoast_head":"<!-- This site is optimized with the Yoast SEO plugin v27.5 - https:\/\/yoast.com\/product\/yoast-seo-wordpress\/ -->\n<title>CIB Wettbewerb: Preisverleihung an f\u00fcnf MINT-Talente - CIB Group<\/title>\n<meta name=\"robots\" content=\"index, follow, max-snippet:-1, max-image-preview:large, max-video-preview:-1\" \/>\n<link rel=\"canonical\" href=\"https:\/\/www.cib.de\/es\/concurso-cib-cinco-jovenes-talentos-premiados\/\" \/>\n<meta property=\"og:locale\" content=\"es_ES\" \/>\n<meta property=\"og:type\" content=\"article\" \/>\n<meta property=\"og:title\" content=\"CIB Wettbewerb: Preisverleihung an f\u00fcnf MINT-Talente - CIB Group\" \/>\n<meta property=\"og:description\" content=\"Der CIB Wettbewerb der Deutschen Schule Las Palmas stellt kreative und talentierte Sch\u00fcler der 7. bis 12. Klasse vor eine spannende Herausforderung. Es winken tolle Preise f\u00fcr die Teilnahme an einem der folgenden Wettbewerbe im Bereich MINT (Mensch, Informatik, Naturwissenschaft, Technik): Sch\u00fcler experimentieren (7. bis 9. Klasse) Jugend forscht (10. bis 12. Klasse) MNU-Physik-Wettbewerb (Junioren: ... Leer m\u00e1s\" \/>\n<meta property=\"og:url\" content=\"https:\/\/www.cib.de\/es\/concurso-cib-cinco-jovenes-talentos-premiados\/\" \/>\n<meta property=\"og:site_name\" content=\"CIB Group\" \/>\n<meta property=\"article:publisher\" content=\"https:\/\/www.linkedin.com\/company\/cib\/\" \/>\n<meta property=\"article:published_time\" content=\"2021-08-13T07:01:20+00:00\" \/>\n<meta property=\"article:modified_time\" content=\"2025-04-09T10:10:22+00:00\" \/>\n<meta property=\"og:image\" content=\"https:\/\/www.cib.de\/wp-content\/uploads\/2021\/11\/CIB_Wettbewerb_MINT_Deutsche_Schule_Las_Palmas.png\" \/>\n\t<meta property=\"og:image:width\" content=\"826\" \/>\n\t<meta property=\"og:image:height\" content=\"401\" \/>\n\t<meta property=\"og:image:type\" content=\"image\/png\" \/>\n<meta name=\"author\" content=\"CIB Group\" \/>\n<meta name=\"twitter:card\" content=\"summary_large_image\" \/>\n<meta name=\"twitter:label1\" content=\"Escrito por\" \/>\n\t<meta name=\"twitter:data1\" content=\"CIB Group\" \/>\n\t<meta name=\"twitter:label2\" content=\"Tiempo de lectura\" \/>\n\t<meta name=\"twitter:data2\" content=\"2 minutos\" \/>\n<script type=\"application\/ld+json\" class=\"yoast-schema-graph\">{\"@context\":\"https:\\\/\\\/schema.org\",\"@graph\":[{\"@type\":\"Article\",\"@id\":\"https:\\\/\\\/www.cib.de\\\/cib-wettbewerb-preisverleihung-an-funf-mint-talente\\\/#article\",\"isPartOf\":{\"@id\":\"https:\\\/\\\/www.cib.de\\\/cib-wettbewerb-preisverleihung-an-funf-mint-talente\\\/\"},\"author\":{\"name\":\"CIB Group\",\"@id\":\"https:\\\/\\\/www.cib.de\\\/#\\\/schema\\\/person\\\/4c70f0634b93acb47baacdb671694155\"},\"headline\":\"CIB Wettbewerb: Preisverleihung an f\u00fcnf MINT-Talente\",\"datePublished\":\"2021-08-13T07:01:20+00:00\",\"dateModified\":\"2025-04-09T10:10:22+00:00\",\"mainEntityOfPage\":{\"@id\":\"https:\\\/\\\/www.cib.de\\\/cib-wettbewerb-preisverleihung-an-funf-mint-talente\\\/\"},\"wordCount\":386,\"publisher\":{\"@id\":\"https:\\\/\\\/www.cib.de\\\/#organization\"},\"image\":{\"@id\":\"https:\\\/\\\/www.cib.de\\\/cib-wettbewerb-preisverleihung-an-funf-mint-talente\\\/#primaryimage\"},\"thumbnailUrl\":\"https:\\\/\\\/www.cib.de\\\/wp-content\\\/uploads\\\/2021\\\/11\\\/CIB_Wettbewerb_MINT_Deutsche_Schule_Las_Palmas-e1768493409224.png\",\"keywords\":[\"CIB Impulsa\",\"ES\"],\"articleSection\":[\"CIB proActive\"],\"inLanguage\":\"es\"},{\"@type\":\"WebPage\",\"@id\":\"https:\\\/\\\/www.cib.de\\\/cib-wettbewerb-preisverleihung-an-funf-mint-talente\\\/\",\"url\":\"https:\\\/\\\/www.cib.de\\\/cib-wettbewerb-preisverleihung-an-funf-mint-talente\\\/\",\"name\":\"CIB Wettbewerb: Preisverleihung an f\u00fcnf MINT-Talente - CIB Group\",\"isPartOf\":{\"@id\":\"https:\\\/\\\/www.cib.de\\\/#website\"},\"primaryImageOfPage\":{\"@id\":\"https:\\\/\\\/www.cib.de\\\/cib-wettbewerb-preisverleihung-an-funf-mint-talente\\\/#primaryimage\"},\"image\":{\"@id\":\"https:\\\/\\\/www.cib.de\\\/cib-wettbewerb-preisverleihung-an-funf-mint-talente\\\/#primaryimage\"},\"thumbnailUrl\":\"https:\\\/\\\/www.cib.de\\\/wp-content\\\/uploads\\\/2021\\\/11\\\/CIB_Wettbewerb_MINT_Deutsche_Schule_Las_Palmas-e1768493409224.png\",\"datePublished\":\"2021-08-13T07:01:20+00:00\",\"dateModified\":\"2025-04-09T10:10:22+00:00\",\"breadcrumb\":{\"@id\":\"https:\\\/\\\/www.cib.de\\\/cib-wettbewerb-preisverleihung-an-funf-mint-talente\\\/#breadcrumb\"},\"inLanguage\":\"es\",\"potentialAction\":[{\"@type\":\"ReadAction\",\"target\":[\"https:\\\/\\\/www.cib.de\\\/cib-wettbewerb-preisverleihung-an-funf-mint-talente\\\/\"]}]},{\"@type\":\"ImageObject\",\"inLanguage\":\"es\",\"@id\":\"https:\\\/\\\/www.cib.de\\\/cib-wettbewerb-preisverleihung-an-funf-mint-talente\\\/#primaryimage\",\"url\":\"https:\\\/\\\/www.cib.de\\\/wp-content\\\/uploads\\\/2021\\\/11\\\/CIB_Wettbewerb_MINT_Deutsche_Schule_Las_Palmas-e1768493409224.png\",\"contentUrl\":\"https:\\\/\\\/www.cib.de\\\/wp-content\\\/uploads\\\/2021\\\/11\\\/CIB_Wettbewerb_MINT_Deutsche_Schule_Las_Palmas-e1768493409224.png\",\"width\":721,\"height\":350,\"caption\":\"Wettbewerb MINT\"},{\"@type\":\"BreadcrumbList\",\"@id\":\"https:\\\/\\\/www.cib.de\\\/cib-wettbewerb-preisverleihung-an-funf-mint-talente\\\/#breadcrumb\",\"itemListElement\":[{\"@type\":\"ListItem\",\"position\":1,\"name\":\"Home\",\"item\":\"https:\\\/\\\/www.cib.de\\\/\"},{\"@type\":\"ListItem\",\"position\":2,\"name\":\"CIB Wettbewerb: Preisverleihung an f\u00fcnf MINT-Talente\"}]},{\"@type\":\"WebSite\",\"@id\":\"https:\\\/\\\/www.cib.de\\\/#website\",\"url\":\"https:\\\/\\\/www.cib.de\\\/\",\"name\":\"CIB Group\",\"description\":\"Digitalisierung, Prozessautomatisierung, K\u00fcnstliche Intelligenz\",\"publisher\":{\"@id\":\"https:\\\/\\\/www.cib.de\\\/#organization\"},\"potentialAction\":[{\"@type\":\"SearchAction\",\"target\":{\"@type\":\"EntryPoint\",\"urlTemplate\":\"https:\\\/\\\/www.cib.de\\\/?s={search_term_string}\"},\"query-input\":{\"@type\":\"PropertyValueSpecification\",\"valueRequired\":true,\"valueName\":\"search_term_string\"}}],\"inLanguage\":\"es\"},{\"@type\":\"Organization\",\"@id\":\"https:\\\/\\\/www.cib.de\\\/#organization\",\"name\":\"CIB Group\",\"url\":\"https:\\\/\\\/www.cib.de\\\/\",\"logo\":{\"@type\":\"ImageObject\",\"inLanguage\":\"es\",\"@id\":\"https:\\\/\\\/www.cib.de\\\/#\\\/schema\\\/logo\\\/image\\\/\",\"url\":\"https:\\\/\\\/www.cib.de\\\/wp-content\\\/uploads\\\/2023\\\/10\\\/CIB_Logo_.svg\",\"contentUrl\":\"https:\\\/\\\/www.cib.de\\\/wp-content\\\/uploads\\\/2023\\\/10\\\/CIB_Logo_.svg\",\"width\":283,\"height\":128,\"caption\":\"CIB Group\"},\"image\":{\"@id\":\"https:\\\/\\\/www.cib.de\\\/#\\\/schema\\\/logo\\\/image\\\/\"},\"sameAs\":[\"https:\\\/\\\/www.linkedin.com\\\/company\\\/cib\\\/\"]},{\"@type\":\"Person\",\"@id\":\"https:\\\/\\\/www.cib.de\\\/#\\\/schema\\\/person\\\/4c70f0634b93acb47baacdb671694155\",\"name\":\"CIB Group\",\"image\":{\"@type\":\"ImageObject\",\"inLanguage\":\"es\",\"@id\":\"https:\\\/\\\/www.cib.de\\\/wp-content\\\/uploads\\\/2023\\\/03\\\/logo_signature2.png\",\"url\":\"https:\\\/\\\/www.cib.de\\\/wp-content\\\/uploads\\\/2023\\\/03\\\/logo_signature2.png\",\"contentUrl\":\"https:\\\/\\\/www.cib.de\\\/wp-content\\\/uploads\\\/2023\\\/03\\\/logo_signature2.png\",\"caption\":\"CIB Group\"},\"description\":\"Die Digitalisierungsexperten\"}]}<\/script>\n<!-- \/ Yoast SEO plugin. -->","yoast_head_json":{"title":"Concurso CIB: cinco j\u00f3venes talentos premiados","robots":{"index":"index","follow":"follow","max-snippet":"max-snippet:-1","max-image-preview":"max-image-preview:large","max-video-preview":"max-video-preview:-1"},"canonical":"https:\/\/www.cib.de\/es\/concurso-cib-cinco-jovenes-talentos-premiados\/","og_locale":"es_ES","og_type":"article","og_title":"CIB Wettbewerb: Preisverleihung an f\u00fcnf MINT-Talente - CIB Group","og_description":"Der CIB Wettbewerb der Deutschen Schule Las Palmas stellt kreative und talentierte Sch\u00fcler der 7. bis 12. Klasse vor eine spannende Herausforderung. Es winken tolle Preise f\u00fcr die Teilnahme an einem der folgenden Wettbewerbe im Bereich MINT (Mensch, Informatik, Naturwissenschaft, Technik): Sch\u00fcler experimentieren (7. bis 9. Klasse) Jugend forscht (10. bis 12. Klasse) MNU-Physik-Wettbewerb (Junioren: ... Leer m\u00e1s","og_url":"https:\/\/www.cib.de\/es\/concurso-cib-cinco-jovenes-talentos-premiados\/","og_site_name":"CIB Group","article_publisher":"https:\/\/www.linkedin.com\/company\/cib\/","article_published_time":"2021-08-13T07:01:20+00:00","article_modified_time":"2025-04-09T10:10:22+00:00","og_image":[{"width":826,"height":401,"url":"https:\/\/www.cib.de\/wp-content\/uploads\/2021\/11\/CIB_Wettbewerb_MINT_Deutsche_Schule_Las_Palmas.png","type":"image\/png"}],"author":"CIB Group","twitter_card":"summary_large_image","twitter_misc":{"Escrito por":"CIB Group","Tiempo de lectura":"2 minutos"},"schema":{"@context":"https:\/\/schema.org","@graph":[{"@type":"Article","@id":"https:\/\/www.cib.de\/cib-wettbewerb-preisverleihung-an-funf-mint-talente\/#article","isPartOf":{"@id":"https:\/\/www.cib.de\/cib-wettbewerb-preisverleihung-an-funf-mint-talente\/"},"author":{"name":"CIB Group","@id":"https:\/\/www.cib.de\/#\/schema\/person\/4c70f0634b93acb47baacdb671694155"},"headline":"CIB Wettbewerb: Preisverleihung an f\u00fcnf MINT-Talente","datePublished":"2021-08-13T07:01:20+00:00","dateModified":"2025-04-09T10:10:22+00:00","mainEntityOfPage":{"@id":"https:\/\/www.cib.de\/cib-wettbewerb-preisverleihung-an-funf-mint-talente\/"},"wordCount":386,"publisher":{"@id":"https:\/\/www.cib.de\/#organization"},"image":{"@id":"https:\/\/www.cib.de\/cib-wettbewerb-preisverleihung-an-funf-mint-talente\/#primaryimage"},"thumbnailUrl":"https:\/\/www.cib.de\/wp-content\/uploads\/2021\/11\/CIB_Wettbewerb_MINT_Deutsche_Schule_Las_Palmas-e1768493409224.png","keywords":["CIB Impulsa","ES"],"articleSection":["CIB proActive"],"inLanguage":"es"},{"@type":"WebPage","@id":"https:\/\/www.cib.de\/cib-wettbewerb-preisverleihung-an-funf-mint-talente\/","url":"https:\/\/www.cib.de\/cib-wettbewerb-preisverleihung-an-funf-mint-talente\/","name":"Concurso CIB: cinco j\u00f3venes talentos premiados","isPartOf":{"@id":"https:\/\/www.cib.de\/#website"},"primaryImageOfPage":{"@id":"https:\/\/www.cib.de\/cib-wettbewerb-preisverleihung-an-funf-mint-talente\/#primaryimage"},"image":{"@id":"https:\/\/www.cib.de\/cib-wettbewerb-preisverleihung-an-funf-mint-talente\/#primaryimage"},"thumbnailUrl":"https:\/\/www.cib.de\/wp-content\/uploads\/2021\/11\/CIB_Wettbewerb_MINT_Deutsche_Schule_Las_Palmas-e1768493409224.png","datePublished":"2021-08-13T07:01:20+00:00","dateModified":"2025-04-09T10:10:22+00:00","breadcrumb":{"@id":"https:\/\/www.cib.de\/cib-wettbewerb-preisverleihung-an-funf-mint-talente\/#breadcrumb"},"inLanguage":"es","potentialAction":[{"@type":"ReadAction","target":["https:\/\/www.cib.de\/cib-wettbewerb-preisverleihung-an-funf-mint-talente\/"]}]},{"@type":"ImageObject","inLanguage":"es","@id":"https:\/\/www.cib.de\/cib-wettbewerb-preisverleihung-an-funf-mint-talente\/#primaryimage","url":"https:\/\/www.cib.de\/wp-content\/uploads\/2021\/11\/CIB_Wettbewerb_MINT_Deutsche_Schule_Las_Palmas-e1768493409224.png","contentUrl":"https:\/\/www.cib.de\/wp-content\/uploads\/2021\/11\/CIB_Wettbewerb_MINT_Deutsche_Schule_Las_Palmas-e1768493409224.png","width":721,"height":350,"caption":"Wettbewerb MINT"},{"@type":"BreadcrumbList","@id":"https:\/\/www.cib.de\/cib-wettbewerb-preisverleihung-an-funf-mint-talente\/#breadcrumb","itemListElement":[{"@type":"ListItem","position":1,"name":"Home","item":"https:\/\/www.cib.de\/"},{"@type":"ListItem","position":2,"name":"CIB Wettbewerb: Preisverleihung an f\u00fcnf MINT-Talente"}]},{"@type":"WebSite","@id":"https:\/\/www.cib.de\/#website","url":"https:\/\/www.cib.de\/","name":"CIB Group","description":"Digitalisierung, Prozessautomatisierung, K\u00fcnstliche Intelligenz","publisher":{"@id":"https:\/\/www.cib.de\/#organization"},"potentialAction":[{"@type":"SearchAction","target":{"@type":"EntryPoint","urlTemplate":"https:\/\/www.cib.de\/?s={search_term_string}"},"query-input":{"@type":"PropertyValueSpecification","valueRequired":true,"valueName":"search_term_string"}}],"inLanguage":"es"},{"@type":"Organization","@id":"https:\/\/www.cib.de\/#organization","name":"CIB Group","url":"https:\/\/www.cib.de\/","logo":{"@type":"ImageObject","inLanguage":"es","@id":"https:\/\/www.cib.de\/#\/schema\/logo\/image\/","url":"https:\/\/www.cib.de\/wp-content\/uploads\/2023\/10\/CIB_Logo_.svg","contentUrl":"https:\/\/www.cib.de\/wp-content\/uploads\/2023\/10\/CIB_Logo_.svg","width":283,"height":128,"caption":"CIB Group"},"image":{"@id":"https:\/\/www.cib.de\/#\/schema\/logo\/image\/"},"sameAs":["https:\/\/www.linkedin.com\/company\/cib\/"]},{"@type":"Person","@id":"https:\/\/www.cib.de\/#\/schema\/person\/4c70f0634b93acb47baacdb671694155","name":"CIB Group","image":{"@type":"ImageObject","inLanguage":"es","@id":"https:\/\/www.cib.de\/wp-content\/uploads\/2023\/03\/logo_signature2.png","url":"https:\/\/www.cib.de\/wp-content\/uploads\/2023\/03\/logo_signature2.png","contentUrl":"https:\/\/www.cib.de\/wp-content\/uploads\/2023\/03\/logo_signature2.png","caption":"CIB Group"},"description":"Expertos en digitalizaci\u00f3n"}]}},"post_mailing_queue_ids":[],"_links":{"self":[{"href":"https:\/\/www.cib.de\/es\/wp-json\/wp\/v2\/posts\/17547","targetHints":{"allow":["GET"]}}],"collection":[{"href":"https:\/\/www.cib.de\/es\/wp-json\/wp\/v2\/posts"}],"about":[{"href":"https:\/\/www.cib.de\/es\/wp-json\/wp\/v2\/types\/post"}],"author":[{"embeddable":true,"href":"https:\/\/www.cib.de\/es\/wp-json\/wp\/v2\/users\/246"}],"replies":[{"embeddable":true,"href":"https:\/\/www.cib.de\/es\/wp-json\/wp\/v2\/comments?post=17547"}],"version-history":[{"count":3,"href":"https:\/\/www.cib.de\/es\/wp-json\/wp\/v2\/posts\/17547\/revisions"}],"predecessor-version":[{"id":22520,"href":"https:\/\/www.cib.de\/es\/wp-json\/wp\/v2\/posts\/17547\/revisions\/22520"}],"wp:featuredmedia":[{"embeddable":true,"href":"https:\/\/www.cib.de\/es\/wp-json\/wp\/v2\/media\/17549"}],"wp:attachment":[{"href":"https:\/\/www.cib.de\/es\/wp-json\/wp\/v2\/media?parent=17547"}],"wp:term":[{"taxonomy":"category","embeddable":true,"href":"https:\/\/www.cib.de\/es\/wp-json\/wp\/v2\/categories?post=17547"},{"taxonomy":"post_tag","embeddable":true,"href":"https:\/\/www.cib.de\/es\/wp-json\/wp\/v2\/tags?post=17547"}],"curies":[{"name":"wp","href":"https:\/\/api.w.org\/{rel}","templated":true}]}}