{"id":17565,"date":"2021-09-16T09:16:00","date_gmt":"2021-09-16T07:16:00","guid":{"rendered":"http:\/\/18.198.70.165.nip.io\/?p=17565"},"modified":"2023-04-19T17:17:02","modified_gmt":"2023-04-19T15:17:02","slug":"cib-viena-cib-group-crece-en-austria","status":"publish","type":"post","link":"https:\/\/www.cib.de\/es\/vienna-calling-cib-group-wachst-und-grundet-gesellschaft-in-osterreich\/","title":{"rendered":"CIB Viena: CIB Group crece en Austria"},"content":{"rendered":"<p>Tras la puesta en marcha de dos sedes espa\u00f1olas en los \u00faltimos a\u00f1os, CIB Group crece ahora en Viena con CIB solutions GmbH. La administraci\u00f3n p\u00fablica austr\u00edaca ya se beneficia de nuestras soluciones de digitalizaci\u00f3n y gesti\u00f3n de documentos. La nueva sociedad se crea para ofrecer a nuestros clientes asesoramiento in situ.<\/p>\n\n\n\n<p>CIB solutions GmbH ampliar\u00e1 adem\u00e1s la red existente en Austria y acompa\u00f1ar\u00e1 a nuevos clientes en su camino hacia la digitalizaci\u00f3n y la automatizaci\u00f3n y mejora de procesos de trabajo.<\/p>\n\n\n\n<p><strong>Re\u00fanase con nosotros en el Foro Tecnol\u00f3gico Germano-Austriaco<\/strong><\/p>\n\n\n\n<p>Los d\u00edas 10 y 11 de noviembre estaremos en Viena, en el 5\u00ba Foro Tecnol\u00f3gico Germano-Austriaco, donde nos reuniremos con clientes y colaboradores.<\/p>\n\n\n\n<p><strong>\u00a1\u00danase a nuestro equipo!<\/strong><\/p>\n\n\n\n<p><p><\/p><\/p>\n\n\n\n<p class=\"translation-block\">Estamos buscando oficina, as\u00ed como nuevo personal para nuestra nueva sede en Viena. \u00bfSuena interesante? Env\u00edenos su candidatura a trav\u00e9s de nuestra <a href=\"https:\/\/www.cib.de\/es\/ofertas\/\" target=\"_self\">bolsa de trabajo.<\/a><\/p>","protected":false},"excerpt":{"rendered":"<p>Nach den erfolgreichen Neugr\u00fcndungen der letzten Jahre an zwei spanischen Standorten w\u00e4chst jetzt die CIB Group mit der CIB solutions GmbH in Wien weiter. \u00d6ffentliche Beh\u00f6rden profitieren dort bereits von unseren L\u00f6sungen rund um Digitalisierung und Dokumentenmanagement. Um unseren Kunden auch vor Ort beratend zur Seite zu stehen, war die Unternehmensgr\u00fcndung in \u00d6sterreich der n\u00e4chste &#8230; <a title=\"CIB Viena: CIB Group crece en Austria\" class=\"read-more\" href=\"https:\/\/www.cib.de\/es\/vienna-calling-cib-group-wachst-und-grundet-gesellschaft-in-osterreich\/\" aria-label=\"Leer m\u00e1s sobre Vienna calling: CIB Group w\u00e4chst und gr\u00fcndet Gesellschaft in \u00d6sterreich\">Leer m\u00e1s<\/a><\/p>","protected":false},"author":246,"featured_media":17567,"comment_status":"closed","ping_status":"closed","sticky":false,"template":"","format":"standard","meta":{"_acf_changed":false,"footnotes":""},"categories":[918],"tags":[2204],"class_list":["post-17565","post","type-post","status-publish","format-standard","has-post-thumbnail","hentry","category-digitalisierung","tag-only-es"],"acf":[],"yoast_head":"<!-- This site is optimized with the Yoast SEO plugin v27.5 - https:\/\/yoast.com\/product\/yoast-seo-wordpress\/ -->\n<title>Vienna calling: CIB Group w\u00e4chst und gr\u00fcndet Gesellschaft in \u00d6sterreich - CIB Group<\/title>\n<meta name=\"robots\" content=\"index, follow, max-snippet:-1, max-image-preview:large, max-video-preview:-1\" \/>\n<link rel=\"canonical\" href=\"https:\/\/www.cib.de\/es\/cib-viena-cib-group-crece-en-austria\/\" \/>\n<meta property=\"og:locale\" content=\"es_ES\" \/>\n<meta property=\"og:type\" content=\"article\" \/>\n<meta property=\"og:title\" content=\"Vienna calling: CIB Group w\u00e4chst und gr\u00fcndet Gesellschaft in \u00d6sterreich - CIB Group\" \/>\n<meta property=\"og:description\" content=\"Nach den erfolgreichen Neugr\u00fcndungen der letzten Jahre an zwei spanischen Standorten w\u00e4chst jetzt die CIB Group mit der CIB solutions GmbH in Wien weiter. \u00d6ffentliche Beh\u00f6rden profitieren dort bereits von unseren L\u00f6sungen rund um Digitalisierung und Dokumentenmanagement. Um unseren Kunden auch vor Ort beratend zur Seite zu stehen, war die Unternehmensgr\u00fcndung in \u00d6sterreich der n\u00e4chste ... Leer m\u00e1s\" \/>\n<meta property=\"og:url\" content=\"https:\/\/www.cib.de\/es\/cib-viena-cib-group-crece-en-austria\/\" \/>\n<meta property=\"og:site_name\" content=\"CIB Group\" \/>\n<meta property=\"article:publisher\" content=\"https:\/\/www.linkedin.com\/company\/cib\/\" \/>\n<meta property=\"article:published_time\" content=\"2021-09-16T07:16:00+00:00\" \/>\n<meta property=\"article:modified_time\" content=\"2023-04-19T15:17:02+00:00\" \/>\n<meta property=\"og:image\" content=\"https:\/\/www.cib.de\/wp-content\/uploads\/2021\/11\/Blog-CIB-Wien-825x400-.png\" \/>\n\t<meta property=\"og:image:width\" content=\"826\" \/>\n\t<meta property=\"og:image:height\" content=\"401\" \/>\n\t<meta property=\"og:image:type\" content=\"image\/png\" \/>\n<meta name=\"author\" content=\"CIB Group\" \/>\n<meta name=\"twitter:card\" content=\"summary_large_image\" \/>\n<meta name=\"twitter:label1\" content=\"Escrito por\" \/>\n\t<meta name=\"twitter:data1\" content=\"CIB Group\" \/>\n\t<meta name=\"twitter:label2\" content=\"Tiempo de lectura\" \/>\n\t<meta name=\"twitter:data2\" content=\"1 minuto\" \/>\n<script type=\"application\/ld+json\" class=\"yoast-schema-graph\">{\"@context\":\"https:\\\/\\\/schema.org\",\"@graph\":[{\"@type\":\"Article\",\"@id\":\"https:\\\/\\\/www.cib.de\\\/vienna-calling-cib-group-wachst-und-grundet-gesellschaft-in-osterreich\\\/#article\",\"isPartOf\":{\"@id\":\"https:\\\/\\\/www.cib.de\\\/vienna-calling-cib-group-wachst-und-grundet-gesellschaft-in-osterreich\\\/\"},\"author\":{\"name\":\"CIB Group\",\"@id\":\"https:\\\/\\\/www.cib.de\\\/#\\\/schema\\\/person\\\/4c70f0634b93acb47baacdb671694155\"},\"headline\":\"Vienna calling: CIB Group w\u00e4chst und gr\u00fcndet Gesellschaft in \u00d6sterreich\",\"datePublished\":\"2021-09-16T07:16:00+00:00\",\"dateModified\":\"2023-04-19T15:17:02+00:00\",\"mainEntityOfPage\":{\"@id\":\"https:\\\/\\\/www.cib.de\\\/vienna-calling-cib-group-wachst-und-grundet-gesellschaft-in-osterreich\\\/\"},\"wordCount\":167,\"publisher\":{\"@id\":\"https:\\\/\\\/www.cib.de\\\/#organization\"},\"image\":{\"@id\":\"https:\\\/\\\/www.cib.de\\\/vienna-calling-cib-group-wachst-und-grundet-gesellschaft-in-osterreich\\\/#primaryimage\"},\"thumbnailUrl\":\"https:\\\/\\\/www.cib.de\\\/wp-content\\\/uploads\\\/2021\\\/11\\\/Blog-CIB-Wien-825x400--e1768493402377.png\",\"keywords\":[\"ES\"],\"articleSection\":[\"Digitalisierung\"],\"inLanguage\":\"es\"},{\"@type\":\"WebPage\",\"@id\":\"https:\\\/\\\/www.cib.de\\\/vienna-calling-cib-group-wachst-und-grundet-gesellschaft-in-osterreich\\\/\",\"url\":\"https:\\\/\\\/www.cib.de\\\/vienna-calling-cib-group-wachst-und-grundet-gesellschaft-in-osterreich\\\/\",\"name\":\"Vienna calling: CIB Group w\u00e4chst und gr\u00fcndet Gesellschaft in \u00d6sterreich - CIB Group\",\"isPartOf\":{\"@id\":\"https:\\\/\\\/www.cib.de\\\/#website\"},\"primaryImageOfPage\":{\"@id\":\"https:\\\/\\\/www.cib.de\\\/vienna-calling-cib-group-wachst-und-grundet-gesellschaft-in-osterreich\\\/#primaryimage\"},\"image\":{\"@id\":\"https:\\\/\\\/www.cib.de\\\/vienna-calling-cib-group-wachst-und-grundet-gesellschaft-in-osterreich\\\/#primaryimage\"},\"thumbnailUrl\":\"https:\\\/\\\/www.cib.de\\\/wp-content\\\/uploads\\\/2021\\\/11\\\/Blog-CIB-Wien-825x400--e1768493402377.png\",\"datePublished\":\"2021-09-16T07:16:00+00:00\",\"dateModified\":\"2023-04-19T15:17:02+00:00\",\"breadcrumb\":{\"@id\":\"https:\\\/\\\/www.cib.de\\\/vienna-calling-cib-group-wachst-und-grundet-gesellschaft-in-osterreich\\\/#breadcrumb\"},\"inLanguage\":\"es\",\"potentialAction\":[{\"@type\":\"ReadAction\",\"target\":[\"https:\\\/\\\/www.cib.de\\\/vienna-calling-cib-group-wachst-und-grundet-gesellschaft-in-osterreich\\\/\"]}]},{\"@type\":\"ImageObject\",\"inLanguage\":\"es\",\"@id\":\"https:\\\/\\\/www.cib.de\\\/vienna-calling-cib-group-wachst-und-grundet-gesellschaft-in-osterreich\\\/#primaryimage\",\"url\":\"https:\\\/\\\/www.cib.de\\\/wp-content\\\/uploads\\\/2021\\\/11\\\/Blog-CIB-Wien-825x400--e1768493402377.png\",\"contentUrl\":\"https:\\\/\\\/www.cib.de\\\/wp-content\\\/uploads\\\/2021\\\/11\\\/Blog-CIB-Wien-825x400--e1768493402377.png\",\"width\":721,\"height\":350,\"caption\":\"CIB Wien\"},{\"@type\":\"BreadcrumbList\",\"@id\":\"https:\\\/\\\/www.cib.de\\\/vienna-calling-cib-group-wachst-und-grundet-gesellschaft-in-osterreich\\\/#breadcrumb\",\"itemListElement\":[{\"@type\":\"ListItem\",\"position\":1,\"name\":\"Home\",\"item\":\"https:\\\/\\\/www.cib.de\\\/\"},{\"@type\":\"ListItem\",\"position\":2,\"name\":\"Vienna calling: CIB Group w\u00e4chst und gr\u00fcndet Gesellschaft in \u00d6sterreich\"}]},{\"@type\":\"WebSite\",\"@id\":\"https:\\\/\\\/www.cib.de\\\/#website\",\"url\":\"https:\\\/\\\/www.cib.de\\\/\",\"name\":\"CIB Group\",\"description\":\"Digitalisierung, Prozessautomatisierung, K\u00fcnstliche Intelligenz\",\"publisher\":{\"@id\":\"https:\\\/\\\/www.cib.de\\\/#organization\"},\"potentialAction\":[{\"@type\":\"SearchAction\",\"target\":{\"@type\":\"EntryPoint\",\"urlTemplate\":\"https:\\\/\\\/www.cib.de\\\/?s={search_term_string}\"},\"query-input\":{\"@type\":\"PropertyValueSpecification\",\"valueRequired\":true,\"valueName\":\"search_term_string\"}}],\"inLanguage\":\"es\"},{\"@type\":\"Organization\",\"@id\":\"https:\\\/\\\/www.cib.de\\\/#organization\",\"name\":\"CIB Group\",\"url\":\"https:\\\/\\\/www.cib.de\\\/\",\"logo\":{\"@type\":\"ImageObject\",\"inLanguage\":\"es\",\"@id\":\"https:\\\/\\\/www.cib.de\\\/#\\\/schema\\\/logo\\\/image\\\/\",\"url\":\"https:\\\/\\\/www.cib.de\\\/wp-content\\\/uploads\\\/2023\\\/10\\\/CIB_Logo_.svg\",\"contentUrl\":\"https:\\\/\\\/www.cib.de\\\/wp-content\\\/uploads\\\/2023\\\/10\\\/CIB_Logo_.svg\",\"width\":283,\"height\":128,\"caption\":\"CIB Group\"},\"image\":{\"@id\":\"https:\\\/\\\/www.cib.de\\\/#\\\/schema\\\/logo\\\/image\\\/\"},\"sameAs\":[\"https:\\\/\\\/www.linkedin.com\\\/company\\\/cib\\\/\"]},{\"@type\":\"Person\",\"@id\":\"https:\\\/\\\/www.cib.de\\\/#\\\/schema\\\/person\\\/4c70f0634b93acb47baacdb671694155\",\"name\":\"CIB Group\",\"image\":{\"@type\":\"ImageObject\",\"inLanguage\":\"es\",\"@id\":\"https:\\\/\\\/www.cib.de\\\/wp-content\\\/uploads\\\/2023\\\/03\\\/logo_signature2.png\",\"url\":\"https:\\\/\\\/www.cib.de\\\/wp-content\\\/uploads\\\/2023\\\/03\\\/logo_signature2.png\",\"contentUrl\":\"https:\\\/\\\/www.cib.de\\\/wp-content\\\/uploads\\\/2023\\\/03\\\/logo_signature2.png\",\"caption\":\"CIB Group\"},\"description\":\"Die Digitalisierungsexperten\"}]}<\/script>\n<!-- \/ Yoast SEO plugin. -->","yoast_head_json":{"title":"CIB Viena: CIB Group crece en Austria","robots":{"index":"index","follow":"follow","max-snippet":"max-snippet:-1","max-image-preview":"max-image-preview:large","max-video-preview":"max-video-preview:-1"},"canonical":"https:\/\/www.cib.de\/es\/cib-viena-cib-group-crece-en-austria\/","og_locale":"es_ES","og_type":"article","og_title":"Vienna calling: CIB Group w\u00e4chst und gr\u00fcndet Gesellschaft in \u00d6sterreich - CIB Group","og_description":"Nach den erfolgreichen Neugr\u00fcndungen der letzten Jahre an zwei spanischen Standorten w\u00e4chst jetzt die CIB Group mit der CIB solutions GmbH in Wien weiter. \u00d6ffentliche Beh\u00f6rden profitieren dort bereits von unseren L\u00f6sungen rund um Digitalisierung und Dokumentenmanagement. Um unseren Kunden auch vor Ort beratend zur Seite zu stehen, war die Unternehmensgr\u00fcndung in \u00d6sterreich der n\u00e4chste ... Leer m\u00e1s","og_url":"https:\/\/www.cib.de\/es\/cib-viena-cib-group-crece-en-austria\/","og_site_name":"CIB Group","article_publisher":"https:\/\/www.linkedin.com\/company\/cib\/","article_published_time":"2021-09-16T07:16:00+00:00","article_modified_time":"2023-04-19T15:17:02+00:00","og_image":[{"width":826,"height":401,"url":"https:\/\/www.cib.de\/wp-content\/uploads\/2021\/11\/Blog-CIB-Wien-825x400-.png","type":"image\/png"}],"author":"CIB Group","twitter_card":"summary_large_image","twitter_misc":{"Escrito por":"CIB Group","Tiempo de lectura":"1 minuto"},"schema":{"@context":"https:\/\/schema.org","@graph":[{"@type":"Article","@id":"https:\/\/www.cib.de\/vienna-calling-cib-group-wachst-und-grundet-gesellschaft-in-osterreich\/#article","isPartOf":{"@id":"https:\/\/www.cib.de\/vienna-calling-cib-group-wachst-und-grundet-gesellschaft-in-osterreich\/"},"author":{"name":"CIB Group","@id":"https:\/\/www.cib.de\/#\/schema\/person\/4c70f0634b93acb47baacdb671694155"},"headline":"Vienna calling: CIB Group w\u00e4chst und gr\u00fcndet Gesellschaft in \u00d6sterreich","datePublished":"2021-09-16T07:16:00+00:00","dateModified":"2023-04-19T15:17:02+00:00","mainEntityOfPage":{"@id":"https:\/\/www.cib.de\/vienna-calling-cib-group-wachst-und-grundet-gesellschaft-in-osterreich\/"},"wordCount":167,"publisher":{"@id":"https:\/\/www.cib.de\/#organization"},"image":{"@id":"https:\/\/www.cib.de\/vienna-calling-cib-group-wachst-und-grundet-gesellschaft-in-osterreich\/#primaryimage"},"thumbnailUrl":"https:\/\/www.cib.de\/wp-content\/uploads\/2021\/11\/Blog-CIB-Wien-825x400--e1768493402377.png","keywords":["ES"],"articleSection":["Digitalisierung"],"inLanguage":"es"},{"@type":"WebPage","@id":"https:\/\/www.cib.de\/vienna-calling-cib-group-wachst-und-grundet-gesellschaft-in-osterreich\/","url":"https:\/\/www.cib.de\/vienna-calling-cib-group-wachst-und-grundet-gesellschaft-in-osterreich\/","name":"CIB Viena: CIB Group crece en Austria","isPartOf":{"@id":"https:\/\/www.cib.de\/#website"},"primaryImageOfPage":{"@id":"https:\/\/www.cib.de\/vienna-calling-cib-group-wachst-und-grundet-gesellschaft-in-osterreich\/#primaryimage"},"image":{"@id":"https:\/\/www.cib.de\/vienna-calling-cib-group-wachst-und-grundet-gesellschaft-in-osterreich\/#primaryimage"},"thumbnailUrl":"https:\/\/www.cib.de\/wp-content\/uploads\/2021\/11\/Blog-CIB-Wien-825x400--e1768493402377.png","datePublished":"2021-09-16T07:16:00+00:00","dateModified":"2023-04-19T15:17:02+00:00","breadcrumb":{"@id":"https:\/\/www.cib.de\/vienna-calling-cib-group-wachst-und-grundet-gesellschaft-in-osterreich\/#breadcrumb"},"inLanguage":"es","potentialAction":[{"@type":"ReadAction","target":["https:\/\/www.cib.de\/vienna-calling-cib-group-wachst-und-grundet-gesellschaft-in-osterreich\/"]}]},{"@type":"ImageObject","inLanguage":"es","@id":"https:\/\/www.cib.de\/vienna-calling-cib-group-wachst-und-grundet-gesellschaft-in-osterreich\/#primaryimage","url":"https:\/\/www.cib.de\/wp-content\/uploads\/2021\/11\/Blog-CIB-Wien-825x400--e1768493402377.png","contentUrl":"https:\/\/www.cib.de\/wp-content\/uploads\/2021\/11\/Blog-CIB-Wien-825x400--e1768493402377.png","width":721,"height":350,"caption":"CIB Wien"},{"@type":"BreadcrumbList","@id":"https:\/\/www.cib.de\/vienna-calling-cib-group-wachst-und-grundet-gesellschaft-in-osterreich\/#breadcrumb","itemListElement":[{"@type":"ListItem","position":1,"name":"Home","item":"https:\/\/www.cib.de\/"},{"@type":"ListItem","position":2,"name":"Vienna calling: CIB Group w\u00e4chst und gr\u00fcndet Gesellschaft in \u00d6sterreich"}]},{"@type":"WebSite","@id":"https:\/\/www.cib.de\/#website","url":"https:\/\/www.cib.de\/","name":"CIB Group","description":"Digitalisierung, Prozessautomatisierung, K\u00fcnstliche Intelligenz","publisher":{"@id":"https:\/\/www.cib.de\/#organization"},"potentialAction":[{"@type":"SearchAction","target":{"@type":"EntryPoint","urlTemplate":"https:\/\/www.cib.de\/?s={search_term_string}"},"query-input":{"@type":"PropertyValueSpecification","valueRequired":true,"valueName":"search_term_string"}}],"inLanguage":"es"},{"@type":"Organization","@id":"https:\/\/www.cib.de\/#organization","name":"CIB Group","url":"https:\/\/www.cib.de\/","logo":{"@type":"ImageObject","inLanguage":"es","@id":"https:\/\/www.cib.de\/#\/schema\/logo\/image\/","url":"https:\/\/www.cib.de\/wp-content\/uploads\/2023\/10\/CIB_Logo_.svg","contentUrl":"https:\/\/www.cib.de\/wp-content\/uploads\/2023\/10\/CIB_Logo_.svg","width":283,"height":128,"caption":"CIB Group"},"image":{"@id":"https:\/\/www.cib.de\/#\/schema\/logo\/image\/"},"sameAs":["https:\/\/www.linkedin.com\/company\/cib\/"]},{"@type":"Person","@id":"https:\/\/www.cib.de\/#\/schema\/person\/4c70f0634b93acb47baacdb671694155","name":"CIB Group","image":{"@type":"ImageObject","inLanguage":"es","@id":"https:\/\/www.cib.de\/wp-content\/uploads\/2023\/03\/logo_signature2.png","url":"https:\/\/www.cib.de\/wp-content\/uploads\/2023\/03\/logo_signature2.png","contentUrl":"https:\/\/www.cib.de\/wp-content\/uploads\/2023\/03\/logo_signature2.png","caption":"CIB Group"},"description":"Expertos en digitalizaci\u00f3n"}]}},"post_mailing_queue_ids":[],"_links":{"self":[{"href":"https:\/\/www.cib.de\/es\/wp-json\/wp\/v2\/posts\/17565","targetHints":{"allow":["GET"]}}],"collection":[{"href":"https:\/\/www.cib.de\/es\/wp-json\/wp\/v2\/posts"}],"about":[{"href":"https:\/\/www.cib.de\/es\/wp-json\/wp\/v2\/types\/post"}],"author":[{"embeddable":true,"href":"https:\/\/www.cib.de\/es\/wp-json\/wp\/v2\/users\/246"}],"replies":[{"embeddable":true,"href":"https:\/\/www.cib.de\/es\/wp-json\/wp\/v2\/comments?post=17565"}],"version-history":[{"count":3,"href":"https:\/\/www.cib.de\/es\/wp-json\/wp\/v2\/posts\/17565\/revisions"}],"predecessor-version":[{"id":58085,"href":"https:\/\/www.cib.de\/es\/wp-json\/wp\/v2\/posts\/17565\/revisions\/58085"}],"wp:featuredmedia":[{"embeddable":true,"href":"https:\/\/www.cib.de\/es\/wp-json\/wp\/v2\/media\/17567"}],"wp:attachment":[{"href":"https:\/\/www.cib.de\/es\/wp-json\/wp\/v2\/media?parent=17565"}],"wp:term":[{"taxonomy":"category","embeddable":true,"href":"https:\/\/www.cib.de\/es\/wp-json\/wp\/v2\/categories?post=17565"},{"taxonomy":"post_tag","embeddable":true,"href":"https:\/\/www.cib.de\/es\/wp-json\/wp\/v2\/tags?post=17565"}],"curies":[{"name":"wp","href":"https:\/\/api.w.org\/{rel}","templated":true}]}}