{"id":17591,"date":"2021-10-06T09:36:00","date_gmt":"2021-10-06T07:36:00","guid":{"rendered":"http:\/\/18.198.70.165.nip.io\/?p=17591"},"modified":"2023-11-09T13:29:13","modified_gmt":"2023-11-09T12:29:13","slug":"4dayweek-cib-group-introduce-la-semana-laboral-de-4-dias","status":"publish","type":"post","link":"https:\/\/www.cib.de\/es\/4dayweek-cib-group-fuhrt-4-tage-woche-ein\/","title":{"rendered":"#4DayWeek: CIB Group introduce la semana laboral de 4 d\u00edas"},"content":{"rendered":"<p>En estos d\u00edas se percibe una gran energ\u00eda positiva entre los empleados de todo CIB Group, ya que a partir de ahora s\u00f3lo trabajar\u00e1n cuatro d\u00edas a la semana, y esto, con el mismo salario. Con ello, la empresa de software da un gran paso hacia el New Work y asume un papel pionero en cuanto a conceptos de trabajo innovadores.<\/p>\n\n\n\n<p><strong>Menos tareas rutinarias, m\u00e1s calidad de vida<\/strong><\/p>\n\n\n\n<p>Las tecnolog\u00edas digitales est\u00e1n cambiando el mundo del trabajo. No s\u00f3lo permiten que los equipos trabajen juntos independientemente de su ubicaci\u00f3n, sino que tambi\u00e9n liberan a los empleados de las desagradables tareas rutinarias que aportan poco valor. CIB Group es experto en la automatizaci\u00f3n de estas tareas con la ayuda de innovadoras soluciones BPM apoyadas en la IA. Ahora utiliza sus conocimientos para introducir una nueva cultura de trabajo en su propia organizaci\u00f3n.<\/p>\n\n\n\n<p class=\"translation-block\">La idea del concepto \u201c<a href=\"https:\/\/www.cib.de\/es\/4dayweek\/\" target=\"_self\">CIB 4DayWeek<\/a>\u201d fue del director general Ulrich Brandner. \u201cEl objetivo es que nos liberemos cada vez m\u00e1s de las rutinas que nos quitan tiempo gracias a nuestras propias soluciones digitales. El futuro deber\u00eda traer menos automatismos humanos y m\u00e1s colaboraci\u00f3n creativa\u201d, dice el experto en digitalizaci\u00f3n. M\u00e1s calidad de vida en lugar de maximizar los beneficios es el lema.<\/p>\n\n\n\n<p><strong>Valor a\u00f1adido para ambas partes<\/strong><\/p>\n\n\n\n<p>Desde el punto de vista organizativo, la semana de 4 d\u00edas ser\u00e1 aplicada por los aproximadamente 150 empleados a tiempo completo del CIB Group reduciendo sus horas de trabajo semanales de 40 a 36. Los viernes dejar\u00e1n de ser un d\u00eda laborable a partir de ahora, pero el salario seguir\u00e1 siendo el mismo. La disponibilidad para los clientes est\u00e1 garantizada por la alternancia de los equipos de apoyo y asesoramiento los viernes y los lunes.<\/p>\n\n\n\n<p>Para los empleados, la semana de 4 d\u00edas tiene un claro valor a\u00f1adido: est\u00e1n contentos de tener m\u00e1s tiempo libre, que ahora pueden utilizar para la familia, las aficiones y la salud. Su equilibrio entre la vida laboral y la personal mejora enormemente y su motivaci\u00f3n aumenta. El concepto tambi\u00e9n tiene ventajas para el futuro. El largo tiempo que queda hasta la jubilaci\u00f3n es mucho menos estresante si se reducen las horas de trabajo.<\/p>\n\n\n\n<p>CIB Group est\u00e1 convencido de que la \u201c4DayWeek\u201d aumentar\u00e1 a\u00fan m\u00e1s la satisfacci\u00f3n de los empleados, de modo que \u00e9stos permanecer\u00e1n fieles a la empresa a largo plazo. Adem\u00e1s, el proveedor de software quiere ganar puntos entre los candidatos con sus atractivas condiciones de trabajo y ampliar su ventaja competitiva.<\/p>\n\n\n\n<p><strong>Stay tuned!<\/strong><\/p>\n\n\n\n<p class=\"translation-block\">\u00bfQuiere saber cu\u00e1l es nuestra experiencia con la #4DayWeek? Seguiremos informando en nuestra Web, en este blog, en las redes sociales y en conferencias en directo. S\u00edganos y no dude en ponerse en contacto con nosotros en caso de inter\u00e9s. Esperamos que el intercambio sea inspirador.<\/p>\n\n\n\n<p>Let&#8217;s CIB!<\/p>\n\n\n\n<p><br><\/p>","protected":false},"excerpt":{"rendered":"<p>Viel positive Energie ist derzeit bei unseren Angestellten der CIB Group zu sp\u00fcren, denn sie arbeiten ab sofort nur noch vier Tage pro Woche &#8211; und das bei gleichem Gehalt. Damit gehen wir einen gro\u00dfen Schritt in Richtung New Work und nehmen eine Vorreiterrolle im Hinblick auf innovative Arbeitskonzepte ein. Weniger Routineaufgaben, mehr Lebensqualit\u00e4t Digitale &#8230; <a title=\"#4DayWeek: CIB Group introduce la semana laboral de 4 d\u00edas\" class=\"read-more\" href=\"https:\/\/www.cib.de\/es\/4dayweek-cib-group-fuhrt-4-tage-woche-ein\/\" aria-label=\"Leer m\u00e1s sobre #4DayWeek: CIB Group f\u00fchrt 4-Tage-Woche ein\">Leer m\u00e1s<\/a><\/p>","protected":false},"author":246,"featured_media":17593,"comment_status":"closed","ping_status":"closed","sticky":false,"template":"","format":"standard","meta":{"_acf_changed":false,"footnotes":""},"categories":[1],"tags":[1927,2204],"class_list":["post-17591","post","type-post","status-publish","format-standard","has-post-thumbnail","hentry","category-cib-group","tag-4-tage-woche","tag-only-es"],"acf":[],"yoast_head":"<!-- This site is optimized with the Yoast SEO plugin v27.5 - https:\/\/yoast.com\/product\/yoast-seo-wordpress\/ -->\n<title>#4DayWeek: CIB Group f\u00fchrt 4-Tage-Woche ein - CIB Group<\/title>\n<meta name=\"robots\" content=\"index, follow, max-snippet:-1, max-image-preview:large, max-video-preview:-1\" \/>\n<link rel=\"canonical\" href=\"https:\/\/www.cib.de\/es\/4dayweek-cib-group-introduce-la-semana-laboral-de-4-dias\/\" \/>\n<meta property=\"og:locale\" content=\"es_ES\" \/>\n<meta property=\"og:type\" content=\"article\" \/>\n<meta property=\"og:title\" content=\"#4DayWeek: CIB Group f\u00fchrt 4-Tage-Woche ein - CIB Group\" \/>\n<meta property=\"og:description\" content=\"Viel positive Energie ist derzeit bei unseren Angestellten der CIB Group zu sp\u00fcren, denn sie arbeiten ab sofort nur noch vier Tage pro Woche &#8211; und das bei gleichem Gehalt. Damit gehen wir einen gro\u00dfen Schritt in Richtung New Work und nehmen eine Vorreiterrolle im Hinblick auf innovative Arbeitskonzepte ein. Weniger Routineaufgaben, mehr Lebensqualit\u00e4t Digitale ... Leer m\u00e1s\" \/>\n<meta property=\"og:url\" content=\"https:\/\/www.cib.de\/es\/4dayweek-cib-group-introduce-la-semana-laboral-de-4-dias\/\" \/>\n<meta property=\"og:site_name\" content=\"CIB Group\" \/>\n<meta property=\"article:publisher\" content=\"https:\/\/www.linkedin.com\/company\/cib\/\" \/>\n<meta property=\"article:published_time\" content=\"2021-10-06T07:36:00+00:00\" \/>\n<meta property=\"article:modified_time\" content=\"2023-11-09T12:29:13+00:00\" \/>\n<meta property=\"og:image\" content=\"https:\/\/www.cib.de\/wp-content\/uploads\/2021\/11\/Blog-1242x482-4-Day-Week_opt.png\" \/>\n\t<meta property=\"og:image:width\" content=\"1243\" \/>\n\t<meta property=\"og:image:height\" content=\"483\" \/>\n\t<meta property=\"og:image:type\" content=\"image\/png\" \/>\n<meta name=\"author\" content=\"CIB Group\" \/>\n<meta name=\"twitter:card\" content=\"summary_large_image\" \/>\n<meta name=\"twitter:label1\" content=\"Escrito por\" \/>\n\t<meta name=\"twitter:data1\" content=\"CIB Group\" \/>\n\t<meta name=\"twitter:label2\" content=\"Tiempo de lectura\" \/>\n\t<meta name=\"twitter:data2\" content=\"2 minutos\" \/>\n<script type=\"application\/ld+json\" class=\"yoast-schema-graph\">{\"@context\":\"https:\\\/\\\/schema.org\",\"@graph\":[{\"@type\":\"Article\",\"@id\":\"https:\\\/\\\/www.cib.de\\\/4dayweek-cib-group-fuhrt-4-tage-woche-ein\\\/#article\",\"isPartOf\":{\"@id\":\"https:\\\/\\\/www.cib.de\\\/4dayweek-cib-group-fuhrt-4-tage-woche-ein\\\/\"},\"author\":{\"name\":\"CIB Group\",\"@id\":\"https:\\\/\\\/www.cib.de\\\/#\\\/schema\\\/person\\\/4c70f0634b93acb47baacdb671694155\"},\"headline\":\"#4DayWeek: CIB Group f\u00fchrt 4-Tage-Woche ein\",\"datePublished\":\"2021-10-06T07:36:00+00:00\",\"dateModified\":\"2023-11-09T12:29:13+00:00\",\"mainEntityOfPage\":{\"@id\":\"https:\\\/\\\/www.cib.de\\\/4dayweek-cib-group-fuhrt-4-tage-woche-ein\\\/\"},\"wordCount\":389,\"publisher\":{\"@id\":\"https:\\\/\\\/www.cib.de\\\/#organization\"},\"image\":{\"@id\":\"https:\\\/\\\/www.cib.de\\\/4dayweek-cib-group-fuhrt-4-tage-woche-ein\\\/#primaryimage\"},\"thumbnailUrl\":\"https:\\\/\\\/www.cib.de\\\/wp-content\\\/uploads\\\/2021\\\/11\\\/Blog-1242x482-4-Day-Week_opt.png\",\"keywords\":[\"4-Tage-Woche\",\"ES\"],\"articleSection\":[\"CIB Group\"],\"inLanguage\":\"es\"},{\"@type\":\"WebPage\",\"@id\":\"https:\\\/\\\/www.cib.de\\\/4dayweek-cib-group-fuhrt-4-tage-woche-ein\\\/\",\"url\":\"https:\\\/\\\/www.cib.de\\\/4dayweek-cib-group-fuhrt-4-tage-woche-ein\\\/\",\"name\":\"#4DayWeek: CIB Group f\u00fchrt 4-Tage-Woche ein - CIB Group\",\"isPartOf\":{\"@id\":\"https:\\\/\\\/www.cib.de\\\/#website\"},\"primaryImageOfPage\":{\"@id\":\"https:\\\/\\\/www.cib.de\\\/4dayweek-cib-group-fuhrt-4-tage-woche-ein\\\/#primaryimage\"},\"image\":{\"@id\":\"https:\\\/\\\/www.cib.de\\\/4dayweek-cib-group-fuhrt-4-tage-woche-ein\\\/#primaryimage\"},\"thumbnailUrl\":\"https:\\\/\\\/www.cib.de\\\/wp-content\\\/uploads\\\/2021\\\/11\\\/Blog-1242x482-4-Day-Week_opt.png\",\"datePublished\":\"2021-10-06T07:36:00+00:00\",\"dateModified\":\"2023-11-09T12:29:13+00:00\",\"breadcrumb\":{\"@id\":\"https:\\\/\\\/www.cib.de\\\/4dayweek-cib-group-fuhrt-4-tage-woche-ein\\\/#breadcrumb\"},\"inLanguage\":\"es\",\"potentialAction\":[{\"@type\":\"ReadAction\",\"target\":[\"https:\\\/\\\/www.cib.de\\\/4dayweek-cib-group-fuhrt-4-tage-woche-ein\\\/\"]}]},{\"@type\":\"ImageObject\",\"inLanguage\":\"es\",\"@id\":\"https:\\\/\\\/www.cib.de\\\/4dayweek-cib-group-fuhrt-4-tage-woche-ein\\\/#primaryimage\",\"url\":\"https:\\\/\\\/www.cib.de\\\/wp-content\\\/uploads\\\/2021\\\/11\\\/Blog-1242x482-4-Day-Week_opt.png\",\"contentUrl\":\"https:\\\/\\\/www.cib.de\\\/wp-content\\\/uploads\\\/2021\\\/11\\\/Blog-1242x482-4-Day-Week_opt.png\",\"width\":1243,\"height\":483,\"caption\":\"4 Day Week\"},{\"@type\":\"BreadcrumbList\",\"@id\":\"https:\\\/\\\/www.cib.de\\\/4dayweek-cib-group-fuhrt-4-tage-woche-ein\\\/#breadcrumb\",\"itemListElement\":[{\"@type\":\"ListItem\",\"position\":1,\"name\":\"Home\",\"item\":\"https:\\\/\\\/www.cib.de\\\/\"},{\"@type\":\"ListItem\",\"position\":2,\"name\":\"#4DayWeek: CIB Group f\u00fchrt 4-Tage-Woche ein\"}]},{\"@type\":\"WebSite\",\"@id\":\"https:\\\/\\\/www.cib.de\\\/#website\",\"url\":\"https:\\\/\\\/www.cib.de\\\/\",\"name\":\"CIB Group\",\"description\":\"Digitalisierung, Prozessautomatisierung, K\u00fcnstliche Intelligenz\",\"publisher\":{\"@id\":\"https:\\\/\\\/www.cib.de\\\/#organization\"},\"potentialAction\":[{\"@type\":\"SearchAction\",\"target\":{\"@type\":\"EntryPoint\",\"urlTemplate\":\"https:\\\/\\\/www.cib.de\\\/?s={search_term_string}\"},\"query-input\":{\"@type\":\"PropertyValueSpecification\",\"valueRequired\":true,\"valueName\":\"search_term_string\"}}],\"inLanguage\":\"es\"},{\"@type\":\"Organization\",\"@id\":\"https:\\\/\\\/www.cib.de\\\/#organization\",\"name\":\"CIB Group\",\"url\":\"https:\\\/\\\/www.cib.de\\\/\",\"logo\":{\"@type\":\"ImageObject\",\"inLanguage\":\"es\",\"@id\":\"https:\\\/\\\/www.cib.de\\\/#\\\/schema\\\/logo\\\/image\\\/\",\"url\":\"https:\\\/\\\/www.cib.de\\\/wp-content\\\/uploads\\\/2023\\\/10\\\/CIB_Logo_.svg\",\"contentUrl\":\"https:\\\/\\\/www.cib.de\\\/wp-content\\\/uploads\\\/2023\\\/10\\\/CIB_Logo_.svg\",\"width\":283,\"height\":128,\"caption\":\"CIB Group\"},\"image\":{\"@id\":\"https:\\\/\\\/www.cib.de\\\/#\\\/schema\\\/logo\\\/image\\\/\"},\"sameAs\":[\"https:\\\/\\\/www.linkedin.com\\\/company\\\/cib\\\/\"]},{\"@type\":\"Person\",\"@id\":\"https:\\\/\\\/www.cib.de\\\/#\\\/schema\\\/person\\\/4c70f0634b93acb47baacdb671694155\",\"name\":\"CIB Group\",\"image\":{\"@type\":\"ImageObject\",\"inLanguage\":\"es\",\"@id\":\"https:\\\/\\\/www.cib.de\\\/wp-content\\\/uploads\\\/2023\\\/03\\\/logo_signature2.png\",\"url\":\"https:\\\/\\\/www.cib.de\\\/wp-content\\\/uploads\\\/2023\\\/03\\\/logo_signature2.png\",\"contentUrl\":\"https:\\\/\\\/www.cib.de\\\/wp-content\\\/uploads\\\/2023\\\/03\\\/logo_signature2.png\",\"caption\":\"CIB Group\"},\"description\":\"Die Digitalisierungsexperten\"}]}<\/script>\n<!-- \/ Yoast SEO plugin. -->","yoast_head_json":{"title":"#4DayWeek: CIB Group introduce la semana laboral de 4 d\u00edas","robots":{"index":"index","follow":"follow","max-snippet":"max-snippet:-1","max-image-preview":"max-image-preview:large","max-video-preview":"max-video-preview:-1"},"canonical":"https:\/\/www.cib.de\/es\/4dayweek-cib-group-introduce-la-semana-laboral-de-4-dias\/","og_locale":"es_ES","og_type":"article","og_title":"#4DayWeek: CIB Group f\u00fchrt 4-Tage-Woche ein - CIB Group","og_description":"Viel positive Energie ist derzeit bei unseren Angestellten der CIB Group zu sp\u00fcren, denn sie arbeiten ab sofort nur noch vier Tage pro Woche &#8211; und das bei gleichem Gehalt. Damit gehen wir einen gro\u00dfen Schritt in Richtung New Work und nehmen eine Vorreiterrolle im Hinblick auf innovative Arbeitskonzepte ein. Weniger Routineaufgaben, mehr Lebensqualit\u00e4t Digitale ... Leer m\u00e1s","og_url":"https:\/\/www.cib.de\/es\/4dayweek-cib-group-introduce-la-semana-laboral-de-4-dias\/","og_site_name":"CIB Group","article_publisher":"https:\/\/www.linkedin.com\/company\/cib\/","article_published_time":"2021-10-06T07:36:00+00:00","article_modified_time":"2023-11-09T12:29:13+00:00","og_image":[{"width":1243,"height":483,"url":"https:\/\/www.cib.de\/wp-content\/uploads\/2021\/11\/Blog-1242x482-4-Day-Week_opt.png","type":"image\/png"}],"author":"CIB Group","twitter_card":"summary_large_image","twitter_misc":{"Escrito por":"CIB Group","Tiempo de lectura":"2 minutos"},"schema":{"@context":"https:\/\/schema.org","@graph":[{"@type":"Article","@id":"https:\/\/www.cib.de\/4dayweek-cib-group-fuhrt-4-tage-woche-ein\/#article","isPartOf":{"@id":"https:\/\/www.cib.de\/4dayweek-cib-group-fuhrt-4-tage-woche-ein\/"},"author":{"name":"CIB Group","@id":"https:\/\/www.cib.de\/#\/schema\/person\/4c70f0634b93acb47baacdb671694155"},"headline":"#4DayWeek: CIB Group f\u00fchrt 4-Tage-Woche ein","datePublished":"2021-10-06T07:36:00+00:00","dateModified":"2023-11-09T12:29:13+00:00","mainEntityOfPage":{"@id":"https:\/\/www.cib.de\/4dayweek-cib-group-fuhrt-4-tage-woche-ein\/"},"wordCount":389,"publisher":{"@id":"https:\/\/www.cib.de\/#organization"},"image":{"@id":"https:\/\/www.cib.de\/4dayweek-cib-group-fuhrt-4-tage-woche-ein\/#primaryimage"},"thumbnailUrl":"https:\/\/www.cib.de\/wp-content\/uploads\/2021\/11\/Blog-1242x482-4-Day-Week_opt.png","keywords":["4-Tage-Woche","ES"],"articleSection":["CIB Group"],"inLanguage":"es"},{"@type":"WebPage","@id":"https:\/\/www.cib.de\/4dayweek-cib-group-fuhrt-4-tage-woche-ein\/","url":"https:\/\/www.cib.de\/4dayweek-cib-group-fuhrt-4-tage-woche-ein\/","name":"#4DayWeek: CIB Group introduce la semana laboral de 4 d\u00edas","isPartOf":{"@id":"https:\/\/www.cib.de\/#website"},"primaryImageOfPage":{"@id":"https:\/\/www.cib.de\/4dayweek-cib-group-fuhrt-4-tage-woche-ein\/#primaryimage"},"image":{"@id":"https:\/\/www.cib.de\/4dayweek-cib-group-fuhrt-4-tage-woche-ein\/#primaryimage"},"thumbnailUrl":"https:\/\/www.cib.de\/wp-content\/uploads\/2021\/11\/Blog-1242x482-4-Day-Week_opt.png","datePublished":"2021-10-06T07:36:00+00:00","dateModified":"2023-11-09T12:29:13+00:00","breadcrumb":{"@id":"https:\/\/www.cib.de\/4dayweek-cib-group-fuhrt-4-tage-woche-ein\/#breadcrumb"},"inLanguage":"es","potentialAction":[{"@type":"ReadAction","target":["https:\/\/www.cib.de\/4dayweek-cib-group-fuhrt-4-tage-woche-ein\/"]}]},{"@type":"ImageObject","inLanguage":"es","@id":"https:\/\/www.cib.de\/4dayweek-cib-group-fuhrt-4-tage-woche-ein\/#primaryimage","url":"https:\/\/www.cib.de\/wp-content\/uploads\/2021\/11\/Blog-1242x482-4-Day-Week_opt.png","contentUrl":"https:\/\/www.cib.de\/wp-content\/uploads\/2021\/11\/Blog-1242x482-4-Day-Week_opt.png","width":1243,"height":483,"caption":"4 Day Week"},{"@type":"BreadcrumbList","@id":"https:\/\/www.cib.de\/4dayweek-cib-group-fuhrt-4-tage-woche-ein\/#breadcrumb","itemListElement":[{"@type":"ListItem","position":1,"name":"Home","item":"https:\/\/www.cib.de\/"},{"@type":"ListItem","position":2,"name":"#4DayWeek: CIB Group f\u00fchrt 4-Tage-Woche ein"}]},{"@type":"WebSite","@id":"https:\/\/www.cib.de\/#website","url":"https:\/\/www.cib.de\/","name":"CIB Group","description":"Digitalisierung, Prozessautomatisierung, K\u00fcnstliche Intelligenz","publisher":{"@id":"https:\/\/www.cib.de\/#organization"},"potentialAction":[{"@type":"SearchAction","target":{"@type":"EntryPoint","urlTemplate":"https:\/\/www.cib.de\/?s={search_term_string}"},"query-input":{"@type":"PropertyValueSpecification","valueRequired":true,"valueName":"search_term_string"}}],"inLanguage":"es"},{"@type":"Organization","@id":"https:\/\/www.cib.de\/#organization","name":"CIB Group","url":"https:\/\/www.cib.de\/","logo":{"@type":"ImageObject","inLanguage":"es","@id":"https:\/\/www.cib.de\/#\/schema\/logo\/image\/","url":"https:\/\/www.cib.de\/wp-content\/uploads\/2023\/10\/CIB_Logo_.svg","contentUrl":"https:\/\/www.cib.de\/wp-content\/uploads\/2023\/10\/CIB_Logo_.svg","width":283,"height":128,"caption":"CIB Group"},"image":{"@id":"https:\/\/www.cib.de\/#\/schema\/logo\/image\/"},"sameAs":["https:\/\/www.linkedin.com\/company\/cib\/"]},{"@type":"Person","@id":"https:\/\/www.cib.de\/#\/schema\/person\/4c70f0634b93acb47baacdb671694155","name":"CIB Group","image":{"@type":"ImageObject","inLanguage":"es","@id":"https:\/\/www.cib.de\/wp-content\/uploads\/2023\/03\/logo_signature2.png","url":"https:\/\/www.cib.de\/wp-content\/uploads\/2023\/03\/logo_signature2.png","contentUrl":"https:\/\/www.cib.de\/wp-content\/uploads\/2023\/03\/logo_signature2.png","caption":"CIB Group"},"description":"Expertos en digitalizaci\u00f3n"}]}},"post_mailing_queue_ids":[],"_links":{"self":[{"href":"https:\/\/www.cib.de\/es\/wp-json\/wp\/v2\/posts\/17591","targetHints":{"allow":["GET"]}}],"collection":[{"href":"https:\/\/www.cib.de\/es\/wp-json\/wp\/v2\/posts"}],"about":[{"href":"https:\/\/www.cib.de\/es\/wp-json\/wp\/v2\/types\/post"}],"author":[{"embeddable":true,"href":"https:\/\/www.cib.de\/es\/wp-json\/wp\/v2\/users\/246"}],"replies":[{"embeddable":true,"href":"https:\/\/www.cib.de\/es\/wp-json\/wp\/v2\/comments?post=17591"}],"version-history":[{"count":3,"href":"https:\/\/www.cib.de\/es\/wp-json\/wp\/v2\/posts\/17591\/revisions"}],"predecessor-version":[{"id":104101,"href":"https:\/\/www.cib.de\/es\/wp-json\/wp\/v2\/posts\/17591\/revisions\/104101"}],"wp:featuredmedia":[{"embeddable":true,"href":"https:\/\/www.cib.de\/es\/wp-json\/wp\/v2\/media\/17593"}],"wp:attachment":[{"href":"https:\/\/www.cib.de\/es\/wp-json\/wp\/v2\/media?parent=17591"}],"wp:term":[{"taxonomy":"category","embeddable":true,"href":"https:\/\/www.cib.de\/es\/wp-json\/wp\/v2\/categories?post=17591"},{"taxonomy":"post_tag","embeddable":true,"href":"https:\/\/www.cib.de\/es\/wp-json\/wp\/v2\/tags?post=17591"}],"curies":[{"name":"wp","href":"https:\/\/api.w.org\/{rel}","templated":true}]}}