{"id":20120,"date":"2021-12-14T13:45:25","date_gmt":"2021-12-14T12:45:25","guid":{"rendered":"http:\/\/18.198.70.165.nip.io\/?p=20120"},"modified":"2023-04-19T16:47:46","modified_gmt":"2023-04-19T14:47:46","slug":"cibmas-2021-con-paella-y-socarrat","status":"publish","type":"post","link":"https:\/\/www.cib.de\/es\/cibmas-2021-flamenco-und-paella-am-mittelmeer\/","title":{"rendered":"CIBmas 2021 con paella y socarrat"},"content":{"rendered":"<p>Valencia, segunda sede de CIB Group en Espa\u00f1a, ha sido la ciudad elegida este a\u00f1o para la tradicional celebraci\u00f3n de nuestro evento navide\u00f1o CIBmas.<\/p>\n\n\n\n<p>El pasado viernes 12 de noviembre, compa\u00f1eros de diferentes sedes de toda Europa viajaron hasta la ciudad, cuna de la paella, del buen socarrat y de la horchata para encontrarse.<\/p>\n\n\n\n<p><strong>Teambuilduing durante una visita guiada<\/strong><\/p>\n\n\n\n<div class=\"wp-block-media-text alignwide is-stacked-on-mobile\" style=\"grid-template-columns:48% auto\"><figure class=\"wp-block-media-text__media\"><img decoding=\"async\" src=\"https:\/\/www.cib.de\/wp-content\/uploads\/2021\/12\/CIBmas-Valencia_Blog-3-1-1024x920-1.jpg\" alt=\"\" class=\"wp-image-20127 size-full\"\/><\/figure><div class=\"wp-block-media-text__content\">\n<p>Las jornadas comenzaron por la ma\u00f1ana en viernes con una visita guiada por la ciudad que daba el pistoletazo de salida en el Mercado de Col\u00f3n, pasando por la Estaci\u00f3n del Norte, el Palacio del Marqu\u00e9s de Dos Aguas, poniendo el punto final con un estimulante paseo por el Mercado Central. Por supuesto, no pudo faltar el emblem\u00e1tico ascenso a la torre del Miguelete para gozar de las vistas de la ciudad.<\/p>\n<\/div><\/div>\n\n\n\n<p><strong><br>C\u00f3ctel y presentaciones<br><\/strong><\/p>\n\n\n\n<div class=\"wp-block-media-text alignwide has-media-on-the-right is-stacked-on-mobile is-vertically-aligned-center\" style=\"grid-template-columns:auto 43%\"><figure class=\"wp-block-media-text__media\"><img decoding=\"async\" src=\"https:\/\/www.cib.de\/wp-content\/uploads\/2021\/12\/CIBmas-Valencia_Blog-4-1-1024x683-1.jpg\" alt=\"\" class=\"wp-image-20126 size-full\"\/><\/figure><div class=\"wp-block-media-text__content\">\n<p style=\"font-size:22px\">Por la tarde, un c\u00f3ctel de bienvenida esperaba a los invitados para dar comienzo al aut\u00e9ntico CIBmas en el jard\u00edn del Hotel Las Arenas.<\/p>\n<\/div><\/div>\n\n\n\n<p><\/p>\n\n\n\n<div style=\"height:50px\" aria-hidden=\"true\" class=\"wp-block-spacer\"><\/div>\n\n\n\n<p><\/p>\n\n\n\n<p>M\u00e1s tarde, nuestro CEO, el empresario e ingeniero Ulrich Brandner, abr\u00eda una ronda de presentaciones para que cada compa\u00f1ero contara sobre sus proyectos en la empresa y sus conexiones con otros compa\u00f1eros del equipo.<\/p>\n\n\n\n<figure class=\"wp-block-image size-large\"><img decoding=\"async\" src=\"\/wp-content\/uploads\/2021\/12\/CIBmas-Valencia_Blog-6-1-edited-2048x1152-1-1024x576.jpg\" alt=\"\"\/><\/figure>\n\n\n\n<p><strong><br>Cena amenizada con flamenco<br><\/strong>Durante la cena, un grupo de flamenco hizo las delicias de los comensales. En el jard\u00edn, otros compa\u00f1eros aprovechaban para conversar, por fin, sin necesidad de tecnolog\u00eda.<\/p>\n\n\n\n<div class=\"wp-block-columns is-layout-flex wp-container-core-columns-is-layout-9d6595d7 wp-block-columns-is-layout-flex\">\n<div class=\"wp-block-column is-layout-flow wp-block-column-is-layout-flow\">\n<figure class=\"wp-block-image size-large\"><img decoding=\"async\" src=\"\/wp-content\/uploads\/2021\/12\/CIBmas-Valencia_Blog-9-1-861x1024-1.jpg\" alt=\"\"\/><\/figure>\n<\/div>\n\n\n\n<div class=\"wp-block-column is-layout-flow wp-block-column-is-layout-flow\">\n<figure class=\"wp-block-image size-large\"><img decoding=\"async\" src=\"\/wp-content\/uploads\/2021\/12\/CIBmas-Valencia_Blog-8-1-300x178-1.jpg\" alt=\"\"\/><\/figure>\n\n\n\n<p><\/p>\n\n\n\n<figure class=\"wp-block-image size-large\"><img decoding=\"async\" src=\"\/wp-content\/uploads\/2021\/12\/CIBmas-Valencia_Blog-7-1-300x210-1.jpg\" alt=\"\"\/><\/figure>\n<\/div>\n<\/div>\n\n\n\n<p><strong><br>Paella Workshop<\/strong><\/p>\n\n\n\n<div class=\"wp-block-group alignwide\"><div class=\"wp-block-group__inner-container is-layout-flow wp-block-group-is-layout-flow\">\n<div class=\"wp-block-media-text alignwide is-stacked-on-mobile is-vertically-aligned-center\" style=\"grid-template-columns:34% auto\"><figure class=\"wp-block-media-text__media\"><img decoding=\"async\" src=\"https:\/\/www.cib.de\/wp-content\/uploads\/2021\/12\/CIBmas-Valencia_Blog-10-1-817x1024-1.jpg\" alt=\"\" class=\"wp-image-20128 size-full\"\/><\/figure><div class=\"wp-block-media-text__content\">\n<p>Al d\u00eda siguiente, un divertido workshop esperaba a los invitados en una tradicional Barraca, donde, a golpe de delantal y esp\u00e1tula pudieron aprender a preparar la paella tradicional valenciana.<\/p>\n\n\n\n<p class=\"translation-block\">El sol comenzaba a bajar en la Albufera indicando que se acercaba el final de unas jornadas intensas durante las que hubo oportunidad de intercambiar impresiones sobre los \u00faltimos temas y proyectos y de establecer contactos y nuevos v\u00ednculos.<\/p>\n<\/div><\/div>\n<\/div><\/div>\n\n\n\n<div style=\"height:52px\" aria-hidden=\"true\" class=\"wp-block-spacer\"><\/div>\n\n\n\n<h2 class=\"wp-block-heading\" id=\"wir-wunschen-ein-frohes-und-besinnliches-weihnachtsfest-und-vor-allem-viel-gesundheit-und-erfolg-fur-das-jahr-2022\">\u00a1Les deseamos a todos una muy feliz Navidad, mucha salud y \u00e9xito para el a\u00f1o 2022!<\/h2>","protected":false},"excerpt":{"rendered":"<p>Die sch\u00f6ne Stadt Valencia, der zweite Hauptsitz der CIB Group in Spanien, wurde in diesem Jahr f\u00fcr unsere traditionelle CIBmas-Weihnachtsfeier ausgew\u00e4hlt. Zu der CIBmas 2021 reisten Kollegen aus Spanien, Portugal und Deutschland an, um sich untereinander sowie auch unseren Standort Valencia, die Geburtsst\u00e4tte der Paella, kennenzulernen. Team-Building beim Stadtbummel Am Freitagmorgen begann die Weihnachtsveranstaltung mit &#8230; <a title=\"CIBmas 2021 con paella y socarrat\" class=\"read-more\" href=\"https:\/\/www.cib.de\/es\/cibmas-2021-flamenco-und-paella-am-mittelmeer\/\" aria-label=\"Leer m\u00e1s sobre CIBmas 2021: Flamenco und Paella am Mittelmeer\">Leer m\u00e1s<\/a><\/p>","protected":false},"author":246,"featured_media":20122,"comment_status":"closed","ping_status":"closed","sticky":false,"template":"","format":"standard","meta":{"_acf_changed":false,"footnotes":""},"categories":[1],"tags":[1066,2206],"class_list":["post-20120","post","type-post","status-publish","format-standard","has-post-thumbnail","hentry","category-cib-group","tag-cib-event","tag-only-en"],"acf":[],"yoast_head":"<!-- This site is optimized with the Yoast SEO plugin v27.5 - https:\/\/yoast.com\/product\/yoast-seo-wordpress\/ -->\n<title>CIBmas 2021: Flamenco und Paella am Mittelmeer - CIB Group<\/title>\n<meta name=\"robots\" content=\"index, follow, max-snippet:-1, max-image-preview:large, max-video-preview:-1\" \/>\n<link rel=\"canonical\" href=\"https:\/\/www.cib.de\/es\/cibmas-2021-con-paella-y-socarrat\/\" \/>\n<meta property=\"og:locale\" content=\"es_ES\" \/>\n<meta property=\"og:type\" content=\"article\" \/>\n<meta property=\"og:title\" content=\"CIBmas 2021: Flamenco und Paella am Mittelmeer - CIB Group\" \/>\n<meta property=\"og:description\" content=\"Die sch\u00f6ne Stadt Valencia, der zweite Hauptsitz der CIB Group in Spanien, wurde in diesem Jahr f\u00fcr unsere traditionelle CIBmas-Weihnachtsfeier ausgew\u00e4hlt. Zu der CIBmas 2021 reisten Kollegen aus Spanien, Portugal und Deutschland an, um sich untereinander sowie auch unseren Standort Valencia, die Geburtsst\u00e4tte der Paella, kennenzulernen. Team-Building beim Stadtbummel Am Freitagmorgen begann die Weihnachtsveranstaltung mit ... Leer m\u00e1s\" \/>\n<meta property=\"og:url\" content=\"https:\/\/www.cib.de\/es\/cibmas-2021-con-paella-y-socarrat\/\" \/>\n<meta property=\"og:site_name\" content=\"CIB Group\" \/>\n<meta property=\"article:publisher\" content=\"https:\/\/www.linkedin.com\/company\/cib\/\" \/>\n<meta property=\"article:published_time\" content=\"2021-12-14T12:45:25+00:00\" \/>\n<meta property=\"article:modified_time\" content=\"2023-04-19T14:47:46+00:00\" \/>\n<meta property=\"og:image\" content=\"https:\/\/www.cib.de\/wp-content\/uploads\/2021\/12\/cibmas_2021__opt.jpg\" \/>\n\t<meta property=\"og:image:width\" content=\"1242\" \/>\n\t<meta property=\"og:image:height\" content=\"482\" \/>\n\t<meta property=\"og:image:type\" content=\"image\/jpeg\" \/>\n<meta name=\"author\" content=\"CIB Group\" \/>\n<meta name=\"twitter:card\" content=\"summary_large_image\" \/>\n<meta name=\"twitter:label1\" content=\"Escrito por\" \/>\n\t<meta name=\"twitter:data1\" content=\"CIB Group\" \/>\n\t<meta name=\"twitter:label2\" content=\"Tiempo de lectura\" \/>\n\t<meta name=\"twitter:data2\" content=\"3 minutos\" \/>\n<script type=\"application\/ld+json\" class=\"yoast-schema-graph\">{\"@context\":\"https:\\\/\\\/schema.org\",\"@graph\":[{\"@type\":\"Article\",\"@id\":\"https:\\\/\\\/www.cib.de\\\/cibmas-2021-flamenco-und-paella-am-mittelmeer\\\/#article\",\"isPartOf\":{\"@id\":\"https:\\\/\\\/www.cib.de\\\/cibmas-2021-flamenco-und-paella-am-mittelmeer\\\/\"},\"author\":{\"name\":\"CIB Group\",\"@id\":\"https:\\\/\\\/www.cib.de\\\/#\\\/schema\\\/person\\\/4c70f0634b93acb47baacdb671694155\"},\"headline\":\"CIBmas 2021: Flamenco und Paella am Mittelmeer\",\"datePublished\":\"2021-12-14T12:45:25+00:00\",\"dateModified\":\"2023-04-19T14:47:46+00:00\",\"mainEntityOfPage\":{\"@id\":\"https:\\\/\\\/www.cib.de\\\/cibmas-2021-flamenco-und-paella-am-mittelmeer\\\/\"},\"wordCount\":329,\"publisher\":{\"@id\":\"https:\\\/\\\/www.cib.de\\\/#organization\"},\"image\":{\"@id\":\"https:\\\/\\\/www.cib.de\\\/cibmas-2021-flamenco-und-paella-am-mittelmeer\\\/#primaryimage\"},\"thumbnailUrl\":\"https:\\\/\\\/www.cib.de\\\/wp-content\\\/uploads\\\/2021\\\/12\\\/cibmas_2021__opt.jpg\",\"keywords\":[\"CIB Events\",\"EN\"],\"articleSection\":[\"CIB Group\"],\"inLanguage\":\"es\"},{\"@type\":\"WebPage\",\"@id\":\"https:\\\/\\\/www.cib.de\\\/cibmas-2021-flamenco-und-paella-am-mittelmeer\\\/\",\"url\":\"https:\\\/\\\/www.cib.de\\\/cibmas-2021-flamenco-und-paella-am-mittelmeer\\\/\",\"name\":\"CIBmas 2021: Flamenco und Paella am Mittelmeer - CIB Group\",\"isPartOf\":{\"@id\":\"https:\\\/\\\/www.cib.de\\\/#website\"},\"primaryImageOfPage\":{\"@id\":\"https:\\\/\\\/www.cib.de\\\/cibmas-2021-flamenco-und-paella-am-mittelmeer\\\/#primaryimage\"},\"image\":{\"@id\":\"https:\\\/\\\/www.cib.de\\\/cibmas-2021-flamenco-und-paella-am-mittelmeer\\\/#primaryimage\"},\"thumbnailUrl\":\"https:\\\/\\\/www.cib.de\\\/wp-content\\\/uploads\\\/2021\\\/12\\\/cibmas_2021__opt.jpg\",\"datePublished\":\"2021-12-14T12:45:25+00:00\",\"dateModified\":\"2023-04-19T14:47:46+00:00\",\"breadcrumb\":{\"@id\":\"https:\\\/\\\/www.cib.de\\\/cibmas-2021-flamenco-und-paella-am-mittelmeer\\\/#breadcrumb\"},\"inLanguage\":\"es\",\"potentialAction\":[{\"@type\":\"ReadAction\",\"target\":[\"https:\\\/\\\/www.cib.de\\\/cibmas-2021-flamenco-und-paella-am-mittelmeer\\\/\"]}]},{\"@type\":\"ImageObject\",\"inLanguage\":\"es\",\"@id\":\"https:\\\/\\\/www.cib.de\\\/cibmas-2021-flamenco-und-paella-am-mittelmeer\\\/#primaryimage\",\"url\":\"https:\\\/\\\/www.cib.de\\\/wp-content\\\/uploads\\\/2021\\\/12\\\/cibmas_2021__opt.jpg\",\"contentUrl\":\"https:\\\/\\\/www.cib.de\\\/wp-content\\\/uploads\\\/2021\\\/12\\\/cibmas_2021__opt.jpg\",\"width\":1242,\"height\":482,\"caption\":\"CIBmas 2021\"},{\"@type\":\"BreadcrumbList\",\"@id\":\"https:\\\/\\\/www.cib.de\\\/cibmas-2021-flamenco-und-paella-am-mittelmeer\\\/#breadcrumb\",\"itemListElement\":[{\"@type\":\"ListItem\",\"position\":1,\"name\":\"Home\",\"item\":\"https:\\\/\\\/www.cib.de\\\/\"},{\"@type\":\"ListItem\",\"position\":2,\"name\":\"CIBmas 2021: Flamenco und Paella am Mittelmeer\"}]},{\"@type\":\"WebSite\",\"@id\":\"https:\\\/\\\/www.cib.de\\\/#website\",\"url\":\"https:\\\/\\\/www.cib.de\\\/\",\"name\":\"CIB Group\",\"description\":\"Digitalisierung, Prozessautomatisierung, K\u00fcnstliche Intelligenz\",\"publisher\":{\"@id\":\"https:\\\/\\\/www.cib.de\\\/#organization\"},\"potentialAction\":[{\"@type\":\"SearchAction\",\"target\":{\"@type\":\"EntryPoint\",\"urlTemplate\":\"https:\\\/\\\/www.cib.de\\\/?s={search_term_string}\"},\"query-input\":{\"@type\":\"PropertyValueSpecification\",\"valueRequired\":true,\"valueName\":\"search_term_string\"}}],\"inLanguage\":\"es\"},{\"@type\":\"Organization\",\"@id\":\"https:\\\/\\\/www.cib.de\\\/#organization\",\"name\":\"CIB Group\",\"url\":\"https:\\\/\\\/www.cib.de\\\/\",\"logo\":{\"@type\":\"ImageObject\",\"inLanguage\":\"es\",\"@id\":\"https:\\\/\\\/www.cib.de\\\/#\\\/schema\\\/logo\\\/image\\\/\",\"url\":\"https:\\\/\\\/www.cib.de\\\/wp-content\\\/uploads\\\/2023\\\/10\\\/CIB_Logo_.svg\",\"contentUrl\":\"https:\\\/\\\/www.cib.de\\\/wp-content\\\/uploads\\\/2023\\\/10\\\/CIB_Logo_.svg\",\"width\":283,\"height\":128,\"caption\":\"CIB Group\"},\"image\":{\"@id\":\"https:\\\/\\\/www.cib.de\\\/#\\\/schema\\\/logo\\\/image\\\/\"},\"sameAs\":[\"https:\\\/\\\/www.linkedin.com\\\/company\\\/cib\\\/\"]},{\"@type\":\"Person\",\"@id\":\"https:\\\/\\\/www.cib.de\\\/#\\\/schema\\\/person\\\/4c70f0634b93acb47baacdb671694155\",\"name\":\"CIB Group\",\"image\":{\"@type\":\"ImageObject\",\"inLanguage\":\"es\",\"@id\":\"https:\\\/\\\/www.cib.de\\\/wp-content\\\/uploads\\\/2023\\\/03\\\/logo_signature2.png\",\"url\":\"https:\\\/\\\/www.cib.de\\\/wp-content\\\/uploads\\\/2023\\\/03\\\/logo_signature2.png\",\"contentUrl\":\"https:\\\/\\\/www.cib.de\\\/wp-content\\\/uploads\\\/2023\\\/03\\\/logo_signature2.png\",\"caption\":\"CIB Group\"},\"description\":\"Die Digitalisierungsexperten\"}]}<\/script>\n<!-- \/ Yoast SEO plugin. -->","yoast_head_json":{"title":"CIBmas 2021 con paella y socarrat - CIB Group","robots":{"index":"index","follow":"follow","max-snippet":"max-snippet:-1","max-image-preview":"max-image-preview:large","max-video-preview":"max-video-preview:-1"},"canonical":"https:\/\/www.cib.de\/es\/cibmas-2021-con-paella-y-socarrat\/","og_locale":"es_ES","og_type":"article","og_title":"CIBmas 2021: Flamenco und Paella am Mittelmeer - CIB Group","og_description":"Die sch\u00f6ne Stadt Valencia, der zweite Hauptsitz der CIB Group in Spanien, wurde in diesem Jahr f\u00fcr unsere traditionelle CIBmas-Weihnachtsfeier ausgew\u00e4hlt. Zu der CIBmas 2021 reisten Kollegen aus Spanien, Portugal und Deutschland an, um sich untereinander sowie auch unseren Standort Valencia, die Geburtsst\u00e4tte der Paella, kennenzulernen. Team-Building beim Stadtbummel Am Freitagmorgen begann die Weihnachtsveranstaltung mit ... Leer m\u00e1s","og_url":"https:\/\/www.cib.de\/es\/cibmas-2021-con-paella-y-socarrat\/","og_site_name":"CIB Group","article_publisher":"https:\/\/www.linkedin.com\/company\/cib\/","article_published_time":"2021-12-14T12:45:25+00:00","article_modified_time":"2023-04-19T14:47:46+00:00","og_image":[{"width":1242,"height":482,"url":"https:\/\/www.cib.de\/wp-content\/uploads\/2021\/12\/cibmas_2021__opt.jpg","type":"image\/jpeg"}],"author":"CIB Group","twitter_card":"summary_large_image","twitter_misc":{"Escrito por":"CIB Group","Tiempo de lectura":"3 minutos"},"schema":{"@context":"https:\/\/schema.org","@graph":[{"@type":"Article","@id":"https:\/\/www.cib.de\/cibmas-2021-flamenco-und-paella-am-mittelmeer\/#article","isPartOf":{"@id":"https:\/\/www.cib.de\/cibmas-2021-flamenco-und-paella-am-mittelmeer\/"},"author":{"name":"CIB Group","@id":"https:\/\/www.cib.de\/#\/schema\/person\/4c70f0634b93acb47baacdb671694155"},"headline":"CIBmas 2021: Flamenco und Paella am Mittelmeer","datePublished":"2021-12-14T12:45:25+00:00","dateModified":"2023-04-19T14:47:46+00:00","mainEntityOfPage":{"@id":"https:\/\/www.cib.de\/cibmas-2021-flamenco-und-paella-am-mittelmeer\/"},"wordCount":329,"publisher":{"@id":"https:\/\/www.cib.de\/#organization"},"image":{"@id":"https:\/\/www.cib.de\/cibmas-2021-flamenco-und-paella-am-mittelmeer\/#primaryimage"},"thumbnailUrl":"https:\/\/www.cib.de\/wp-content\/uploads\/2021\/12\/cibmas_2021__opt.jpg","keywords":["CIB Events","EN"],"articleSection":["CIB Group"],"inLanguage":"es"},{"@type":"WebPage","@id":"https:\/\/www.cib.de\/cibmas-2021-flamenco-und-paella-am-mittelmeer\/","url":"https:\/\/www.cib.de\/cibmas-2021-flamenco-und-paella-am-mittelmeer\/","name":"CIBmas 2021 con paella y socarrat - CIB Group","isPartOf":{"@id":"https:\/\/www.cib.de\/#website"},"primaryImageOfPage":{"@id":"https:\/\/www.cib.de\/cibmas-2021-flamenco-und-paella-am-mittelmeer\/#primaryimage"},"image":{"@id":"https:\/\/www.cib.de\/cibmas-2021-flamenco-und-paella-am-mittelmeer\/#primaryimage"},"thumbnailUrl":"https:\/\/www.cib.de\/wp-content\/uploads\/2021\/12\/cibmas_2021__opt.jpg","datePublished":"2021-12-14T12:45:25+00:00","dateModified":"2023-04-19T14:47:46+00:00","breadcrumb":{"@id":"https:\/\/www.cib.de\/cibmas-2021-flamenco-und-paella-am-mittelmeer\/#breadcrumb"},"inLanguage":"es","potentialAction":[{"@type":"ReadAction","target":["https:\/\/www.cib.de\/cibmas-2021-flamenco-und-paella-am-mittelmeer\/"]}]},{"@type":"ImageObject","inLanguage":"es","@id":"https:\/\/www.cib.de\/cibmas-2021-flamenco-und-paella-am-mittelmeer\/#primaryimage","url":"https:\/\/www.cib.de\/wp-content\/uploads\/2021\/12\/cibmas_2021__opt.jpg","contentUrl":"https:\/\/www.cib.de\/wp-content\/uploads\/2021\/12\/cibmas_2021__opt.jpg","width":1242,"height":482,"caption":"CIBmas 2021"},{"@type":"BreadcrumbList","@id":"https:\/\/www.cib.de\/cibmas-2021-flamenco-und-paella-am-mittelmeer\/#breadcrumb","itemListElement":[{"@type":"ListItem","position":1,"name":"Home","item":"https:\/\/www.cib.de\/"},{"@type":"ListItem","position":2,"name":"CIBmas 2021: Flamenco und Paella am Mittelmeer"}]},{"@type":"WebSite","@id":"https:\/\/www.cib.de\/#website","url":"https:\/\/www.cib.de\/","name":"CIB Group","description":"Digitalisierung, Prozessautomatisierung, K\u00fcnstliche Intelligenz","publisher":{"@id":"https:\/\/www.cib.de\/#organization"},"potentialAction":[{"@type":"SearchAction","target":{"@type":"EntryPoint","urlTemplate":"https:\/\/www.cib.de\/?s={search_term_string}"},"query-input":{"@type":"PropertyValueSpecification","valueRequired":true,"valueName":"search_term_string"}}],"inLanguage":"es"},{"@type":"Organization","@id":"https:\/\/www.cib.de\/#organization","name":"CIB Group","url":"https:\/\/www.cib.de\/","logo":{"@type":"ImageObject","inLanguage":"es","@id":"https:\/\/www.cib.de\/#\/schema\/logo\/image\/","url":"https:\/\/www.cib.de\/wp-content\/uploads\/2023\/10\/CIB_Logo_.svg","contentUrl":"https:\/\/www.cib.de\/wp-content\/uploads\/2023\/10\/CIB_Logo_.svg","width":283,"height":128,"caption":"CIB Group"},"image":{"@id":"https:\/\/www.cib.de\/#\/schema\/logo\/image\/"},"sameAs":["https:\/\/www.linkedin.com\/company\/cib\/"]},{"@type":"Person","@id":"https:\/\/www.cib.de\/#\/schema\/person\/4c70f0634b93acb47baacdb671694155","name":"CIB Group","image":{"@type":"ImageObject","inLanguage":"es","@id":"https:\/\/www.cib.de\/wp-content\/uploads\/2023\/03\/logo_signature2.png","url":"https:\/\/www.cib.de\/wp-content\/uploads\/2023\/03\/logo_signature2.png","contentUrl":"https:\/\/www.cib.de\/wp-content\/uploads\/2023\/03\/logo_signature2.png","caption":"CIB Group"},"description":"Expertos en digitalizaci\u00f3n"}]}},"post_mailing_queue_ids":[],"_links":{"self":[{"href":"https:\/\/www.cib.de\/es\/wp-json\/wp\/v2\/posts\/20120","targetHints":{"allow":["GET"]}}],"collection":[{"href":"https:\/\/www.cib.de\/es\/wp-json\/wp\/v2\/posts"}],"about":[{"href":"https:\/\/www.cib.de\/es\/wp-json\/wp\/v2\/types\/post"}],"author":[{"embeddable":true,"href":"https:\/\/www.cib.de\/es\/wp-json\/wp\/v2\/users\/246"}],"replies":[{"embeddable":true,"href":"https:\/\/www.cib.de\/es\/wp-json\/wp\/v2\/comments?post=20120"}],"version-history":[{"count":14,"href":"https:\/\/www.cib.de\/es\/wp-json\/wp\/v2\/posts\/20120\/revisions"}],"predecessor-version":[{"id":46841,"href":"https:\/\/www.cib.de\/es\/wp-json\/wp\/v2\/posts\/20120\/revisions\/46841"}],"wp:featuredmedia":[{"embeddable":true,"href":"https:\/\/www.cib.de\/es\/wp-json\/wp\/v2\/media\/20122"}],"wp:attachment":[{"href":"https:\/\/www.cib.de\/es\/wp-json\/wp\/v2\/media?parent=20120"}],"wp:term":[{"taxonomy":"category","embeddable":true,"href":"https:\/\/www.cib.de\/es\/wp-json\/wp\/v2\/categories?post=20120"},{"taxonomy":"post_tag","embeddable":true,"href":"https:\/\/www.cib.de\/es\/wp-json\/wp\/v2\/tags?post=20120"}],"curies":[{"name":"wp","href":"https:\/\/api.w.org\/{rel}","templated":true}]}}