{"id":3322,"date":"2019-05-17T07:35:24","date_gmt":"2019-05-17T05:35:24","guid":{"rendered":"http:\/\/cib-events.de\/?p=3322"},"modified":"2023-04-20T08:48:33","modified_gmt":"2023-04-20T06:48:33","slug":"einstieg-bei-cib-unsere-mitarbeiter-erzaehlen-5","status":"publish","type":"post","link":"https:\/\/www.cib.de\/es\/einstieg-bei-cib-unsere-mitarbeiter-erzaehlen-5\/","title":{"rendered":"Einstieg bei CIB &#8211; Unsere Mitarbeiter erz\u00e4hlen"},"content":{"rendered":"<p>Und weiter geht\u2019s mit unserer Reihe \u201eEinstieg bei CIB\u201c. Ana Giron\u00e9s ist seit Mitte April 2019 bei CIB in Las Palmas und im Bereich Marketing t\u00e4tig.<\/p>\n\n\n<div class=\"wp-block-image\">\n<figure class=\"alignleft size-full\"><img decoding=\"async\" src=\"https:\/\/www.cib.de\/wp-content\/uploads\/2019\/05\/ana_marketing_cib-225x300-1.jpg\" alt=\"\" class=\"wp-image-18966\"\/><\/figure>\n<\/div>\n\n\n<p><strong>Aus welchen Bereich kommst du, wo liegt deine Expertise?<\/strong><\/p>\n\n\n\n<p>Meine Expertise liegt in den Bereichen Grafikdesign, Fotografie und Fotomontagen.<\/p>\n\n\n\n<p><strong>Warum hast du dich bei CIB beworben?<\/strong><\/p>\n\n\n\n<p>Ich habe ein Stellenangebot von der <a href=\"https:\/\/www.fulp.es\/\" target=\"_blank\" rel=\"noopener noreferrer\">FULP (Fundaci\u00f3n Universitaria de Las Palmas)<\/a> vorgeschlagen bekommen und dachte, dass ich mit dem gesuchten Profil in vielen Punkten \u00fcbereinstimme. Ich wollte professionell wachsen und konstruktiv in einem Team arbeiten. Ohne gro\u00dfe Erwartungen habe ich also meine Bewerbung geschickt und wurde \u00fcberraschenderweise zum Vorstellungsgespr\u00e4ch eingeladen.<\/p>\n\n\n\n<p><strong>Gibt es ein oder mehrere Projekte bei CIB, die deine Aufmerksamkeit geweckt haben? Wenn ja, welche?<\/strong><\/p>\n\n\n\n<p>Ich bin noch ganz neu hier, aber es gibt Vieles, das meine Aufmerksam erregt. Vor allem die weit vorangeschrittene Digitalisierung und die Art und Weise, wie alle Abteilungen miteinander arbeiten, um ein Produkt zu entwickeln.<\/p>\n\n\n\n<p><strong> Wie sieht zurzeit dein Arbeitsalltag aus?<\/strong><\/p>\n\n\n\n<p>Momentan bin ich viel am Lernen, besonders was den Stil der Firma und die Gestaltung angeht. Ich bin am Illustrieren, Layouten und Fotografieren, au\u00dferdem erstelle ich Fotomontagen. Jeden Tag passiert etwas Neues und das ist aufregend.<\/p>\n\n\n\n<p><strong>Welche Tipps kannst du anderen Bewerbern f\u00fcr den Auswahlprozess bei CIB geben?<\/strong><\/p>\n\n\n\n<p>Keine Angst haben, sich einfach vorstellen und ein Gespr\u00e4ch f\u00fchren. Man hat niemals ausgelernt und CIB gibt einem die M\u00f6glichkeit, sich weiterzuentwickeln.<\/p>\n\n\n\n<p><strong>Was hat dir beim Einstieg bei CIB besonders gut gefallen?<\/strong><\/p>\n\n\n\n<p>Die gute Laune und die Kommunikation im Team. Ich f\u00fchlte mich von Beginn an wohl.<\/p>\n\n\n\n<p>Danke, Ana &#8211; und herzlich willkommen!<\/p>\n\n\n\n<p>Let&#8217;s CIB!<\/p>","protected":false},"excerpt":{"rendered":"<p>Und weiter geht\u2019s mit unserer Reihe \u201eEinstieg bei CIB\u201c. Ana Giron\u00e9s ist seit Mitte April 2019 bei CIB in Las Palmas und im Bereich Marketing t\u00e4tig. Aus welchen Bereich kommst du, wo liegt deine Expertise? Meine Expertise liegt in den Bereichen Grafikdesign, Fotografie und Fotomontagen. Warum hast du dich bei CIB beworben? Ich habe ein &#8230; <a title=\"Einstieg bei CIB &#8211; Unsere Mitarbeiter erz\u00e4hlen\" class=\"read-more\" href=\"https:\/\/www.cib.de\/es\/einstieg-bei-cib-unsere-mitarbeiter-erzaehlen-5\/\" aria-label=\"Leer m\u00e1s sobre Einstieg bei CIB &#8211; Unsere Mitarbeiter erz\u00e4hlen\">Leer m\u00e1s<\/a><\/p>","protected":false},"author":246,"featured_media":2226,"comment_status":"closed","ping_status":"open","sticky":false,"template":"","format":"standard","meta":{"_acf_changed":false,"footnotes":""},"categories":[78],"tags":[1088,2202],"class_list":["post-3322","post","type-post","status-publish","format-standard","has-post-thumbnail","hentry","category-people","tag-cib-interview","tag-only-de"],"acf":[],"yoast_head":"<!-- This site is optimized with the Yoast SEO plugin v27.5 - https:\/\/yoast.com\/product\/yoast-seo-wordpress\/ -->\n<title>Einstieg bei CIB - Unsere Mitarbeiter erz\u00e4hlen - CIB Group<\/title>\n<meta name=\"description\" content=\"Und weiter geht\u2019s mit unserer Reihe \u201eEinstieg bei CIB\u201c. Ana Giron\u00e9s ist seit Mitte April 2019 bei CIB in Las Palmas und im Bereich Marketing t\u00e4tig.\" \/>\n<meta name=\"robots\" content=\"index, follow, max-snippet:-1, max-image-preview:large, max-video-preview:-1\" \/>\n<link rel=\"canonical\" href=\"https:\/\/www.cib.de\/es\/einstieg-bei-cib-unsere-mitarbeiter-erzaehlen-5\/\" \/>\n<meta property=\"og:locale\" content=\"es_ES\" \/>\n<meta property=\"og:type\" content=\"article\" \/>\n<meta property=\"og:title\" content=\"Einstieg bei CIB - Unsere Mitarbeiter erz\u00e4hlen - CIB Group\" \/>\n<meta property=\"og:description\" content=\"Und weiter geht\u2019s mit unserer Reihe \u201eEinstieg bei CIB\u201c. Ana Giron\u00e9s ist seit Mitte April 2019 bei CIB in Las Palmas und im Bereich Marketing t\u00e4tig.\" \/>\n<meta property=\"og:url\" content=\"https:\/\/www.cib.de\/es\/einstieg-bei-cib-unsere-mitarbeiter-erzaehlen-5\/\" \/>\n<meta property=\"og:site_name\" content=\"CIB Group\" \/>\n<meta property=\"article:publisher\" content=\"https:\/\/www.linkedin.com\/company\/cib\/\" \/>\n<meta property=\"article:published_time\" content=\"2019-05-17T05:35:24+00:00\" \/>\n<meta property=\"article:modified_time\" content=\"2023-04-20T06:48:33+00:00\" \/>\n<meta property=\"og:image\" content=\"https:\/\/www.cib.de\/wp-content\/uploads\/2018\/11\/test23.jpg\" \/>\n\t<meta property=\"og:image:width\" content=\"1280\" \/>\n\t<meta property=\"og:image:height\" content=\"480\" \/>\n\t<meta property=\"og:image:type\" content=\"image\/jpeg\" \/>\n<meta name=\"author\" content=\"CIB Group\" \/>\n<meta name=\"twitter:card\" content=\"summary_large_image\" \/>\n<meta name=\"twitter:label1\" content=\"Escrito por\" \/>\n\t<meta name=\"twitter:data1\" content=\"CIB Group\" \/>\n\t<meta name=\"twitter:label2\" content=\"Tiempo de lectura\" \/>\n\t<meta name=\"twitter:data2\" content=\"2 minutos\" \/>\n<script type=\"application\/ld+json\" class=\"yoast-schema-graph\">{\"@context\":\"https:\\\/\\\/schema.org\",\"@graph\":[{\"@type\":\"Article\",\"@id\":\"https:\\\/\\\/www.cib.de\\\/en\\\/einstieg-bei-cib-unsere-mitarbeiter-erzaehlen-5\\\/#article\",\"isPartOf\":{\"@id\":\"https:\\\/\\\/www.cib.de\\\/en\\\/einstieg-bei-cib-unsere-mitarbeiter-erzaehlen-5\\\/\"},\"author\":{\"name\":\"CIB Group\",\"@id\":\"https:\\\/\\\/www.cib.de\\\/#\\\/schema\\\/person\\\/4c70f0634b93acb47baacdb671694155\"},\"headline\":\"Einstieg bei CIB &#8211; Unsere Mitarbeiter erz\u00e4hlen\",\"datePublished\":\"2019-05-17T05:35:24+00:00\",\"dateModified\":\"2023-04-20T06:48:33+00:00\",\"mainEntityOfPage\":{\"@id\":\"https:\\\/\\\/www.cib.de\\\/en\\\/einstieg-bei-cib-unsere-mitarbeiter-erzaehlen-5\\\/\"},\"wordCount\":282,\"publisher\":{\"@id\":\"https:\\\/\\\/www.cib.de\\\/#organization\"},\"image\":{\"@id\":\"https:\\\/\\\/www.cib.de\\\/en\\\/einstieg-bei-cib-unsere-mitarbeiter-erzaehlen-5\\\/#primaryimage\"},\"thumbnailUrl\":\"https:\\\/\\\/www.cib.de\\\/wp-content\\\/uploads\\\/2018\\\/11\\\/test23-e1768818334579.jpg\",\"keywords\":[\"CIB Interview\",\"DE\"],\"articleSection\":[\"CIB People\"],\"inLanguage\":\"es\"},{\"@type\":\"WebPage\",\"@id\":\"https:\\\/\\\/www.cib.de\\\/en\\\/einstieg-bei-cib-unsere-mitarbeiter-erzaehlen-5\\\/\",\"url\":\"https:\\\/\\\/www.cib.de\\\/en\\\/einstieg-bei-cib-unsere-mitarbeiter-erzaehlen-5\\\/\",\"name\":\"Einstieg bei CIB - Unsere Mitarbeiter erz\u00e4hlen - CIB Group\",\"isPartOf\":{\"@id\":\"https:\\\/\\\/www.cib.de\\\/#website\"},\"primaryImageOfPage\":{\"@id\":\"https:\\\/\\\/www.cib.de\\\/en\\\/einstieg-bei-cib-unsere-mitarbeiter-erzaehlen-5\\\/#primaryimage\"},\"image\":{\"@id\":\"https:\\\/\\\/www.cib.de\\\/en\\\/einstieg-bei-cib-unsere-mitarbeiter-erzaehlen-5\\\/#primaryimage\"},\"thumbnailUrl\":\"https:\\\/\\\/www.cib.de\\\/wp-content\\\/uploads\\\/2018\\\/11\\\/test23-e1768818334579.jpg\",\"datePublished\":\"2019-05-17T05:35:24+00:00\",\"dateModified\":\"2023-04-20T06:48:33+00:00\",\"description\":\"Und weiter geht\u2019s mit unserer Reihe \u201eEinstieg bei CIB\u201c. Ana Giron\u00e9s ist seit Mitte April 2019 bei CIB in Las Palmas und im Bereich Marketing t\u00e4tig.\",\"breadcrumb\":{\"@id\":\"https:\\\/\\\/www.cib.de\\\/en\\\/einstieg-bei-cib-unsere-mitarbeiter-erzaehlen-5\\\/#breadcrumb\"},\"inLanguage\":\"es\",\"potentialAction\":[{\"@type\":\"ReadAction\",\"target\":[\"https:\\\/\\\/www.cib.de\\\/en\\\/einstieg-bei-cib-unsere-mitarbeiter-erzaehlen-5\\\/\"]}]},{\"@type\":\"ImageObject\",\"inLanguage\":\"es\",\"@id\":\"https:\\\/\\\/www.cib.de\\\/en\\\/einstieg-bei-cib-unsere-mitarbeiter-erzaehlen-5\\\/#primaryimage\",\"url\":\"https:\\\/\\\/www.cib.de\\\/wp-content\\\/uploads\\\/2018\\\/11\\\/test23-e1768818334579.jpg\",\"contentUrl\":\"https:\\\/\\\/www.cib.de\\\/wp-content\\\/uploads\\\/2018\\\/11\\\/test23-e1768818334579.jpg\",\"width\":1000,\"height\":375,\"caption\":\"CIB People\"},{\"@type\":\"BreadcrumbList\",\"@id\":\"https:\\\/\\\/www.cib.de\\\/en\\\/einstieg-bei-cib-unsere-mitarbeiter-erzaehlen-5\\\/#breadcrumb\",\"itemListElement\":[{\"@type\":\"ListItem\",\"position\":1,\"name\":\"Home\",\"item\":\"https:\\\/\\\/www.cib.de\\\/\"},{\"@type\":\"ListItem\",\"position\":2,\"name\":\"Einstieg bei CIB &#8211; Unsere Mitarbeiter erz\u00e4hlen\"}]},{\"@type\":\"WebSite\",\"@id\":\"https:\\\/\\\/www.cib.de\\\/#website\",\"url\":\"https:\\\/\\\/www.cib.de\\\/\",\"name\":\"CIB Group\",\"description\":\"Digitalisierung, Prozessautomatisierung, K\u00fcnstliche Intelligenz\",\"publisher\":{\"@id\":\"https:\\\/\\\/www.cib.de\\\/#organization\"},\"potentialAction\":[{\"@type\":\"SearchAction\",\"target\":{\"@type\":\"EntryPoint\",\"urlTemplate\":\"https:\\\/\\\/www.cib.de\\\/?s={search_term_string}\"},\"query-input\":{\"@type\":\"PropertyValueSpecification\",\"valueRequired\":true,\"valueName\":\"search_term_string\"}}],\"inLanguage\":\"es\"},{\"@type\":\"Organization\",\"@id\":\"https:\\\/\\\/www.cib.de\\\/#organization\",\"name\":\"CIB Group\",\"url\":\"https:\\\/\\\/www.cib.de\\\/\",\"logo\":{\"@type\":\"ImageObject\",\"inLanguage\":\"es\",\"@id\":\"https:\\\/\\\/www.cib.de\\\/#\\\/schema\\\/logo\\\/image\\\/\",\"url\":\"https:\\\/\\\/www.cib.de\\\/wp-content\\\/uploads\\\/2023\\\/10\\\/CIB_Logo_.svg\",\"contentUrl\":\"https:\\\/\\\/www.cib.de\\\/wp-content\\\/uploads\\\/2023\\\/10\\\/CIB_Logo_.svg\",\"width\":283,\"height\":128,\"caption\":\"CIB Group\"},\"image\":{\"@id\":\"https:\\\/\\\/www.cib.de\\\/#\\\/schema\\\/logo\\\/image\\\/\"},\"sameAs\":[\"https:\\\/\\\/www.linkedin.com\\\/company\\\/cib\\\/\"]},{\"@type\":\"Person\",\"@id\":\"https:\\\/\\\/www.cib.de\\\/#\\\/schema\\\/person\\\/4c70f0634b93acb47baacdb671694155\",\"name\":\"CIB Group\",\"image\":{\"@type\":\"ImageObject\",\"inLanguage\":\"es\",\"@id\":\"https:\\\/\\\/www.cib.de\\\/wp-content\\\/uploads\\\/2023\\\/03\\\/logo_signature2.png\",\"url\":\"https:\\\/\\\/www.cib.de\\\/wp-content\\\/uploads\\\/2023\\\/03\\\/logo_signature2.png\",\"contentUrl\":\"https:\\\/\\\/www.cib.de\\\/wp-content\\\/uploads\\\/2023\\\/03\\\/logo_signature2.png\",\"caption\":\"CIB Group\"},\"description\":\"Die Digitalisierungsexperten\"}]}<\/script>\n<!-- \/ Yoast SEO plugin. -->","yoast_head_json":{"title":"Einstieg bei CIB - Unsere Mitarbeiter erz\u00e4hlen - CIB Group","description":"Und weiter geht\u2019s mit unserer Reihe \u201eEinstieg bei CIB\u201c. Ana Giron\u00e9s ist seit Mitte April 2019 bei CIB in Las Palmas und im Bereich Marketing t\u00e4tig.","robots":{"index":"index","follow":"follow","max-snippet":"max-snippet:-1","max-image-preview":"max-image-preview:large","max-video-preview":"max-video-preview:-1"},"canonical":"https:\/\/www.cib.de\/es\/einstieg-bei-cib-unsere-mitarbeiter-erzaehlen-5\/","og_locale":"es_ES","og_type":"article","og_title":"Einstieg bei CIB - Unsere Mitarbeiter erz\u00e4hlen - CIB Group","og_description":"Und weiter geht\u2019s mit unserer Reihe \u201eEinstieg bei CIB\u201c. Ana Giron\u00e9s ist seit Mitte April 2019 bei CIB in Las Palmas und im Bereich Marketing t\u00e4tig.","og_url":"https:\/\/www.cib.de\/es\/einstieg-bei-cib-unsere-mitarbeiter-erzaehlen-5\/","og_site_name":"CIB Group","article_publisher":"https:\/\/www.linkedin.com\/company\/cib\/","article_published_time":"2019-05-17T05:35:24+00:00","article_modified_time":"2023-04-20T06:48:33+00:00","og_image":[{"width":1280,"height":480,"url":"https:\/\/www.cib.de\/wp-content\/uploads\/2018\/11\/test23.jpg","type":"image\/jpeg"}],"author":"CIB Group","twitter_card":"summary_large_image","twitter_misc":{"Escrito por":"CIB Group","Tiempo de lectura":"2 minutos"},"schema":{"@context":"https:\/\/schema.org","@graph":[{"@type":"Article","@id":"https:\/\/www.cib.de\/en\/einstieg-bei-cib-unsere-mitarbeiter-erzaehlen-5\/#article","isPartOf":{"@id":"https:\/\/www.cib.de\/en\/einstieg-bei-cib-unsere-mitarbeiter-erzaehlen-5\/"},"author":{"name":"CIB Group","@id":"https:\/\/www.cib.de\/#\/schema\/person\/4c70f0634b93acb47baacdb671694155"},"headline":"Einstieg bei CIB &#8211; Unsere Mitarbeiter erz\u00e4hlen","datePublished":"2019-05-17T05:35:24+00:00","dateModified":"2023-04-20T06:48:33+00:00","mainEntityOfPage":{"@id":"https:\/\/www.cib.de\/en\/einstieg-bei-cib-unsere-mitarbeiter-erzaehlen-5\/"},"wordCount":282,"publisher":{"@id":"https:\/\/www.cib.de\/#organization"},"image":{"@id":"https:\/\/www.cib.de\/en\/einstieg-bei-cib-unsere-mitarbeiter-erzaehlen-5\/#primaryimage"},"thumbnailUrl":"https:\/\/www.cib.de\/wp-content\/uploads\/2018\/11\/test23-e1768818334579.jpg","keywords":["CIB Interview","DE"],"articleSection":["CIB People"],"inLanguage":"es"},{"@type":"WebPage","@id":"https:\/\/www.cib.de\/en\/einstieg-bei-cib-unsere-mitarbeiter-erzaehlen-5\/","url":"https:\/\/www.cib.de\/en\/einstieg-bei-cib-unsere-mitarbeiter-erzaehlen-5\/","name":"Einstieg bei CIB - Unsere Mitarbeiter erz\u00e4hlen - CIB Group","isPartOf":{"@id":"https:\/\/www.cib.de\/#website"},"primaryImageOfPage":{"@id":"https:\/\/www.cib.de\/en\/einstieg-bei-cib-unsere-mitarbeiter-erzaehlen-5\/#primaryimage"},"image":{"@id":"https:\/\/www.cib.de\/en\/einstieg-bei-cib-unsere-mitarbeiter-erzaehlen-5\/#primaryimage"},"thumbnailUrl":"https:\/\/www.cib.de\/wp-content\/uploads\/2018\/11\/test23-e1768818334579.jpg","datePublished":"2019-05-17T05:35:24+00:00","dateModified":"2023-04-20T06:48:33+00:00","description":"Und weiter geht\u2019s mit unserer Reihe \u201eEinstieg bei CIB\u201c. Ana Giron\u00e9s ist seit Mitte April 2019 bei CIB in Las Palmas und im Bereich Marketing t\u00e4tig.","breadcrumb":{"@id":"https:\/\/www.cib.de\/en\/einstieg-bei-cib-unsere-mitarbeiter-erzaehlen-5\/#breadcrumb"},"inLanguage":"es","potentialAction":[{"@type":"ReadAction","target":["https:\/\/www.cib.de\/en\/einstieg-bei-cib-unsere-mitarbeiter-erzaehlen-5\/"]}]},{"@type":"ImageObject","inLanguage":"es","@id":"https:\/\/www.cib.de\/en\/einstieg-bei-cib-unsere-mitarbeiter-erzaehlen-5\/#primaryimage","url":"https:\/\/www.cib.de\/wp-content\/uploads\/2018\/11\/test23-e1768818334579.jpg","contentUrl":"https:\/\/www.cib.de\/wp-content\/uploads\/2018\/11\/test23-e1768818334579.jpg","width":1000,"height":375,"caption":"CIB People"},{"@type":"BreadcrumbList","@id":"https:\/\/www.cib.de\/en\/einstieg-bei-cib-unsere-mitarbeiter-erzaehlen-5\/#breadcrumb","itemListElement":[{"@type":"ListItem","position":1,"name":"Home","item":"https:\/\/www.cib.de\/"},{"@type":"ListItem","position":2,"name":"Einstieg bei CIB &#8211; Unsere Mitarbeiter erz\u00e4hlen"}]},{"@type":"WebSite","@id":"https:\/\/www.cib.de\/#website","url":"https:\/\/www.cib.de\/","name":"CIB Group","description":"Digitalisierung, Prozessautomatisierung, K\u00fcnstliche Intelligenz","publisher":{"@id":"https:\/\/www.cib.de\/#organization"},"potentialAction":[{"@type":"SearchAction","target":{"@type":"EntryPoint","urlTemplate":"https:\/\/www.cib.de\/?s={search_term_string}"},"query-input":{"@type":"PropertyValueSpecification","valueRequired":true,"valueName":"search_term_string"}}],"inLanguage":"es"},{"@type":"Organization","@id":"https:\/\/www.cib.de\/#organization","name":"CIB Group","url":"https:\/\/www.cib.de\/","logo":{"@type":"ImageObject","inLanguage":"es","@id":"https:\/\/www.cib.de\/#\/schema\/logo\/image\/","url":"https:\/\/www.cib.de\/wp-content\/uploads\/2023\/10\/CIB_Logo_.svg","contentUrl":"https:\/\/www.cib.de\/wp-content\/uploads\/2023\/10\/CIB_Logo_.svg","width":283,"height":128,"caption":"CIB Group"},"image":{"@id":"https:\/\/www.cib.de\/#\/schema\/logo\/image\/"},"sameAs":["https:\/\/www.linkedin.com\/company\/cib\/"]},{"@type":"Person","@id":"https:\/\/www.cib.de\/#\/schema\/person\/4c70f0634b93acb47baacdb671694155","name":"CIB Group","image":{"@type":"ImageObject","inLanguage":"es","@id":"https:\/\/www.cib.de\/wp-content\/uploads\/2023\/03\/logo_signature2.png","url":"https:\/\/www.cib.de\/wp-content\/uploads\/2023\/03\/logo_signature2.png","contentUrl":"https:\/\/www.cib.de\/wp-content\/uploads\/2023\/03\/logo_signature2.png","caption":"CIB Group"},"description":"Expertos en digitalizaci\u00f3n"}]}},"post_mailing_queue_ids":[],"_links":{"self":[{"href":"https:\/\/www.cib.de\/es\/wp-json\/wp\/v2\/posts\/3322","targetHints":{"allow":["GET"]}}],"collection":[{"href":"https:\/\/www.cib.de\/es\/wp-json\/wp\/v2\/posts"}],"about":[{"href":"https:\/\/www.cib.de\/es\/wp-json\/wp\/v2\/types\/post"}],"author":[{"embeddable":true,"href":"https:\/\/www.cib.de\/es\/wp-json\/wp\/v2\/users\/246"}],"replies":[{"embeddable":true,"href":"https:\/\/www.cib.de\/es\/wp-json\/wp\/v2\/comments?post=3322"}],"version-history":[{"count":4,"href":"https:\/\/www.cib.de\/es\/wp-json\/wp\/v2\/posts\/3322\/revisions"}],"predecessor-version":[{"id":53274,"href":"https:\/\/www.cib.de\/es\/wp-json\/wp\/v2\/posts\/3322\/revisions\/53274"}],"wp:featuredmedia":[{"embeddable":true,"href":"https:\/\/www.cib.de\/es\/wp-json\/wp\/v2\/media\/2226"}],"wp:attachment":[{"href":"https:\/\/www.cib.de\/es\/wp-json\/wp\/v2\/media?parent=3322"}],"wp:term":[{"taxonomy":"category","embeddable":true,"href":"https:\/\/www.cib.de\/es\/wp-json\/wp\/v2\/categories?post=3322"},{"taxonomy":"post_tag","embeddable":true,"href":"https:\/\/www.cib.de\/es\/wp-json\/wp\/v2\/tags?post=3322"}],"curies":[{"name":"wp","href":"https:\/\/api.w.org\/{rel}","templated":true}]}}