{"id":51646,"date":"2022-06-13T12:30:31","date_gmt":"2022-06-13T10:30:31","guid":{"rendered":"https:\/\/www.cib.de\/?p=51646"},"modified":"2025-04-09T12:08:45","modified_gmt":"2025-04-09T10:08:45","slug":"cib-sponsoring-carlos-steiner-1er-premio-jugend-forscht","status":"publish","type":"post","link":"https:\/\/www.cib.de\/es\/cib-sponsoring-carlos-steiner-holt-den-1-preis-jugend-forscht\/","title":{"rendered":"Concurso Jugend forscht: Carlos Steiner se hace con el primer premio de f\u00edsica"},"content":{"rendered":"<div data-elementor-type=\"wp-post\" data-elementor-id=\"51646\" class=\"elementor elementor-51646\" data-elementor-post-type=\"post\">\n\t\t\t\t\t\t<section class=\"elementor-section elementor-top-section elementor-element elementor-element-81aca9d elementor-section-boxed elementor-section-height-default elementor-section-height-default\" data-id=\"81aca9d\" data-element_type=\"section\" data-e-type=\"section\">\n\t\t\t\t\t\t<div class=\"elementor-container elementor-column-gap-default\">\n\t\t\t\t\t<div class=\"elementor-column elementor-col-100 elementor-top-column elementor-element elementor-element-0e7de65\" data-id=\"0e7de65\" data-element_type=\"column\" data-e-type=\"column\">\n\t\t\t<div class=\"elementor-widget-wrap elementor-element-populated\">\n\t\t\t\t\t\t<div class=\"elementor-element elementor-element-6cb2072 elementor-widget elementor-widget-text-editor\" data-id=\"6cb2072\" data-element_type=\"widget\" data-e-type=\"widget\" data-widget_type=\"text-editor.default\">\n\t\t\t\t<div class=\"elementor-widget-container\">\n\t\t\t\t\t\t\t\t\t<p><span lang=\"DE-DE\" xml:lang=\"DE-DE\" data-contrast=\"auto\"><span lang=\"DE-DE\" xml:lang=\"DE-DE\" data-contrast=\"auto\">Nuestro ganador de este a\u00f1o del concurso regional\u00a0<\/span><a href=\"https:\/\/www.cib.de\/es\/cib-sponsoring-jugend-forscht-iberia-2022-participar-es-lo-que-cuenta\/\" target=\"_blank\" rel=\"noreferrer noopener\"><span lang=\"DE-DE\" xml:lang=\"DE-DE\" data-contrast=\"none\">Jugend forscht Iberia<\/span><\/a>\u00a0<span lang=\"DE-DE\" xml:lang=\"DE-DE\" data-contrast=\"auto\">en la categor\u00eda de f\u00edsica ha llegado a la\u00a0<a href=\"https:\/\/www.jugend-forscht.de\/\" target=\"_blank\" rel=\"noopener\">final en Alemania\u00a0<\/a>y se ha hecho con el primer premio en su categor\u00eda.\u00a0<\/span><\/span><span data-contrast=\"auto\">Felicitamos al joven investigador por este extraordinario logro.<\/span><span data-ccp-props=\"{\">\u00a0<\/span><\/p>\t\t\t\t\t\t\t\t<\/div>\n\t\t\t\t<\/div>\n\t\t\t\t\t<\/div>\n\t\t<\/div>\n\t\t\t\t\t<\/div>\n\t\t<\/section>\n\t\t\t\t<section class=\"elementor-section elementor-top-section elementor-element elementor-element-47d4acc elementor-section-boxed elementor-section-height-default elementor-section-height-default\" data-id=\"47d4acc\" data-element_type=\"section\" data-e-type=\"section\">\n\t\t\t\t\t\t<div class=\"elementor-container elementor-column-gap-default\">\n\t\t\t\t\t<div class=\"elementor-column elementor-col-100 elementor-top-column elementor-element elementor-element-feb6555\" data-id=\"feb6555\" data-element_type=\"column\" data-e-type=\"column\">\n\t\t\t<div class=\"elementor-widget-wrap elementor-element-populated\">\n\t\t\t\t\t\t<div class=\"elementor-element elementor-element-ef5d38a elementor-widget elementor-widget-heading\" data-id=\"ef5d38a\" data-element_type=\"widget\" data-e-type=\"widget\" data-widget_type=\"heading.default\">\n\t\t\t\t<div class=\"elementor-widget-container\">\n\t\t\t\t\t<h2 class=\"elementor-heading-title elementor-size-default\">Patrocinio, directo al primer puesto<\/h2>\t\t\t\t<\/div>\n\t\t\t\t<\/div>\n\t\t\t\t\t<\/div>\n\t\t<\/div>\n\t\t\t\t\t<\/div>\n\t\t<\/section>\n\t\t\t\t<section class=\"elementor-section elementor-top-section elementor-element elementor-element-70f4aff elementor-section-boxed elementor-section-height-default elementor-section-height-default\" data-id=\"70f4aff\" data-element_type=\"section\" data-e-type=\"section\">\n\t\t\t\t\t\t<div class=\"elementor-container elementor-column-gap-default\">\n\t\t\t\t\t<div class=\"elementor-column elementor-col-100 elementor-top-column elementor-element elementor-element-b8703df\" data-id=\"b8703df\" data-element_type=\"column\" data-e-type=\"column\">\n\t\t\t<div class=\"elementor-widget-wrap elementor-element-populated\">\n\t\t\t\t\t\t<div class=\"elementor-element elementor-element-875a729 elementor-widget elementor-widget-text-editor\" data-id=\"875a729\" data-element_type=\"widget\" data-e-type=\"widget\" data-widget_type=\"text-editor.default\">\n\t\t\t\t<div class=\"elementor-widget-container\">\n\t\t\t\t\t\t\t\t\t<p><span lang=\"DE-DE\" xml:lang=\"DE-DE\" data-contrast=\"auto\">Ayudar a los j\u00f3venes talentos siempre ha sido una prioridad para CIB. Por ello, contribuir en la participaci\u00f3n del alumno del\u00a0<a href=\"https:\/\/colegioalemansevilla.com\/\" target=\"_blank\" rel=\"noopener\">Colegio Alem\u00e1n de Sevilla<\/a>,\u00a0<\/span>Carlos Steiner,\u00a0<span lang=\"DE-DE\" xml:lang=\"DE-DE\" data-contrast=\"auto\">Carlos Steiner, en la final del concurso de Jugend forscht en Alemania fue especialmente emocionante para nosotros. Despu\u00e9s de las rondas a nivel regional, la competici\u00f3n nacional de este a\u00f1o pudo celebrarse en Alemania de forma presencial. <\/span><span lang=\"DE-DE\" xml:lang=\"DE-DE\" data-contrast=\"auto\">Carlos Steiner, <\/span><span lang=\"DE-DE\" xml:lang=\"DE-DE\" data-contrast=\"auto\">viaj\u00f3 acompa\u00f1ado de su tutor, Ernesto Civera, desde Sevilla hasta L\u00fcbeck para defender frente al jurado su proyecto <\/span><span lang=\"DE-DE\" xml:lang=\"DE-DE\" data-contrast=\"auto\">\u201cLevitaci\u00f3n estable \u2013 investigaci\u00f3n de la levitaci\u00f3n diamagn\u00e9tica horizontal y<\/span><span lang=\"DE-DE\" xml:lang=\"DE-DE\" data-contrast=\"auto\"> vertical\u201d\u00a0<\/span><span lang=\"DE-DE\" xml:lang=\"DE-DE\" data-contrast=\"auto\">\u2013 \u00a1con gran \u00e9xito! Carlos Steiner ha resultado <\/span><a href=\"https:\/\/www.jugend-forscht.de\/index.php?id=262&amp;tx_smsjufoprojects_smsjufprojectdb%5Bproject%5D=7421&amp;tx_smsjufoprojects_smsjufprojectdb%5Baction%5D=show&amp;tx_smsjufoprojects_smsjufprojectdb%5Bcontroller%5D=Project&amp;cHash=f6665943a8cbfbef71a37d584e0a3859\" target=\"_blank\" rel=\"noreferrer noopener\"><span lang=\"DE-DE\" xml:lang=\"DE-DE\" data-contrast=\"none\"><span data-ccp-charstyle=\"Hyperlink\">premiado con el primer puesto<\/span><\/span><\/a>.<span data-ccp-props=\"{\">\u00a0<\/span><\/p>\t\t\t\t\t\t\t\t<\/div>\n\t\t\t\t<\/div>\n\t\t\t\t\t<\/div>\n\t\t<\/div>\n\t\t\t\t\t<\/div>\n\t\t<\/section>\n\t\t\t\t<section class=\"elementor-section elementor-top-section elementor-element elementor-element-5ad9b53 elementor-section-boxed elementor-section-height-default elementor-section-height-default\" data-id=\"5ad9b53\" data-element_type=\"section\" data-e-type=\"section\">\n\t\t\t\t\t\t<div class=\"elementor-container elementor-column-gap-default\">\n\t\t\t\t\t<div class=\"elementor-column elementor-col-100 elementor-top-column elementor-element elementor-element-30bb721\" data-id=\"30bb721\" data-element_type=\"column\" data-e-type=\"column\">\n\t\t\t<div class=\"elementor-widget-wrap elementor-element-populated\">\n\t\t\t\t\t\t<section class=\"elementor-section elementor-inner-section elementor-element elementor-element-a5a8879 elementor-section-boxed elementor-section-height-default elementor-section-height-default\" data-id=\"a5a8879\" data-element_type=\"section\" data-e-type=\"section\">\n\t\t\t\t\t\t<div class=\"elementor-container elementor-column-gap-default\">\n\t\t\t\t\t<div class=\"elementor-column elementor-col-50 elementor-inner-column elementor-element elementor-element-e812cef\" data-id=\"e812cef\" data-element_type=\"column\" data-e-type=\"column\">\n\t\t\t<div class=\"elementor-widget-wrap elementor-element-populated\">\n\t\t\t\t\t\t<div class=\"elementor-element elementor-element-8f1509c elementor-widget elementor-widget-text-editor\" data-id=\"8f1509c\" data-element_type=\"widget\" data-e-type=\"widget\" data-widget_type=\"text-editor.default\">\n\t\t\t\t<div class=\"elementor-widget-container\">\n\t\t\t\t\t\t\t\t\t<p><span data-contrast=\"auto\">El veredicto del jurado:\u00a0<\/span><span data-ccp-props=\"{\">\u00a0<\/span><\/p><p><i><span data-contrast=\"auto\">\u201cEl jurado qued\u00f3 especialmente impresionado por la rigurosa consideraci\u00f3n te\u00f3rica del fen\u00f3meno, que permiti\u00f3 a Carlos Steiner Navarro ofrecer una explicaci\u00f3n concluyente de sus resultados experimentales. Impresion\u00f3 con su profundo conocimiento de los complejos mecanismos del magnetismo. Con su proyecto, demostr\u00f3 un alt\u00edsimo nivel de esp\u00edritu investigador y perseverancia en el trabajo cient\u00edfico\u201d.<\/span><\/i><span data-ccp-props=\"{\">\u00a0<\/span><\/p>\t\t\t\t\t\t\t\t<\/div>\n\t\t\t\t<\/div>\n\t\t\t\t\t<\/div>\n\t\t<\/div>\n\t\t\t\t<div class=\"elementor-column elementor-col-50 elementor-inner-column elementor-element elementor-element-1a2c12a\" data-id=\"1a2c12a\" data-element_type=\"column\" data-e-type=\"column\">\n\t\t\t<div class=\"elementor-widget-wrap elementor-element-populated\">\n\t\t\t\t\t\t<div class=\"elementor-element elementor-element-7c00c17 elementor-widget elementor-widget-image\" data-id=\"7c00c17\" data-element_type=\"widget\" data-e-type=\"widget\" data-widget_type=\"image.default\">\n\t\t\t\t<div class=\"elementor-widget-container\">\n\t\t\t\t\t\t\t\t\t\t\t\t\t\t\t<img fetchpriority=\"high\" decoding=\"async\" width=\"1536\" height=\"1024\" src=\"https:\/\/www.cib.de\/wp-content\/uploads\/2022\/06\/2022_PHY_083_download-1536x1024.jpg\" class=\"attachment-1536x1536 size-1536x1536 wp-image-51648\" alt=\"\" srcset=\"https:\/\/www.cib.de\/wp-content\/uploads\/2022\/06\/2022_PHY_083_download-1536x1024.jpg 1536w, https:\/\/www.cib.de\/wp-content\/uploads\/2022\/06\/2022_PHY_083_download-450x300.jpg 450w, https:\/\/www.cib.de\/wp-content\/uploads\/2022\/06\/2022_PHY_083_download-1024x682.jpg 1024w, https:\/\/www.cib.de\/wp-content\/uploads\/2022\/06\/2022_PHY_083_download-768x512.jpg 768w, https:\/\/www.cib.de\/wp-content\/uploads\/2022\/06\/2022_PHY_083_download-e1768316085511.jpg 1500w\" sizes=\"(max-width: 1536px) 100vw, 1536px\" \/>\t\t\t\t\t\t\t\t\t\t\t\t\t\t\t<\/div>\n\t\t\t\t<\/div>\n\t\t\t\t\t<\/div>\n\t\t<\/div>\n\t\t\t\t\t<\/div>\n\t\t<\/section>\n\t\t\t\t\t<\/div>\n\t\t<\/div>\n\t\t\t\t\t<\/div>\n\t\t<\/section>\n\t\t\t\t<section class=\"elementor-section elementor-top-section elementor-element elementor-element-bac19c2 elementor-section-boxed elementor-section-height-default elementor-section-height-default\" data-id=\"bac19c2\" data-element_type=\"section\" data-e-type=\"section\">\n\t\t\t\t\t\t<div class=\"elementor-container elementor-column-gap-default\">\n\t\t\t\t\t<div class=\"elementor-column elementor-col-100 elementor-top-column elementor-element elementor-element-c31058a\" data-id=\"c31058a\" data-element_type=\"column\" data-e-type=\"column\">\n\t\t\t<div class=\"elementor-widget-wrap elementor-element-populated\">\n\t\t\t\t\t\t<div class=\"elementor-element elementor-element-f0669a3 elementor-widget elementor-widget-heading\" data-id=\"f0669a3\" data-element_type=\"widget\" data-e-type=\"widget\" data-widget_type=\"heading.default\">\n\t\t\t\t<div class=\"elementor-widget-container\">\n\t\t\t\t\t<h2 class=\"elementor-heading-title elementor-size-default\">Premio especial con invitaci\u00f3n a M\u00fanich<\/h2>\t\t\t\t<\/div>\n\t\t\t\t<\/div>\n\t\t\t\t<div class=\"elementor-element elementor-element-a2d713b elementor-widget elementor-widget-text-editor\" data-id=\"a2d713b\" data-element_type=\"widget\" data-e-type=\"widget\" data-widget_type=\"text-editor.default\">\n\t\t\t\t<div class=\"elementor-widget-container\">\n\t\t\t\t\t\t\t\t\t<p><span class=\"TextRun SCXW248979327 BCX0\" lang=\"DE-DE\" xml:lang=\"DE-DE\" data-contrast=\"auto\"><span class=\"NormalTextRun SCXW248979327 BCX0\">El Director General de\u00a0<\/span><span class=\"NormalTextRun SCXW248979327 BCX0\">CIB Group, Ulrich Brandner,<\/span><span class=\"NormalTextRun SCXW248979327 BCX0\">\u00a0<\/span><span class=\"NormalTextRun SCXW248979327 BCX0\">ha ofrecido a <\/span><span class=\"NormalTextRun SCXW248979327 BCX0\">Carlos la oportunidad de visitar nuestra oficina de M\u00fanich para presentar su proyecto de investigaci\u00f3n ante nuestros equipos de expertos en Alemania, as\u00ed como recibir el premio especial de patrocinador, que se entregar\u00e1 en la sede central en Baviera. <\/span><\/span><span class=\"EOP SCXW248979327 BCX0\" data-ccp-props=\"{&quot;201341983&quot;:0,&quot;335551550&quot;:1,&quot;335551620&quot;:1,&quot;335559739&quot;:160,&quot;335559740&quot;:259}\">\u00a0<\/span><\/p>\t\t\t\t\t\t\t\t<\/div>\n\t\t\t\t<\/div>\n\t\t\t\t\t<\/div>\n\t\t<\/div>\n\t\t\t\t\t<\/div>\n\t\t<\/section>\n\t\t\t\t<section class=\"elementor-section elementor-top-section elementor-element elementor-element-5249393 elementor-section-boxed elementor-section-height-default elementor-section-height-default\" data-id=\"5249393\" data-element_type=\"section\" data-e-type=\"section\">\n\t\t\t\t\t\t<div class=\"elementor-container elementor-column-gap-default\">\n\t\t\t\t\t<div class=\"elementor-column elementor-col-100 elementor-top-column elementor-element elementor-element-ba86aa4\" data-id=\"ba86aa4\" data-element_type=\"column\" data-e-type=\"column\">\n\t\t\t<div class=\"elementor-widget-wrap elementor-element-populated\">\n\t\t\t\t\t\t<div class=\"elementor-element elementor-element-484f2ee elementor-widget elementor-widget-heading\" data-id=\"484f2ee\" data-element_type=\"widget\" data-e-type=\"widget\" data-widget_type=\"heading.default\">\n\t\t\t\t<div class=\"elementor-widget-container\">\n\t\t\t\t\t<h2 class=\"elementor-heading-title elementor-size-default\">Jugend forscht Iberia 2023 <\/h2>\t\t\t\t<\/div>\n\t\t\t\t<\/div>\n\t\t\t\t\t<\/div>\n\t\t<\/div>\n\t\t\t\t\t<\/div>\n\t\t<\/section>\n\t\t\t\t<section class=\"elementor-section elementor-top-section elementor-element elementor-element-d7295dd elementor-section-boxed elementor-section-height-default elementor-section-height-default\" data-id=\"d7295dd\" data-element_type=\"section\" data-e-type=\"section\">\n\t\t\t\t\t\t<div class=\"elementor-container elementor-column-gap-default\">\n\t\t\t\t\t<div class=\"elementor-column elementor-col-100 elementor-top-column elementor-element elementor-element-db95d6a\" data-id=\"db95d6a\" data-element_type=\"column\" data-e-type=\"column\">\n\t\t\t<div class=\"elementor-widget-wrap elementor-element-populated\">\n\t\t\t\t\t\t<div class=\"elementor-element elementor-element-1bd7902 elementor-widget elementor-widget-text-editor\" data-id=\"1bd7902\" data-element_type=\"widget\" data-e-type=\"widget\" data-widget_type=\"text-editor.default\">\n\t\t\t\t<div class=\"elementor-widget-container\">\n\t\t\t\t\t\t\t\t\t<p><span data-contrast=\"auto\">CIB es patrocinador de Colegios Alemanes en el Extranjero y apoya a j\u00f3venes a trav\u00e9s del programa de promoci\u00f3n de talento <\/span><a href=\"https:\/\/www.cib.de\/es\/impulsa\/\"><span data-contrast=\"none\">CIB Impulsa<\/span><\/a><span data-contrast=\"auto\">.<\/span><span data-contrast=\"auto\"> Como resultado de la satisfactoria y extensa colaboraci\u00f3n con un total de<\/span> <a href=\"https:\/\/www.cib.de\/es\/cib-impulsa-crece-en-espana-y-portugal\/\"><span data-contrast=\"none\">seis Colegios Alemanes<\/span><\/a><span data-contrast=\"auto\"> en Espa\u00f1a y Portugal, CIB asumi\u00f3 este a\u00f1o el patrocinio exclusivo del concurso regional\u00a0<\/span><a href=\"https:\/\/www.cib.de\/es\/cib-sponsoring-jugend-forscht-iberia-2022-participar-es-lo-que-cuenta\/\" target=\"_blank\" rel=\"noopener\">Jugend forscht Iberia 2022<\/a><i><span data-contrast=\"auto\">, <\/span><\/i><span data-contrast=\"auto\">, organizado por el Colegio Alem\u00e1n Sevilla \u201cAlbrecht D\u00fcrer\u201d\u00a0\u00a0<\/span><span data-ccp-props=\"{\">\u00a0<\/span><\/p><p><span data-contrast=\"auto\">CIB ser\u00e1 en 2023 nuevamente patrocinador de Jugend forscht Iberia<\/span><span data-contrast=\"auto\">, que se celebrar\u00e1 por vez primera en Lisboa. \u00a1Estamos deseando conocer las ideas y los nuevos proyectos de nuestros j\u00f3venes investigadores y de ayudarlos a desarrollar su potencial en su futuro profesional!<\/span><span data-ccp-props=\"{\">\u00a0<\/span><\/p>\t\t\t\t\t\t\t\t<\/div>\n\t\t\t\t<\/div>\n\t\t\t\t\t<\/div>\n\t\t<\/div>\n\t\t\t\t\t<\/div>\n\t\t<\/section>\n\t\t\t\t<\/div>","protected":false},"excerpt":{"rendered":"<p>Der diesj\u00e4hrige Gewinner von\u00a0Jugend forscht Iberia\u00a0in der Kategorie Physik hat es bis ins Finale zum\u00a0Bundeswettbewerb\u00a0in Deutschland geschafft und den ersten Preis f\u00fcr sich gesichert.\u00a0Wir gratulieren dem Jungforscher zu dieser au\u00dferordentlichen Leistung!\u00a0 Gesponsort, gemeistert! Die F\u00f6rderung von jungen Talenten\u00a0steht\u00a0bei CIB im Vordergrund. So war uns auch unsere die besondere Unterst\u00fctzung des Sch\u00fclers der\u00a0Deutschen Schule Sevilla,\u00a0Carlos Steiner,\u00a0bei &#8230; <a title=\"Concurso Jugend forscht: Carlos Steiner se hace con el primer premio de f\u00edsica\" class=\"read-more\" href=\"https:\/\/www.cib.de\/es\/cib-sponsoring-carlos-steiner-holt-den-1-preis-jugend-forscht\/\" aria-label=\"Leer m\u00e1s sobre CIB Sponsoring: Carlos Steiner holt den 1. Preis beim Jugend forscht Wettbewerb\">Leer m\u00e1s<\/a><\/p>","protected":false},"author":246,"featured_media":51672,"comment_status":"closed","ping_status":"closed","sticky":false,"template":"","format":"standard","meta":{"_acf_changed":false,"footnotes":""},"categories":[220],"tags":[1100,1671,1673,2206],"class_list":["post-51646","post","type-post","status-publish","format-standard","has-post-thumbnail","hentry","category-cat-proactive","tag-deutsche-auslandsschulen","tag-cib-impulsa","tag-jugend-forscht","tag-only-en"],"acf":[],"yoast_head":"<!-- This site is optimized with the Yoast SEO plugin v27.5 - https:\/\/yoast.com\/product\/yoast-seo-wordpress\/ -->\n<title>CIB Sponsoring: Carlos Steiner holt den 1. Preis beim Jugend forscht Wettbewerb - CIB Group<\/title>\n<meta name=\"description\" content=\"Erster Preis beim Bundeswettbewerb Jugend forscht vom Jungforscher Carlos Steiner im Bereich Physik. Wir gratulieren und freuen uns mit ihm!\" \/>\n<meta name=\"robots\" content=\"index, follow, max-snippet:-1, max-image-preview:large, max-video-preview:-1\" \/>\n<link rel=\"canonical\" href=\"https:\/\/www.cib.de\/es\/cib-sponsoring-carlos-steiner-1er-premio-jugend-forscht\/\" \/>\n<meta property=\"og:locale\" content=\"es_ES\" \/>\n<meta property=\"og:type\" content=\"article\" \/>\n<meta property=\"og:title\" content=\"CIB Sponsoring: Carlos Steiner holt den 1. Preis beim Jugend forscht Wettbewerb - CIB Group\" \/>\n<meta property=\"og:description\" content=\"Erster Preis beim Bundeswettbewerb Jugend forscht vom Jungforscher Carlos Steiner im Bereich Physik. Wir gratulieren und freuen uns mit ihm!\" \/>\n<meta property=\"og:url\" content=\"https:\/\/www.cib.de\/es\/cib-sponsoring-carlos-steiner-1er-premio-jugend-forscht\/\" \/>\n<meta property=\"og:site_name\" content=\"CIB Group\" \/>\n<meta property=\"article:publisher\" content=\"https:\/\/www.linkedin.com\/company\/cib\/\" \/>\n<meta property=\"article:published_time\" content=\"2022-06-13T10:30:31+00:00\" \/>\n<meta property=\"article:modified_time\" content=\"2025-04-09T10:08:45+00:00\" \/>\n<meta property=\"og:image\" content=\"https:\/\/www.cib.de\/wp-content\/uploads\/2022\/06\/Blog-jugendforscht_Bundessieg_Physik_erster-preis_2022.png\" \/>\n\t<meta property=\"og:image:width\" content=\"1200\" \/>\n\t<meta property=\"og:image:height\" content=\"544\" \/>\n\t<meta property=\"og:image:type\" content=\"image\/png\" \/>\n<meta name=\"author\" content=\"CIB Group\" \/>\n<meta name=\"twitter:card\" content=\"summary_large_image\" \/>\n<meta name=\"twitter:label1\" content=\"Escrito por\" \/>\n\t<meta name=\"twitter:data1\" content=\"CIB Group\" \/>\n\t<meta name=\"twitter:label2\" content=\"Tiempo de lectura\" \/>\n\t<meta name=\"twitter:data2\" content=\"3 minutos\" \/>\n<script type=\"application\/ld+json\" class=\"yoast-schema-graph\">{\"@context\":\"https:\\\/\\\/schema.org\",\"@graph\":[{\"@type\":\"Article\",\"@id\":\"https:\\\/\\\/www.cib.de\\\/cib-sponsoring-carlos-steiner-holt-den-1-preis-jugend-forscht\\\/#article\",\"isPartOf\":{\"@id\":\"https:\\\/\\\/www.cib.de\\\/cib-sponsoring-carlos-steiner-holt-den-1-preis-jugend-forscht\\\/\"},\"author\":{\"name\":\"CIB Group\",\"@id\":\"https:\\\/\\\/www.cib.de\\\/#\\\/schema\\\/person\\\/4c70f0634b93acb47baacdb671694155\"},\"headline\":\"CIB Sponsoring: Carlos Steiner holt den 1. Preis beim Jugend forscht Wettbewerb\",\"datePublished\":\"2022-06-13T10:30:31+00:00\",\"dateModified\":\"2025-04-09T10:08:45+00:00\",\"mainEntityOfPage\":{\"@id\":\"https:\\\/\\\/www.cib.de\\\/cib-sponsoring-carlos-steiner-holt-den-1-preis-jugend-forscht\\\/\"},\"wordCount\":373,\"publisher\":{\"@id\":\"https:\\\/\\\/www.cib.de\\\/#organization\"},\"image\":{\"@id\":\"https:\\\/\\\/www.cib.de\\\/cib-sponsoring-carlos-steiner-holt-den-1-preis-jugend-forscht\\\/#primaryimage\"},\"thumbnailUrl\":\"https:\\\/\\\/www.cib.de\\\/wp-content\\\/uploads\\\/2022\\\/06\\\/Blog-jugendforscht_Bundessieg_Physik_erster-preis_2022-e1768316075555.png\",\"keywords\":[\"Deutsche Auslandsschulen\",\"CIB Impulsa\",\"Jugend forscht\",\"EN\"],\"articleSection\":[\"CIB proActive\"],\"inLanguage\":\"es\"},{\"@type\":\"WebPage\",\"@id\":\"https:\\\/\\\/www.cib.de\\\/cib-sponsoring-carlos-steiner-holt-den-1-preis-jugend-forscht\\\/\",\"url\":\"https:\\\/\\\/www.cib.de\\\/cib-sponsoring-carlos-steiner-holt-den-1-preis-jugend-forscht\\\/\",\"name\":\"CIB Sponsoring: Carlos Steiner holt den 1. Preis beim Jugend forscht Wettbewerb - CIB Group\",\"isPartOf\":{\"@id\":\"https:\\\/\\\/www.cib.de\\\/#website\"},\"primaryImageOfPage\":{\"@id\":\"https:\\\/\\\/www.cib.de\\\/cib-sponsoring-carlos-steiner-holt-den-1-preis-jugend-forscht\\\/#primaryimage\"},\"image\":{\"@id\":\"https:\\\/\\\/www.cib.de\\\/cib-sponsoring-carlos-steiner-holt-den-1-preis-jugend-forscht\\\/#primaryimage\"},\"thumbnailUrl\":\"https:\\\/\\\/www.cib.de\\\/wp-content\\\/uploads\\\/2022\\\/06\\\/Blog-jugendforscht_Bundessieg_Physik_erster-preis_2022-e1768316075555.png\",\"datePublished\":\"2022-06-13T10:30:31+00:00\",\"dateModified\":\"2025-04-09T10:08:45+00:00\",\"description\":\"Erster Preis beim Bundeswettbewerb Jugend forscht vom Jungforscher Carlos Steiner im Bereich Physik. Wir gratulieren und freuen uns mit ihm!\",\"breadcrumb\":{\"@id\":\"https:\\\/\\\/www.cib.de\\\/cib-sponsoring-carlos-steiner-holt-den-1-preis-jugend-forscht\\\/#breadcrumb\"},\"inLanguage\":\"es\",\"potentialAction\":[{\"@type\":\"ReadAction\",\"target\":[\"https:\\\/\\\/www.cib.de\\\/cib-sponsoring-carlos-steiner-holt-den-1-preis-jugend-forscht\\\/\"]}]},{\"@type\":\"ImageObject\",\"inLanguage\":\"es\",\"@id\":\"https:\\\/\\\/www.cib.de\\\/cib-sponsoring-carlos-steiner-holt-den-1-preis-jugend-forscht\\\/#primaryimage\",\"url\":\"https:\\\/\\\/www.cib.de\\\/wp-content\\\/uploads\\\/2022\\\/06\\\/Blog-jugendforscht_Bundessieg_Physik_erster-preis_2022-e1768316075555.png\",\"contentUrl\":\"https:\\\/\\\/www.cib.de\\\/wp-content\\\/uploads\\\/2022\\\/06\\\/Blog-jugendforscht_Bundessieg_Physik_erster-preis_2022-e1768316075555.png\",\"width\":1103,\"height\":500},{\"@type\":\"BreadcrumbList\",\"@id\":\"https:\\\/\\\/www.cib.de\\\/cib-sponsoring-carlos-steiner-holt-den-1-preis-jugend-forscht\\\/#breadcrumb\",\"itemListElement\":[{\"@type\":\"ListItem\",\"position\":1,\"name\":\"Home\",\"item\":\"https:\\\/\\\/www.cib.de\\\/\"},{\"@type\":\"ListItem\",\"position\":2,\"name\":\"CIB Sponsoring: Carlos Steiner holt den 1. Preis beim Jugend forscht Wettbewerb\"}]},{\"@type\":\"WebSite\",\"@id\":\"https:\\\/\\\/www.cib.de\\\/#website\",\"url\":\"https:\\\/\\\/www.cib.de\\\/\",\"name\":\"CIB Group\",\"description\":\"Digitalisierung, Prozessautomatisierung, K\u00fcnstliche Intelligenz\",\"publisher\":{\"@id\":\"https:\\\/\\\/www.cib.de\\\/#organization\"},\"potentialAction\":[{\"@type\":\"SearchAction\",\"target\":{\"@type\":\"EntryPoint\",\"urlTemplate\":\"https:\\\/\\\/www.cib.de\\\/?s={search_term_string}\"},\"query-input\":{\"@type\":\"PropertyValueSpecification\",\"valueRequired\":true,\"valueName\":\"search_term_string\"}}],\"inLanguage\":\"es\"},{\"@type\":\"Organization\",\"@id\":\"https:\\\/\\\/www.cib.de\\\/#organization\",\"name\":\"CIB Group\",\"url\":\"https:\\\/\\\/www.cib.de\\\/\",\"logo\":{\"@type\":\"ImageObject\",\"inLanguage\":\"es\",\"@id\":\"https:\\\/\\\/www.cib.de\\\/#\\\/schema\\\/logo\\\/image\\\/\",\"url\":\"https:\\\/\\\/www.cib.de\\\/wp-content\\\/uploads\\\/2023\\\/10\\\/CIB_Logo_.svg\",\"contentUrl\":\"https:\\\/\\\/www.cib.de\\\/wp-content\\\/uploads\\\/2023\\\/10\\\/CIB_Logo_.svg\",\"width\":283,\"height\":128,\"caption\":\"CIB Group\"},\"image\":{\"@id\":\"https:\\\/\\\/www.cib.de\\\/#\\\/schema\\\/logo\\\/image\\\/\"},\"sameAs\":[\"https:\\\/\\\/www.linkedin.com\\\/company\\\/cib\\\/\"]},{\"@type\":\"Person\",\"@id\":\"https:\\\/\\\/www.cib.de\\\/#\\\/schema\\\/person\\\/4c70f0634b93acb47baacdb671694155\",\"name\":\"CIB Group\",\"image\":{\"@type\":\"ImageObject\",\"inLanguage\":\"es\",\"@id\":\"https:\\\/\\\/www.cib.de\\\/wp-content\\\/uploads\\\/2023\\\/03\\\/logo_signature2.png\",\"url\":\"https:\\\/\\\/www.cib.de\\\/wp-content\\\/uploads\\\/2023\\\/03\\\/logo_signature2.png\",\"contentUrl\":\"https:\\\/\\\/www.cib.de\\\/wp-content\\\/uploads\\\/2023\\\/03\\\/logo_signature2.png\",\"caption\":\"CIB Group\"},\"description\":\"Die Digitalisierungsexperten\"}]}<\/script>\n<!-- \/ Yoast SEO plugin. -->","yoast_head_json":{"title":"Concurso Jugend forscht: Carlos Steiner se hace con el primer premio de f\u00edsica","description":"Primer premio nacional Jugend forscht 2022: Carlos Steiner en el campo de la f\u00edsica.","robots":{"index":"index","follow":"follow","max-snippet":"max-snippet:-1","max-image-preview":"max-image-preview:large","max-video-preview":"max-video-preview:-1"},"canonical":"https:\/\/www.cib.de\/es\/cib-sponsoring-carlos-steiner-1er-premio-jugend-forscht\/","og_locale":"es_ES","og_type":"article","og_title":"CIB Sponsoring: Carlos Steiner holt den 1. Preis beim Jugend forscht Wettbewerb - CIB Group","og_description":"Erster Preis beim Bundeswettbewerb Jugend forscht vom Jungforscher Carlos Steiner im Bereich Physik. Wir gratulieren und freuen uns mit ihm!","og_url":"https:\/\/www.cib.de\/es\/cib-sponsoring-carlos-steiner-1er-premio-jugend-forscht\/","og_site_name":"CIB Group","article_publisher":"https:\/\/www.linkedin.com\/company\/cib\/","article_published_time":"2022-06-13T10:30:31+00:00","article_modified_time":"2025-04-09T10:08:45+00:00","og_image":[{"width":1200,"height":544,"url":"https:\/\/www.cib.de\/wp-content\/uploads\/2022\/06\/Blog-jugendforscht_Bundessieg_Physik_erster-preis_2022.png","type":"image\/png"}],"author":"CIB Group","twitter_card":"summary_large_image","twitter_misc":{"Escrito por":"CIB Group","Tiempo de lectura":"3 minutos"},"schema":{"@context":"https:\/\/schema.org","@graph":[{"@type":"Article","@id":"https:\/\/www.cib.de\/cib-sponsoring-carlos-steiner-holt-den-1-preis-jugend-forscht\/#article","isPartOf":{"@id":"https:\/\/www.cib.de\/cib-sponsoring-carlos-steiner-holt-den-1-preis-jugend-forscht\/"},"author":{"name":"CIB Group","@id":"https:\/\/www.cib.de\/#\/schema\/person\/4c70f0634b93acb47baacdb671694155"},"headline":"CIB Sponsoring: Carlos Steiner holt den 1. Preis beim Jugend forscht Wettbewerb","datePublished":"2022-06-13T10:30:31+00:00","dateModified":"2025-04-09T10:08:45+00:00","mainEntityOfPage":{"@id":"https:\/\/www.cib.de\/cib-sponsoring-carlos-steiner-holt-den-1-preis-jugend-forscht\/"},"wordCount":373,"publisher":{"@id":"https:\/\/www.cib.de\/#organization"},"image":{"@id":"https:\/\/www.cib.de\/cib-sponsoring-carlos-steiner-holt-den-1-preis-jugend-forscht\/#primaryimage"},"thumbnailUrl":"https:\/\/www.cib.de\/wp-content\/uploads\/2022\/06\/Blog-jugendforscht_Bundessieg_Physik_erster-preis_2022-e1768316075555.png","keywords":["Deutsche Auslandsschulen","CIB Impulsa","Jugend forscht","EN"],"articleSection":["CIB proActive"],"inLanguage":"es"},{"@type":"WebPage","@id":"https:\/\/www.cib.de\/cib-sponsoring-carlos-steiner-holt-den-1-preis-jugend-forscht\/","url":"https:\/\/www.cib.de\/cib-sponsoring-carlos-steiner-holt-den-1-preis-jugend-forscht\/","name":"Concurso Jugend forscht: Carlos Steiner se hace con el primer premio de f\u00edsica","isPartOf":{"@id":"https:\/\/www.cib.de\/#website"},"primaryImageOfPage":{"@id":"https:\/\/www.cib.de\/cib-sponsoring-carlos-steiner-holt-den-1-preis-jugend-forscht\/#primaryimage"},"image":{"@id":"https:\/\/www.cib.de\/cib-sponsoring-carlos-steiner-holt-den-1-preis-jugend-forscht\/#primaryimage"},"thumbnailUrl":"https:\/\/www.cib.de\/wp-content\/uploads\/2022\/06\/Blog-jugendforscht_Bundessieg_Physik_erster-preis_2022-e1768316075555.png","datePublished":"2022-06-13T10:30:31+00:00","dateModified":"2025-04-09T10:08:45+00:00","description":"Primer premio nacional Jugend forscht 2022: Carlos Steiner en el campo de la f\u00edsica.","breadcrumb":{"@id":"https:\/\/www.cib.de\/cib-sponsoring-carlos-steiner-holt-den-1-preis-jugend-forscht\/#breadcrumb"},"inLanguage":"es","potentialAction":[{"@type":"ReadAction","target":["https:\/\/www.cib.de\/cib-sponsoring-carlos-steiner-holt-den-1-preis-jugend-forscht\/"]}]},{"@type":"ImageObject","inLanguage":"es","@id":"https:\/\/www.cib.de\/cib-sponsoring-carlos-steiner-holt-den-1-preis-jugend-forscht\/#primaryimage","url":"https:\/\/www.cib.de\/wp-content\/uploads\/2022\/06\/Blog-jugendforscht_Bundessieg_Physik_erster-preis_2022-e1768316075555.png","contentUrl":"https:\/\/www.cib.de\/wp-content\/uploads\/2022\/06\/Blog-jugendforscht_Bundessieg_Physik_erster-preis_2022-e1768316075555.png","width":1103,"height":500},{"@type":"BreadcrumbList","@id":"https:\/\/www.cib.de\/cib-sponsoring-carlos-steiner-holt-den-1-preis-jugend-forscht\/#breadcrumb","itemListElement":[{"@type":"ListItem","position":1,"name":"Home","item":"https:\/\/www.cib.de\/"},{"@type":"ListItem","position":2,"name":"CIB Sponsoring: Carlos Steiner holt den 1. Preis beim Jugend forscht Wettbewerb"}]},{"@type":"WebSite","@id":"https:\/\/www.cib.de\/#website","url":"https:\/\/www.cib.de\/","name":"CIB Group","description":"Digitalisierung, Prozessautomatisierung, K\u00fcnstliche Intelligenz","publisher":{"@id":"https:\/\/www.cib.de\/#organization"},"potentialAction":[{"@type":"SearchAction","target":{"@type":"EntryPoint","urlTemplate":"https:\/\/www.cib.de\/?s={search_term_string}"},"query-input":{"@type":"PropertyValueSpecification","valueRequired":true,"valueName":"search_term_string"}}],"inLanguage":"es"},{"@type":"Organization","@id":"https:\/\/www.cib.de\/#organization","name":"CIB Group","url":"https:\/\/www.cib.de\/","logo":{"@type":"ImageObject","inLanguage":"es","@id":"https:\/\/www.cib.de\/#\/schema\/logo\/image\/","url":"https:\/\/www.cib.de\/wp-content\/uploads\/2023\/10\/CIB_Logo_.svg","contentUrl":"https:\/\/www.cib.de\/wp-content\/uploads\/2023\/10\/CIB_Logo_.svg","width":283,"height":128,"caption":"CIB Group"},"image":{"@id":"https:\/\/www.cib.de\/#\/schema\/logo\/image\/"},"sameAs":["https:\/\/www.linkedin.com\/company\/cib\/"]},{"@type":"Person","@id":"https:\/\/www.cib.de\/#\/schema\/person\/4c70f0634b93acb47baacdb671694155","name":"CIB Group","image":{"@type":"ImageObject","inLanguage":"es","@id":"https:\/\/www.cib.de\/wp-content\/uploads\/2023\/03\/logo_signature2.png","url":"https:\/\/www.cib.de\/wp-content\/uploads\/2023\/03\/logo_signature2.png","contentUrl":"https:\/\/www.cib.de\/wp-content\/uploads\/2023\/03\/logo_signature2.png","caption":"CIB Group"},"description":"Expertos en digitalizaci\u00f3n"}]}},"post_mailing_queue_ids":[],"_links":{"self":[{"href":"https:\/\/www.cib.de\/es\/wp-json\/wp\/v2\/posts\/51646","targetHints":{"allow":["GET"]}}],"collection":[{"href":"https:\/\/www.cib.de\/es\/wp-json\/wp\/v2\/posts"}],"about":[{"href":"https:\/\/www.cib.de\/es\/wp-json\/wp\/v2\/types\/post"}],"author":[{"embeddable":true,"href":"https:\/\/www.cib.de\/es\/wp-json\/wp\/v2\/users\/246"}],"replies":[{"embeddable":true,"href":"https:\/\/www.cib.de\/es\/wp-json\/wp\/v2\/comments?post=51646"}],"version-history":[{"count":69,"href":"https:\/\/www.cib.de\/es\/wp-json\/wp\/v2\/posts\/51646\/revisions"}],"predecessor-version":[{"id":51888,"href":"https:\/\/www.cib.de\/es\/wp-json\/wp\/v2\/posts\/51646\/revisions\/51888"}],"wp:featuredmedia":[{"embeddable":true,"href":"https:\/\/www.cib.de\/es\/wp-json\/wp\/v2\/media\/51672"}],"wp:attachment":[{"href":"https:\/\/www.cib.de\/es\/wp-json\/wp\/v2\/media?parent=51646"}],"wp:term":[{"taxonomy":"category","embeddable":true,"href":"https:\/\/www.cib.de\/es\/wp-json\/wp\/v2\/categories?post=51646"},{"taxonomy":"post_tag","embeddable":true,"href":"https:\/\/www.cib.de\/es\/wp-json\/wp\/v2\/tags?post=51646"}],"curies":[{"name":"wp","href":"https:\/\/api.w.org\/{rel}","templated":true}]}}