{"id":62983,"date":"2022-12-13T15:44:00","date_gmt":"2022-12-13T14:44:00","guid":{"rendered":"https:\/\/www.cib.de\/?p=62983"},"modified":"2023-04-19T15:34:15","modified_gmt":"2023-04-19T13:34:15","slug":"entrevista-a-nuestro-desarrollador-ivan-hernandez","status":"publish","type":"post","link":"https:\/\/www.cib.de\/es\/cib-interview-app-entwickler-ivan-hernandez\/","title":{"rendered":"Entrevista a nuestro desarrollador Iv\u00e1n Hern\u00e1ndez"},"content":{"rendered":"<div data-elementor-type=\"wp-post\" data-elementor-id=\"62983\" class=\"elementor elementor-62983\" data-elementor-post-type=\"post\">\n\t\t\t\t\t\t<section class=\"elementor-section elementor-top-section elementor-element elementor-element-579ab90 elementor-section-boxed elementor-section-height-default elementor-section-height-default\" data-id=\"579ab90\" data-element_type=\"section\" data-e-type=\"section\">\n\t\t\t\t\t\t<div class=\"elementor-container elementor-column-gap-default\">\n\t\t\t\t\t<div class=\"elementor-column elementor-col-100 elementor-top-column elementor-element elementor-element-bdb6625\" data-id=\"bdb6625\" data-element_type=\"column\" data-e-type=\"column\">\n\t\t\t<div class=\"elementor-widget-wrap elementor-element-populated\">\n\t\t\t\t\t\t<div class=\"elementor-element elementor-element-52262c3 elementor-widget elementor-widget-text-editor\" data-id=\"52262c3\" data-element_type=\"widget\" data-e-type=\"widget\" data-widget_type=\"text-editor.default\">\n\t\t\t\t<div class=\"elementor-widget-container\">\n\t\t\t\t\t\t\t\t\t<p class=\"translation-block\">Hoy entrevistamos a Iv\u00e1n Hern\u00e1ndez, que cumple 5 a\u00f1os con nosotros como desarrollador de soluciones CIB.<\/p>\t\t\t\t\t\t\t\t<\/div>\n\t\t\t\t<\/div>\n\t\t\t\t\t<\/div>\n\t\t<\/div>\n\t\t\t\t\t<\/div>\n\t\t<\/section>\n\t\t\t\t<section class=\"elementor-section elementor-top-section elementor-element elementor-element-7abf1ec elementor-section-boxed elementor-section-height-default elementor-section-height-default\" data-id=\"7abf1ec\" data-element_type=\"section\" data-e-type=\"section\">\n\t\t\t\t\t\t<div class=\"elementor-container elementor-column-gap-default\">\n\t\t\t\t\t<div class=\"elementor-column elementor-col-100 elementor-top-column elementor-element elementor-element-7758f0b\" data-id=\"7758f0b\" data-element_type=\"column\" data-e-type=\"column\">\n\t\t\t<div class=\"elementor-widget-wrap elementor-element-populated\">\n\t\t\t\t\t\t<div class=\"elementor-element elementor-element-c7536db elementor-widget elementor-widget-heading\" data-id=\"c7536db\" data-element_type=\"widget\" data-e-type=\"widget\" data-widget_type=\"heading.default\">\n\t\t\t\t<div class=\"elementor-widget-container\">\n\t\t\t\t\t<h2 class=\"elementor-heading-title elementor-size-default\">\u00bfC\u00f3mo fueron tus comienzos en CIB?  <\/h2>\t\t\t\t<\/div>\n\t\t\t\t<\/div>\n\t\t\t\t\t<\/div>\n\t\t<\/div>\n\t\t\t\t\t<\/div>\n\t\t<\/section>\n\t\t\t\t<section class=\"elementor-section elementor-top-section elementor-element elementor-element-3508d42 elementor-section-boxed elementor-section-height-default elementor-section-height-default\" data-id=\"3508d42\" data-element_type=\"section\" data-e-type=\"section\">\n\t\t\t\t\t\t<div class=\"elementor-container elementor-column-gap-default\">\n\t\t\t\t\t<div class=\"elementor-column elementor-col-50 elementor-top-column elementor-element elementor-element-d861ac1\" data-id=\"d861ac1\" data-element_type=\"column\" data-e-type=\"column\">\n\t\t\t<div class=\"elementor-widget-wrap elementor-element-populated\">\n\t\t\t\t\t\t<div class=\"elementor-element elementor-element-f530e01 elementor-widget elementor-widget-image\" data-id=\"f530e01\" data-element_type=\"widget\" data-e-type=\"widget\" data-widget_type=\"image.default\">\n\t\t\t\t<div class=\"elementor-widget-container\">\n\t\t\t\t\t\t\t\t\t\t\t\t\t\t\t<img fetchpriority=\"high\" decoding=\"async\" width=\"1024\" height=\"833\" src=\"https:\/\/www.cib.de\/wp-content\/uploads\/2022\/12\/Ivan_-1024x833.png\" class=\"attachment-large size-large wp-image-62889\" alt=\"\" srcset=\"https:\/\/www.cib.de\/wp-content\/uploads\/2022\/12\/Ivan_-1024x833.png 1024w, https:\/\/www.cib.de\/wp-content\/uploads\/2022\/12\/Ivan_-369x300.png 369w, https:\/\/www.cib.de\/wp-content\/uploads\/2022\/12\/Ivan_-768x625.png 768w, https:\/\/www.cib.de\/wp-content\/uploads\/2022\/12\/Ivan_-e1768314331864.png 1229w\" sizes=\"(max-width: 1024px) 100vw, 1024px\" \/>\t\t\t\t\t\t\t\t\t\t\t\t\t\t\t<\/div>\n\t\t\t\t<\/div>\n\t\t\t\t\t<\/div>\n\t\t<\/div>\n\t\t\t\t<div class=\"elementor-column elementor-col-50 elementor-top-column elementor-element elementor-element-11af32f\" data-id=\"11af32f\" data-element_type=\"column\" data-e-type=\"column\">\n\t\t\t<div class=\"elementor-widget-wrap elementor-element-populated\">\n\t\t\t\t\t\t<div class=\"elementor-element elementor-element-b4a6cfe elementor-widget elementor-widget-text-editor\" data-id=\"b4a6cfe\" data-element_type=\"widget\" data-e-type=\"widget\" data-widget_type=\"text-editor.default\">\n\t\t\t\t<div class=\"elementor-widget-container\">\n\t\t\t\t\t\t\t\t\t<p>Ven\u00eda de una experiencia laboral algo dif\u00edcil y fue CIB quien me ayud\u00f3 a conseguir la estabilidad laboral que yo buscaba. Nada m\u00e1s llegar me encontr\u00e9 muy a gusto con mis compa\u00f1eros, me sent\u00ed integrado en el equipo desde el primero momento. Por otro lado en lo que a tareas se refiere, siempre me he sentido con total libertad de desarrollar y explotar mis conocimientos, algo que he valorado mucho a lo largo de estos a\u00f1os.<\/p>\t\t\t\t\t\t\t\t<\/div>\n\t\t\t\t<\/div>\n\t\t\t\t\t<\/div>\n\t\t<\/div>\n\t\t\t\t\t<\/div>\n\t\t<\/section>\n\t\t\t\t<section class=\"elementor-section elementor-top-section elementor-element elementor-element-48cf715 elementor-section-boxed elementor-section-height-default elementor-section-height-default\" data-id=\"48cf715\" data-element_type=\"section\" data-e-type=\"section\">\n\t\t\t\t\t\t<div class=\"elementor-container elementor-column-gap-default\">\n\t\t\t\t\t<div class=\"elementor-column elementor-col-100 elementor-top-column elementor-element elementor-element-dadebc4\" data-id=\"dadebc4\" data-element_type=\"column\" data-e-type=\"column\">\n\t\t\t<div class=\"elementor-widget-wrap elementor-element-populated\">\n\t\t\t\t\t\t<div class=\"elementor-element elementor-element-427f137 elementor-widget elementor-widget-text-editor\" data-id=\"427f137\" data-element_type=\"widget\" data-e-type=\"widget\" data-widget_type=\"text-editor.default\">\n\t\t\t\t<div class=\"elementor-widget-container\">\n\t\t\t\t\t\t\t\t\tMi primer trabajo fue desarrollar desde cero la aplicaci\u00f3n web CIB doXicam. Recuerdo haber estado muy c\u00f3modo, porque no me sent\u00ed presionado con tiempos de entrega, solo ten\u00eda que desarrollar la aplicaci\u00f3n como yo quisiera y en el tiempo que fuese posible, esto me ayud\u00f3 a entrar en el equipo de una manera m\u00e1s progresiva.   \t\t\t\t\t\t\t\t<\/div>\n\t\t\t\t<\/div>\n\t\t\t\t\t<\/div>\n\t\t<\/div>\n\t\t\t\t\t<\/div>\n\t\t<\/section>\n\t\t\t\t<section class=\"elementor-section elementor-top-section elementor-element elementor-element-9b28108 elementor-section-boxed elementor-section-height-default elementor-section-height-default\" data-id=\"9b28108\" data-element_type=\"section\" data-e-type=\"section\">\n\t\t\t\t\t\t<div class=\"elementor-container elementor-column-gap-default\">\n\t\t\t\t\t<div class=\"elementor-column elementor-col-100 elementor-top-column elementor-element elementor-element-0bd8a21\" data-id=\"0bd8a21\" data-element_type=\"column\" data-e-type=\"column\">\n\t\t\t<div class=\"elementor-widget-wrap elementor-element-populated\">\n\t\t\t\t\t\t<div class=\"elementor-element elementor-element-1c4b891 elementor-widget elementor-widget-heading\" data-id=\"1c4b891\" data-element_type=\"widget\" data-e-type=\"widget\" data-widget_type=\"heading.default\">\n\t\t\t\t<div class=\"elementor-widget-container\">\n\t\t\t\t\t<h2 class=\"elementor-heading-title elementor-size-default\">\u00bfC\u00f3mo han sido tus primeros 5 a\u00f1os con nosotros?  <\/h2>\t\t\t\t<\/div>\n\t\t\t\t<\/div>\n\t\t\t\t\t<\/div>\n\t\t<\/div>\n\t\t\t\t\t<\/div>\n\t\t<\/section>\n\t\t\t\t<section class=\"elementor-section elementor-top-section elementor-element elementor-element-9cc64f1 elementor-section-boxed elementor-section-height-default elementor-section-height-default\" data-id=\"9cc64f1\" data-element_type=\"section\" data-e-type=\"section\">\n\t\t\t\t\t\t<div class=\"elementor-container elementor-column-gap-default\">\n\t\t\t\t\t<div class=\"elementor-column elementor-col-100 elementor-top-column elementor-element elementor-element-911b882\" data-id=\"911b882\" data-element_type=\"column\" data-e-type=\"column\">\n\t\t\t<div class=\"elementor-widget-wrap elementor-element-populated\">\n\t\t\t\t\t\t<div class=\"elementor-element elementor-element-fd43404 elementor-widget elementor-widget-text-editor\" data-id=\"fd43404\" data-element_type=\"widget\" data-e-type=\"widget\" data-widget_type=\"text-editor.default\">\n\t\t\t\t<div class=\"elementor-widget-container\">\n\t\t\t\t\t\t\t\t\t<p>Estos cinco a\u00f1os han sido muy enriquecedores. Aunque suene t\u00edpico, he crecido personal y profesionalmente. Gracias a CIB he podido viajar mucho y he podido trabajar desde las distintas sedes de la empresa, esto ha sido un gran valor a\u00f1adido. Profesionalmente, siento que he crecido: me siento m\u00e1s seguro tomando decisiones y eso al final del d\u00eda me hace sentir \u201crealizado\u201d como profesional.<\/p><p>Este tiempo ha sido tan satisfactorio, que estoy deseando ver que me traer\u00e1n los siguientes cinco.<\/p>\t\t\t\t\t\t\t\t<\/div>\n\t\t\t\t<\/div>\n\t\t\t\t\t<\/div>\n\t\t<\/div>\n\t\t\t\t\t<\/div>\n\t\t<\/section>\n\t\t\t\t<section class=\"elementor-section elementor-top-section elementor-element elementor-element-60b353a elementor-section-boxed elementor-section-height-default elementor-section-height-default\" data-id=\"60b353a\" data-element_type=\"section\" data-e-type=\"section\">\n\t\t\t\t\t\t<div class=\"elementor-container elementor-column-gap-default\">\n\t\t\t\t\t<div class=\"elementor-column elementor-col-100 elementor-top-column elementor-element elementor-element-a6bd7f1\" data-id=\"a6bd7f1\" data-element_type=\"column\" data-e-type=\"column\">\n\t\t\t<div class=\"elementor-widget-wrap elementor-element-populated\">\n\t\t\t\t\t\t<div class=\"elementor-element elementor-element-0526778 elementor-widget elementor-widget-heading\" data-id=\"0526778\" data-element_type=\"widget\" data-e-type=\"widget\" data-widget_type=\"heading.default\">\n\t\t\t\t<div class=\"elementor-widget-container\">\n\t\t\t\t\t<h2 class=\"elementor-heading-title elementor-size-default\">\u00bfQu\u00e9 momento especial destacar\u00edas?  <\/h2>\t\t\t\t<\/div>\n\t\t\t\t<\/div>\n\t\t\t\t\t<\/div>\n\t\t<\/div>\n\t\t\t\t\t<\/div>\n\t\t<\/section>\n\t\t\t\t<section class=\"elementor-section elementor-top-section elementor-element elementor-element-4096b14 elementor-section-boxed elementor-section-height-default elementor-section-height-default\" data-id=\"4096b14\" data-element_type=\"section\" data-e-type=\"section\">\n\t\t\t\t\t\t<div class=\"elementor-container elementor-column-gap-default\">\n\t\t\t\t\t<div class=\"elementor-column elementor-col-100 elementor-top-column elementor-element elementor-element-f22314a\" data-id=\"f22314a\" data-element_type=\"column\" data-e-type=\"column\">\n\t\t\t<div class=\"elementor-widget-wrap elementor-element-populated\">\n\t\t\t\t\t\t<div class=\"elementor-element elementor-element-0306b14 elementor-widget elementor-widget-text-editor\" data-id=\"0306b14\" data-element_type=\"widget\" data-e-type=\"widget\" data-widget_type=\"text-editor.default\">\n\t\t\t\t<div class=\"elementor-widget-container\">\n\t\t\t\t\t\t\t\t\t<p>Sobre todo, en las temporadas en las que nuestro CEO Ulrich Brandner estaba en nuestra sede en Gran Canaria, recuerdo que todos los viernes com\u00edamos juntos pizza y sushi en la azotea, recuerdo esos momentos con mucho cari\u00f1o, porque todos nos reun\u00edamos, habl\u00e1bamos de la semana. Sin duda una de las cosas que m\u00e1s echo de menos.\u00a0<\/p>\t\t\t\t\t\t\t\t<\/div>\n\t\t\t\t<\/div>\n\t\t\t\t\t<\/div>\n\t\t<\/div>\n\t\t\t\t\t<\/div>\n\t\t<\/section>\n\t\t\t\t<section class=\"elementor-section elementor-top-section elementor-element elementor-element-8d307d6 elementor-section-boxed elementor-section-height-default elementor-section-height-default\" data-id=\"8d307d6\" data-element_type=\"section\" data-e-type=\"section\">\n\t\t\t\t\t\t<div class=\"elementor-container elementor-column-gap-default\">\n\t\t\t\t\t<div class=\"elementor-column elementor-col-100 elementor-top-column elementor-element elementor-element-bb9de21\" data-id=\"bb9de21\" data-element_type=\"column\" data-e-type=\"column\">\n\t\t\t<div class=\"elementor-widget-wrap elementor-element-populated\">\n\t\t\t\t\t\t<div class=\"elementor-element elementor-element-0049ee6 elementor-widget elementor-widget-heading\" data-id=\"0049ee6\" data-element_type=\"widget\" data-e-type=\"widget\" data-widget_type=\"heading.default\">\n\t\t\t\t<div class=\"elementor-widget-container\">\n\t\t\t\t\t<h2 class=\"elementor-heading-title elementor-size-default\">\u00bfQu\u00e9 haces en tu tiempo libre y c\u00f3mo te ha afectado la jornada laboral de 4 d\u00edas?  <\/h2>\t\t\t\t<\/div>\n\t\t\t\t<\/div>\n\t\t\t\t\t<\/div>\n\t\t<\/div>\n\t\t\t\t\t<\/div>\n\t\t<\/section>\n\t\t\t\t<section class=\"elementor-section elementor-top-section elementor-element elementor-element-e86648b elementor-section-boxed elementor-section-height-default elementor-section-height-default\" data-id=\"e86648b\" data-element_type=\"section\" data-e-type=\"section\">\n\t\t\t\t\t\t<div class=\"elementor-container elementor-column-gap-default\">\n\t\t\t\t\t<div class=\"elementor-column elementor-col-100 elementor-top-column elementor-element elementor-element-44382e0\" data-id=\"44382e0\" data-element_type=\"column\" data-e-type=\"column\">\n\t\t\t<div class=\"elementor-widget-wrap elementor-element-populated\">\n\t\t\t\t\t\t<div class=\"elementor-element elementor-element-e8e6bad elementor-widget elementor-widget-text-editor\" data-id=\"e8e6bad\" data-element_type=\"widget\" data-e-type=\"widget\" data-widget_type=\"text-editor.default\">\n\t\t\t\t<div class=\"elementor-widget-container\">\n\t\t\t\t\t\t\t\t\t<p>En mi tiempo libre me encanta hacer CrossFit: cuando no estoy trabajando, estoy en el Box con mis amigos, disfrutando de la tarde y haciendo deporte. Otro de mis grandes pasatiempos es viajar \u2013 me encanta descubrir y ver cosas nuevas.<\/p><p>Cada vez que encuentro un hueco intento organizar una escapada para poder salir de la isla. La semana de 4 d\u00edas con el viernes libre me ha afectado muy positivamente. Ahora puedo organizarme mucho mejor y disfrutar siempre que puedo de mi tiempo libre.<\/p>\t\t\t\t\t\t\t\t<\/div>\n\t\t\t\t<\/div>\n\t\t\t\t\t<\/div>\n\t\t<\/div>\n\t\t\t\t\t<\/div>\n\t\t<\/section>\n\t\t\t\t<section class=\"elementor-section elementor-top-section elementor-element elementor-element-35cfaab elementor-section-boxed elementor-section-height-default elementor-section-height-default\" data-id=\"35cfaab\" data-element_type=\"section\" data-e-type=\"section\">\n\t\t\t\t\t\t<div class=\"elementor-container elementor-column-gap-default\">\n\t\t\t\t\t<div class=\"elementor-column elementor-col-100 elementor-top-column elementor-element elementor-element-27daaf6\" data-id=\"27daaf6\" data-element_type=\"column\" data-e-type=\"column\">\n\t\t\t<div class=\"elementor-widget-wrap elementor-element-populated\">\n\t\t\t\t\t\t<div class=\"elementor-element elementor-element-a820b17 elementor-widget elementor-widget-heading\" data-id=\"a820b17\" data-element_type=\"widget\" data-e-type=\"widget\" data-widget_type=\"heading.default\">\n\t\t\t\t<div class=\"elementor-widget-container\">\n\t\t\t\t\t<h2 class=\"elementor-heading-title elementor-size-default\">Muchas gracias, Iv\u00e1n, por la entrevista. Let\u00b4s CIB! <\/h2>\t\t\t\t<\/div>\n\t\t\t\t<\/div>\n\t\t\t\t\t<\/div>\n\t\t<\/div>\n\t\t\t\t\t<\/div>\n\t\t<\/section>\n\t\t\t\t<\/div>","protected":false},"excerpt":{"rendered":"<p>Heute interviewen wir Iv\u00e1n Hern\u00e1ndez, der sein 5-j\u00e4hriges Jubil\u00e4um als Entwickler von CIB-L\u00f6sungen bei uns feiert.\u00a0\u00a0 Wie war dein Einstieg bei CIB? Ich kam aus einem eher turbulenten Arbeitsleben und konnte bei CIB die berufliche Stabilit\u00e4t erreichen, die ich suchte. Gleich nach meiner Ankunft f\u00fchlte ich mich unter meinen Kollegen sehr willkommen, ich war vom &#8230; <a title=\"Entrevista a nuestro desarrollador Iv\u00e1n Hern\u00e1ndez\" class=\"read-more\" href=\"https:\/\/www.cib.de\/es\/cib-interview-app-entwickler-ivan-hernandez\/\" aria-label=\"Leer m\u00e1s sobre CIB Jubilare im Interview: App-Entwickler Iv\u00e1n Hern\u00e1ndez\">Leer m\u00e1s<\/a><\/p>","protected":false},"author":246,"featured_media":10821,"comment_status":"closed","ping_status":"closed","sticky":false,"template":"","format":"standard","meta":{"_acf_changed":false,"footnotes":""},"categories":[78],"tags":[1088,2206],"class_list":["post-62983","post","type-post","status-publish","format-standard","has-post-thumbnail","hentry","category-people","tag-cib-interview","tag-only-en"],"acf":[],"yoast_head":"<!-- This site is optimized with the Yoast SEO plugin v27.5 - https:\/\/yoast.com\/product\/yoast-seo-wordpress\/ -->\n<title>CIB Jubilare im Interview: App-Entwickler Iv\u00e1n Hern\u00e1ndez - CIB Group<\/title>\n<meta name=\"description\" content=\"Heute interviewen wir Iv\u00e1n Hern\u00e1ndez, der sein 5-j\u00e4hriges Jubil\u00e4um als Entwickler von CIB L\u00f6sungen bei uns feiert.\" \/>\n<meta name=\"robots\" content=\"index, follow, max-snippet:-1, max-image-preview:large, max-video-preview:-1\" \/>\n<link rel=\"canonical\" href=\"https:\/\/www.cib.de\/es\/entrevista-a-nuestro-desarrollador-ivan-hernandez\/\" \/>\n<meta property=\"og:locale\" content=\"es_ES\" \/>\n<meta property=\"og:type\" content=\"article\" \/>\n<meta property=\"og:title\" content=\"CIB Jubilare im Interview: App-Entwickler Iv\u00e1n Hern\u00e1ndez - CIB Group\" \/>\n<meta property=\"og:description\" content=\"Heute interviewen wir Iv\u00e1n Hern\u00e1ndez, der sein 5-j\u00e4hriges Jubil\u00e4um als Entwickler von CIB L\u00f6sungen bei uns feiert.\" \/>\n<meta property=\"og:url\" content=\"https:\/\/www.cib.de\/es\/entrevista-a-nuestro-desarrollador-ivan-hernandez\/\" \/>\n<meta property=\"og:site_name\" content=\"CIB Group\" \/>\n<meta property=\"article:publisher\" content=\"https:\/\/www.linkedin.com\/company\/cib\/\" \/>\n<meta property=\"article:published_time\" content=\"2022-12-13T14:44:00+00:00\" \/>\n<meta property=\"article:modified_time\" content=\"2023-04-19T13:34:15+00:00\" \/>\n<meta property=\"og:image\" content=\"https:\/\/www.cib.de\/wp-content\/uploads\/2021\/07\/cib_people_interviews.jpg\" \/>\n\t<meta property=\"og:image:width\" content=\"1282\" \/>\n\t<meta property=\"og:image:height\" content=\"482\" \/>\n\t<meta property=\"og:image:type\" content=\"image\/jpeg\" \/>\n<meta name=\"author\" content=\"CIB Group\" \/>\n<meta name=\"twitter:card\" content=\"summary_large_image\" \/>\n<meta name=\"twitter:label1\" content=\"Escrito por\" \/>\n\t<meta name=\"twitter:data1\" content=\"CIB Group\" \/>\n\t<meta name=\"twitter:label2\" content=\"Tiempo de lectura\" \/>\n\t<meta name=\"twitter:data2\" content=\"2 minutos\" \/>\n<script type=\"application\/ld+json\" class=\"yoast-schema-graph\">{\"@context\":\"https:\\\/\\\/schema.org\",\"@graph\":[{\"@type\":\"Article\",\"@id\":\"https:\\\/\\\/www.cib.de\\\/cib-interview-app-entwickler-ivan-hernandez\\\/#article\",\"isPartOf\":{\"@id\":\"https:\\\/\\\/www.cib.de\\\/cib-interview-app-entwickler-ivan-hernandez\\\/\"},\"author\":{\"name\":\"CIB Group\",\"@id\":\"https:\\\/\\\/www.cib.de\\\/#\\\/schema\\\/person\\\/4c70f0634b93acb47baacdb671694155\"},\"headline\":\"CIB Jubilare im Interview: App-Entwickler Iv\u00e1n Hern\u00e1ndez\",\"datePublished\":\"2022-12-13T14:44:00+00:00\",\"dateModified\":\"2023-04-19T13:34:15+00:00\",\"mainEntityOfPage\":{\"@id\":\"https:\\\/\\\/www.cib.de\\\/cib-interview-app-entwickler-ivan-hernandez\\\/\"},\"wordCount\":452,\"publisher\":{\"@id\":\"https:\\\/\\\/www.cib.de\\\/#organization\"},\"image\":{\"@id\":\"https:\\\/\\\/www.cib.de\\\/cib-interview-app-entwickler-ivan-hernandez\\\/#primaryimage\"},\"thumbnailUrl\":\"https:\\\/\\\/www.cib.de\\\/wp-content\\\/uploads\\\/2021\\\/07\\\/cib_people_interviews.jpg\",\"keywords\":[\"CIB Interview\",\"EN\"],\"articleSection\":[\"CIB People\"],\"inLanguage\":\"es\"},{\"@type\":\"WebPage\",\"@id\":\"https:\\\/\\\/www.cib.de\\\/cib-interview-app-entwickler-ivan-hernandez\\\/\",\"url\":\"https:\\\/\\\/www.cib.de\\\/cib-interview-app-entwickler-ivan-hernandez\\\/\",\"name\":\"CIB Jubilare im Interview: App-Entwickler Iv\u00e1n Hern\u00e1ndez - CIB Group\",\"isPartOf\":{\"@id\":\"https:\\\/\\\/www.cib.de\\\/#website\"},\"primaryImageOfPage\":{\"@id\":\"https:\\\/\\\/www.cib.de\\\/cib-interview-app-entwickler-ivan-hernandez\\\/#primaryimage\"},\"image\":{\"@id\":\"https:\\\/\\\/www.cib.de\\\/cib-interview-app-entwickler-ivan-hernandez\\\/#primaryimage\"},\"thumbnailUrl\":\"https:\\\/\\\/www.cib.de\\\/wp-content\\\/uploads\\\/2021\\\/07\\\/cib_people_interviews.jpg\",\"datePublished\":\"2022-12-13T14:44:00+00:00\",\"dateModified\":\"2023-04-19T13:34:15+00:00\",\"description\":\"Heute interviewen wir Iv\u00e1n Hern\u00e1ndez, der sein 5-j\u00e4hriges Jubil\u00e4um als Entwickler von CIB L\u00f6sungen bei uns feiert.\",\"breadcrumb\":{\"@id\":\"https:\\\/\\\/www.cib.de\\\/cib-interview-app-entwickler-ivan-hernandez\\\/#breadcrumb\"},\"inLanguage\":\"es\",\"potentialAction\":[{\"@type\":\"ReadAction\",\"target\":[\"https:\\\/\\\/www.cib.de\\\/cib-interview-app-entwickler-ivan-hernandez\\\/\"]}]},{\"@type\":\"ImageObject\",\"inLanguage\":\"es\",\"@id\":\"https:\\\/\\\/www.cib.de\\\/cib-interview-app-entwickler-ivan-hernandez\\\/#primaryimage\",\"url\":\"https:\\\/\\\/www.cib.de\\\/wp-content\\\/uploads\\\/2021\\\/07\\\/cib_people_interviews.jpg\",\"contentUrl\":\"https:\\\/\\\/www.cib.de\\\/wp-content\\\/uploads\\\/2021\\\/07\\\/cib_people_interviews.jpg\",\"width\":1282,\"height\":482,\"caption\":\"CIB interviews\"},{\"@type\":\"BreadcrumbList\",\"@id\":\"https:\\\/\\\/www.cib.de\\\/cib-interview-app-entwickler-ivan-hernandez\\\/#breadcrumb\",\"itemListElement\":[{\"@type\":\"ListItem\",\"position\":1,\"name\":\"Home\",\"item\":\"https:\\\/\\\/www.cib.de\\\/\"},{\"@type\":\"ListItem\",\"position\":2,\"name\":\"CIB Jubilare im Interview: App-Entwickler Iv\u00e1n Hern\u00e1ndez\"}]},{\"@type\":\"WebSite\",\"@id\":\"https:\\\/\\\/www.cib.de\\\/#website\",\"url\":\"https:\\\/\\\/www.cib.de\\\/\",\"name\":\"CIB Group\",\"description\":\"Digitalisierung, Prozessautomatisierung, K\u00fcnstliche Intelligenz\",\"publisher\":{\"@id\":\"https:\\\/\\\/www.cib.de\\\/#organization\"},\"potentialAction\":[{\"@type\":\"SearchAction\",\"target\":{\"@type\":\"EntryPoint\",\"urlTemplate\":\"https:\\\/\\\/www.cib.de\\\/?s={search_term_string}\"},\"query-input\":{\"@type\":\"PropertyValueSpecification\",\"valueRequired\":true,\"valueName\":\"search_term_string\"}}],\"inLanguage\":\"es\"},{\"@type\":\"Organization\",\"@id\":\"https:\\\/\\\/www.cib.de\\\/#organization\",\"name\":\"CIB Group\",\"url\":\"https:\\\/\\\/www.cib.de\\\/\",\"logo\":{\"@type\":\"ImageObject\",\"inLanguage\":\"es\",\"@id\":\"https:\\\/\\\/www.cib.de\\\/#\\\/schema\\\/logo\\\/image\\\/\",\"url\":\"https:\\\/\\\/www.cib.de\\\/wp-content\\\/uploads\\\/2023\\\/10\\\/CIB_Logo_.svg\",\"contentUrl\":\"https:\\\/\\\/www.cib.de\\\/wp-content\\\/uploads\\\/2023\\\/10\\\/CIB_Logo_.svg\",\"width\":283,\"height\":128,\"caption\":\"CIB Group\"},\"image\":{\"@id\":\"https:\\\/\\\/www.cib.de\\\/#\\\/schema\\\/logo\\\/image\\\/\"},\"sameAs\":[\"https:\\\/\\\/www.linkedin.com\\\/company\\\/cib\\\/\"]},{\"@type\":\"Person\",\"@id\":\"https:\\\/\\\/www.cib.de\\\/#\\\/schema\\\/person\\\/4c70f0634b93acb47baacdb671694155\",\"name\":\"CIB Group\",\"image\":{\"@type\":\"ImageObject\",\"inLanguage\":\"es\",\"@id\":\"https:\\\/\\\/www.cib.de\\\/wp-content\\\/uploads\\\/2023\\\/03\\\/logo_signature2.png\",\"url\":\"https:\\\/\\\/www.cib.de\\\/wp-content\\\/uploads\\\/2023\\\/03\\\/logo_signature2.png\",\"contentUrl\":\"https:\\\/\\\/www.cib.de\\\/wp-content\\\/uploads\\\/2023\\\/03\\\/logo_signature2.png\",\"caption\":\"CIB Group\"},\"description\":\"Die Digitalisierungsexperten\"}]}<\/script>\n<!-- \/ Yoast SEO plugin. -->","yoast_head_json":{"title":"Entrevista a nuestro desarrollador Iv\u00e1n Hern\u00e1ndez","description":"Hoy entrevistamos a Iv\u00e1n Hern\u00e1ndez, que cumple 5 a\u00f1os con nosotros como desarrollador de soluciones CIB.","robots":{"index":"index","follow":"follow","max-snippet":"max-snippet:-1","max-image-preview":"max-image-preview:large","max-video-preview":"max-video-preview:-1"},"canonical":"https:\/\/www.cib.de\/es\/entrevista-a-nuestro-desarrollador-ivan-hernandez\/","og_locale":"es_ES","og_type":"article","og_title":"CIB Jubilare im Interview: App-Entwickler Iv\u00e1n Hern\u00e1ndez - CIB Group","og_description":"Heute interviewen wir Iv\u00e1n Hern\u00e1ndez, der sein 5-j\u00e4hriges Jubil\u00e4um als Entwickler von CIB L\u00f6sungen bei uns feiert.","og_url":"https:\/\/www.cib.de\/es\/entrevista-a-nuestro-desarrollador-ivan-hernandez\/","og_site_name":"CIB Group","article_publisher":"https:\/\/www.linkedin.com\/company\/cib\/","article_published_time":"2022-12-13T14:44:00+00:00","article_modified_time":"2023-04-19T13:34:15+00:00","og_image":[{"width":1282,"height":482,"url":"https:\/\/www.cib.de\/wp-content\/uploads\/2021\/07\/cib_people_interviews.jpg","type":"image\/jpeg"}],"author":"CIB Group","twitter_card":"summary_large_image","twitter_misc":{"Escrito por":"CIB Group","Tiempo de lectura":"2 minutos"},"schema":{"@context":"https:\/\/schema.org","@graph":[{"@type":"Article","@id":"https:\/\/www.cib.de\/cib-interview-app-entwickler-ivan-hernandez\/#article","isPartOf":{"@id":"https:\/\/www.cib.de\/cib-interview-app-entwickler-ivan-hernandez\/"},"author":{"name":"CIB Group","@id":"https:\/\/www.cib.de\/#\/schema\/person\/4c70f0634b93acb47baacdb671694155"},"headline":"CIB Jubilare im Interview: App-Entwickler Iv\u00e1n Hern\u00e1ndez","datePublished":"2022-12-13T14:44:00+00:00","dateModified":"2023-04-19T13:34:15+00:00","mainEntityOfPage":{"@id":"https:\/\/www.cib.de\/cib-interview-app-entwickler-ivan-hernandez\/"},"wordCount":452,"publisher":{"@id":"https:\/\/www.cib.de\/#organization"},"image":{"@id":"https:\/\/www.cib.de\/cib-interview-app-entwickler-ivan-hernandez\/#primaryimage"},"thumbnailUrl":"https:\/\/www.cib.de\/wp-content\/uploads\/2021\/07\/cib_people_interviews.jpg","keywords":["CIB Interview","EN"],"articleSection":["CIB People"],"inLanguage":"es"},{"@type":"WebPage","@id":"https:\/\/www.cib.de\/cib-interview-app-entwickler-ivan-hernandez\/","url":"https:\/\/www.cib.de\/cib-interview-app-entwickler-ivan-hernandez\/","name":"Entrevista a nuestro desarrollador Iv\u00e1n Hern\u00e1ndez","isPartOf":{"@id":"https:\/\/www.cib.de\/#website"},"primaryImageOfPage":{"@id":"https:\/\/www.cib.de\/cib-interview-app-entwickler-ivan-hernandez\/#primaryimage"},"image":{"@id":"https:\/\/www.cib.de\/cib-interview-app-entwickler-ivan-hernandez\/#primaryimage"},"thumbnailUrl":"https:\/\/www.cib.de\/wp-content\/uploads\/2021\/07\/cib_people_interviews.jpg","datePublished":"2022-12-13T14:44:00+00:00","dateModified":"2023-04-19T13:34:15+00:00","description":"Hoy entrevistamos a Iv\u00e1n Hern\u00e1ndez, que cumple 5 a\u00f1os con nosotros como desarrollador de soluciones CIB.","breadcrumb":{"@id":"https:\/\/www.cib.de\/cib-interview-app-entwickler-ivan-hernandez\/#breadcrumb"},"inLanguage":"es","potentialAction":[{"@type":"ReadAction","target":["https:\/\/www.cib.de\/cib-interview-app-entwickler-ivan-hernandez\/"]}]},{"@type":"ImageObject","inLanguage":"es","@id":"https:\/\/www.cib.de\/cib-interview-app-entwickler-ivan-hernandez\/#primaryimage","url":"https:\/\/www.cib.de\/wp-content\/uploads\/2021\/07\/cib_people_interviews.jpg","contentUrl":"https:\/\/www.cib.de\/wp-content\/uploads\/2021\/07\/cib_people_interviews.jpg","width":1282,"height":482,"caption":"CIB interviews"},{"@type":"BreadcrumbList","@id":"https:\/\/www.cib.de\/cib-interview-app-entwickler-ivan-hernandez\/#breadcrumb","itemListElement":[{"@type":"ListItem","position":1,"name":"Home","item":"https:\/\/www.cib.de\/"},{"@type":"ListItem","position":2,"name":"CIB Jubilare im Interview: App-Entwickler Iv\u00e1n Hern\u00e1ndez"}]},{"@type":"WebSite","@id":"https:\/\/www.cib.de\/#website","url":"https:\/\/www.cib.de\/","name":"CIB Group","description":"Digitalisierung, Prozessautomatisierung, K\u00fcnstliche Intelligenz","publisher":{"@id":"https:\/\/www.cib.de\/#organization"},"potentialAction":[{"@type":"SearchAction","target":{"@type":"EntryPoint","urlTemplate":"https:\/\/www.cib.de\/?s={search_term_string}"},"query-input":{"@type":"PropertyValueSpecification","valueRequired":true,"valueName":"search_term_string"}}],"inLanguage":"es"},{"@type":"Organization","@id":"https:\/\/www.cib.de\/#organization","name":"CIB Group","url":"https:\/\/www.cib.de\/","logo":{"@type":"ImageObject","inLanguage":"es","@id":"https:\/\/www.cib.de\/#\/schema\/logo\/image\/","url":"https:\/\/www.cib.de\/wp-content\/uploads\/2023\/10\/CIB_Logo_.svg","contentUrl":"https:\/\/www.cib.de\/wp-content\/uploads\/2023\/10\/CIB_Logo_.svg","width":283,"height":128,"caption":"CIB Group"},"image":{"@id":"https:\/\/www.cib.de\/#\/schema\/logo\/image\/"},"sameAs":["https:\/\/www.linkedin.com\/company\/cib\/"]},{"@type":"Person","@id":"https:\/\/www.cib.de\/#\/schema\/person\/4c70f0634b93acb47baacdb671694155","name":"CIB Group","image":{"@type":"ImageObject","inLanguage":"es","@id":"https:\/\/www.cib.de\/wp-content\/uploads\/2023\/03\/logo_signature2.png","url":"https:\/\/www.cib.de\/wp-content\/uploads\/2023\/03\/logo_signature2.png","contentUrl":"https:\/\/www.cib.de\/wp-content\/uploads\/2023\/03\/logo_signature2.png","caption":"CIB Group"},"description":"Expertos en digitalizaci\u00f3n"}]}},"post_mailing_queue_ids":[],"_links":{"self":[{"href":"https:\/\/www.cib.de\/es\/wp-json\/wp\/v2\/posts\/62983","targetHints":{"allow":["GET"]}}],"collection":[{"href":"https:\/\/www.cib.de\/es\/wp-json\/wp\/v2\/posts"}],"about":[{"href":"https:\/\/www.cib.de\/es\/wp-json\/wp\/v2\/types\/post"}],"author":[{"embeddable":true,"href":"https:\/\/www.cib.de\/es\/wp-json\/wp\/v2\/users\/246"}],"replies":[{"embeddable":true,"href":"https:\/\/www.cib.de\/es\/wp-json\/wp\/v2\/comments?post=62983"}],"version-history":[{"count":67,"href":"https:\/\/www.cib.de\/es\/wp-json\/wp\/v2\/posts\/62983\/revisions"}],"predecessor-version":[{"id":73796,"href":"https:\/\/www.cib.de\/es\/wp-json\/wp\/v2\/posts\/62983\/revisions\/73796"}],"wp:featuredmedia":[{"embeddable":true,"href":"https:\/\/www.cib.de\/es\/wp-json\/wp\/v2\/media\/10821"}],"wp:attachment":[{"href":"https:\/\/www.cib.de\/es\/wp-json\/wp\/v2\/media?parent=62983"}],"wp:term":[{"taxonomy":"category","embeddable":true,"href":"https:\/\/www.cib.de\/es\/wp-json\/wp\/v2\/categories?post=62983"},{"taxonomy":"post_tag","embeddable":true,"href":"https:\/\/www.cib.de\/es\/wp-json\/wp\/v2\/tags?post=62983"}],"curies":[{"name":"wp","href":"https:\/\/api.w.org\/{rel}","templated":true}]}}