{"id":67834,"date":"2023-01-26T11:26:44","date_gmt":"2023-01-26T10:26:44","guid":{"rendered":"https:\/\/www.cib.de\/?p=67834"},"modified":"2025-04-09T12:08:44","modified_gmt":"2025-04-09T10:08:44","slug":"llega-jugend-forscht-iberia-2023","status":"publish","type":"post","link":"https:\/\/www.cib.de\/es\/cib-sponsoring-jugend-forscht-iberia-2023-angekommen\/","title":{"rendered":"CIB Sponsoring: Concurso Jugend forscht Iberia 2023"},"content":{"rendered":"<div data-elementor-type=\"wp-post\" data-elementor-id=\"67834\" class=\"elementor elementor-67834\" data-elementor-post-type=\"post\">\n\t\t\t\t\t\t<section class=\"elementor-section elementor-top-section elementor-element elementor-element-7c3e58a elementor-section-boxed elementor-section-height-default elementor-section-height-default\" data-id=\"7c3e58a\" data-element_type=\"section\" data-e-type=\"section\">\n\t\t\t\t\t\t<div class=\"elementor-container elementor-column-gap-default\">\n\t\t\t\t\t<div class=\"elementor-column elementor-col-100 elementor-top-column elementor-element elementor-element-f775183\" data-id=\"f775183\" data-element_type=\"column\" data-e-type=\"column\">\n\t\t\t<div class=\"elementor-widget-wrap elementor-element-populated\">\n\t\t\t\t\t\t<div class=\"elementor-element elementor-element-ae60199 elementor-widget elementor-widget-text-editor\" data-id=\"ae60199\" data-element_type=\"widget\" data-e-type=\"widget\" data-widget_type=\"text-editor.default\">\n\t\t\t\t<div class=\"elementor-widget-container\">\n\t\t\t\t\t\t\t\t\t<p class=\"translation-block\"><b>Lisboa, 15.02. \u2013 17.02.2023<\/b>  Como jurado y patrocinador de<a href=\"https:\/\/www.jugend-forscht.de\/\" target=\"_blank\" rel=\"noopener\">Jugend forscht Iberia<\/a>, CIB participar\u00e1 de nuevo en el concurso que este a\u00f1o tiene lugar en el Colegio Alem\u00e1n de Lisboa. Durante dos d\u00edas, unos 50 alumnos entre 12 y 17 a\u00f1os de edad de diez Colegios Alemanes (Lisboa, Oporto, Madrid, San Sebasti\u00e1n, Barcelona, Valencia, M\u00e1laga, Las Palmas, Sevilla y Bilbao) presentar\u00e1n sus proyectos de investigaci\u00f3n en los campos de trabajo de M.I.N.T., biolog\u00eda, qu\u00edmica, ciencias de la tierra y del espacio, matem\u00e1ticas, inform\u00e1tica, f\u00edsica y tecnolog\u00eda.<\/p>\t\t\t\t\t\t\t\t<\/div>\n\t\t\t\t<\/div>\n\t\t\t\t\t<\/div>\n\t\t<\/div>\n\t\t\t\t\t<\/div>\n\t\t<\/section>\n\t\t\t\t<section class=\"elementor-section elementor-top-section elementor-element elementor-element-511aad9 elementor-section-boxed elementor-section-height-default elementor-section-height-default\" data-id=\"511aad9\" data-element_type=\"section\" data-e-type=\"section\">\n\t\t\t\t\t\t<div class=\"elementor-container elementor-column-gap-default\">\n\t\t\t\t\t<div class=\"elementor-column elementor-col-100 elementor-top-column elementor-element elementor-element-0a8a33e\" data-id=\"0a8a33e\" data-element_type=\"column\" data-e-type=\"column\">\n\t\t\t<div class=\"elementor-widget-wrap elementor-element-populated\">\n\t\t\t\t\t\t<div class=\"elementor-element elementor-element-871bfe9 elementor-widget elementor-widget-text-editor\" data-id=\"871bfe9\" data-element_type=\"widget\" data-e-type=\"widget\" data-widget_type=\"text-editor.default\">\n\t\t\t\t<div class=\"elementor-widget-container\">\n\t\t\t\t\t\t\t\t\t<p class=\"translation-block\">CIB estar\u00e1 representado por nuestro experto en digitalizaci\u00f3n Konrad Schmid, que forma parte de nuestra empresa desde hace muchos a\u00f1os. Como miembro del jurado de matem\u00e1ticas, \u00e9l y otros miembros del jurado evaluar\u00e1n los proyectos presentados por los alumnos y eligir\u00e1n a los ganadores. Tambi\u00e9n Ulrich Brandner, propietario de CIB Group y Director General de nuestra empresa en Portugal, la CIB compass Unipessoal Lda, estar\u00e1 all\u00ed en persona para dirigirse a los j\u00f3venes investigadores con ocasi\u00f3n de la ceremonia de entrega de premios. Este a\u00f1o, el joven talento Carlos Steiner, nuestro ganador del concurso nacional de F\u00edsica 2022 y alumno del Colegio Alem\u00e1n Sevilla, tambi\u00e9n formar\u00e1 parte del jurado.<\/p>\t\t\t\t\t\t\t\t<\/div>\n\t\t\t\t<\/div>\n\t\t\t\t\t<\/div>\n\t\t<\/div>\n\t\t\t\t\t<\/div>\n\t\t<\/section>\n\t\t\t\t<section class=\"elementor-section elementor-top-section elementor-element elementor-element-3285194 elementor-section-boxed elementor-section-height-default elementor-section-height-default\" data-id=\"3285194\" data-element_type=\"section\" data-e-type=\"section\">\n\t\t\t\t\t\t<div class=\"elementor-container elementor-column-gap-default\">\n\t\t\t\t\t<div class=\"elementor-column elementor-col-100 elementor-top-column elementor-element elementor-element-ba5d701\" data-id=\"ba5d701\" data-element_type=\"column\" data-e-type=\"column\">\n\t\t\t<div class=\"elementor-widget-wrap elementor-element-populated\">\n\t\t\t\t\t\t<div class=\"elementor-element elementor-element-6f510ad elementor-widget elementor-widget-heading\" data-id=\"6f510ad\" data-element_type=\"widget\" data-e-type=\"widget\" data-widget_type=\"heading.default\">\n\t\t\t\t<div class=\"elementor-widget-container\">\n\t\t\t\t\t<h2 class=\"elementor-heading-title elementor-size-default\">Patrocinador y partner de seis colegios alemanes en Espa\u00f1a y Portugal<\/h2>\t\t\t\t<\/div>\n\t\t\t\t<\/div>\n\t\t\t\t\t<\/div>\n\t\t<\/div>\n\t\t\t\t\t<\/div>\n\t\t<\/section>\n\t\t\t\t<section class=\"elementor-section elementor-top-section elementor-element elementor-element-e4a3d6e elementor-section-boxed elementor-section-height-default elementor-section-height-default\" data-id=\"e4a3d6e\" data-element_type=\"section\" data-e-type=\"section\">\n\t\t\t\t\t\t<div class=\"elementor-container elementor-column-gap-default\">\n\t\t\t\t\t<div class=\"elementor-column elementor-col-100 elementor-top-column elementor-element elementor-element-54d69e9\" data-id=\"54d69e9\" data-element_type=\"column\" data-e-type=\"column\">\n\t\t\t<div class=\"elementor-widget-wrap elementor-element-populated\">\n\t\t\t\t\t\t<div class=\"elementor-element elementor-element-62810bb elementor-widget elementor-widget-text-editor\" data-id=\"62810bb\" data-element_type=\"widget\" data-e-type=\"widget\" data-widget_type=\"text-editor.default\">\n\t\t\t\t<div class=\"elementor-widget-container\">\n\t\t\t\t\t\t\t\t\t<p class=\"translation-block\">En el marco de nuestro programa de promoci\u00f3n de talentos CIB Impulsa, CIB es esp\u00f3nsor de seis Colegios Alemanes en Espa\u00f1a y Portugal y apoya decididamente la promoci\u00f3n de j\u00f3venes talentos.<\/p><p>Deseamos mucho \u00e9xito a todos los j\u00f3venes participantes y esperamos impacientes la celebraci\u00f3n del concurso!<\/p><p>Let&#8217;s CIB<\/p>\t\t\t\t\t\t\t\t<\/div>\n\t\t\t\t<\/div>\n\t\t\t\t\t<\/div>\n\t\t<\/div>\n\t\t\t\t\t<\/div>\n\t\t<\/section>\n\t\t\t\t<\/div>","protected":false},"excerpt":{"rendered":"<p>Lissabon, 16.02. \u2013 17.02.2023&nbsp;&nbsp;Mach Ideen gro\u00df! Als\u202fJugend forscht Iberia\u202fJuror und Alleinsponsor ist CIB auch 2023 beim allj\u00e4hrlichen regionalen Wettbewerb f\u00fcr junge Wissenschaftler auf der Iberischen Halbinsel dabei. Der Wettbewerb wird in diesem Jahr von der Deutschen Schule Lissabon&nbsp;ausgerichtet und findet vor Ort in der portugiesischen Hauptstadt statt. An zwei Tagen werden ca. 50 Sch\u00fcler der &#8230; <a title=\"CIB Sponsoring: Concurso Jugend forscht Iberia 2023\" class=\"read-more\" href=\"https:\/\/www.cib.de\/es\/cib-sponsoring-jugend-forscht-iberia-2023-angekommen\/\" aria-label=\"Leer m\u00e1s sobre CIB Sponsoring: Jugend forscht Iberia 2023\">Leer m\u00e1s<\/a><\/p>","protected":false},"author":246,"featured_media":68001,"comment_status":"closed","ping_status":"closed","sticky":false,"template":"","format":"standard","meta":{"_acf_changed":false,"footnotes":""},"categories":[220],"tags":[1100,1671,1673,2284],"class_list":["post-67834","post","type-post","status-publish","format-standard","has-post-thumbnail","hentry","category-cat-proactive","tag-deutsche-auslandsschulen","tag-cib-impulsa","tag-jugend-forscht","tag-pt"],"acf":[],"yoast_head":"<!-- This site is optimized with the Yoast SEO plugin v27.5 - https:\/\/yoast.com\/product\/yoast-seo-wordpress\/ -->\n<title>CIB Sponsoring: Jugend forscht Iberia 2023 - CIB Group<\/title>\n<meta name=\"description\" content=\"Als\u202fJugend forscht Iberia\u202fJuror und Sponsor nimmt CIB auch 2023 in Lissabon am allj\u00e4hrlichen Wettbewerb teil.\" \/>\n<meta name=\"robots\" content=\"index, follow, max-snippet:-1, max-image-preview:large, max-video-preview:-1\" \/>\n<link rel=\"canonical\" href=\"https:\/\/www.cib.de\/es\/llega-jugend-forscht-iberia-2023\/\" \/>\n<meta property=\"og:locale\" content=\"es_ES\" \/>\n<meta property=\"og:type\" content=\"article\" \/>\n<meta property=\"og:title\" content=\"CIB Sponsoring: Jugend forscht Iberia 2023 - CIB Group\" \/>\n<meta property=\"og:description\" content=\"Als\u202fJugend forscht Iberia\u202fJuror und Sponsor nimmt CIB auch 2023 in Lissabon am allj\u00e4hrlichen Wettbewerb teil.\" \/>\n<meta property=\"og:url\" content=\"https:\/\/www.cib.de\/es\/llega-jugend-forscht-iberia-2023\/\" \/>\n<meta property=\"og:site_name\" content=\"CIB Group\" \/>\n<meta property=\"article:publisher\" content=\"https:\/\/www.linkedin.com\/company\/cib\/\" \/>\n<meta property=\"article:published_time\" content=\"2023-01-26T10:26:44+00:00\" \/>\n<meta property=\"article:modified_time\" content=\"2025-04-09T10:08:44+00:00\" \/>\n<meta property=\"og:image\" content=\"https:\/\/www.cib.de\/wp-content\/uploads\/2023\/01\/Jugend_forscht_-2023_cib_blog-scaled.jpg\" \/>\n\t<meta property=\"og:image:width\" content=\"2560\" \/>\n\t<meta property=\"og:image:height\" content=\"855\" \/>\n\t<meta property=\"og:image:type\" content=\"image\/jpeg\" \/>\n<meta name=\"author\" content=\"CIB Group\" \/>\n<meta name=\"twitter:card\" content=\"summary_large_image\" \/>\n<meta name=\"twitter:label1\" content=\"Escrito por\" \/>\n\t<meta name=\"twitter:data1\" content=\"CIB Group\" \/>\n\t<meta name=\"twitter:label2\" content=\"Tiempo de lectura\" \/>\n\t<meta name=\"twitter:data2\" content=\"2 minutos\" \/>\n<script type=\"application\/ld+json\" class=\"yoast-schema-graph\">{\"@context\":\"https:\\\/\\\/schema.org\",\"@graph\":[{\"@type\":\"Article\",\"@id\":\"https:\\\/\\\/www.cib.de\\\/cib-sponsoring-jugend-forscht-iberia-2023-angekommen\\\/#article\",\"isPartOf\":{\"@id\":\"https:\\\/\\\/www.cib.de\\\/cib-sponsoring-jugend-forscht-iberia-2023-angekommen\\\/\"},\"author\":{\"name\":\"CIB Group\",\"@id\":\"https:\\\/\\\/www.cib.de\\\/#\\\/schema\\\/person\\\/4c70f0634b93acb47baacdb671694155\"},\"headline\":\"CIB Sponsoring: Jugend forscht Iberia 2023\",\"datePublished\":\"2023-01-26T10:26:44+00:00\",\"dateModified\":\"2025-04-09T10:08:44+00:00\",\"mainEntityOfPage\":{\"@id\":\"https:\\\/\\\/www.cib.de\\\/cib-sponsoring-jugend-forscht-iberia-2023-angekommen\\\/\"},\"wordCount\":268,\"publisher\":{\"@id\":\"https:\\\/\\\/www.cib.de\\\/#organization\"},\"image\":{\"@id\":\"https:\\\/\\\/www.cib.de\\\/cib-sponsoring-jugend-forscht-iberia-2023-angekommen\\\/#primaryimage\"},\"thumbnailUrl\":\"https:\\\/\\\/www.cib.de\\\/wp-content\\\/uploads\\\/2023\\\/01\\\/Jugend_forscht_-2023_cib_blog-scaled-e1768313540708.jpg\",\"keywords\":[\"Deutsche Auslandsschulen\",\"CIB Impulsa\",\"Jugend forscht\",\"PT\"],\"articleSection\":[\"CIB proActive\"],\"inLanguage\":\"es\"},{\"@type\":\"WebPage\",\"@id\":\"https:\\\/\\\/www.cib.de\\\/cib-sponsoring-jugend-forscht-iberia-2023-angekommen\\\/\",\"url\":\"https:\\\/\\\/www.cib.de\\\/cib-sponsoring-jugend-forscht-iberia-2023-angekommen\\\/\",\"name\":\"CIB Sponsoring: Jugend forscht Iberia 2023 - CIB Group\",\"isPartOf\":{\"@id\":\"https:\\\/\\\/www.cib.de\\\/#website\"},\"primaryImageOfPage\":{\"@id\":\"https:\\\/\\\/www.cib.de\\\/cib-sponsoring-jugend-forscht-iberia-2023-angekommen\\\/#primaryimage\"},\"image\":{\"@id\":\"https:\\\/\\\/www.cib.de\\\/cib-sponsoring-jugend-forscht-iberia-2023-angekommen\\\/#primaryimage\"},\"thumbnailUrl\":\"https:\\\/\\\/www.cib.de\\\/wp-content\\\/uploads\\\/2023\\\/01\\\/Jugend_forscht_-2023_cib_blog-scaled-e1768313540708.jpg\",\"datePublished\":\"2023-01-26T10:26:44+00:00\",\"dateModified\":\"2025-04-09T10:08:44+00:00\",\"description\":\"Als\u202fJugend forscht Iberia\u202fJuror und Sponsor nimmt CIB auch 2023 in Lissabon am allj\u00e4hrlichen Wettbewerb teil.\",\"breadcrumb\":{\"@id\":\"https:\\\/\\\/www.cib.de\\\/cib-sponsoring-jugend-forscht-iberia-2023-angekommen\\\/#breadcrumb\"},\"inLanguage\":\"es\",\"potentialAction\":[{\"@type\":\"ReadAction\",\"target\":[\"https:\\\/\\\/www.cib.de\\\/cib-sponsoring-jugend-forscht-iberia-2023-angekommen\\\/\"]}]},{\"@type\":\"ImageObject\",\"inLanguage\":\"es\",\"@id\":\"https:\\\/\\\/www.cib.de\\\/cib-sponsoring-jugend-forscht-iberia-2023-angekommen\\\/#primaryimage\",\"url\":\"https:\\\/\\\/www.cib.de\\\/wp-content\\\/uploads\\\/2023\\\/01\\\/Jugend_forscht_-2023_cib_blog-scaled-e1768313540708.jpg\",\"contentUrl\":\"https:\\\/\\\/www.cib.de\\\/wp-content\\\/uploads\\\/2023\\\/01\\\/Jugend_forscht_-2023_cib_blog-scaled-e1768313540708.jpg\",\"width\":2395,\"height\":800},{\"@type\":\"BreadcrumbList\",\"@id\":\"https:\\\/\\\/www.cib.de\\\/cib-sponsoring-jugend-forscht-iberia-2023-angekommen\\\/#breadcrumb\",\"itemListElement\":[{\"@type\":\"ListItem\",\"position\":1,\"name\":\"Home\",\"item\":\"https:\\\/\\\/www.cib.de\\\/\"},{\"@type\":\"ListItem\",\"position\":2,\"name\":\"CIB Sponsoring: Jugend forscht Iberia 2023\"}]},{\"@type\":\"WebSite\",\"@id\":\"https:\\\/\\\/www.cib.de\\\/#website\",\"url\":\"https:\\\/\\\/www.cib.de\\\/\",\"name\":\"CIB Group\",\"description\":\"Digitalisierung, Prozessautomatisierung, K\u00fcnstliche Intelligenz\",\"publisher\":{\"@id\":\"https:\\\/\\\/www.cib.de\\\/#organization\"},\"potentialAction\":[{\"@type\":\"SearchAction\",\"target\":{\"@type\":\"EntryPoint\",\"urlTemplate\":\"https:\\\/\\\/www.cib.de\\\/?s={search_term_string}\"},\"query-input\":{\"@type\":\"PropertyValueSpecification\",\"valueRequired\":true,\"valueName\":\"search_term_string\"}}],\"inLanguage\":\"es\"},{\"@type\":\"Organization\",\"@id\":\"https:\\\/\\\/www.cib.de\\\/#organization\",\"name\":\"CIB Group\",\"url\":\"https:\\\/\\\/www.cib.de\\\/\",\"logo\":{\"@type\":\"ImageObject\",\"inLanguage\":\"es\",\"@id\":\"https:\\\/\\\/www.cib.de\\\/#\\\/schema\\\/logo\\\/image\\\/\",\"url\":\"https:\\\/\\\/www.cib.de\\\/wp-content\\\/uploads\\\/2023\\\/10\\\/CIB_Logo_.svg\",\"contentUrl\":\"https:\\\/\\\/www.cib.de\\\/wp-content\\\/uploads\\\/2023\\\/10\\\/CIB_Logo_.svg\",\"width\":283,\"height\":128,\"caption\":\"CIB Group\"},\"image\":{\"@id\":\"https:\\\/\\\/www.cib.de\\\/#\\\/schema\\\/logo\\\/image\\\/\"},\"sameAs\":[\"https:\\\/\\\/www.linkedin.com\\\/company\\\/cib\\\/\"]},{\"@type\":\"Person\",\"@id\":\"https:\\\/\\\/www.cib.de\\\/#\\\/schema\\\/person\\\/4c70f0634b93acb47baacdb671694155\",\"name\":\"CIB Group\",\"image\":{\"@type\":\"ImageObject\",\"inLanguage\":\"es\",\"@id\":\"https:\\\/\\\/www.cib.de\\\/wp-content\\\/uploads\\\/2023\\\/03\\\/logo_signature2.png\",\"url\":\"https:\\\/\\\/www.cib.de\\\/wp-content\\\/uploads\\\/2023\\\/03\\\/logo_signature2.png\",\"contentUrl\":\"https:\\\/\\\/www.cib.de\\\/wp-content\\\/uploads\\\/2023\\\/03\\\/logo_signature2.png\",\"caption\":\"CIB Group\"},\"description\":\"Die Digitalisierungsexperten\"}]}<\/script>\n<!-- \/ Yoast SEO plugin. -->","yoast_head_json":{"title":"CIB Sponsoring: Concurso Jugend forscht Iberia 2023 - CIB Group","description":"CIB es jurado y patrocinador de Jugend forscht Iberia 2023, Concurso de j\u00f3venes talentos que este a\u00f1o tiene lugar en Lisboa.","robots":{"index":"index","follow":"follow","max-snippet":"max-snippet:-1","max-image-preview":"max-image-preview:large","max-video-preview":"max-video-preview:-1"},"canonical":"https:\/\/www.cib.de\/es\/llega-jugend-forscht-iberia-2023\/","og_locale":"es_ES","og_type":"article","og_title":"CIB Sponsoring: Jugend forscht Iberia 2023 - CIB Group","og_description":"Als\u202fJugend forscht Iberia\u202fJuror und Sponsor nimmt CIB auch 2023 in Lissabon am allj\u00e4hrlichen Wettbewerb teil.","og_url":"https:\/\/www.cib.de\/es\/llega-jugend-forscht-iberia-2023\/","og_site_name":"CIB Group","article_publisher":"https:\/\/www.linkedin.com\/company\/cib\/","article_published_time":"2023-01-26T10:26:44+00:00","article_modified_time":"2025-04-09T10:08:44+00:00","og_image":[{"width":2560,"height":855,"url":"https:\/\/www.cib.de\/wp-content\/uploads\/2023\/01\/Jugend_forscht_-2023_cib_blog-scaled.jpg","type":"image\/jpeg"}],"author":"CIB Group","twitter_card":"summary_large_image","twitter_misc":{"Escrito por":"CIB Group","Tiempo de lectura":"2 minutos"},"schema":{"@context":"https:\/\/schema.org","@graph":[{"@type":"Article","@id":"https:\/\/www.cib.de\/cib-sponsoring-jugend-forscht-iberia-2023-angekommen\/#article","isPartOf":{"@id":"https:\/\/www.cib.de\/cib-sponsoring-jugend-forscht-iberia-2023-angekommen\/"},"author":{"name":"CIB Group","@id":"https:\/\/www.cib.de\/#\/schema\/person\/4c70f0634b93acb47baacdb671694155"},"headline":"CIB Sponsoring: Jugend forscht Iberia 2023","datePublished":"2023-01-26T10:26:44+00:00","dateModified":"2025-04-09T10:08:44+00:00","mainEntityOfPage":{"@id":"https:\/\/www.cib.de\/cib-sponsoring-jugend-forscht-iberia-2023-angekommen\/"},"wordCount":268,"publisher":{"@id":"https:\/\/www.cib.de\/#organization"},"image":{"@id":"https:\/\/www.cib.de\/cib-sponsoring-jugend-forscht-iberia-2023-angekommen\/#primaryimage"},"thumbnailUrl":"https:\/\/www.cib.de\/wp-content\/uploads\/2023\/01\/Jugend_forscht_-2023_cib_blog-scaled-e1768313540708.jpg","keywords":["Deutsche Auslandsschulen","CIB Impulsa","Jugend forscht","PT"],"articleSection":["CIB proActive"],"inLanguage":"es"},{"@type":"WebPage","@id":"https:\/\/www.cib.de\/cib-sponsoring-jugend-forscht-iberia-2023-angekommen\/","url":"https:\/\/www.cib.de\/cib-sponsoring-jugend-forscht-iberia-2023-angekommen\/","name":"CIB Sponsoring: Concurso Jugend forscht Iberia 2023 - CIB Group","isPartOf":{"@id":"https:\/\/www.cib.de\/#website"},"primaryImageOfPage":{"@id":"https:\/\/www.cib.de\/cib-sponsoring-jugend-forscht-iberia-2023-angekommen\/#primaryimage"},"image":{"@id":"https:\/\/www.cib.de\/cib-sponsoring-jugend-forscht-iberia-2023-angekommen\/#primaryimage"},"thumbnailUrl":"https:\/\/www.cib.de\/wp-content\/uploads\/2023\/01\/Jugend_forscht_-2023_cib_blog-scaled-e1768313540708.jpg","datePublished":"2023-01-26T10:26:44+00:00","dateModified":"2025-04-09T10:08:44+00:00","description":"CIB es jurado y patrocinador de Jugend forscht Iberia 2023, Concurso de j\u00f3venes talentos que este a\u00f1o tiene lugar en Lisboa.","breadcrumb":{"@id":"https:\/\/www.cib.de\/cib-sponsoring-jugend-forscht-iberia-2023-angekommen\/#breadcrumb"},"inLanguage":"es","potentialAction":[{"@type":"ReadAction","target":["https:\/\/www.cib.de\/cib-sponsoring-jugend-forscht-iberia-2023-angekommen\/"]}]},{"@type":"ImageObject","inLanguage":"es","@id":"https:\/\/www.cib.de\/cib-sponsoring-jugend-forscht-iberia-2023-angekommen\/#primaryimage","url":"https:\/\/www.cib.de\/wp-content\/uploads\/2023\/01\/Jugend_forscht_-2023_cib_blog-scaled-e1768313540708.jpg","contentUrl":"https:\/\/www.cib.de\/wp-content\/uploads\/2023\/01\/Jugend_forscht_-2023_cib_blog-scaled-e1768313540708.jpg","width":2395,"height":800},{"@type":"BreadcrumbList","@id":"https:\/\/www.cib.de\/cib-sponsoring-jugend-forscht-iberia-2023-angekommen\/#breadcrumb","itemListElement":[{"@type":"ListItem","position":1,"name":"Home","item":"https:\/\/www.cib.de\/"},{"@type":"ListItem","position":2,"name":"CIB Sponsoring: Jugend forscht Iberia 2023"}]},{"@type":"WebSite","@id":"https:\/\/www.cib.de\/#website","url":"https:\/\/www.cib.de\/","name":"CIB Group","description":"Digitalisierung, Prozessautomatisierung, K\u00fcnstliche Intelligenz","publisher":{"@id":"https:\/\/www.cib.de\/#organization"},"potentialAction":[{"@type":"SearchAction","target":{"@type":"EntryPoint","urlTemplate":"https:\/\/www.cib.de\/?s={search_term_string}"},"query-input":{"@type":"PropertyValueSpecification","valueRequired":true,"valueName":"search_term_string"}}],"inLanguage":"es"},{"@type":"Organization","@id":"https:\/\/www.cib.de\/#organization","name":"CIB Group","url":"https:\/\/www.cib.de\/","logo":{"@type":"ImageObject","inLanguage":"es","@id":"https:\/\/www.cib.de\/#\/schema\/logo\/image\/","url":"https:\/\/www.cib.de\/wp-content\/uploads\/2023\/10\/CIB_Logo_.svg","contentUrl":"https:\/\/www.cib.de\/wp-content\/uploads\/2023\/10\/CIB_Logo_.svg","width":283,"height":128,"caption":"CIB Group"},"image":{"@id":"https:\/\/www.cib.de\/#\/schema\/logo\/image\/"},"sameAs":["https:\/\/www.linkedin.com\/company\/cib\/"]},{"@type":"Person","@id":"https:\/\/www.cib.de\/#\/schema\/person\/4c70f0634b93acb47baacdb671694155","name":"CIB Group","image":{"@type":"ImageObject","inLanguage":"es","@id":"https:\/\/www.cib.de\/wp-content\/uploads\/2023\/03\/logo_signature2.png","url":"https:\/\/www.cib.de\/wp-content\/uploads\/2023\/03\/logo_signature2.png","contentUrl":"https:\/\/www.cib.de\/wp-content\/uploads\/2023\/03\/logo_signature2.png","caption":"CIB Group"},"description":"Expertos en digitalizaci\u00f3n"}]}},"post_mailing_queue_ids":[],"_links":{"self":[{"href":"https:\/\/www.cib.de\/es\/wp-json\/wp\/v2\/posts\/67834","targetHints":{"allow":["GET"]}}],"collection":[{"href":"https:\/\/www.cib.de\/es\/wp-json\/wp\/v2\/posts"}],"about":[{"href":"https:\/\/www.cib.de\/es\/wp-json\/wp\/v2\/types\/post"}],"author":[{"embeddable":true,"href":"https:\/\/www.cib.de\/es\/wp-json\/wp\/v2\/users\/246"}],"replies":[{"embeddable":true,"href":"https:\/\/www.cib.de\/es\/wp-json\/wp\/v2\/comments?post=67834"}],"version-history":[{"count":97,"href":"https:\/\/www.cib.de\/es\/wp-json\/wp\/v2\/posts\/67834\/revisions"}],"predecessor-version":[{"id":85039,"href":"https:\/\/www.cib.de\/es\/wp-json\/wp\/v2\/posts\/67834\/revisions\/85039"}],"wp:featuredmedia":[{"embeddable":true,"href":"https:\/\/www.cib.de\/es\/wp-json\/wp\/v2\/media\/68001"}],"wp:attachment":[{"href":"https:\/\/www.cib.de\/es\/wp-json\/wp\/v2\/media?parent=67834"}],"wp:term":[{"taxonomy":"category","embeddable":true,"href":"https:\/\/www.cib.de\/es\/wp-json\/wp\/v2\/categories?post=67834"},{"taxonomy":"post_tag","embeddable":true,"href":"https:\/\/www.cib.de\/es\/wp-json\/wp\/v2\/tags?post=67834"}],"curies":[{"name":"wp","href":"https:\/\/api.w.org\/{rel}","templated":true}]}}