{"id":6990,"date":"2020-07-22T11:31:29","date_gmt":"2020-07-22T09:31:29","guid":{"rendered":"http:\/\/blog.cib.de\/?p=6990"},"modified":"2023-04-20T08:42:26","modified_gmt":"2023-04-20T06:42:26","slug":"de-cero-a-empresa-tic-mas-exitosa-de-las-islas-canarias","status":"publish","type":"post","link":"https:\/\/www.cib.de\/es\/von-null-zum-erfolgreichsten-it-unternehmen-der-kanaren\/","title":{"rendered":"De cero a empresa TIC m\u00e1s exitosa de las Islas Canarias"},"content":{"rendered":"<p>\u00abEs incre\u00edble el nivel de crecimiento que hemos logrado \u2013 para m\u00ed todo comenz\u00f3 con una entrevista de trabajo espont\u00e1nea en la universidad. La entrevista dur\u00f3 cuatro horas y terminamos comiendo churros juntos en una cafeteria\u00bb, cuenta Patricia Santana Cruz, la actual responsable de soporte de CIB labs S.L., recordando los inicios de la empresa de software. Gabriel Herrera, que trabaja para CIB labs S.L. tambi\u00e9n desde hace cinco a\u00f1os, firm\u00f3 su contrato en el vest\u00edbulo de un hotel, ya que la empresa a\u00fan no ten\u00eda oficina. A\u00f1ade: \u00abDebido a temas personales llegu\u00e9 muy nervioso a la entrevista , tanto que parec\u00eda no recordar c\u00f3mo hablar en alem\u00e1n, pero Uli fue tan amable que terminamos comentando porqu\u00e9 hab\u00eda llegado nervioso\u00bb.<\/p>\n\n\n\n<p>Uli \u2013 Ulrich Brandner, director general y propietario del CIB Group, se las arregl\u00f3 para que todos se sintieran como en casa desde el principio: \u00abEmprender en un nuevo pa\u00eds siempre es una aventura, pero ya hab\u00edamos adquirido cierta experiencia con nuestra expansi\u00f3n. Hab\u00eda muchos aspectos de Gran Canaria que resultaban prometedores: La cercan\u00eda al Colegio Oficial Alem\u00e1n de Las Palmas y las posibilidades, como primer paso, de reforzar al equipo de Soporte alem\u00e1n. Despu\u00e9s ya todo depend\u00eda del equipo\u00bb. Otro argumento a favor de fundar una empresa en las Islas Canarias era la posibilidad de constituirse como empresa ZEC. Y as\u00ed, en marzo de 2015, se fund\u00f3 CIB labs S.L. en Las Palmas de Gran Canaria con un capital inicial de 100.000 euros.<\/p>\n\n\n\n<h2 class=\"wp-block-heading\">Comienzos en el co-working Space<\/h2>\n\n\n\n<p>Patricia y Gabriel fueron los primeros empleados en mudarse a un coworking. Poco despu\u00e9s, se fueron incorporando m\u00e1s puestos en soporte y desarrollo, marketing y administraci\u00f3n. Ulrich Brandner explica su estrategia: \u00abLas ventas son el \u00faltimo paso. As\u00ed nos aseguramos de tener los conocimientos necesarios in situ para ofrecer una atenci\u00f3n de calidad a nuestros clientes en Espa\u00f1a\u00bb. S\u00f3lo 3 meses despu\u00e9s, se alquil\u00f3 una oficina m\u00e1s grande. La responsable de soporte Santana sonr\u00ede y comenta: \u00abLos despachos daban a la calle comercial de Triana. Siempre hay ambiente en la zona, desde m\u00fasicos callejeros hasta coros de Navidad. Enseguida nos aprendimos el repertorio al dedillo. Lo \u00fanico que faltaba era que nuestros clientes cantaran con nosotros al tel\u00e9fono\u00bb.<\/p>\n\n\n\n<p>Despu\u00e9s de una intensa b\u00fasqueda, CIB labs SL finalmente adquiere un edificio protegido en la calle Perojo 29 y meses m\u00e1s tarde, en julio de 2017, se muda a su \u201cnuevo hogar\u201d en el centro hist\u00f3rico de la ciudad. CIB organiza una visita a este edificio hist\u00f3rico con los antiguos residentes, quienes, tras m\u00e1s de veinte a\u00f1os de ausencia, no salen de su asombro: este se\u00f1orial edificio luce renovado y moderno, con detalles hist\u00f3ricos que han sido restaurados y combinados con materiales actuales de alta calidad. Ulrich Brandner explica: \u00abEstamos consiguiendo unas condiciones id\u00f3neas para que nuestro joven y din\u00e1mico equipo trabaje de forma creativa en la innovaci\u00f3n de productos y ofrezca una atenci\u00f3n competente al cliente\u00bb.<\/p>\n\n\n\n<h2 class=\"wp-block-heading\">Innovaci\u00f3n en la nueva sede en Perojo 29<\/h2>\n\n\n\n<figure class=\"wp-block-gallery has-nested-images columns-default is-cropped wp-block-gallery-1 is-layout-flex wp-block-gallery-is-layout-flex\">\n<figure class=\"wp-block-image size-large\"><a href=\"https:\/\/www.cib.de\/wp-content\/uploads\/2020\/11\/DSC_4912.jpg\"><img decoding=\"async\" data-id=\"80873\" src=\"https:\/\/www.cib.de\/wp-content\/uploads\/2020\/11\/DSC_4912.jpg\" alt=\"\" class=\"wp-image-80873\"\/><\/a><\/figure>\n\n\n\n<figure class=\"wp-block-image size-large\"><a href=\"https:\/\/www.cib.de\/wp-content\/uploads\/2020\/11\/cib-equipo-balcones.jpg\"><img decoding=\"async\" data-id=\"80871\" src=\"https:\/\/www.cib.de\/wp-content\/uploads\/2020\/11\/cib-equipo-balcones.jpg\" alt=\"\" class=\"wp-image-80871\"\/><\/a><\/figure>\n\n\n\n<figure class=\"wp-block-image size-large\"><a href=\"https:\/\/www.cib.de\/wp-content\/uploads\/2020\/11\/ULI_BRANDNER_EINWEIHUNG_PEROJO29-scaled.jpg\"><img fetchpriority=\"high\" decoding=\"async\" width=\"998\" height=\"1024\" data-id=\"80870\" src=\"https:\/\/www.cib.de\/wp-content\/uploads\/2020\/11\/ULI_BRANDNER_EINWEIHUNG_PEROJO29-998x1024.jpg\" alt=\"\" class=\"wp-image-80870\"\/><\/a><\/figure>\n\n\n\n<figure class=\"wp-block-image size-large\"><a href=\"https:\/\/www.cib.de\/wp-content\/uploads\/2020\/11\/Treppe_Team-scaled.jpg\"><img decoding=\"async\" width=\"1024\" height=\"715\" data-id=\"80869\" src=\"https:\/\/www.cib.de\/wp-content\/uploads\/2020\/11\/Treppe_Team-1024x715.jpg\" alt=\"\" class=\"wp-image-80869\"\/><\/a><\/figure>\n\n\n\n<figure class=\"wp-block-image size-large\"><a href=\"https:\/\/www.cib.de\/wp-content\/uploads\/2020\/11\/oekologisch-1.jpg\"><img decoding=\"async\" data-id=\"80868\" src=\"https:\/\/www.cib.de\/wp-content\/uploads\/2020\/11\/oekologisch-1.jpg\" alt=\"\" class=\"wp-image-80868\"\/><\/a><\/figure>\n<\/figure>\n\n\n\n<p><\/p>\n\n\n\n<p><p><\/p><\/p>\n\n\n\n<p><\/p>\n\n\n\n<h2 class=\"wp-block-heading\">A pesar del Coronavirus, seguimos crecimiento<\/h2>\n\n\n\n<p><\/p>\n\n\n\n<p>En 2020, tan s\u00f3lo cinco a\u00f1os despu\u00e9s de su fundaci\u00f3n, CIB labs S.L., con 32 empleados a tiempo completo y contrato indefinido, ocupa el primer lugar entre las empresas TIC de Canarias por facturaci\u00f3n y n\u00famero de empleados. CIB no s\u00f3lo ha creado numerosos trabajos en el archipi\u00e9lago, sino que tambi\u00e9n se ha convertido en un hogar para muchos. Para Patricia Santana, por ejemplo, CIB es su familia. \u00abMe siento mami de CIB labs S.L\u00bb, dice riendo. Ulrich Brandner, director gerente del CIB Group, sigue haciendo gran hincapi\u00e9, a trav\u00e9s de pr\u00e1cticas, en la promoci\u00f3n de los j\u00f3venes<\/p>\n\n\n\n<p><p><\/p><\/p>\n\n\n\n<p><a href=\"https:\/\/www.laprovincia.es\/economia\/2020\/01\/26\/40-jovenes-empresas-pujantes-archipielago-8332091.html\" target=\"_blank\" rel=\"noreferrer noopener\">Articulo en La Provincia \u201cLas 40 j\u00f3venes empresas m\u00e1s pujantes del Archipi\u00e9lago\u201d<\/a><\/p>\n\n\n\n<p>Let&#8217;s CIB!<\/p>","protected":false},"excerpt":{"rendered":"<p>\u201eEs ist unglaublich, was f\u00fcr ein Wachstum wir hingelegt haben, und dass f\u00fcr mich alles mit einem spontanen Job-Interview an der Uni begann. Vier Stunden dauerte das Gespr\u00e4ch, bevor wir am Ende gemeinsam im Bistro Churros a\u00dfen\u201c, erinnert sich Patricia Santana Cruz, heutige Supportleitung, CIB labs, an die Anf\u00e4nge des IT-Unternehmens auf Gran Canaria. Auch &#8230; <a title=\"De cero a empresa TIC m\u00e1s exitosa de las Islas Canarias\" class=\"read-more\" href=\"https:\/\/www.cib.de\/es\/von-null-zum-erfolgreichsten-it-unternehmen-der-kanaren\/\" aria-label=\"Leer m\u00e1s sobre Von null zum erfolgreichsten IT-Unternehmen der Kanaren\">Leer m\u00e1s<\/a><\/p>","protected":false},"author":246,"featured_media":8449,"comment_status":"closed","ping_status":"open","sticky":false,"template":"","format":"standard","meta":{"_acf_changed":false,"footnotes":""},"categories":[1],"tags":[2204],"class_list":["post-6990","post","type-post","status-publish","format-standard","has-post-thumbnail","hentry","category-cib-group","tag-only-es"],"acf":[],"yoast_head":"<!-- This site is optimized with the Yoast SEO plugin v27.5 - https:\/\/yoast.com\/product\/yoast-seo-wordpress\/ -->\n<title>Von null zum erfolgreichsten IT-Unternehmen der Kanaren<\/title>\n<meta name=\"description\" content=\"CIB labs S.L, mit 32 Vollzeit-Angestellten den ersten Platz der IT- und Telekommunikations-Unternehmen der Kanaren bez\u00fcglich Umsatz.\" \/>\n<meta name=\"robots\" content=\"index, follow, max-snippet:-1, max-image-preview:large, max-video-preview:-1\" \/>\n<link rel=\"canonical\" href=\"https:\/\/www.cib.de\/es\/de-cero-a-empresa-tic-mas-exitosa-de-las-islas-canarias\/\" \/>\n<meta property=\"og:locale\" content=\"es_ES\" \/>\n<meta property=\"og:type\" content=\"article\" \/>\n<meta property=\"og:title\" content=\"Von null zum erfolgreichsten IT-Unternehmen der Kanaren\" \/>\n<meta property=\"og:description\" content=\"CIB labs S.L, mit 32 Vollzeit-Angestellten den ersten Platz der IT- und Telekommunikations-Unternehmen der Kanaren bez\u00fcglich Umsatz.\" \/>\n<meta property=\"og:url\" content=\"https:\/\/www.cib.de\/es\/de-cero-a-empresa-tic-mas-exitosa-de-las-islas-canarias\/\" \/>\n<meta property=\"og:site_name\" content=\"CIB Group\" \/>\n<meta property=\"article:publisher\" content=\"https:\/\/www.linkedin.com\/company\/cib\/\" \/>\n<meta property=\"article:published_time\" content=\"2020-07-22T09:31:29+00:00\" \/>\n<meta property=\"article:modified_time\" content=\"2023-04-20T06:42:26+00:00\" \/>\n<meta property=\"og:image\" content=\"https:\/\/www.cib.de\/wp-content\/uploads\/2020\/07\/5jahre_cib_labs_red.png\" \/>\n\t<meta property=\"og:image:width\" content=\"1281\" \/>\n\t<meta property=\"og:image:height\" content=\"481\" \/>\n\t<meta property=\"og:image:type\" content=\"image\/png\" \/>\n<meta name=\"author\" content=\"CIB Group\" \/>\n<meta name=\"twitter:card\" content=\"summary_large_image\" \/>\n<meta name=\"twitter:label1\" content=\"Escrito por\" \/>\n\t<meta name=\"twitter:data1\" content=\"CIB Group\" \/>\n\t<meta name=\"twitter:label2\" content=\"Tiempo de lectura\" \/>\n\t<meta name=\"twitter:data2\" content=\"4 minutos\" \/>\n<script type=\"application\/ld+json\" class=\"yoast-schema-graph\">{\"@context\":\"https:\\\/\\\/schema.org\",\"@graph\":[{\"@type\":\"Article\",\"@id\":\"https:\\\/\\\/www.cib.de\\\/von-null-zum-erfolgreichsten-it-unternehmen-der-kanaren\\\/#article\",\"isPartOf\":{\"@id\":\"https:\\\/\\\/www.cib.de\\\/von-null-zum-erfolgreichsten-it-unternehmen-der-kanaren\\\/\"},\"author\":{\"name\":\"CIB Group\",\"@id\":\"https:\\\/\\\/www.cib.de\\\/#\\\/schema\\\/person\\\/4c70f0634b93acb47baacdb671694155\"},\"headline\":\"Von null zum erfolgreichsten IT-Unternehmen der Kanaren\",\"datePublished\":\"2020-07-22T09:31:29+00:00\",\"dateModified\":\"2023-04-20T06:42:26+00:00\",\"mainEntityOfPage\":{\"@id\":\"https:\\\/\\\/www.cib.de\\\/von-null-zum-erfolgreichsten-it-unternehmen-der-kanaren\\\/\"},\"wordCount\":633,\"publisher\":{\"@id\":\"https:\\\/\\\/www.cib.de\\\/#organization\"},\"image\":{\"@id\":\"https:\\\/\\\/www.cib.de\\\/von-null-zum-erfolgreichsten-it-unternehmen-der-kanaren\\\/#primaryimage\"},\"thumbnailUrl\":\"https:\\\/\\\/www.cib.de\\\/wp-content\\\/uploads\\\/2020\\\/07\\\/5jahre_cib_labs_red.png\",\"keywords\":[\"ES\"],\"articleSection\":[\"CIB Group\"],\"inLanguage\":\"es\"},{\"@type\":\"WebPage\",\"@id\":\"https:\\\/\\\/www.cib.de\\\/von-null-zum-erfolgreichsten-it-unternehmen-der-kanaren\\\/\",\"url\":\"https:\\\/\\\/www.cib.de\\\/von-null-zum-erfolgreichsten-it-unternehmen-der-kanaren\\\/\",\"name\":\"Von null zum erfolgreichsten IT-Unternehmen der Kanaren\",\"isPartOf\":{\"@id\":\"https:\\\/\\\/www.cib.de\\\/#website\"},\"primaryImageOfPage\":{\"@id\":\"https:\\\/\\\/www.cib.de\\\/von-null-zum-erfolgreichsten-it-unternehmen-der-kanaren\\\/#primaryimage\"},\"image\":{\"@id\":\"https:\\\/\\\/www.cib.de\\\/von-null-zum-erfolgreichsten-it-unternehmen-der-kanaren\\\/#primaryimage\"},\"thumbnailUrl\":\"https:\\\/\\\/www.cib.de\\\/wp-content\\\/uploads\\\/2020\\\/07\\\/5jahre_cib_labs_red.png\",\"datePublished\":\"2020-07-22T09:31:29+00:00\",\"dateModified\":\"2023-04-20T06:42:26+00:00\",\"description\":\"CIB labs S.L, mit 32 Vollzeit-Angestellten den ersten Platz der IT- und Telekommunikations-Unternehmen der Kanaren bez\u00fcglich Umsatz.\",\"breadcrumb\":{\"@id\":\"https:\\\/\\\/www.cib.de\\\/von-null-zum-erfolgreichsten-it-unternehmen-der-kanaren\\\/#breadcrumb\"},\"inLanguage\":\"es\",\"potentialAction\":[{\"@type\":\"ReadAction\",\"target\":[\"https:\\\/\\\/www.cib.de\\\/von-null-zum-erfolgreichsten-it-unternehmen-der-kanaren\\\/\"]}]},{\"@type\":\"ImageObject\",\"inLanguage\":\"es\",\"@id\":\"https:\\\/\\\/www.cib.de\\\/von-null-zum-erfolgreichsten-it-unternehmen-der-kanaren\\\/#primaryimage\",\"url\":\"https:\\\/\\\/www.cib.de\\\/wp-content\\\/uploads\\\/2020\\\/07\\\/5jahre_cib_labs_red.png\",\"contentUrl\":\"https:\\\/\\\/www.cib.de\\\/wp-content\\\/uploads\\\/2020\\\/07\\\/5jahre_cib_labs_red.png\",\"width\":1281,\"height\":481,\"caption\":\"CIB labs 5 jahre\"},{\"@type\":\"BreadcrumbList\",\"@id\":\"https:\\\/\\\/www.cib.de\\\/von-null-zum-erfolgreichsten-it-unternehmen-der-kanaren\\\/#breadcrumb\",\"itemListElement\":[{\"@type\":\"ListItem\",\"position\":1,\"name\":\"Home\",\"item\":\"https:\\\/\\\/www.cib.de\\\/\"},{\"@type\":\"ListItem\",\"position\":2,\"name\":\"Von null zum erfolgreichsten IT-Unternehmen der Kanaren\"}]},{\"@type\":\"WebSite\",\"@id\":\"https:\\\/\\\/www.cib.de\\\/#website\",\"url\":\"https:\\\/\\\/www.cib.de\\\/\",\"name\":\"CIB Group\",\"description\":\"Digitalisierung, Prozessautomatisierung, K\u00fcnstliche Intelligenz\",\"publisher\":{\"@id\":\"https:\\\/\\\/www.cib.de\\\/#organization\"},\"potentialAction\":[{\"@type\":\"SearchAction\",\"target\":{\"@type\":\"EntryPoint\",\"urlTemplate\":\"https:\\\/\\\/www.cib.de\\\/?s={search_term_string}\"},\"query-input\":{\"@type\":\"PropertyValueSpecification\",\"valueRequired\":true,\"valueName\":\"search_term_string\"}}],\"inLanguage\":\"es\"},{\"@type\":\"Organization\",\"@id\":\"https:\\\/\\\/www.cib.de\\\/#organization\",\"name\":\"CIB Group\",\"url\":\"https:\\\/\\\/www.cib.de\\\/\",\"logo\":{\"@type\":\"ImageObject\",\"inLanguage\":\"es\",\"@id\":\"https:\\\/\\\/www.cib.de\\\/#\\\/schema\\\/logo\\\/image\\\/\",\"url\":\"https:\\\/\\\/www.cib.de\\\/wp-content\\\/uploads\\\/2023\\\/10\\\/CIB_Logo_.svg\",\"contentUrl\":\"https:\\\/\\\/www.cib.de\\\/wp-content\\\/uploads\\\/2023\\\/10\\\/CIB_Logo_.svg\",\"width\":283,\"height\":128,\"caption\":\"CIB Group\"},\"image\":{\"@id\":\"https:\\\/\\\/www.cib.de\\\/#\\\/schema\\\/logo\\\/image\\\/\"},\"sameAs\":[\"https:\\\/\\\/www.linkedin.com\\\/company\\\/cib\\\/\"]},{\"@type\":\"Person\",\"@id\":\"https:\\\/\\\/www.cib.de\\\/#\\\/schema\\\/person\\\/4c70f0634b93acb47baacdb671694155\",\"name\":\"CIB Group\",\"image\":{\"@type\":\"ImageObject\",\"inLanguage\":\"es\",\"@id\":\"https:\\\/\\\/www.cib.de\\\/wp-content\\\/uploads\\\/2023\\\/03\\\/logo_signature2.png\",\"url\":\"https:\\\/\\\/www.cib.de\\\/wp-content\\\/uploads\\\/2023\\\/03\\\/logo_signature2.png\",\"contentUrl\":\"https:\\\/\\\/www.cib.de\\\/wp-content\\\/uploads\\\/2023\\\/03\\\/logo_signature2.png\",\"caption\":\"CIB Group\"},\"description\":\"Die Digitalisierungsexperten\"}]}<\/script>\n<!-- \/ Yoast SEO plugin. -->","yoast_head_json":{"title":"De cero a empresa TIC m\u00e1s exitosa de las Islas Canarias","description":"En 2020, CIB labs S.L. con 32 empleados a tiempo completo, ocupa el primer lugar entre las empresas TIC de Canarias por facturaci\u00f3n.","robots":{"index":"index","follow":"follow","max-snippet":"max-snippet:-1","max-image-preview":"max-image-preview:large","max-video-preview":"max-video-preview:-1"},"canonical":"https:\/\/www.cib.de\/es\/de-cero-a-empresa-tic-mas-exitosa-de-las-islas-canarias\/","og_locale":"es_ES","og_type":"article","og_title":"Von null zum erfolgreichsten IT-Unternehmen der Kanaren","og_description":"CIB labs S.L, mit 32 Vollzeit-Angestellten den ersten Platz der IT- und Telekommunikations-Unternehmen der Kanaren bez\u00fcglich Umsatz.","og_url":"https:\/\/www.cib.de\/es\/de-cero-a-empresa-tic-mas-exitosa-de-las-islas-canarias\/","og_site_name":"CIB Group","article_publisher":"https:\/\/www.linkedin.com\/company\/cib\/","article_published_time":"2020-07-22T09:31:29+00:00","article_modified_time":"2023-04-20T06:42:26+00:00","og_image":[{"width":1281,"height":481,"url":"https:\/\/www.cib.de\/wp-content\/uploads\/2020\/07\/5jahre_cib_labs_red.png","type":"image\/png"}],"author":"CIB Group","twitter_card":"summary_large_image","twitter_misc":{"Escrito por":"CIB Group","Tiempo de lectura":"4 minutos"},"schema":{"@context":"https:\/\/schema.org","@graph":[{"@type":"Article","@id":"https:\/\/www.cib.de\/von-null-zum-erfolgreichsten-it-unternehmen-der-kanaren\/#article","isPartOf":{"@id":"https:\/\/www.cib.de\/von-null-zum-erfolgreichsten-it-unternehmen-der-kanaren\/"},"author":{"name":"CIB Group","@id":"https:\/\/www.cib.de\/#\/schema\/person\/4c70f0634b93acb47baacdb671694155"},"headline":"Von null zum erfolgreichsten IT-Unternehmen der Kanaren","datePublished":"2020-07-22T09:31:29+00:00","dateModified":"2023-04-20T06:42:26+00:00","mainEntityOfPage":{"@id":"https:\/\/www.cib.de\/von-null-zum-erfolgreichsten-it-unternehmen-der-kanaren\/"},"wordCount":633,"publisher":{"@id":"https:\/\/www.cib.de\/#organization"},"image":{"@id":"https:\/\/www.cib.de\/von-null-zum-erfolgreichsten-it-unternehmen-der-kanaren\/#primaryimage"},"thumbnailUrl":"https:\/\/www.cib.de\/wp-content\/uploads\/2020\/07\/5jahre_cib_labs_red.png","keywords":["ES"],"articleSection":["CIB Group"],"inLanguage":"es"},{"@type":"WebPage","@id":"https:\/\/www.cib.de\/von-null-zum-erfolgreichsten-it-unternehmen-der-kanaren\/","url":"https:\/\/www.cib.de\/von-null-zum-erfolgreichsten-it-unternehmen-der-kanaren\/","name":"De cero a empresa TIC m\u00e1s exitosa de las Islas Canarias","isPartOf":{"@id":"https:\/\/www.cib.de\/#website"},"primaryImageOfPage":{"@id":"https:\/\/www.cib.de\/von-null-zum-erfolgreichsten-it-unternehmen-der-kanaren\/#primaryimage"},"image":{"@id":"https:\/\/www.cib.de\/von-null-zum-erfolgreichsten-it-unternehmen-der-kanaren\/#primaryimage"},"thumbnailUrl":"https:\/\/www.cib.de\/wp-content\/uploads\/2020\/07\/5jahre_cib_labs_red.png","datePublished":"2020-07-22T09:31:29+00:00","dateModified":"2023-04-20T06:42:26+00:00","description":"En 2020, CIB labs S.L. con 32 empleados a tiempo completo, ocupa el primer lugar entre las empresas TIC de Canarias por facturaci\u00f3n.","breadcrumb":{"@id":"https:\/\/www.cib.de\/von-null-zum-erfolgreichsten-it-unternehmen-der-kanaren\/#breadcrumb"},"inLanguage":"es","potentialAction":[{"@type":"ReadAction","target":["https:\/\/www.cib.de\/von-null-zum-erfolgreichsten-it-unternehmen-der-kanaren\/"]}]},{"@type":"ImageObject","inLanguage":"es","@id":"https:\/\/www.cib.de\/von-null-zum-erfolgreichsten-it-unternehmen-der-kanaren\/#primaryimage","url":"https:\/\/www.cib.de\/wp-content\/uploads\/2020\/07\/5jahre_cib_labs_red.png","contentUrl":"https:\/\/www.cib.de\/wp-content\/uploads\/2020\/07\/5jahre_cib_labs_red.png","width":1281,"height":481,"caption":"CIB labs 5 jahre"},{"@type":"BreadcrumbList","@id":"https:\/\/www.cib.de\/von-null-zum-erfolgreichsten-it-unternehmen-der-kanaren\/#breadcrumb","itemListElement":[{"@type":"ListItem","position":1,"name":"Home","item":"https:\/\/www.cib.de\/"},{"@type":"ListItem","position":2,"name":"Von null zum erfolgreichsten IT-Unternehmen der Kanaren"}]},{"@type":"WebSite","@id":"https:\/\/www.cib.de\/#website","url":"https:\/\/www.cib.de\/","name":"CIB Group","description":"Digitalisierung, Prozessautomatisierung, K\u00fcnstliche Intelligenz","publisher":{"@id":"https:\/\/www.cib.de\/#organization"},"potentialAction":[{"@type":"SearchAction","target":{"@type":"EntryPoint","urlTemplate":"https:\/\/www.cib.de\/?s={search_term_string}"},"query-input":{"@type":"PropertyValueSpecification","valueRequired":true,"valueName":"search_term_string"}}],"inLanguage":"es"},{"@type":"Organization","@id":"https:\/\/www.cib.de\/#organization","name":"CIB Group","url":"https:\/\/www.cib.de\/","logo":{"@type":"ImageObject","inLanguage":"es","@id":"https:\/\/www.cib.de\/#\/schema\/logo\/image\/","url":"https:\/\/www.cib.de\/wp-content\/uploads\/2023\/10\/CIB_Logo_.svg","contentUrl":"https:\/\/www.cib.de\/wp-content\/uploads\/2023\/10\/CIB_Logo_.svg","width":283,"height":128,"caption":"CIB Group"},"image":{"@id":"https:\/\/www.cib.de\/#\/schema\/logo\/image\/"},"sameAs":["https:\/\/www.linkedin.com\/company\/cib\/"]},{"@type":"Person","@id":"https:\/\/www.cib.de\/#\/schema\/person\/4c70f0634b93acb47baacdb671694155","name":"CIB Group","image":{"@type":"ImageObject","inLanguage":"es","@id":"https:\/\/www.cib.de\/wp-content\/uploads\/2023\/03\/logo_signature2.png","url":"https:\/\/www.cib.de\/wp-content\/uploads\/2023\/03\/logo_signature2.png","contentUrl":"https:\/\/www.cib.de\/wp-content\/uploads\/2023\/03\/logo_signature2.png","caption":"CIB Group"},"description":"Expertos en digitalizaci\u00f3n"}]}},"post_mailing_queue_ids":[],"_links":{"self":[{"href":"https:\/\/www.cib.de\/es\/wp-json\/wp\/v2\/posts\/6990","targetHints":{"allow":["GET"]}}],"collection":[{"href":"https:\/\/www.cib.de\/es\/wp-json\/wp\/v2\/posts"}],"about":[{"href":"https:\/\/www.cib.de\/es\/wp-json\/wp\/v2\/types\/post"}],"author":[{"embeddable":true,"href":"https:\/\/www.cib.de\/es\/wp-json\/wp\/v2\/users\/246"}],"replies":[{"embeddable":true,"href":"https:\/\/www.cib.de\/es\/wp-json\/wp\/v2\/comments?post=6990"}],"version-history":[{"count":14,"href":"https:\/\/www.cib.de\/es\/wp-json\/wp\/v2\/posts\/6990\/revisions"}],"predecessor-version":[{"id":80914,"href":"https:\/\/www.cib.de\/es\/wp-json\/wp\/v2\/posts\/6990\/revisions\/80914"}],"wp:featuredmedia":[{"embeddable":true,"href":"https:\/\/www.cib.de\/es\/wp-json\/wp\/v2\/media\/8449"}],"wp:attachment":[{"href":"https:\/\/www.cib.de\/es\/wp-json\/wp\/v2\/media?parent=6990"}],"wp:term":[{"taxonomy":"category","embeddable":true,"href":"https:\/\/www.cib.de\/es\/wp-json\/wp\/v2\/categories?post=6990"},{"taxonomy":"post_tag","embeddable":true,"href":"https:\/\/www.cib.de\/es\/wp-json\/wp\/v2\/tags?post=6990"}],"curies":[{"name":"wp","href":"https:\/\/api.w.org\/{rel}","templated":true}]}}