{"id":92270,"date":"2023-07-06T17:04:48","date_gmt":"2023-07-06T15:04:48","guid":{"rendered":"https:\/\/www.cib.de\/?p=92270"},"modified":"2025-04-09T12:08:43","modified_gmt":"2025-04-09T10:08:43","slug":"cib-workshop-jugend-forscht-iberia","status":"publish","type":"post","link":"https:\/\/www.cib.de\/es\/cib-workshop-jugend-forscht-iberia\/","title":{"rendered":"Blog: CIB Workshop Jugend forscht Iberia 2024"},"content":{"rendered":"<div data-elementor-type=\"wp-post\" data-elementor-id=\"92270\" class=\"elementor elementor-92270\" data-elementor-post-type=\"post\">\n\t\t\t\t\t\t<section class=\"elementor-section elementor-top-section elementor-element elementor-element-78904c1 elementor-section-boxed elementor-section-height-default elementor-section-height-default\" data-id=\"78904c1\" data-element_type=\"section\" data-e-type=\"section\">\n\t\t\t\t\t\t<div class=\"elementor-container elementor-column-gap-default\">\n\t\t\t\t\t<div class=\"elementor-column elementor-col-100 elementor-top-column elementor-element elementor-element-d49894b\" data-id=\"d49894b\" data-element_type=\"column\" data-e-type=\"column\">\n\t\t\t<div class=\"elementor-widget-wrap elementor-element-populated\">\n\t\t\t\t\t\t<div class=\"elementor-element elementor-element-b4b98a3 elementor-widget elementor-widget-text-editor\" data-id=\"b4b98a3\" data-element_type=\"widget\" data-e-type=\"widget\" data-widget_type=\"text-editor.default\">\n\t\t\t\t<div class=\"elementor-widget-container\">\n\t\t\t\t\t\t\t\t\t<p class=\"translation-block\">CIB patrocina el concurso regional Jugend forscht Iberia desde 2021 y es promotor de seis Colegios Alemanes en Espa\u00f1a y Portugal con nuestro programa de promoci\u00f3n de talento <a href=\"\/es\/impulsa\/\" target=\"_self\">CIB Impulsa<\/a>, centrado en el apoyo a estudiantes en las asignaturas M.I.N.T.  En el marco de  esta cooperaci\u00f3n, CIB supervisa y patrocina diversos eventos, talleres y conferencias.<\/p>\t\t\t\t\t\t\t\t<\/div>\n\t\t\t\t<\/div>\n\t\t\t\t<div class=\"elementor-element elementor-element-eea7551 elementor-widget elementor-widget-html\" data-id=\"eea7551\" data-element_type=\"widget\" data-e-type=\"widget\" data-widget_type=\"html.default\">\n\t\t\t\t<div class=\"elementor-widget-container\">\n\t\t\t\t\t<p hidden><\/p>\t\t\t\t<\/div>\n\t\t\t\t<\/div>\n\t\t\t\t<div class=\"elementor-element elementor-element-95df619 elementor-widget elementor-widget-text-editor\" data-id=\"95df619\" data-element_type=\"widget\" data-e-type=\"widget\" data-widget_type=\"text-editor.default\">\n\t\t\t\t<div class=\"elementor-widget-container\">\n\t\t\t\t\t\t\t\t\t<p class=\"translation-block\">En el mes de junio se celebr\u00f3 en el <a href=\"https:\/\/www.dsmadrid.org\/de\/\" target=\"_self\">Colegio Alem\u00e1n de Madrid (DSM)<\/a> un taller de dos d\u00edas con los supervisores de los proyectos Jugend forscht 2024 de nueve colegios alemanes de Espa\u00f1a y Portugal. El objetivo era asesorar y orientar a los profesores en la preparaci\u00f3n, coordinaci\u00f3n y presentaci\u00f3n de los proyectos de los alumnos, as\u00ed como conocerse y reforzar los v\u00ednculos.<\/p>\t\t\t\t\t\t\t\t<\/div>\n\t\t\t\t<\/div>\n\t\t\t\t\t<\/div>\n\t\t<\/div>\n\t\t\t\t\t<\/div>\n\t\t<\/section>\n\t\t\t\t<section class=\"elementor-section elementor-top-section elementor-element elementor-element-d1b6cf8 elementor-reverse-mobile elementor-section-boxed elementor-section-height-default elementor-section-height-default\" data-id=\"d1b6cf8\" data-element_type=\"section\" data-e-type=\"section\">\n\t\t\t\t\t\t<div class=\"elementor-container elementor-column-gap-no\">\n\t\t\t\t\t<div class=\"elementor-column elementor-col-50 elementor-top-column elementor-element elementor-element-67386a6\" data-id=\"67386a6\" data-element_type=\"column\" data-e-type=\"column\">\n\t\t\t<div class=\"elementor-widget-wrap elementor-element-populated\">\n\t\t\t\t\t\t<div class=\"elementor-element elementor-element-cbacf4f elementor-widget elementor-widget-text-editor\" data-id=\"cbacf4f\" data-element_type=\"widget\" data-e-type=\"widget\" data-widget_type=\"text-editor.default\">\n\t\t\t\t<div class=\"elementor-widget-container\">\n\t\t\t\t\t\t\t\t\t<p>El taller comenz\u00f3 en la ma\u00f1ana del 15 de junio, con una calurosa bienvenida por parte del director de la escuela Dirk Karl Pilgram (DSM) y el fundador de CIB Group, Ulrich Brandner.<\/p>\t\t\t\t\t\t\t\t<\/div>\n\t\t\t\t<\/div>\n\t\t\t\t\t<\/div>\n\t\t<\/div>\n\t\t\t\t<div class=\"elementor-column elementor-col-50 elementor-top-column elementor-element elementor-element-309ea13\" data-id=\"309ea13\" data-element_type=\"column\" data-e-type=\"column\">\n\t\t\t<div class=\"elementor-widget-wrap elementor-element-populated\">\n\t\t\t\t\t\t<div class=\"elementor-element elementor-element-e4a28a3 elementor-widget__width-initial elementor-widget elementor-widget-image\" data-id=\"e4a28a3\" data-element_type=\"widget\" data-e-type=\"widget\" data-widget_type=\"image.default\">\n\t\t\t\t<div class=\"elementor-widget-container\">\n\t\t\t\t\t\t\t\t\t\t\t\t\t\t\t<img decoding=\"async\" src=\"https:\/\/www.cib.de\/wp-content\/uploads\/2023\/06\/W-02_5-e1767952031260.jpg\" title=\"W 02_5\" alt=\"W 02_5\" loading=\"lazy\" \/>\t\t\t\t\t\t\t\t\t\t\t\t\t\t\t<\/div>\n\t\t\t\t<\/div>\n\t\t\t\t\t<\/div>\n\t\t<\/div>\n\t\t\t\t\t<\/div>\n\t\t<\/section>\n\t\t\t\t<section class=\"elementor-section elementor-top-section elementor-element elementor-element-4ada012 elementor-section-boxed elementor-section-height-default elementor-section-height-default\" data-id=\"4ada012\" data-element_type=\"section\" data-e-type=\"section\">\n\t\t\t\t\t\t<div class=\"elementor-container elementor-column-gap-default\">\n\t\t\t\t\t<div class=\"elementor-column elementor-col-100 elementor-top-column elementor-element elementor-element-f2b28f0\" data-id=\"f2b28f0\" data-element_type=\"column\" data-e-type=\"column\">\n\t\t\t<div class=\"elementor-widget-wrap elementor-element-populated\">\n\t\t\t\t\t\t<div class=\"elementor-element elementor-element-ce31d8e elementor-widget elementor-widget-text-editor\" data-id=\"ce31d8e\" data-element_type=\"widget\" data-e-type=\"widget\" data-widget_type=\"text-editor.default\">\n\t\t\t\t<div class=\"elementor-widget-container\">\n\t\t\t\t\t\t\t\t\t<p>A continuaci\u00f3n, el cofundador de la competici\u00f3n regional Jugend forscht Iberia, Walter Stein, hizo un interesante repaso de los \u00faltimos 20 a\u00f1os de historia del concurso. A lo largo de dos d\u00edas, los profesores compartieron experiencias y recomendaciones con los mentores, que actuar\u00e1n por primera vez como tutores de Jugend forscht y preparar\u00e1n los proyectos con los numerosos j\u00f3venes investigadores, de sus respectivas instituciones, a partir de septiembre de 2023.\u00a0<\/p>\t\t\t\t\t\t\t\t<\/div>\n\t\t\t\t<\/div>\n\t\t\t\t\t<\/div>\n\t\t<\/div>\n\t\t\t\t\t<\/div>\n\t\t<\/section>\n\t\t\t\t<section class=\"elementor-section elementor-top-section elementor-element elementor-element-d215111 elementor-section-content-middle elementor-section-boxed elementor-section-height-default elementor-section-height-default\" data-id=\"d215111\" data-element_type=\"section\" data-e-type=\"section\">\n\t\t\t\t\t\t<div class=\"elementor-container elementor-column-gap-default\">\n\t\t\t\t\t<div class=\"elementor-column elementor-col-50 elementor-top-column elementor-element elementor-element-d5d7212\" data-id=\"d5d7212\" data-element_type=\"column\" data-e-type=\"column\">\n\t\t\t<div class=\"elementor-widget-wrap elementor-element-populated\">\n\t\t\t\t\t\t<div class=\"elementor-element elementor-element-75ffd8e elementor-widget elementor-widget-image\" data-id=\"75ffd8e\" data-element_type=\"widget\" data-e-type=\"widget\" data-widget_type=\"image.default\">\n\t\t\t\t<div class=\"elementor-widget-container\">\n\t\t\t\t\t\t\t\t\t\t\t\t\t\t\t<img fetchpriority=\"high\" decoding=\"async\" width=\"1024\" height=\"683\" src=\"https:\/\/www.cib.de\/wp-content\/uploads\/2023\/06\/JugendForschteam-Gruppenfoto-1024x683.jpg\" class=\"attachment-large size-large wp-image-92180\" alt=\"\" srcset=\"https:\/\/www.cib.de\/wp-content\/uploads\/2023\/06\/JugendForschteam-Gruppenfoto-1024x683.jpg 1024w, https:\/\/www.cib.de\/wp-content\/uploads\/2023\/06\/JugendForschteam-Gruppenfoto-450x300.jpg 450w, https:\/\/www.cib.de\/wp-content\/uploads\/2023\/06\/JugendForschteam-Gruppenfoto-768x512.jpg 768w, https:\/\/www.cib.de\/wp-content\/uploads\/2023\/06\/JugendForschteam-Gruppenfoto-18x12.jpg 18w, https:\/\/www.cib.de\/wp-content\/uploads\/2023\/06\/JugendForschteam-Gruppenfoto-e1767883456668.jpg 1200w\" sizes=\"(max-width: 1024px) 100vw, 1024px\" \/>\t\t\t\t\t\t\t\t\t\t\t\t\t\t\t<\/div>\n\t\t\t\t<\/div>\n\t\t\t\t\t<\/div>\n\t\t<\/div>\n\t\t\t\t<div class=\"elementor-column elementor-col-50 elementor-top-column elementor-element elementor-element-3e1fa33\" data-id=\"3e1fa33\" data-element_type=\"column\" data-e-type=\"column\">\n\t\t\t<div class=\"elementor-widget-wrap elementor-element-populated\">\n\t\t\t\t\t\t<div class=\"elementor-element elementor-element-6528825 elementor-widget elementor-widget-text-editor\" data-id=\"6528825\" data-element_type=\"widget\" data-e-type=\"widget\" data-widget_type=\"text-editor.default\">\n\t\t\t\t<div class=\"elementor-widget-container\">\n\t\t\t\t\t\t\t\t\t<p>Les espera Lisboa en 2024, donde el emocionante concurso regional tendr\u00e1 lugar un a\u00f1o m\u00e1s con CIB como \u00fanico patrocinador y como miembro del jurado.<\/p>\t\t\t\t\t\t\t\t<\/div>\n\t\t\t\t<\/div>\n\t\t\t\t\t<\/div>\n\t\t<\/div>\n\t\t\t\t\t<\/div>\n\t\t<\/section>\n\t\t\t\t<section class=\"elementor-section elementor-top-section elementor-element elementor-element-82237b9 elementor-section-boxed elementor-section-height-default elementor-section-height-default\" data-id=\"82237b9\" data-element_type=\"section\" data-e-type=\"section\">\n\t\t\t\t\t\t<div class=\"elementor-container elementor-column-gap-default\">\n\t\t\t\t\t<div class=\"elementor-column elementor-col-100 elementor-top-column elementor-element elementor-element-8fdde24\" data-id=\"8fdde24\" data-element_type=\"column\" data-e-type=\"column\">\n\t\t\t<div class=\"elementor-widget-wrap elementor-element-populated\">\n\t\t\t\t\t\t<div class=\"elementor-element elementor-element-5da732a elementor-widget elementor-widget-text-editor\" data-id=\"5da732a\" data-element_type=\"widget\" data-e-type=\"widget\" data-widget_type=\"text-editor.default\">\n\t\t\t\t<div class=\"elementor-widget-container\">\n\t\t\t\t\t\t\t\t\t<p>Al final de la conferencia, Ulrich Brandner present\u00f3 CIB Group y ofreci\u00f3 interesante informaci\u00f3n sobre como experto en digitalizaci\u00f3n, la visi\u00f3n de la empresa y los proyectos actuales en el campo de la investigaci\u00f3n innovadora en IA.<\/p>\t\t\t\t\t\t\t\t<\/div>\n\t\t\t\t<\/div>\n\t\t\t\t<div class=\"elementor-element elementor-element-e20c7c6 elementor-widget elementor-widget-heading\" data-id=\"e20c7c6\" data-element_type=\"widget\" data-e-type=\"widget\" data-widget_type=\"heading.default\">\n\t\t\t\t<div class=\"elementor-widget-container\">\n\t\t\t\t\t<h2 class=\"elementor-heading-title elementor-size-default\">\u00bfQuiere unirse a CIB Impulsa? <\/h2>\t\t\t\t<\/div>\n\t\t\t\t<\/div>\n\t\t\t\t<div class=\"elementor-element elementor-element-471b3df elementor-widget elementor-widget-text-editor\" data-id=\"471b3df\" data-element_type=\"widget\" data-e-type=\"widget\" data-widget_type=\"text-editor.default\">\n\t\t\t\t<div class=\"elementor-widget-container\">\n\t\t\t\t\t\t\t\t\t<p class=\"translation-block\">En calidad de patrocinadores de Jugend forscht Iberia, acompa\u00f1amos a los j\u00f3venes investigadores y seguimos ampliando nuestra red de socios y amigos de la investigaci\u00f3n. CIB invita a otros Colegios Alemanes en Espa\u00f1a y Portugal a unirse a CIB Impulsa. P\u00f3ngase en  <a href=\"\/es\/contacto\/\" target=\"_self\">contacto <\/a> con nosotros.<\/p><p>Let\u00b4s CIB!<\/p>\t\t\t\t\t\t\t\t<\/div>\n\t\t\t\t<\/div>\n\t\t\t\t\t<\/div>\n\t\t<\/div>\n\t\t\t\t\t<\/div>\n\t\t<\/section>\n\t\t\t\t<\/div>","protected":false},"excerpt":{"rendered":"<p>CIB\u202fist seit 2021 Pate des Regionalwettbewerbs Jugend forscht Iberia und begleitet und f\u00f6rdert mit dem Talentf\u00f6rderungsprogramm CIB Impulsa heute bereits sechs Deutsche Auslandsschulen in Spanien und Portugal mit Fokus auf die F\u00f6rderung von Sch\u00fclern in den sogenannten M.I.N.T.-F\u00e4chern. Im Rahmen der Zusammenarbeit betreut und sponsert CIB verschiedene Veranstaltungen, Workshops und Tagungen. In der vergangenen Woche &#8230; <a title=\"Blog: CIB Workshop Jugend forscht Iberia 2024\" class=\"read-more\" href=\"https:\/\/www.cib.de\/es\/cib-workshop-jugend-forscht-iberia\/\" aria-label=\"Leer m\u00e1s sobre CIB Workshop: Jugend forscht Iberia 2024\">Leer m\u00e1s<\/a><\/p>","protected":false},"author":246,"featured_media":91820,"comment_status":"closed","ping_status":"closed","sticky":false,"template":"","format":"standard","meta":{"_acf_changed":false,"footnotes":""},"categories":[220],"tags":[1671,1673,1980],"class_list":["post-92270","post","type-post","status-publish","format-standard","has-post-thumbnail","hentry","category-cat-proactive","tag-cib-impulsa","tag-jugend-forscht","tag-cib-group"],"acf":[],"yoast_head":"<!-- This site is optimized with the Yoast SEO plugin v27.5 - https:\/\/yoast.com\/product\/yoast-seo-wordpress\/ -->\n<title>CIB Workshop: Jugend forscht Iberia 2024 - CIB Group<\/title>\n<meta name=\"description\" content=\"CIB veranstaltete in Madrid ein zweit\u00e4giger Workshop mit den Betreuern der Jugend forscht-Projekte an neun Deutschen Auslandsschulen.\" \/>\n<meta name=\"robots\" content=\"index, follow, max-snippet:-1, max-image-preview:large, max-video-preview:-1\" \/>\n<link rel=\"canonical\" href=\"https:\/\/www.cib.de\/es\/cib-workshop-jugend-forscht-iberia\/\" \/>\n<meta property=\"og:locale\" content=\"es_ES\" \/>\n<meta property=\"og:type\" content=\"article\" \/>\n<meta property=\"og:title\" content=\"CIB Workshop: Jugend forscht Iberia 2024 - CIB Group\" \/>\n<meta property=\"og:description\" content=\"CIB veranstaltete in Madrid ein zweit\u00e4giger Workshop mit den Betreuern der Jugend forscht-Projekte an neun Deutschen Auslandsschulen.\" \/>\n<meta property=\"og:url\" content=\"https:\/\/www.cib.de\/es\/cib-workshop-jugend-forscht-iberia\/\" \/>\n<meta property=\"og:site_name\" content=\"CIB Group\" \/>\n<meta property=\"article:publisher\" content=\"https:\/\/www.linkedin.com\/company\/cib\/\" \/>\n<meta property=\"article:published_time\" content=\"2023-07-06T15:04:48+00:00\" \/>\n<meta property=\"article:modified_time\" content=\"2025-04-09T10:08:43+00:00\" \/>\n<meta property=\"og:image\" content=\"https:\/\/www.cib.de\/wp-content\/uploads\/2023\/06\/HG_blog.jpg\" \/>\n\t<meta property=\"og:image:width\" content=\"1500\" \/>\n\t<meta property=\"og:image:height\" content=\"500\" \/>\n\t<meta property=\"og:image:type\" content=\"image\/jpeg\" \/>\n<meta name=\"author\" content=\"CIB Group\" \/>\n<meta name=\"twitter:card\" content=\"summary_large_image\" \/>\n<meta name=\"twitter:label1\" content=\"Escrito por\" \/>\n\t<meta name=\"twitter:data1\" content=\"CIB Group\" \/>\n\t<meta name=\"twitter:label2\" content=\"Tiempo de lectura\" \/>\n\t<meta name=\"twitter:data2\" content=\"2 minutos\" \/>\n<script type=\"application\/ld+json\" class=\"yoast-schema-graph\">{\"@context\":\"https:\\\/\\\/schema.org\",\"@graph\":[{\"@type\":\"Article\",\"@id\":\"https:\\\/\\\/www.cib.de\\\/cib-workshop-jugend-forscht-iberia\\\/#article\",\"isPartOf\":{\"@id\":\"https:\\\/\\\/www.cib.de\\\/cib-workshop-jugend-forscht-iberia\\\/\"},\"author\":{\"name\":\"CIB Group\",\"@id\":\"https:\\\/\\\/www.cib.de\\\/#\\\/schema\\\/person\\\/4c70f0634b93acb47baacdb671694155\"},\"headline\":\"CIB Workshop: Jugend forscht Iberia 2024\",\"datePublished\":\"2023-07-06T15:04:48+00:00\",\"dateModified\":\"2025-04-09T10:08:43+00:00\",\"mainEntityOfPage\":{\"@id\":\"https:\\\/\\\/www.cib.de\\\/cib-workshop-jugend-forscht-iberia\\\/\"},\"wordCount\":316,\"publisher\":{\"@id\":\"https:\\\/\\\/www.cib.de\\\/#organization\"},\"image\":{\"@id\":\"https:\\\/\\\/www.cib.de\\\/cib-workshop-jugend-forscht-iberia\\\/#primaryimage\"},\"thumbnailUrl\":\"https:\\\/\\\/www.cib.de\\\/wp-content\\\/uploads\\\/2023\\\/06\\\/HG_blog-e1767952043549.jpg\",\"keywords\":[\"CIB Impulsa\",\"Jugend forscht\",\"CIB Group\"],\"articleSection\":[\"CIB proActive\"],\"inLanguage\":\"es\"},{\"@type\":\"WebPage\",\"@id\":\"https:\\\/\\\/www.cib.de\\\/cib-workshop-jugend-forscht-iberia\\\/\",\"url\":\"https:\\\/\\\/www.cib.de\\\/cib-workshop-jugend-forscht-iberia\\\/\",\"name\":\"CIB Workshop: Jugend forscht Iberia 2024 - CIB Group\",\"isPartOf\":{\"@id\":\"https:\\\/\\\/www.cib.de\\\/#website\"},\"primaryImageOfPage\":{\"@id\":\"https:\\\/\\\/www.cib.de\\\/cib-workshop-jugend-forscht-iberia\\\/#primaryimage\"},\"image\":{\"@id\":\"https:\\\/\\\/www.cib.de\\\/cib-workshop-jugend-forscht-iberia\\\/#primaryimage\"},\"thumbnailUrl\":\"https:\\\/\\\/www.cib.de\\\/wp-content\\\/uploads\\\/2023\\\/06\\\/HG_blog-e1767952043549.jpg\",\"datePublished\":\"2023-07-06T15:04:48+00:00\",\"dateModified\":\"2025-04-09T10:08:43+00:00\",\"description\":\"CIB veranstaltete in Madrid ein zweit\u00e4giger Workshop mit den Betreuern der Jugend forscht-Projekte an neun Deutschen Auslandsschulen.\",\"breadcrumb\":{\"@id\":\"https:\\\/\\\/www.cib.de\\\/cib-workshop-jugend-forscht-iberia\\\/#breadcrumb\"},\"inLanguage\":\"es\",\"potentialAction\":[{\"@type\":\"ReadAction\",\"target\":[\"https:\\\/\\\/www.cib.de\\\/cib-workshop-jugend-forscht-iberia\\\/\"]}]},{\"@type\":\"ImageObject\",\"inLanguage\":\"es\",\"@id\":\"https:\\\/\\\/www.cib.de\\\/cib-workshop-jugend-forscht-iberia\\\/#primaryimage\",\"url\":\"https:\\\/\\\/www.cib.de\\\/wp-content\\\/uploads\\\/2023\\\/06\\\/HG_blog-e1767952043549.jpg\",\"contentUrl\":\"https:\\\/\\\/www.cib.de\\\/wp-content\\\/uploads\\\/2023\\\/06\\\/HG_blog-e1767952043549.jpg\",\"width\":1485,\"height\":495},{\"@type\":\"BreadcrumbList\",\"@id\":\"https:\\\/\\\/www.cib.de\\\/cib-workshop-jugend-forscht-iberia\\\/#breadcrumb\",\"itemListElement\":[{\"@type\":\"ListItem\",\"position\":1,\"name\":\"Home\",\"item\":\"https:\\\/\\\/www.cib.de\\\/\"},{\"@type\":\"ListItem\",\"position\":2,\"name\":\"CIB Workshop: Jugend forscht Iberia 2024\"}]},{\"@type\":\"WebSite\",\"@id\":\"https:\\\/\\\/www.cib.de\\\/#website\",\"url\":\"https:\\\/\\\/www.cib.de\\\/\",\"name\":\"CIB Group\",\"description\":\"Digitalisierung, Prozessautomatisierung, K\u00fcnstliche Intelligenz\",\"publisher\":{\"@id\":\"https:\\\/\\\/www.cib.de\\\/#organization\"},\"potentialAction\":[{\"@type\":\"SearchAction\",\"target\":{\"@type\":\"EntryPoint\",\"urlTemplate\":\"https:\\\/\\\/www.cib.de\\\/?s={search_term_string}\"},\"query-input\":{\"@type\":\"PropertyValueSpecification\",\"valueRequired\":true,\"valueName\":\"search_term_string\"}}],\"inLanguage\":\"es\"},{\"@type\":\"Organization\",\"@id\":\"https:\\\/\\\/www.cib.de\\\/#organization\",\"name\":\"CIB Group\",\"url\":\"https:\\\/\\\/www.cib.de\\\/\",\"logo\":{\"@type\":\"ImageObject\",\"inLanguage\":\"es\",\"@id\":\"https:\\\/\\\/www.cib.de\\\/#\\\/schema\\\/logo\\\/image\\\/\",\"url\":\"https:\\\/\\\/www.cib.de\\\/wp-content\\\/uploads\\\/2023\\\/10\\\/CIB_Logo_.svg\",\"contentUrl\":\"https:\\\/\\\/www.cib.de\\\/wp-content\\\/uploads\\\/2023\\\/10\\\/CIB_Logo_.svg\",\"width\":283,\"height\":128,\"caption\":\"CIB Group\"},\"image\":{\"@id\":\"https:\\\/\\\/www.cib.de\\\/#\\\/schema\\\/logo\\\/image\\\/\"},\"sameAs\":[\"https:\\\/\\\/www.linkedin.com\\\/company\\\/cib\\\/\"]},{\"@type\":\"Person\",\"@id\":\"https:\\\/\\\/www.cib.de\\\/#\\\/schema\\\/person\\\/4c70f0634b93acb47baacdb671694155\",\"name\":\"CIB Group\",\"image\":{\"@type\":\"ImageObject\",\"inLanguage\":\"es\",\"@id\":\"https:\\\/\\\/www.cib.de\\\/wp-content\\\/uploads\\\/2023\\\/03\\\/logo_signature2.png\",\"url\":\"https:\\\/\\\/www.cib.de\\\/wp-content\\\/uploads\\\/2023\\\/03\\\/logo_signature2.png\",\"contentUrl\":\"https:\\\/\\\/www.cib.de\\\/wp-content\\\/uploads\\\/2023\\\/03\\\/logo_signature2.png\",\"caption\":\"CIB Group\"},\"description\":\"Die Digitalisierungsexperten\"}]}<\/script>\n<!-- \/ Yoast SEO plugin. -->","yoast_head_json":{"title":"CIB Workshop: Jugend forscht Iberia 2024 - CIB Group","description":"CIB organiz\u00f3 en Madrid un taller de dos d\u00edas con los supervisores de los proyectos Jugend forscht de nueve colegios alemanes en el extranjero.","robots":{"index":"index","follow":"follow","max-snippet":"max-snippet:-1","max-image-preview":"max-image-preview:large","max-video-preview":"max-video-preview:-1"},"canonical":"https:\/\/www.cib.de\/es\/cib-workshop-jugend-forscht-iberia\/","og_locale":"es_ES","og_type":"article","og_title":"CIB Workshop: Jugend forscht Iberia 2024 - CIB Group","og_description":"CIB veranstaltete in Madrid ein zweit\u00e4giger Workshop mit den Betreuern der Jugend forscht-Projekte an neun Deutschen Auslandsschulen.","og_url":"https:\/\/www.cib.de\/es\/cib-workshop-jugend-forscht-iberia\/","og_site_name":"CIB Group","article_publisher":"https:\/\/www.linkedin.com\/company\/cib\/","article_published_time":"2023-07-06T15:04:48+00:00","article_modified_time":"2025-04-09T10:08:43+00:00","og_image":[{"width":1500,"height":500,"url":"https:\/\/www.cib.de\/wp-content\/uploads\/2023\/06\/HG_blog.jpg","type":"image\/jpeg"}],"author":"CIB Group","twitter_card":"summary_large_image","twitter_misc":{"Escrito por":"CIB Group","Tiempo de lectura":"2 minutos"},"schema":{"@context":"https:\/\/schema.org","@graph":[{"@type":"Article","@id":"https:\/\/www.cib.de\/cib-workshop-jugend-forscht-iberia\/#article","isPartOf":{"@id":"https:\/\/www.cib.de\/cib-workshop-jugend-forscht-iberia\/"},"author":{"name":"CIB Group","@id":"https:\/\/www.cib.de\/#\/schema\/person\/4c70f0634b93acb47baacdb671694155"},"headline":"CIB Workshop: Jugend forscht Iberia 2024","datePublished":"2023-07-06T15:04:48+00:00","dateModified":"2025-04-09T10:08:43+00:00","mainEntityOfPage":{"@id":"https:\/\/www.cib.de\/cib-workshop-jugend-forscht-iberia\/"},"wordCount":316,"publisher":{"@id":"https:\/\/www.cib.de\/#organization"},"image":{"@id":"https:\/\/www.cib.de\/cib-workshop-jugend-forscht-iberia\/#primaryimage"},"thumbnailUrl":"https:\/\/www.cib.de\/wp-content\/uploads\/2023\/06\/HG_blog-e1767952043549.jpg","keywords":["CIB Impulsa","Jugend forscht","CIB Group"],"articleSection":["CIB proActive"],"inLanguage":"es"},{"@type":"WebPage","@id":"https:\/\/www.cib.de\/cib-workshop-jugend-forscht-iberia\/","url":"https:\/\/www.cib.de\/cib-workshop-jugend-forscht-iberia\/","name":"CIB Workshop: Jugend forscht Iberia 2024 - CIB Group","isPartOf":{"@id":"https:\/\/www.cib.de\/#website"},"primaryImageOfPage":{"@id":"https:\/\/www.cib.de\/cib-workshop-jugend-forscht-iberia\/#primaryimage"},"image":{"@id":"https:\/\/www.cib.de\/cib-workshop-jugend-forscht-iberia\/#primaryimage"},"thumbnailUrl":"https:\/\/www.cib.de\/wp-content\/uploads\/2023\/06\/HG_blog-e1767952043549.jpg","datePublished":"2023-07-06T15:04:48+00:00","dateModified":"2025-04-09T10:08:43+00:00","description":"CIB organiz\u00f3 en Madrid un taller de dos d\u00edas con los supervisores de los proyectos Jugend forscht de nueve colegios alemanes en el extranjero.","breadcrumb":{"@id":"https:\/\/www.cib.de\/cib-workshop-jugend-forscht-iberia\/#breadcrumb"},"inLanguage":"es","potentialAction":[{"@type":"ReadAction","target":["https:\/\/www.cib.de\/cib-workshop-jugend-forscht-iberia\/"]}]},{"@type":"ImageObject","inLanguage":"es","@id":"https:\/\/www.cib.de\/cib-workshop-jugend-forscht-iberia\/#primaryimage","url":"https:\/\/www.cib.de\/wp-content\/uploads\/2023\/06\/HG_blog-e1767952043549.jpg","contentUrl":"https:\/\/www.cib.de\/wp-content\/uploads\/2023\/06\/HG_blog-e1767952043549.jpg","width":1485,"height":495},{"@type":"BreadcrumbList","@id":"https:\/\/www.cib.de\/cib-workshop-jugend-forscht-iberia\/#breadcrumb","itemListElement":[{"@type":"ListItem","position":1,"name":"Home","item":"https:\/\/www.cib.de\/"},{"@type":"ListItem","position":2,"name":"CIB Workshop: Jugend forscht Iberia 2024"}]},{"@type":"WebSite","@id":"https:\/\/www.cib.de\/#website","url":"https:\/\/www.cib.de\/","name":"CIB Group","description":"Digitalisierung, Prozessautomatisierung, K\u00fcnstliche Intelligenz","publisher":{"@id":"https:\/\/www.cib.de\/#organization"},"potentialAction":[{"@type":"SearchAction","target":{"@type":"EntryPoint","urlTemplate":"https:\/\/www.cib.de\/?s={search_term_string}"},"query-input":{"@type":"PropertyValueSpecification","valueRequired":true,"valueName":"search_term_string"}}],"inLanguage":"es"},{"@type":"Organization","@id":"https:\/\/www.cib.de\/#organization","name":"CIB Group","url":"https:\/\/www.cib.de\/","logo":{"@type":"ImageObject","inLanguage":"es","@id":"https:\/\/www.cib.de\/#\/schema\/logo\/image\/","url":"https:\/\/www.cib.de\/wp-content\/uploads\/2023\/10\/CIB_Logo_.svg","contentUrl":"https:\/\/www.cib.de\/wp-content\/uploads\/2023\/10\/CIB_Logo_.svg","width":283,"height":128,"caption":"CIB Group"},"image":{"@id":"https:\/\/www.cib.de\/#\/schema\/logo\/image\/"},"sameAs":["https:\/\/www.linkedin.com\/company\/cib\/"]},{"@type":"Person","@id":"https:\/\/www.cib.de\/#\/schema\/person\/4c70f0634b93acb47baacdb671694155","name":"CIB Group","image":{"@type":"ImageObject","inLanguage":"es","@id":"https:\/\/www.cib.de\/wp-content\/uploads\/2023\/03\/logo_signature2.png","url":"https:\/\/www.cib.de\/wp-content\/uploads\/2023\/03\/logo_signature2.png","contentUrl":"https:\/\/www.cib.de\/wp-content\/uploads\/2023\/03\/logo_signature2.png","caption":"CIB Group"},"description":"Expertos en digitalizaci\u00f3n"}]}},"post_mailing_queue_ids":[],"_links":{"self":[{"href":"https:\/\/www.cib.de\/es\/wp-json\/wp\/v2\/posts\/92270","targetHints":{"allow":["GET"]}}],"collection":[{"href":"https:\/\/www.cib.de\/es\/wp-json\/wp\/v2\/posts"}],"about":[{"href":"https:\/\/www.cib.de\/es\/wp-json\/wp\/v2\/types\/post"}],"author":[{"embeddable":true,"href":"https:\/\/www.cib.de\/es\/wp-json\/wp\/v2\/users\/246"}],"replies":[{"embeddable":true,"href":"https:\/\/www.cib.de\/es\/wp-json\/wp\/v2\/comments?post=92270"}],"version-history":[{"count":11,"href":"https:\/\/www.cib.de\/es\/wp-json\/wp\/v2\/posts\/92270\/revisions"}],"predecessor-version":[{"id":95691,"href":"https:\/\/www.cib.de\/es\/wp-json\/wp\/v2\/posts\/92270\/revisions\/95691"}],"wp:featuredmedia":[{"embeddable":true,"href":"https:\/\/www.cib.de\/es\/wp-json\/wp\/v2\/media\/91820"}],"wp:attachment":[{"href":"https:\/\/www.cib.de\/es\/wp-json\/wp\/v2\/media?parent=92270"}],"wp:term":[{"taxonomy":"category","embeddable":true,"href":"https:\/\/www.cib.de\/es\/wp-json\/wp\/v2\/categories?post=92270"},{"taxonomy":"post_tag","embeddable":true,"href":"https:\/\/www.cib.de\/es\/wp-json\/wp\/v2\/tags?post=92270"}],"curies":[{"name":"wp","href":"https:\/\/api.w.org\/{rel}","templated":true}]}}