{"id":99597,"date":"2023-10-03T09:07:33","date_gmt":"2023-10-03T07:07:33","guid":{"rendered":"https:\/\/www.cib.de\/?p=99597"},"modified":"2024-11-04T13:35:12","modified_gmt":"2024-11-04T12:35:12","slug":"financiacion-cib-igualdad-oportunidades-educacion","status":"publish","type":"post","link":"https:\/\/www.cib.de\/es\/cib-arbeitgeberdarlehen-fuer-gleiche-bildungschancen\/","title":{"rendered":"Financiaci\u00f3n CIB para la igualdad de oportunidades en la educaci\u00f3n\u00a0"},"content":{"rendered":"<div data-elementor-type=\"wp-post\" data-elementor-id=\"99597\" class=\"elementor elementor-99597\" data-elementor-post-type=\"post\">\n\t\t\t\t\t\t<section class=\"elementor-section elementor-top-section elementor-element elementor-element-80c588b elementor-section-boxed elementor-section-height-default elementor-section-height-default\" data-id=\"80c588b\" data-element_type=\"section\" data-e-type=\"section\">\n\t\t\t\t\t\t<div class=\"elementor-container elementor-column-gap-default\">\n\t\t\t\t\t<div class=\"elementor-column elementor-col-100 elementor-top-column elementor-element elementor-element-1d2fe9c\" data-id=\"1d2fe9c\" data-element_type=\"column\" data-e-type=\"column\">\n\t\t\t<div class=\"elementor-widget-wrap elementor-element-populated\">\n\t\t\t\t\t\t<div class=\"elementor-element elementor-element-8951b0a elementor-widget elementor-widget-text-editor\" data-id=\"8951b0a\" data-element_type=\"widget\" data-e-type=\"widget\" data-widget_type=\"text-editor.default\">\n\t\t\t\t<div class=\"elementor-widget-container\">\n\t\t\t\t\t\t\t\t\tActualmente hay noticias poco gratas para los estudiantes que dependen de ayudas financieras: El banco de fomento Alemania (KfW) ha anunciado que modificar\u00e1 las condiciones de su pr\u00e9stamo estudiantil a partir de octubre. El tipo de inter\u00e9s pasar\u00e1 del 8,34% al 9,18%. Para muchos, esto supone una bofetada para los j\u00f3venes, teniendo en cuenta que el Gobierno federal alem\u00e1n habla de oportunidades educativas \"para todos\". \t\t\t\t\t\t\t\t<\/div>\n\t\t\t\t<\/div>\n\t\t\t\t<div class=\"elementor-element elementor-element-e787173 elementor-widget elementor-widget-html\" data-id=\"e787173\" data-element_type=\"widget\" data-e-type=\"widget\" data-widget_type=\"html.default\">\n\t\t\t\t<div class=\"elementor-widget-container\">\n\t\t\t\t\t<p hidden><\/p>\t\t\t\t<\/div>\n\t\t\t\t<\/div>\n\t\t\t\t\t<\/div>\n\t\t<\/div>\n\t\t\t\t\t<\/div>\n\t\t<\/section>\n\t\t\t\t<section class=\"elementor-section elementor-top-section elementor-element elementor-element-3a11bd7 elementor-reverse-mobile elementor-section-boxed elementor-section-height-default elementor-section-height-default\" data-id=\"3a11bd7\" data-element_type=\"section\" data-e-type=\"section\">\n\t\t\t\t\t\t<div class=\"elementor-container elementor-column-gap-default\">\n\t\t\t\t\t<div class=\"elementor-column elementor-col-50 elementor-top-column elementor-element elementor-element-c325c0a\" data-id=\"c325c0a\" data-element_type=\"column\" data-e-type=\"column\">\n\t\t\t<div class=\"elementor-widget-wrap elementor-element-populated\">\n\t\t\t\t\t\t<div class=\"elementor-element elementor-element-adbe80a elementor-widget elementor-widget-text-editor\" data-id=\"adbe80a\" data-element_type=\"widget\" data-e-type=\"widget\" data-widget_type=\"text-editor.default\">\n\t\t\t\t<div class=\"elementor-widget-container\">\n\t\t\t\t\t\t\t\t\t<p>En CIB no nos quedamos de brazos cruzados y ofrecemos un pr\u00e9stamo en condiciones mucho m\u00e1s favorables.<\/p>\t\t\t\t\t\t\t\t<\/div>\n\t\t\t\t<\/div>\n\t\t\t\t\t<\/div>\n\t\t<\/div>\n\t\t\t\t<div class=\"elementor-column elementor-col-50 elementor-top-column elementor-element elementor-element-2979868\" data-id=\"2979868\" data-element_type=\"column\" data-e-type=\"column\">\n\t\t\t<div class=\"elementor-widget-wrap elementor-element-populated\">\n\t\t\t\t\t\t<div class=\"elementor-element elementor-element-34dcd76 elementor-widget__width-initial elementor-widget elementor-widget-image\" data-id=\"34dcd76\" data-element_type=\"widget\" data-e-type=\"widget\" data-widget_type=\"image.default\">\n\t\t\t\t<div class=\"elementor-widget-container\">\n\t\t\t\t\t\t\t\t\t\t\t\t\t\t\t<img fetchpriority=\"high\" decoding=\"async\" width=\"1024\" height=\"397\" src=\"https:\/\/www.cib.de\/wp-content\/uploads\/2022\/10\/Blog-Headergraphics_jovenes-talentos_1-1024x397.png\" class=\"attachment-large size-large wp-image-58362\" alt=\"\" srcset=\"https:\/\/www.cib.de\/wp-content\/uploads\/2022\/10\/Blog-Headergraphics_jovenes-talentos_1-1024x397.png 1024w, https:\/\/www.cib.de\/wp-content\/uploads\/2022\/10\/Blog-Headergraphics_jovenes-talentos_1-475x184.png 475w, https:\/\/www.cib.de\/wp-content\/uploads\/2022\/10\/Blog-Headergraphics_jovenes-talentos_1-768x298.png 768w, https:\/\/www.cib.de\/wp-content\/uploads\/2022\/10\/Blog-Headergraphics_jovenes-talentos_1-e1768315243611.png 1031w\" sizes=\"(max-width: 1024px) 100vw, 1024px\" \/>\t\t\t\t\t\t\t\t\t\t\t\t\t\t\t<\/div>\n\t\t\t\t<\/div>\n\t\t\t\t\t<\/div>\n\t\t<\/div>\n\t\t\t\t\t<\/div>\n\t\t<\/section>\n\t\t\t\t<section class=\"elementor-section elementor-top-section elementor-element elementor-element-fa5b1c7 elementor-section-boxed elementor-section-height-default elementor-section-height-default\" data-id=\"fa5b1c7\" data-element_type=\"section\" data-e-type=\"section\">\n\t\t\t\t\t\t<div class=\"elementor-container elementor-column-gap-default\">\n\t\t\t\t\t<div class=\"elementor-column elementor-col-100 elementor-top-column elementor-element elementor-element-81e65f8\" data-id=\"81e65f8\" data-element_type=\"column\" data-e-type=\"column\">\n\t\t\t<div class=\"elementor-widget-wrap elementor-element-populated\">\n\t\t\t\t\t\t<div class=\"elementor-element elementor-element-f1aa491 elementor-widget elementor-widget-text-editor\" data-id=\"f1aa491\" data-element_type=\"widget\" data-e-type=\"widget\" data-widget_type=\"text-editor.default\">\n\t\t\t\t<div class=\"elementor-widget-container\">\n\t\t\t\t\t\t\t\t\t<p>Nuestro modelo de financiaci\u00f3n no se dirige \u00fanicamente a los trabajadores que desean financiar una casa o la instalaci\u00f3n de placas solares en su vivienda, sino expl\u00edcitamente a los que desean invertir en formaci\u00f3n y educaci\u00f3n.<\/p>\t\t\t\t\t\t\t\t<\/div>\n\t\t\t\t<\/div>\n\t\t\t\t\t<\/div>\n\t\t<\/div>\n\t\t\t\t\t<\/div>\n\t\t<\/section>\n\t\t\t\t<section class=\"elementor-section elementor-top-section elementor-element elementor-element-eeeec13 elementor-section-boxed elementor-section-height-default elementor-section-height-default\" data-id=\"eeeec13\" data-element_type=\"section\" data-e-type=\"section\">\n\t\t\t\t\t\t<div class=\"elementor-container elementor-column-gap-default\">\n\t\t\t\t\t<div class=\"elementor-column elementor-col-100 elementor-top-column elementor-element elementor-element-e4d4028\" data-id=\"e4d4028\" data-element_type=\"column\" data-e-type=\"column\">\n\t\t\t<div class=\"elementor-widget-wrap elementor-element-populated\">\n\t\t\t\t\t\t<div class=\"elementor-element elementor-element-af822f5 elementor-widget elementor-widget-heading\" data-id=\"af822f5\" data-element_type=\"widget\" data-e-type=\"widget\" data-widget_type=\"heading.default\">\n\t\t\t\t<div class=\"elementor-widget-container\">\n\t\t\t\t\t<h2 class=\"elementor-heading-title elementor-size-default\">Nuestra motivaci\u00f3n? <\/h2>\t\t\t\t<\/div>\n\t\t\t\t<\/div>\n\t\t\t\t<div class=\"elementor-element elementor-element-a3d8ac4 elementor-widget elementor-widget-text-editor\" data-id=\"a3d8ac4\" data-element_type=\"widget\" data-e-type=\"widget\" data-widget_type=\"text-editor.default\">\n\t\t\t\t<div class=\"elementor-widget-container\">\n\t\t\t\t\t\t\t\t\t<p>En tiempos en que la financiaci\u00f3n de la educaci\u00f3n adquiere cada vez m\u00e1s importancia, nos gustar\u00eda aportar nuestra contribuci\u00f3n. Porque la educaci\u00f3n y la igualdad de oportunidades no deben depender de las condiciones de cr\u00e9dito.<\/p>\t\t\t\t\t\t\t\t<\/div>\n\t\t\t\t<\/div>\n\t\t\t\t\t<\/div>\n\t\t<\/div>\n\t\t\t\t\t<\/div>\n\t\t<\/section>\n\t\t\t\t<section class=\"elementor-section elementor-top-section elementor-element elementor-element-e6b6b2f elementor-section-boxed elementor-section-height-default elementor-section-height-default\" data-id=\"e6b6b2f\" data-element_type=\"section\" data-e-type=\"section\">\n\t\t\t\t\t\t<div class=\"elementor-container elementor-column-gap-default\">\n\t\t\t\t\t<div class=\"elementor-column elementor-col-50 elementor-top-column elementor-element elementor-element-8de2557\" data-id=\"8de2557\" data-element_type=\"column\" data-e-type=\"column\">\n\t\t\t<div class=\"elementor-widget-wrap elementor-element-populated\">\n\t\t\t\t\t\t<div class=\"elementor-element elementor-element-a164179 elementor-widget elementor-widget-image\" data-id=\"a164179\" data-element_type=\"widget\" data-e-type=\"widget\" data-widget_type=\"image.default\">\n\t\t\t\t<div class=\"elementor-widget-container\">\n\t\t\t\t\t\t\t\t\t\t\t\t\t\t\t<img decoding=\"async\" width=\"600\" height=\"600\" src=\"https:\/\/www.cib.de\/wp-content\/uploads\/2023\/10\/finatiation-49-e1767881904579.png\" class=\"attachment-large size-large wp-image-99680\" alt=\"\" \/>\t\t\t\t\t\t\t\t\t\t\t\t\t\t\t<\/div>\n\t\t\t\t<\/div>\n\t\t\t\t\t<\/div>\n\t\t<\/div>\n\t\t\t\t<div class=\"elementor-column elementor-col-50 elementor-top-column elementor-element elementor-element-7b3ad51\" data-id=\"7b3ad51\" data-element_type=\"column\" data-e-type=\"column\">\n\t\t\t<div class=\"elementor-widget-wrap elementor-element-populated\">\n\t\t\t\t\t\t<div class=\"elementor-element elementor-element-752bd91 elementor-widget elementor-widget-text-editor\" data-id=\"752bd91\" data-element_type=\"widget\" data-e-type=\"widget\" data-widget_type=\"text-editor.default\">\n\t\t\t\t<div class=\"elementor-widget-container\">\n\t\t\t\t\t\t\t\t\t<ul><li class=\"translation-block\"><strong>Tipos de inter\u00e9s m\u00e1s bajos:<\/strong> En comparaci\u00f3n con los bancos tradicionales y ahora tambi\u00e9n con el KfW, ofrecemos tipos de inter\u00e9s significativamente m\u00e1s bajos.<\/li><li class=\"translation-block\"><strong>F\u00e1cil acceso:<\/strong> La relaci\u00f3n con nuestros empleados es importante para nosotros. Por eso dise\u00f1amos el proceso de cr\u00e9dito para que sea sencillo y directo.<\/li><li class=\"translation-block\"><strong>Reembolso flexible:<\/strong> A menudo, el reembolso puede realizarse directamente a trav\u00e9s de la n\u00f3mina o de una paga extra, lo que facilita enormemente la tramitaci\u00f3n.<\/li><li class=\"translation-block\"><strong>Opciones de financiaci\u00f3n:<\/strong> Ya sea para estudiar, formarse, comprar una casa, un coche o un sistema fotovoltaico, nuestro pr\u00e9stamo ofrece una amplia gama de opciones.<\/li><\/ul>\t\t\t\t\t\t\t\t<\/div>\n\t\t\t\t<\/div>\n\t\t\t\t\t<\/div>\n\t\t<\/div>\n\t\t\t\t\t<\/div>\n\t\t<\/section>\n\t\t\t\t<section class=\"elementor-section elementor-top-section elementor-element elementor-element-c3e577e elementor-section-boxed elementor-section-height-default elementor-section-height-default\" data-id=\"c3e577e\" data-element_type=\"section\" data-e-type=\"section\">\n\t\t\t\t\t\t<div class=\"elementor-container elementor-column-gap-default\">\n\t\t\t\t\t<div class=\"elementor-column elementor-col-100 elementor-top-column elementor-element elementor-element-db804e9\" data-id=\"db804e9\" data-element_type=\"column\" data-e-type=\"column\">\n\t\t\t<div class=\"elementor-widget-wrap elementor-element-populated\">\n\t\t\t\t\t\t<div class=\"elementor-element elementor-element-2825941 elementor-widget elementor-widget-text-editor\" data-id=\"2825941\" data-element_type=\"widget\" data-e-type=\"widget\" data-widget_type=\"text-editor.default\">\n\t\t\t\t<div class=\"elementor-widget-container\">\n\t\t\t\t\t\t\t\t\t<p>Adem\u00e1s, nos aseguramos de que las prestaciones de intereses est\u00e9n exentas de impuestos para nuestros empleados.<\/p>\t\t\t\t\t\t\t\t<\/div>\n\t\t\t\t<\/div>\n\t\t\t\t<div class=\"elementor-element elementor-element-f7c4601 elementor-widget elementor-widget-text-editor\" data-id=\"f7c4601\" data-element_type=\"widget\" data-e-type=\"widget\" data-widget_type=\"text-editor.default\">\n\t\t\t\t<div class=\"elementor-widget-container\">\n\t\t\t\t\t\t\t\t\t<p>Let\u2019s CIB!<br><\/p>\t\t\t\t\t\t\t\t<\/div>\n\t\t\t\t<\/div>\n\t\t\t\t\t<\/div>\n\t\t<\/div>\n\t\t\t\t\t<\/div>\n\t\t<\/section>\n\t\t\t\t<\/div>","protected":false},"excerpt":{"rendered":"<p>Wenig erfreuliche Nachrichten gibt es derzeit f\u00fcr Studierende, die auf finanzielle Unterst\u00fctzung angewiesen sind: Die KfW hat angek\u00fcndigt, ab Oktober die Konditionen f\u00fcr ihren Studienkredit zu \u00e4ndern. Der Zinssatz steigt auf 8,34 bis 9,18 Prozent. F\u00fcr viele ein Schlag ins Gesicht, zumal die Bundesregierung von Bildungschancen f\u00fcr &#8220;alle&#8221; spricht. Wir sehen dieser Situation nicht tatenlos &#8230; <a title=\"CIB Arbeitgeberdarlehen f\u00fcr Bildungschancen &#8211; CIB reagiert auf die \u00c4nderung der KfW-Konditionen\u00a0\" class=\"read-more\" href=\"https:\/\/www.cib.de\/es\/cib-arbeitgeberdarlehen-fuer-gleiche-bildungschancen\/\" aria-label=\"Leer m\u00e1s sobre CIB Arbeitgeberdarlehen f\u00fcr Bildungschancen &#8211; CIB reagiert auf die \u00c4nderung der KfW-Konditionen\u00a0\">Leer m\u00e1s<\/a><\/p>","protected":false},"author":246,"featured_media":99676,"comment_status":"closed","ping_status":"closed","sticky":false,"template":"","format":"standard","meta":{"_acf_changed":false,"footnotes":""},"categories":[1],"tags":[1064,2169],"class_list":["post-99597","post","type-post","status-publish","format-standard","has-post-thumbnail","hentry","category-cib-group","tag-soziale-verantwortung","tag-cib-incentives"],"acf":[],"yoast_head":"<!-- This site is optimized with the Yoast SEO plugin v27.5 - https:\/\/yoast.com\/product\/yoast-seo-wordpress\/ -->\n<title>CIB Arbeitgeberdarlehen f\u00fcr Bildungschancen - CIB reagiert auf die \u00c4nderung der KfW-Konditionen\u00a0 - CIB Group<\/title>\n<meta name=\"description\" content=\"CIB bietet Mitarbeiter Arbeitgeberdarlehen zu niedrigen Zinsen und Konditionen. Jetzt auch f\u00fcr die Finanzierung von Bildung!\" \/>\n<meta name=\"robots\" content=\"index, follow, max-snippet:-1, max-image-preview:large, max-video-preview:-1\" \/>\n<link rel=\"canonical\" href=\"https:\/\/www.cib.de\/es\/financiacion-cib-igualdad-oportunidades-educacion\/\" \/>\n<meta property=\"og:locale\" content=\"es_ES\" \/>\n<meta property=\"og:type\" content=\"article\" \/>\n<meta property=\"og:title\" content=\"CIB Arbeitgeberdarlehen f\u00fcr Bildungschancen - CIB reagiert auf die \u00c4nderung der KfW-Konditionen\u00a0 - CIB Group\" \/>\n<meta property=\"og:description\" content=\"CIB bietet Mitarbeiter Arbeitgeberdarlehen zu niedrigen Zinsen und Konditionen. Jetzt auch f\u00fcr die Finanzierung von Bildung!\" \/>\n<meta property=\"og:url\" content=\"https:\/\/www.cib.de\/es\/financiacion-cib-igualdad-oportunidades-educacion\/\" \/>\n<meta property=\"og:site_name\" content=\"CIB Group\" \/>\n<meta property=\"article:publisher\" content=\"https:\/\/www.linkedin.com\/company\/cib\/\" \/>\n<meta property=\"article:published_time\" content=\"2023-10-03T07:07:33+00:00\" \/>\n<meta property=\"article:modified_time\" content=\"2024-11-04T12:35:12+00:00\" \/>\n<meta property=\"og:image\" content=\"https:\/\/www.cib.de\/wp-content\/uploads\/2023\/10\/blog.jpg\" \/>\n\t<meta property=\"og:image:width\" content=\"1600\" \/>\n\t<meta property=\"og:image:height\" content=\"645\" \/>\n\t<meta property=\"og:image:type\" content=\"image\/jpeg\" \/>\n<meta name=\"author\" content=\"CIB Group\" \/>\n<meta name=\"twitter:card\" content=\"summary_large_image\" \/>\n<meta name=\"twitter:label1\" content=\"Escrito por\" \/>\n\t<meta name=\"twitter:data1\" content=\"CIB Group\" \/>\n\t<meta name=\"twitter:label2\" content=\"Tiempo de lectura\" \/>\n\t<meta name=\"twitter:data2\" content=\"2 minutos\" \/>\n<script type=\"application\/ld+json\" class=\"yoast-schema-graph\">{\"@context\":\"https:\\\/\\\/schema.org\",\"@graph\":[{\"@type\":\"Article\",\"@id\":\"https:\\\/\\\/www.cib.de\\\/cib-arbeitgeberdarlehen-fuer-gleiche-bildungschancen\\\/#article\",\"isPartOf\":{\"@id\":\"https:\\\/\\\/www.cib.de\\\/cib-arbeitgeberdarlehen-fuer-gleiche-bildungschancen\\\/\"},\"author\":{\"name\":\"CIB Group\",\"@id\":\"https:\\\/\\\/www.cib.de\\\/#\\\/schema\\\/person\\\/4c70f0634b93acb47baacdb671694155\"},\"headline\":\"CIB Arbeitgeberdarlehen f\u00fcr Bildungschancen &#8211; CIB reagiert auf die \u00c4nderung der KfW-Konditionen\u00a0\",\"datePublished\":\"2023-10-03T07:07:33+00:00\",\"dateModified\":\"2024-11-04T12:35:12+00:00\",\"mainEntityOfPage\":{\"@id\":\"https:\\\/\\\/www.cib.de\\\/cib-arbeitgeberdarlehen-fuer-gleiche-bildungschancen\\\/\"},\"wordCount\":247,\"publisher\":{\"@id\":\"https:\\\/\\\/www.cib.de\\\/#organization\"},\"image\":{\"@id\":\"https:\\\/\\\/www.cib.de\\\/cib-arbeitgeberdarlehen-fuer-gleiche-bildungschancen\\\/#primaryimage\"},\"thumbnailUrl\":\"https:\\\/\\\/www.cib.de\\\/wp-content\\\/uploads\\\/2023\\\/10\\\/blog-e1767881916917.jpg\",\"keywords\":[\"Soziale Verantwortung\",\"CIB Incentives\"],\"articleSection\":[\"CIB Group\"],\"inLanguage\":\"es\"},{\"@type\":\"WebPage\",\"@id\":\"https:\\\/\\\/www.cib.de\\\/cib-arbeitgeberdarlehen-fuer-gleiche-bildungschancen\\\/\",\"url\":\"https:\\\/\\\/www.cib.de\\\/cib-arbeitgeberdarlehen-fuer-gleiche-bildungschancen\\\/\",\"name\":\"CIB Arbeitgeberdarlehen f\u00fcr Bildungschancen - CIB reagiert auf die \u00c4nderung der KfW-Konditionen\u00a0 - CIB Group\",\"isPartOf\":{\"@id\":\"https:\\\/\\\/www.cib.de\\\/#website\"},\"primaryImageOfPage\":{\"@id\":\"https:\\\/\\\/www.cib.de\\\/cib-arbeitgeberdarlehen-fuer-gleiche-bildungschancen\\\/#primaryimage\"},\"image\":{\"@id\":\"https:\\\/\\\/www.cib.de\\\/cib-arbeitgeberdarlehen-fuer-gleiche-bildungschancen\\\/#primaryimage\"},\"thumbnailUrl\":\"https:\\\/\\\/www.cib.de\\\/wp-content\\\/uploads\\\/2023\\\/10\\\/blog-e1767881916917.jpg\",\"datePublished\":\"2023-10-03T07:07:33+00:00\",\"dateModified\":\"2024-11-04T12:35:12+00:00\",\"description\":\"CIB bietet Mitarbeiter Arbeitgeberdarlehen zu niedrigen Zinsen und Konditionen. Jetzt auch f\u00fcr die Finanzierung von Bildung!\",\"breadcrumb\":{\"@id\":\"https:\\\/\\\/www.cib.de\\\/cib-arbeitgeberdarlehen-fuer-gleiche-bildungschancen\\\/#breadcrumb\"},\"inLanguage\":\"es\",\"potentialAction\":[{\"@type\":\"ReadAction\",\"target\":[\"https:\\\/\\\/www.cib.de\\\/cib-arbeitgeberdarlehen-fuer-gleiche-bildungschancen\\\/\"]}]},{\"@type\":\"ImageObject\",\"inLanguage\":\"es\",\"@id\":\"https:\\\/\\\/www.cib.de\\\/cib-arbeitgeberdarlehen-fuer-gleiche-bildungschancen\\\/#primaryimage\",\"url\":\"https:\\\/\\\/www.cib.de\\\/wp-content\\\/uploads\\\/2023\\\/10\\\/blog-e1767881916917.jpg\",\"contentUrl\":\"https:\\\/\\\/www.cib.de\\\/wp-content\\\/uploads\\\/2023\\\/10\\\/blog-e1767881916917.jpg\",\"width\":1488,\"height\":600},{\"@type\":\"BreadcrumbList\",\"@id\":\"https:\\\/\\\/www.cib.de\\\/cib-arbeitgeberdarlehen-fuer-gleiche-bildungschancen\\\/#breadcrumb\",\"itemListElement\":[{\"@type\":\"ListItem\",\"position\":1,\"name\":\"Home\",\"item\":\"https:\\\/\\\/www.cib.de\\\/\"},{\"@type\":\"ListItem\",\"position\":2,\"name\":\"CIB Arbeitgeberdarlehen f\u00fcr Bildungschancen &#8211; CIB reagiert auf die \u00c4nderung der KfW-Konditionen\u00a0\"}]},{\"@type\":\"WebSite\",\"@id\":\"https:\\\/\\\/www.cib.de\\\/#website\",\"url\":\"https:\\\/\\\/www.cib.de\\\/\",\"name\":\"CIB Group\",\"description\":\"Digitalisierung, Prozessautomatisierung, K\u00fcnstliche Intelligenz\",\"publisher\":{\"@id\":\"https:\\\/\\\/www.cib.de\\\/#organization\"},\"potentialAction\":[{\"@type\":\"SearchAction\",\"target\":{\"@type\":\"EntryPoint\",\"urlTemplate\":\"https:\\\/\\\/www.cib.de\\\/?s={search_term_string}\"},\"query-input\":{\"@type\":\"PropertyValueSpecification\",\"valueRequired\":true,\"valueName\":\"search_term_string\"}}],\"inLanguage\":\"es\"},{\"@type\":\"Organization\",\"@id\":\"https:\\\/\\\/www.cib.de\\\/#organization\",\"name\":\"CIB Group\",\"url\":\"https:\\\/\\\/www.cib.de\\\/\",\"logo\":{\"@type\":\"ImageObject\",\"inLanguage\":\"es\",\"@id\":\"https:\\\/\\\/www.cib.de\\\/#\\\/schema\\\/logo\\\/image\\\/\",\"url\":\"https:\\\/\\\/www.cib.de\\\/wp-content\\\/uploads\\\/2023\\\/10\\\/CIB_Logo_.svg\",\"contentUrl\":\"https:\\\/\\\/www.cib.de\\\/wp-content\\\/uploads\\\/2023\\\/10\\\/CIB_Logo_.svg\",\"width\":283,\"height\":128,\"caption\":\"CIB Group\"},\"image\":{\"@id\":\"https:\\\/\\\/www.cib.de\\\/#\\\/schema\\\/logo\\\/image\\\/\"},\"sameAs\":[\"https:\\\/\\\/www.linkedin.com\\\/company\\\/cib\\\/\"]},{\"@type\":\"Person\",\"@id\":\"https:\\\/\\\/www.cib.de\\\/#\\\/schema\\\/person\\\/4c70f0634b93acb47baacdb671694155\",\"name\":\"CIB Group\",\"image\":{\"@type\":\"ImageObject\",\"inLanguage\":\"es\",\"@id\":\"https:\\\/\\\/www.cib.de\\\/wp-content\\\/uploads\\\/2023\\\/03\\\/logo_signature2.png\",\"url\":\"https:\\\/\\\/www.cib.de\\\/wp-content\\\/uploads\\\/2023\\\/03\\\/logo_signature2.png\",\"contentUrl\":\"https:\\\/\\\/www.cib.de\\\/wp-content\\\/uploads\\\/2023\\\/03\\\/logo_signature2.png\",\"caption\":\"CIB Group\"},\"description\":\"Die Digitalisierungsexperten\"}]}<\/script>\n<!-- \/ Yoast SEO plugin. -->","yoast_head_json":{"title":"Financiaci\u00f3n CIB para la igualdad de oportunidades en la educaci\u00f3n- CIB responde a la subida de los tipos de inter\u00e9s","description":"CIB bietet Mitarbeiter Arbeitgeberdarlehen zu niedrigen Zinsen und Konditionen. Jetzt auch f\u00fcr die Finanzierung von Bildung!","robots":{"index":"index","follow":"follow","max-snippet":"max-snippet:-1","max-image-preview":"max-image-preview:large","max-video-preview":"max-video-preview:-1"},"canonical":"https:\/\/www.cib.de\/es\/financiacion-cib-igualdad-oportunidades-educacion\/","og_locale":"es_ES","og_type":"article","og_title":"CIB Arbeitgeberdarlehen f\u00fcr Bildungschancen - CIB reagiert auf die \u00c4nderung der KfW-Konditionen\u00a0 - CIB Group","og_description":"CIB bietet Mitarbeiter Arbeitgeberdarlehen zu niedrigen Zinsen und Konditionen. Jetzt auch f\u00fcr die Finanzierung von Bildung!","og_url":"https:\/\/www.cib.de\/es\/financiacion-cib-igualdad-oportunidades-educacion\/","og_site_name":"CIB Group","article_publisher":"https:\/\/www.linkedin.com\/company\/cib\/","article_published_time":"2023-10-03T07:07:33+00:00","article_modified_time":"2024-11-04T12:35:12+00:00","og_image":[{"width":1600,"height":645,"url":"https:\/\/www.cib.de\/wp-content\/uploads\/2023\/10\/blog.jpg","type":"image\/jpeg"}],"author":"CIB Group","twitter_card":"summary_large_image","twitter_misc":{"Escrito por":"CIB Group","Tiempo de lectura":"2 minutos"},"schema":{"@context":"https:\/\/schema.org","@graph":[{"@type":"Article","@id":"https:\/\/www.cib.de\/cib-arbeitgeberdarlehen-fuer-gleiche-bildungschancen\/#article","isPartOf":{"@id":"https:\/\/www.cib.de\/cib-arbeitgeberdarlehen-fuer-gleiche-bildungschancen\/"},"author":{"name":"CIB Group","@id":"https:\/\/www.cib.de\/#\/schema\/person\/4c70f0634b93acb47baacdb671694155"},"headline":"CIB Arbeitgeberdarlehen f\u00fcr Bildungschancen &#8211; CIB reagiert auf die \u00c4nderung der KfW-Konditionen\u00a0","datePublished":"2023-10-03T07:07:33+00:00","dateModified":"2024-11-04T12:35:12+00:00","mainEntityOfPage":{"@id":"https:\/\/www.cib.de\/cib-arbeitgeberdarlehen-fuer-gleiche-bildungschancen\/"},"wordCount":247,"publisher":{"@id":"https:\/\/www.cib.de\/#organization"},"image":{"@id":"https:\/\/www.cib.de\/cib-arbeitgeberdarlehen-fuer-gleiche-bildungschancen\/#primaryimage"},"thumbnailUrl":"https:\/\/www.cib.de\/wp-content\/uploads\/2023\/10\/blog-e1767881916917.jpg","keywords":["Soziale Verantwortung","CIB Incentives"],"articleSection":["CIB Group"],"inLanguage":"es"},{"@type":"WebPage","@id":"https:\/\/www.cib.de\/cib-arbeitgeberdarlehen-fuer-gleiche-bildungschancen\/","url":"https:\/\/www.cib.de\/cib-arbeitgeberdarlehen-fuer-gleiche-bildungschancen\/","name":"Financiaci\u00f3n CIB para la igualdad de oportunidades en la educaci\u00f3n- CIB responde a la subida de los tipos de inter\u00e9s","isPartOf":{"@id":"https:\/\/www.cib.de\/#website"},"primaryImageOfPage":{"@id":"https:\/\/www.cib.de\/cib-arbeitgeberdarlehen-fuer-gleiche-bildungschancen\/#primaryimage"},"image":{"@id":"https:\/\/www.cib.de\/cib-arbeitgeberdarlehen-fuer-gleiche-bildungschancen\/#primaryimage"},"thumbnailUrl":"https:\/\/www.cib.de\/wp-content\/uploads\/2023\/10\/blog-e1767881916917.jpg","datePublished":"2023-10-03T07:07:33+00:00","dateModified":"2024-11-04T12:35:12+00:00","description":"CIB bietet Mitarbeiter Arbeitgeberdarlehen zu niedrigen Zinsen und Konditionen. Jetzt auch f\u00fcr die Finanzierung von Bildung!","breadcrumb":{"@id":"https:\/\/www.cib.de\/cib-arbeitgeberdarlehen-fuer-gleiche-bildungschancen\/#breadcrumb"},"inLanguage":"es","potentialAction":[{"@type":"ReadAction","target":["https:\/\/www.cib.de\/cib-arbeitgeberdarlehen-fuer-gleiche-bildungschancen\/"]}]},{"@type":"ImageObject","inLanguage":"es","@id":"https:\/\/www.cib.de\/cib-arbeitgeberdarlehen-fuer-gleiche-bildungschancen\/#primaryimage","url":"https:\/\/www.cib.de\/wp-content\/uploads\/2023\/10\/blog-e1767881916917.jpg","contentUrl":"https:\/\/www.cib.de\/wp-content\/uploads\/2023\/10\/blog-e1767881916917.jpg","width":1488,"height":600},{"@type":"BreadcrumbList","@id":"https:\/\/www.cib.de\/cib-arbeitgeberdarlehen-fuer-gleiche-bildungschancen\/#breadcrumb","itemListElement":[{"@type":"ListItem","position":1,"name":"Home","item":"https:\/\/www.cib.de\/"},{"@type":"ListItem","position":2,"name":"CIB Arbeitgeberdarlehen f\u00fcr Bildungschancen &#8211; CIB reagiert auf die \u00c4nderung der KfW-Konditionen\u00a0"}]},{"@type":"WebSite","@id":"https:\/\/www.cib.de\/#website","url":"https:\/\/www.cib.de\/","name":"CIB Group","description":"Digitalisierung, Prozessautomatisierung, K\u00fcnstliche Intelligenz","publisher":{"@id":"https:\/\/www.cib.de\/#organization"},"potentialAction":[{"@type":"SearchAction","target":{"@type":"EntryPoint","urlTemplate":"https:\/\/www.cib.de\/?s={search_term_string}"},"query-input":{"@type":"PropertyValueSpecification","valueRequired":true,"valueName":"search_term_string"}}],"inLanguage":"es"},{"@type":"Organization","@id":"https:\/\/www.cib.de\/#organization","name":"CIB Group","url":"https:\/\/www.cib.de\/","logo":{"@type":"ImageObject","inLanguage":"es","@id":"https:\/\/www.cib.de\/#\/schema\/logo\/image\/","url":"https:\/\/www.cib.de\/wp-content\/uploads\/2023\/10\/CIB_Logo_.svg","contentUrl":"https:\/\/www.cib.de\/wp-content\/uploads\/2023\/10\/CIB_Logo_.svg","width":283,"height":128,"caption":"CIB Group"},"image":{"@id":"https:\/\/www.cib.de\/#\/schema\/logo\/image\/"},"sameAs":["https:\/\/www.linkedin.com\/company\/cib\/"]},{"@type":"Person","@id":"https:\/\/www.cib.de\/#\/schema\/person\/4c70f0634b93acb47baacdb671694155","name":"CIB Group","image":{"@type":"ImageObject","inLanguage":"es","@id":"https:\/\/www.cib.de\/wp-content\/uploads\/2023\/03\/logo_signature2.png","url":"https:\/\/www.cib.de\/wp-content\/uploads\/2023\/03\/logo_signature2.png","contentUrl":"https:\/\/www.cib.de\/wp-content\/uploads\/2023\/03\/logo_signature2.png","caption":"CIB Group"},"description":"Expertos en digitalizaci\u00f3n"}]}},"post_mailing_queue_ids":[],"_links":{"self":[{"href":"https:\/\/www.cib.de\/es\/wp-json\/wp\/v2\/posts\/99597","targetHints":{"allow":["GET"]}}],"collection":[{"href":"https:\/\/www.cib.de\/es\/wp-json\/wp\/v2\/posts"}],"about":[{"href":"https:\/\/www.cib.de\/es\/wp-json\/wp\/v2\/types\/post"}],"author":[{"embeddable":true,"href":"https:\/\/www.cib.de\/es\/wp-json\/wp\/v2\/users\/246"}],"replies":[{"embeddable":true,"href":"https:\/\/www.cib.de\/es\/wp-json\/wp\/v2\/comments?post=99597"}],"version-history":[{"count":40,"href":"https:\/\/www.cib.de\/es\/wp-json\/wp\/v2\/posts\/99597\/revisions"}],"predecessor-version":[{"id":99951,"href":"https:\/\/www.cib.de\/es\/wp-json\/wp\/v2\/posts\/99597\/revisions\/99951"}],"wp:featuredmedia":[{"embeddable":true,"href":"https:\/\/www.cib.de\/es\/wp-json\/wp\/v2\/media\/99676"}],"wp:attachment":[{"href":"https:\/\/www.cib.de\/es\/wp-json\/wp\/v2\/media?parent=99597"}],"wp:term":[{"taxonomy":"category","embeddable":true,"href":"https:\/\/www.cib.de\/es\/wp-json\/wp\/v2\/categories?post=99597"},{"taxonomy":"post_tag","embeddable":true,"href":"https:\/\/www.cib.de\/es\/wp-json\/wp\/v2\/tags?post=99597"}],"curies":[{"name":"wp","href":"https:\/\/api.w.org\/{rel}","templated":true}]}}