{"id":107307,"date":"2023-12-07T14:40:24","date_gmt":"2023-12-07T13:40:24","guid":{"rendered":"https:\/\/www.cib.de\/?p=107307"},"modified":"2024-06-06T09:12:15","modified_gmt":"2024-06-06T07:12:15","slug":"cib-flow-transforma-o-centro-financeiro-de-baden-wuerttemberg","status":"publish","type":"post","link":"https:\/\/www.cib.de\/pt\/cib-flow-veraendert-finanzaemter-baden-wuerttemberg\/","title":{"rendered":"Transforma\u00e7\u00e3o digital na administra\u00e7\u00e3o fiscal: o CIB flow revoluciona as reparti\u00e7\u00f5es fiscais em Baden-W\u00fcrttemberg"},"content":{"rendered":"<div data-elementor-type=\"wp-post\" data-elementor-id=\"107307\" class=\"elementor elementor-107307\" data-elementor-post-type=\"post\">\n\t\t\t\t\t\t<section class=\"elementor-section elementor-top-section elementor-element elementor-element-4ce258d elementor-section-boxed elementor-section-height-default elementor-section-height-default\" data-id=\"4ce258d\" data-element_type=\"section\" data-e-type=\"section\">\n\t\t\t\t\t\t<div class=\"elementor-container elementor-column-gap-default\">\n\t\t\t\t\t<div class=\"elementor-column elementor-col-100 elementor-top-column elementor-element elementor-element-580dc22\" data-id=\"580dc22\" data-element_type=\"column\" data-e-type=\"column\">\n\t\t\t<div class=\"elementor-widget-wrap elementor-element-populated\">\n\t\t\t\t\t\t<div class=\"elementor-element elementor-element-1395c9f elementor-widget elementor-widget-text-editor\" data-id=\"1395c9f\" data-element_type=\"widget\" data-e-type=\"widget\" data-widget_type=\"text-editor.default\">\n\t\t\t\t<div class=\"elementor-widget-container\">\n\t\t\t\t\t\t\t\t\t<p>Com o <span style=\"text-decoration: underline;\"><a style=\"text-decoration: underline;\" href=\"\/pt\/flow\/\" target=\"_blank\" rel=\"noopener\">CIB flow<\/a><\/span> est\u00e1 a redefinir o futuro da administra\u00e7\u00e3o fiscal em Baden-W\u00fcrttemberg. Desde o ver\u00e3o de 2017, o projeto \"Ag\u00eancia Fiscal do Futuro\" tem impulsionado uma transforma\u00e7\u00e3o sem precedentes em Baden-W\u00fcrttemberg. Com a introdu\u00e7\u00e3o de fluxos de trabalho digitais avan\u00e7ados, revolucion\u00e1mos os processos de trabalho nas reparti\u00e7\u00f5es fiscais do Estado e, ao mesmo tempo, estabelecemos padr\u00f5es em termos de efici\u00eancia e sustentabilidade. A nossa colabora\u00e7\u00e3o bem sucedida com as reparti\u00e7\u00f5es fiscais locais demonstra de forma impressionante como a digitaliza\u00e7\u00e3o pode modernizar a administra\u00e7\u00e3o p\u00fablica e, ao mesmo tempo, poupar recursos consider\u00e1veis.<\/p>\t\t\t\t\t\t\t\t<\/div>\n\t\t\t\t<\/div>\n\t\t\t\t<div class=\"elementor-element elementor-element-2469e39 elementor-widget elementor-widget-heading\" data-id=\"2469e39\" data-element_type=\"widget\" data-e-type=\"widget\" data-widget_type=\"heading.default\">\n\t\t\t\t<div class=\"elementor-widget-container\">\n\t\t\t\t\t<h2 class=\"elementor-heading-title elementor-size-default\">Projeto \"A administra\u00e7\u00e3o fiscal do futuro\"<\/h2>\t\t\t\t<\/div>\n\t\t\t\t<\/div>\n\t\t\t\t<div class=\"elementor-element elementor-element-df307a9 elementor-widget elementor-widget-text-editor\" data-id=\"df307a9\" data-element_type=\"widget\" data-e-type=\"widget\" data-widget_type=\"text-editor.default\">\n\t\t\t\t<div class=\"elementor-widget-container\">\n\t\t\t\t\t\t\t\t\t<p>No \u00e2mbito do \"digital@bw\", a era da digitaliza\u00e7\u00e3o foi lan\u00e7ada em 2017 com o <strong>CIB flow<\/strong> em cinco reparti\u00e7\u00f5es fiscais piloto seleccionadas. O objetivo do projeto \"WoZu-Papier\" (para qu\u00ea papel) \u00e9 transferir os processos em papel para o mundo digital. O resultado: uma mudan\u00e7a impressionante para a gest\u00e3o eletr\u00f3nica de ficheiros, que foi alargada a todas as 65 reparti\u00e7\u00f5es fiscais do pa\u00eds ap\u00f3s uma fase-piloto bem sucedida.<\/p>\t\t\t\t\t\t\t\t<\/div>\n\t\t\t\t<\/div>\n\t\t\t\t<div class=\"elementor-element elementor-element-4db4702 elementor-widget elementor-widget-heading\" data-id=\"4db4702\" data-element_type=\"widget\" data-e-type=\"widget\" data-widget_type=\"heading.default\">\n\t\t\t\t<div class=\"elementor-widget-container\">\n\t\t\t\t\t<h2 class=\"elementor-heading-title elementor-size-default\">Vantagens e benef\u00edcios<\/h2>\t\t\t\t<\/div>\n\t\t\t\t<\/div>\n\t\t\t\t<div class=\"elementor-element elementor-element-10efcae elementor-widget elementor-widget-text-editor\" data-id=\"10efcae\" data-element_type=\"widget\" data-e-type=\"widget\" data-widget_type=\"text-editor.default\">\n\t\t\t\t<div class=\"elementor-widget-container\">\n\t\t\t\t\t\t\t\t\t<p>A introdu\u00e7\u00e3o do <strong>CIB flow<\/strong> marca um ponto de viragem:<\/p><ul><li>Redu\u00e7\u00e3o dr\u00e1stica dos tempos de processamento<\/li><li>Minimiza\u00e7\u00e3o das taxas de erro<\/li><li>Aumento da satisfa\u00e7\u00e3o dos funcion\u00e1rios e dos cidad\u00e3os<\/li><li>Contribui\u00e7\u00e3o significativa para a prote\u00e7\u00e3o do ambiente atrav\u00e9s da redu\u00e7\u00e3o do consumo de papel e das emiss\u00f5es de CO2<\/li><\/ul><p>A introdu\u00e7\u00e3o do <strong>CIB flow<\/strong> nas reparti\u00e7\u00f5es fiscais de Baden-W\u00fcrttemberg traz in\u00fameras vantagens. A automatiza\u00e7\u00e3o de processos normalizados n\u00e3o s\u00f3 reduz drasticamente o tempo de processamento, como tamb\u00e9m minimiza a taxa de erro. Isto resulta numa maior satisfa\u00e7\u00e3o tanto dos funcion\u00e1rios como dos cidad\u00e3os. Al\u00e9m disso, a digitaliza\u00e7\u00e3o permite um tratamento mais transparente e compreens\u00edvel das quest\u00f5es fiscais, o que refor\u00e7a a confian\u00e7a na administra\u00e7\u00e3o fiscal. <strong>CIB flow<\/strong> contribui para a prote\u00e7\u00e3o do ambiente, reduzindo significativamente o consumo de papel e as emiss\u00f5es de CO2.<\/p>\t\t\t\t\t\t\t\t<\/div>\n\t\t\t\t<\/div>\n\t\t\t\t<div class=\"elementor-element elementor-element-98010fd elementor-widget elementor-widget-heading\" data-id=\"98010fd\" data-element_type=\"widget\" data-e-type=\"widget\" data-widget_type=\"heading.default\">\n\t\t\t\t<div class=\"elementor-widget-container\">\n\t\t\t\t\t<h2 class=\"elementor-heading-title elementor-size-default\">Em n\u00fameros<\/h2>\t\t\t\t<\/div>\n\t\t\t\t<\/div>\n\t\t\t\t<div class=\"elementor-element elementor-element-6074eb1 elementor-widget elementor-widget-image\" data-id=\"6074eb1\" data-element_type=\"widget\" data-e-type=\"widget\" data-widget_type=\"image.default\">\n\t\t\t\t<div class=\"elementor-widget-container\">\n\t\t\t\t\t\t\t\t\t\t\t\t\t\t\t<img fetchpriority=\"high\" decoding=\"async\" width=\"1024\" height=\"426\" src=\"https:\/\/www.cib.de\/wp-content\/uploads\/2023\/12\/Flow-blog_img.jpg\" class=\"attachment-large size-large wp-image-107642\" alt=\"\" srcset=\"https:\/\/www.cib.de\/wp-content\/uploads\/2023\/12\/Flow-blog_img.jpg 1442w, https:\/\/www.cib.de\/wp-content\/uploads\/2023\/12\/Flow-blog_img-475x198.jpg 475w, https:\/\/www.cib.de\/wp-content\/uploads\/2023\/12\/Flow-blog_img-1024x426.jpg 1024w, https:\/\/www.cib.de\/wp-content\/uploads\/2023\/12\/Flow-blog_img-768x320.jpg 768w, https:\/\/www.cib.de\/wp-content\/uploads\/2023\/12\/Flow-blog_img-18x7.jpg 18w\" sizes=\"(max-width: 1024px) 100vw, 1024px\" \/>\t\t\t\t\t\t\t\t\t\t\t\t\t\t\t<\/div>\n\t\t\t\t<\/div>\n\t\t\t\t<div class=\"elementor-element elementor-element-89dfe86 elementor-widget elementor-widget-text-editor\" data-id=\"89dfe86\" data-element_type=\"widget\" data-e-type=\"widget\" data-widget_type=\"text-editor.default\">\n\t\t\t\t<div class=\"elementor-widget-container\">\n\t\t\t\t\t\t\t\t\t<ul><li>65 reparti\u00e7\u00f5es fiscais processam a correspond\u00eancia digitalmente<\/li><li>Mais de 5 milh\u00f5es de transac\u00e7\u00f5es processadas digitalmente no primeiro ano<\/li><li>70 toneladas de papel poupadas no primeiro ano, o equivalente a 64 europaletes de papel.<\/li><li>Redu\u00e7\u00e3o do tempo de tratamento das notifica\u00e7\u00f5es gra\u00e7as ao tratamento digital<\/li><\/ul>\t\t\t\t\t\t\t\t<\/div>\n\t\t\t\t<\/div>\n\t\t\t\t<div class=\"elementor-element elementor-element-8747a5d elementor-widget elementor-widget-heading\" data-id=\"8747a5d\" data-element_type=\"widget\" data-e-type=\"widget\" data-widget_type=\"heading.default\">\n\t\t\t\t<div class=\"elementor-widget-container\">\n\t\t\t\t\t<h2 class=\"elementor-heading-title elementor-size-default\">Mais benef\u00edcios<\/h2>\t\t\t\t<\/div>\n\t\t\t\t<\/div>\n\t\t\t\t<div class=\"elementor-element elementor-element-c7eaf68 elementor-widget elementor-widget-text-editor\" data-id=\"c7eaf68\" data-element_type=\"widget\" data-e-type=\"widget\" data-widget_type=\"text-editor.default\">\n\t\t\t\t<div class=\"elementor-widget-container\">\n\t\t\t\t\t\t\t\t\t<ul><li>Possibilidade de os funcion\u00e1rios trabalharem a partir de casa<\/li><li>Processos claramente definidos para um bom funcionamento<\/li><li>Otimiza\u00e7\u00e3o dos custos gra\u00e7as ao controlo centralizado da linha de impress\u00e3o.<\/li><\/ul>\t\t\t\t\t\t\t\t<\/div>\n\t\t\t\t<\/div>\n\t\t\t\t<div class=\"elementor-element elementor-element-19c08da elementor-widget elementor-widget-heading\" data-id=\"19c08da\" data-element_type=\"widget\" data-e-type=\"widget\" data-widget_type=\"heading.default\">\n\t\t\t\t<div class=\"elementor-widget-container\">\n\t\t\t\t\t<h2 class=\"elementor-heading-title elementor-size-default\">Situa\u00e7\u00e3o inicial<\/h2>\t\t\t\t<\/div>\n\t\t\t\t<\/div>\n\t\t\t\t<div class=\"elementor-element elementor-element-7bf5802 elementor-widget elementor-widget-text-editor\" data-id=\"7bf5802\" data-element_type=\"widget\" data-e-type=\"widget\" data-widget_type=\"text-editor.default\">\n\t\t\t\t<div class=\"elementor-widget-container\">\n\t\t\t\t\t\t\t\t\t<p>Anteriormente, os documentos eram impressos de forma descentralizada nas impressoras dos postos de trabalho e nas impressoras multifun\u00e7\u00f5es das 65 reparti\u00e7\u00f5es fiscais, envelopados, carimbados e enviados atrav\u00e9s dos correios internos. Qualquer participa\u00e7\u00e3o necess\u00e1ria do(s) supervisor(es) ou de outros servi\u00e7os (por exemplo, a administra\u00e7\u00e3o fiscal) era efectuada em papel atrav\u00e9s do correio interno. Ap\u00f3s o envio, a c\u00f3pia do processo era arquivada manualmente no processo em papel de cada pessoa.<\/p>\t\t\t\t\t\t\t\t<\/div>\n\t\t\t\t<\/div>\n\t\t\t\t\t<\/div>\n\t\t<\/div>\n\t\t\t\t\t<\/div>\n\t\t<\/section>\n\t\t\t\t<section class=\"elementor-section elementor-top-section elementor-element elementor-element-f9683ba elementor-section-boxed elementor-section-height-default elementor-section-height-default\" data-id=\"f9683ba\" data-element_type=\"section\" data-e-type=\"section\">\n\t\t\t\t\t\t<div class=\"elementor-container elementor-column-gap-default\">\n\t\t\t\t\t<div class=\"elementor-column elementor-col-100 elementor-top-column elementor-element elementor-element-993cdee\" data-id=\"993cdee\" data-element_type=\"column\" data-e-type=\"column\">\n\t\t\t<div class=\"elementor-widget-wrap elementor-element-populated\">\n\t\t\t\t\t\t<div class=\"elementor-element elementor-element-5bd4367 elementor-widget elementor-widget-heading\" data-id=\"5bd4367\" data-element_type=\"widget\" data-e-type=\"widget\" data-widget_type=\"heading.default\">\n\t\t\t\t<div class=\"elementor-widget-container\">\n\t\t\t\t\t<h2 class=\"elementor-heading-title elementor-size-default\">Objetivo<\/h2>\t\t\t\t<\/div>\n\t\t\t\t<\/div>\n\t\t\t\t\t<\/div>\n\t\t<\/div>\n\t\t\t\t\t<\/div>\n\t\t<\/section>\n\t\t\t\t<section class=\"elementor-section elementor-top-section elementor-element elementor-element-59a146b elementor-reverse-mobile elementor-section-boxed elementor-section-height-default elementor-section-height-default\" data-id=\"59a146b\" data-element_type=\"section\" data-e-type=\"section\">\n\t\t\t\t\t\t<div class=\"elementor-container elementor-column-gap-default\">\n\t\t\t\t\t<div class=\"elementor-column elementor-col-50 elementor-top-column elementor-element elementor-element-ff7b465\" data-id=\"ff7b465\" data-element_type=\"column\" data-e-type=\"column\">\n\t\t\t<div class=\"elementor-widget-wrap elementor-element-populated\">\n\t\t\t\t\t\t<div class=\"elementor-element elementor-element-f36b74b elementor-widget elementor-widget-text-editor\" data-id=\"f36b74b\" data-element_type=\"widget\" data-e-type=\"widget\" data-widget_type=\"text-editor.default\">\n\t\t\t\t<div class=\"elementor-widget-container\">\n\t\t\t\t\t\t\t\t\t<p class=\"translation-block\">O objetivo  principal do projeto FiZ consistia em <strong>modernizar e digitalizar os processos de trabalho nos 15 000 locais de trabalho das reparti\u00e7\u00f5es fiscais<\/strong>. Com o <strong><a href=\"\/pt\/flow\/\" target=\"_blank\" rel=\"noopener\">CIB flow<\/a><\/strong>,permitimos um processamento sem papel e sem descontinuidades, optimizamos os processos de trabalho e prestamos um apoio eficiente aos nossos colaboradores.<\/p>\t\t\t\t\t\t\t\t<\/div>\n\t\t\t\t<\/div>\n\t\t\t\t\t<\/div>\n\t\t<\/div>\n\t\t\t\t<div class=\"elementor-column elementor-col-50 elementor-top-column elementor-element elementor-element-856a8e6\" data-id=\"856a8e6\" data-element_type=\"column\" data-e-type=\"column\">\n\t\t\t<div class=\"elementor-widget-wrap elementor-element-populated\">\n\t\t\t\t\t\t<div class=\"elementor-element elementor-element-528a6b1 elementor-widget elementor-widget-image\" data-id=\"528a6b1\" data-element_type=\"widget\" data-e-type=\"widget\" data-widget_type=\"image.default\">\n\t\t\t\t<div class=\"elementor-widget-container\">\n\t\t\t\t\t\t\t\t\t\t\t\t\t\t\t<img decoding=\"async\" width=\"500\" height=\"500\" src=\"https:\/\/www.cib.de\/wp-content\/uploads\/2023\/12\/Picture2-e1767877457303.png\" class=\"attachment-full size-full wp-image-107313\" alt=\"\" \/>\t\t\t\t\t\t\t\t\t\t\t\t\t\t\t<\/div>\n\t\t\t\t<\/div>\n\t\t\t\t\t<\/div>\n\t\t<\/div>\n\t\t\t\t\t<\/div>\n\t\t<\/section>\n\t\t\t\t<section class=\"elementor-section elementor-top-section elementor-element elementor-element-fabbe29 elementor-section-boxed elementor-section-height-default elementor-section-height-default\" data-id=\"fabbe29\" data-element_type=\"section\" data-e-type=\"section\">\n\t\t\t\t\t\t<div class=\"elementor-container elementor-column-gap-default\">\n\t\t\t\t\t<div class=\"elementor-column elementor-col-100 elementor-top-column elementor-element elementor-element-8445241\" data-id=\"8445241\" data-element_type=\"column\" data-e-type=\"column\">\n\t\t\t<div class=\"elementor-widget-wrap elementor-element-populated\">\n\t\t\t\t\t\t<div class=\"elementor-element elementor-element-5b2dbab elementor-widget elementor-widget-text-editor\" data-id=\"5b2dbab\" data-element_type=\"widget\" data-e-type=\"widget\" data-widget_type=\"text-editor.default\">\n\t\t\t\t<div class=\"elementor-widget-container\">\n\t\t\t\t\t\t\t\t\t<p>Com a introdu\u00e7\u00e3o do CIB flow, os avisos e documentos deixaram de ser impressos e enviados localmente nos escrit\u00f3rios, passando a ser centralizados no centro de impress\u00e3o e expedi\u00e7\u00e3o (DVZ) do Centro Estatal de Processamento de Dados (LZfD) em Karlsruhee. J\u00e1 n\u00e3o \u00e9 necess\u00e1rio imprimir c\u00f3pias dos processos, uma vez que os documentos s\u00e3o agora armazenados digitalmente no ficheiro eletr\u00f3nico. Podem ser consultados em qualquer altura. Os processos de desenho e de participa\u00e7\u00e3o foram completamente mapeados pelo sistema de workflow digital. Isto permite o processamento sem papel e sem descontinuidade de meios e apoia de forma \u00f3ptimizada os funcion\u00e1rios nestes processos.<\/p>\t\t\t\t\t\t\t\t<\/div>\n\t\t\t\t<\/div>\n\t\t\t\t<div class=\"elementor-element elementor-element-8adfbee elementor-widget elementor-widget-heading\" data-id=\"8adfbee\" data-element_type=\"widget\" data-e-type=\"widget\" data-widget_type=\"heading.default\">\n\t\t\t\t<div class=\"elementor-widget-container\">\n\t\t\t\t\t<h2 class=\"elementor-heading-title elementor-size-default\">Implementa\u00e7\u00e3o e desenvolvimento<\/h2>\t\t\t\t<\/div>\n\t\t\t\t<\/div>\n\t\t\t\t<div class=\"elementor-element elementor-element-64f7200 elementor-widget elementor-widget-text-editor\" data-id=\"64f7200\" data-element_type=\"widget\" data-e-type=\"widget\" data-widget_type=\"text-editor.default\">\n\t\t\t\t<div class=\"elementor-widget-container\">\n\t\t\t\t\t\t\t\t\t<p class=\"translation-block\">O Centro de Processamento de Dados do Estado (LZfD) est\u00e1 a estabelecer novos padr\u00f5es na administra\u00e7\u00e3o financeira com o <strong>CIB flow<\/strong>. Desde Abril de 2021, que os processos de subscri\u00e7\u00e3o e participa\u00e7\u00e3o s\u00e3o a\u00ed digitalizados, juntamente com o envio centralizado de documentos. As fun\u00e7\u00f5es mais importantes s\u00e3o:<\/p>\t\t\t\t\t\t\t\t<\/div>\n\t\t\t\t<\/div>\n\t\t\t\t<div class=\"elementor-element elementor-element-fbc1a2d elementor-widget elementor-widget-eael-feature-list\" data-id=\"fbc1a2d\" data-element_type=\"widget\" data-e-type=\"widget\" data-widget_type=\"eael-feature-list.default\">\n\t\t\t\t<div class=\"elementor-widget-container\">\n\t\t\t\t\t\t\t<div class=\"-icon-position-left -tablet-icon-position-left -mobile-icon-position-left\">\n\t\t\t<ul id=\"eael-feature-list-fbc1a2d\" class=\"eael-feature-list-items circle stacked  eael-feature-list-vertical\" data-layout-tablet=\"vertical\" data-layout-mobile=\"vertical\">\n\t\t\t                <li class=\"eael-feature-list-item elementor-repeater-item-4340923\">\n                    \n\t\t\t\t\t\t<div class=\"eael-feature-list-icon-box\">\n\t\t\t\t\t\t\t<div class=\"eael-feature-list-icon-inner\">\n\n\t\t\t\t\t\t\t\t<span class=\"eael-feature-list-icon fl-icon-0\">\n\n\t\t<svg aria-hidden=\"true\" class=\"e-font-icon-svg e-fab-wpforms\" viewbox=\"0 0 448 512\" xmlns=\"http:\/\/www.w3.org\/2000\/svg\"><path d=\"M448 75.2v361.7c0 24.3-19 43.2-43.2 43.2H43.2C19.3 480 0 461.4 0 436.8V75.2C0 51.1 18.8 32 43.2 32h361.7c24 0 43.1 18.8 43.1 43.2zm-37.3 361.6V75.2c0-3-2.6-5.8-5.8-5.8h-9.3L285.3 144 224 94.1 162.8 144 52.5 69.3h-9.3c-3.2 0-5.8 2.8-5.8 5.8v361.7c0 3 2.6 5.8 5.8 5.8h361.7c3.2.1 5.8-2.7 5.8-5.8zM150.2 186v37H76.7v-37h73.5zm0 74.4v37.3H76.7v-37.3h73.5zm11.1-147.3l54-43.7H96.8l64.5 43.7zm210 72.9v37h-196v-37h196zm0 74.4v37.3h-196v-37.3h196zm-84.6-147.3l64.5-43.7H232.8l53.9 43.7zM371.3 335v37.3h-99.4V335h99.4z\"><\/path><\/svg>\t\t\t\t\t\t\t\t<\/span>\n\t\t\t\t\t\t\t<\/div>\n\t\t\t\t\t\t<\/div>\n\t\t\t\t\t\t<div class=\"eael-feature-list-content-box\">\n                            <h2 class=\"eael-feature-list-title\">Formul\u00e1rio de contacto automatizado<\/h2>\t\t\t\t\t\t<p class=\"eael-feature-list-content\">Atribui\u00e7\u00e3o direta de pedidos de informa\u00e7\u00e3o recebidos atrav\u00e9s dos websites das reparti\u00e7\u00f5es fiscais. <\/p>\n\t\t\t\t\t\t<\/div>\n\n\t\t\t\t\t<\/li>\n\t\t\t\t                <li class=\"eael-feature-list-item elementor-repeater-item-95ca43b\">\n                    \n\t\t\t\t\t\t<div class=\"eael-feature-list-icon-box\">\n\t\t\t\t\t\t\t<div class=\"eael-feature-list-icon-inner\">\n\n\t\t\t\t\t\t\t\t<span class=\"eael-feature-list-icon fl-icon-1\">\n\n\t\t<svg aria-hidden=\"true\" class=\"e-font-icon-svg e-far-bell\" viewbox=\"0 0 448 512\" xmlns=\"http:\/\/www.w3.org\/2000\/svg\"><path d=\"M439.39 362.29c-19.32-20.76-55.47-51.99-55.47-154.29 0-77.7-54.48-139.9-127.94-155.16V32c0-17.67-14.32-32-31.98-32s-31.98 14.33-31.98 32v20.84C118.56 68.1 64.08 130.3 64.08 208c0 102.3-36.15 133.53-55.47 154.29-6 6.45-8.66 14.16-8.61 21.71.11 16.4 12.98 32 32.1 32h383.8c19.12 0 32-15.6 32.1-32 .05-7.55-2.61-15.27-8.61-21.71zM67.53 368c21.22-27.97 44.42-74.33 44.53-159.42 0-.2-.06-.38-.06-.58 0-61.86 50.14-112 112-112s112 50.14 112 112c0 .2-.06.38-.06.58.11 85.1 23.31 131.46 44.53 159.42H67.53zM224 512c35.32 0 63.97-28.65 63.97-64H160.03c0 35.35 28.65 64 63.97 64z\"><\/path><\/svg>\t\t\t\t\t\t\t\t<\/span>\n\t\t\t\t\t\t\t<\/div>\n\t\t\t\t\t\t<\/div>\n\t\t\t\t\t\t<div class=\"eael-feature-list-content-box\">\n                            <h2 class=\"eael-feature-list-title\">Notifica\u00e7\u00e3o p\u00fablica digital<\/h2>\t\t\t\t\t\t<p class=\"eael-feature-list-content\">Substitui\u00e7\u00e3o do quadro de avisos convencional por uma solu\u00e7\u00e3o eletr\u00f3nica com arquivamento autom\u00e1tico ap\u00f3s o termo do per\u00edodo de notifica\u00e7\u00e3o. <\/p>\n\t\t\t\t\t\t<\/div>\n\n\t\t\t\t\t<\/li>\n\t\t\t\t                <li class=\"eael-feature-list-item elementor-repeater-item-5aeb0a4\">\n                    \n\t\t\t\t\t\t<div class=\"eael-feature-list-icon-box\">\n\t\t\t\t\t\t\t<div class=\"eael-feature-list-icon-inner\">\n\n\t\t\t\t\t\t\t\t<span class=\"eael-feature-list-icon fl-icon-2\">\n\n\t\t<svg aria-hidden=\"true\" class=\"e-font-icon-svg e-fas-code-branch\" viewbox=\"0 0 384 512\" xmlns=\"http:\/\/www.w3.org\/2000\/svg\"><path d=\"M384 144c0-44.2-35.8-80-80-80s-80 35.8-80 80c0 36.4 24.3 67.1 57.5 76.8-.6 16.1-4.2 28.5-11 36.9-15.4 19.2-49.3 22.4-85.2 25.7-28.2 2.6-57.4 5.4-81.3 16.9v-144c32.5-10.2 56-40.5 56-76.3 0-44.2-35.8-80-80-80S0 35.8 0 80c0 35.8 23.5 66.1 56 76.3v199.3C23.5 365.9 0 396.2 0 432c0 44.2 35.8 80 80 80s80-35.8 80-80c0-34-21.2-63.1-51.2-74.6 3.1-5.2 7.8-9.8 14.9-13.4 16.2-8.2 40.4-10.4 66.1-12.8 42.2-3.9 90-8.4 118.2-43.4 14-17.4 21.1-39.8 21.6-67.9 31.6-10.8 54.4-40.7 54.4-75.9zM80 64c8.8 0 16 7.2 16 16s-7.2 16-16 16-16-7.2-16-16 7.2-16 16-16zm0 384c-8.8 0-16-7.2-16-16s7.2-16 16-16 16 7.2 16 16-7.2 16-16 16zm224-320c8.8 0 16 7.2 16 16s-7.2 16-16 16-16-7.2-16-16 7.2-16 16-16z\"><\/path><\/svg>\t\t\t\t\t\t\t\t<\/span>\n\t\t\t\t\t\t\t<\/div>\n\t\t\t\t\t\t<\/div>\n\t\t\t\t\t\t<div class=\"eael-feature-list-content-box\">\n                            <h2 class=\"eael-feature-list-title\">Workflow interno<\/h2>\t\t\t\t\t\t<p class=\"eael-feature-list-content\">Tramita\u00e7\u00e3o dos procedimentos internos de forma simples e sem papel, simplificando os processos e tornando-os mais amigos do ambiente.<\/p>\n\t\t\t\t\t\t<\/div>\n\n\t\t\t\t\t<\/li>\n\t\t\t\t\t\t\t<\/ul>\n\t\t<\/div>\n\t\t\t\t\t\t<\/div>\n\t\t\t\t<\/div>\n\t\t\t\t\t<\/div>\n\t\t<\/div>\n\t\t\t\t\t<\/div>\n\t\t<\/section>\n\t\t\t\t<section class=\"elementor-section elementor-top-section elementor-element elementor-element-daf9a38 elementor-reverse-mobile elementor-section-boxed elementor-section-height-default elementor-section-height-default\" data-id=\"daf9a38\" data-element_type=\"section\" data-e-type=\"section\">\n\t\t\t\t\t\t<div class=\"elementor-container elementor-column-gap-default\">\n\t\t\t\t\t<div class=\"elementor-column elementor-col-50 elementor-top-column elementor-element elementor-element-82bb127\" data-id=\"82bb127\" data-element_type=\"column\" data-e-type=\"column\">\n\t\t\t<div class=\"elementor-widget-wrap elementor-element-populated\">\n\t\t\t\t\t\t<div class=\"elementor-element elementor-element-6c3a9b6 elementor-widget elementor-widget-image\" data-id=\"6c3a9b6\" data-element_type=\"widget\" data-e-type=\"widget\" data-widget_type=\"image.default\">\n\t\t\t\t<div class=\"elementor-widget-container\">\n\t\t\t\t\t\t\t\t\t\t\t\t\t\t\t<img decoding=\"async\" width=\"740\" height=\"494\" src=\"https:\/\/www.cib.de\/wp-content\/uploads\/2023\/09\/flow_3-e1767882750335.jpg\" class=\"attachment-full size-full wp-image-96108\" alt=\"\" \/>\t\t\t\t\t\t\t\t\t\t\t\t\t\t\t<\/div>\n\t\t\t\t<\/div>\n\t\t\t\t\t<\/div>\n\t\t<\/div>\n\t\t\t\t<div class=\"elementor-column elementor-col-50 elementor-top-column elementor-element elementor-element-e2db783\" data-id=\"e2db783\" data-element_type=\"column\" data-e-type=\"column\">\n\t\t\t<div class=\"elementor-widget-wrap elementor-element-populated\">\n\t\t\t\t\t\t<div class=\"elementor-element elementor-element-5b596ec elementor-widget elementor-widget-text-editor\" data-id=\"5b596ec\" data-element_type=\"widget\" data-e-type=\"widget\" data-widget_type=\"text-editor.default\">\n\t\t\t\t<div class=\"elementor-widget-container\">\n\t\t\t\t\t\t\t\t\t<p class=\"translation-block\"><strong>CIB flow<\/strong> \u00e9 um marco na administra\u00e7\u00e3o digital que melhora significativamente a efici\u00eancia e o respeito pelo ambiente nos servi\u00e7os fiscais.<\/p>\t\t\t\t\t\t\t\t<\/div>\n\t\t\t\t<\/div>\n\t\t\t\t\t<\/div>\n\t\t<\/div>\n\t\t\t\t\t<\/div>\n\t\t<\/section>\n\t\t\t\t<section class=\"elementor-section elementor-top-section elementor-element elementor-element-1543d46 elementor-section-boxed elementor-section-height-default elementor-section-height-default\" data-id=\"1543d46\" data-element_type=\"section\" data-e-type=\"section\">\n\t\t\t\t\t\t<div class=\"elementor-container elementor-column-gap-default\">\n\t\t\t\t\t<div class=\"elementor-column elementor-col-100 elementor-top-column elementor-element elementor-element-c288458\" data-id=\"c288458\" data-element_type=\"column\" data-e-type=\"column\">\n\t\t\t<div class=\"elementor-widget-wrap elementor-element-populated\">\n\t\t\t\t\t\t<div class=\"elementor-element elementor-element-759c65b elementor-widget elementor-widget-text-editor\" data-id=\"759c65b\" data-element_type=\"widget\" data-e-type=\"widget\" data-widget_type=\"text-editor.default\">\n\t\t\t\t<div class=\"elementor-widget-container\">\n\t\t\t\t\t\t\t\t\t<p>A Reparti\u00e7\u00e3o Regional de Finan\u00e7as de Karlsruhe confiou na compet\u00eancia dos nossos consultores de processos para implementar os novos processos de forma r\u00e1pida e eficiente. Com os seus conhecimentos profundos e a sua vasta experi\u00eancia, garantem uma integra\u00e7\u00e3o perfeita e bem sucedida dos processos.<\/p>\t\t\t\t\t\t\t\t<\/div>\n\t\t\t\t<\/div>\n\t\t\t\t<div class=\"elementor-element elementor-element-0ca9d2f elementor-widget elementor-widget-heading\" data-id=\"0ca9d2f\" data-element_type=\"widget\" data-e-type=\"widget\" data-widget_type=\"heading.default\">\n\t\t\t\t<div class=\"elementor-widget-container\">\n\t\t\t\t\t<h2 class=\"elementor-heading-title elementor-size-default\">Resumo e an\u00e1lise<\/h2>\t\t\t\t<\/div>\n\t\t\t\t<\/div>\n\t\t\t\t<div class=\"elementor-element elementor-element-eceb2a0 elementor-widget elementor-widget-text-editor\" data-id=\"eceb2a0\" data-element_type=\"widget\" data-e-type=\"widget\" data-widget_type=\"text-editor.default\">\n\t\t\t\t<div class=\"elementor-widget-container\">\n\t\t\t\t\t\t\t\t\t<p>A introdu\u00e7\u00e3o a n\u00edvel nacional do nosso sistema de fluxo de trabalho marca um ponto de viragem na transforma\u00e7\u00e3o digital da administra\u00e7\u00e3o fiscal. Com mais de 5 milh\u00f5es de transac\u00e7\u00f5es processadas digitalmente, estamos a estabelecer novos padr\u00f5es:<\/p>\t\t\t\t\t\t\t\t<\/div>\n\t\t\t\t<\/div>\n\t\t\t\t\t<\/div>\n\t\t<\/div>\n\t\t\t\t\t<\/div>\n\t\t<\/section>\n\t\t\t\t<section class=\"elementor-section elementor-top-section elementor-element elementor-element-ec8e14e elementor-section-boxed elementor-section-height-default elementor-section-height-default\" data-id=\"ec8e14e\" data-element_type=\"section\" data-e-type=\"section\">\n\t\t\t\t\t\t<div class=\"elementor-container elementor-column-gap-default\">\n\t\t\t\t\t<div class=\"elementor-column elementor-col-50 elementor-top-column elementor-element elementor-element-582ef69\" data-id=\"582ef69\" data-element_type=\"column\" data-e-type=\"column\">\n\t\t\t<div class=\"elementor-widget-wrap elementor-element-populated\">\n\t\t\t\t\t\t<div class=\"elementor-element elementor-element-0b9c103 elementor-widget elementor-widget-text-editor\" data-id=\"0b9c103\" data-element_type=\"widget\" data-e-type=\"widget\" data-widget_type=\"text-editor.default\">\n\t\t\t\t<div class=\"elementor-widget-container\">\n\t\t\t\t\t\t\t\t\t<ul><li class=\"translation-block\"><b>Efici\u00eancia sem papel:<\/b> ao introduzir registos electr\u00f3nicos e ao evitar impress\u00f5es em papel, estamos a otimizar a utiliza\u00e7\u00e3o de recursos e os custos de correio.<\/li><li class=\"translation-block\"><b>Modelo de trabalho flex\u00edvel:<\/b> a conce\u00e7\u00e3o do processo digital permite trabalhar independentemente da localiza\u00e7\u00e3o e promove o equil\u00edbrio entre a vida profissional e pessoal.<\/li><li class=\"translation-block\"><b>Consci\u00eancia ambiental:<\/b> a digitaliza\u00e7\u00e3o dos processos tradicionais j\u00e1 permitiu poupar v\u00e1rios cami\u00f5es de papel e acelerar os tempos de processamento e de resposta.<\/li><\/ul>\t\t\t\t\t\t\t\t<\/div>\n\t\t\t\t<\/div>\n\t\t\t\t\t<\/div>\n\t\t<\/div>\n\t\t\t\t<div class=\"elementor-column elementor-col-50 elementor-top-column elementor-element elementor-element-7b8df23\" data-id=\"7b8df23\" data-element_type=\"column\" data-e-type=\"column\">\n\t\t\t<div class=\"elementor-widget-wrap elementor-element-populated\">\n\t\t\t\t\t\t<div class=\"elementor-element elementor-element-9b162c4 elementor-widget elementor-widget-image\" data-id=\"9b162c4\" data-element_type=\"widget\" data-e-type=\"widget\" data-widget_type=\"image.default\">\n\t\t\t\t<div class=\"elementor-widget-container\">\n\t\t\t\t\t\t\t\t\t\t\t\t\t\t\t<img loading=\"lazy\" decoding=\"async\" width=\"569\" height=\"285\" src=\"https:\/\/www.cib.de\/wp-content\/uploads\/2023\/03\/Social-Engagement-CIB-Proaktive.jpg\" class=\"attachment-large size-large wp-image-79714\" alt=\"\" srcset=\"https:\/\/www.cib.de\/wp-content\/uploads\/2023\/03\/Social-Engagement-CIB-Proaktive.jpg 569w, https:\/\/www.cib.de\/wp-content\/uploads\/2023\/03\/Social-Engagement-CIB-Proaktive-475x238.jpg 475w\" sizes=\"(max-width: 569px) 100vw, 569px\" \/>\t\t\t\t\t\t\t\t\t\t\t\t\t\t\t<\/div>\n\t\t\t\t<\/div>\n\t\t\t\t\t<\/div>\n\t\t<\/div>\n\t\t\t\t\t<\/div>\n\t\t<\/section>\n\t\t\t\t<section class=\"elementor-section elementor-top-section elementor-element elementor-element-76647b3 elementor-section-boxed elementor-section-height-default elementor-section-height-default\" data-id=\"76647b3\" data-element_type=\"section\" data-e-type=\"section\">\n\t\t\t\t\t\t<div class=\"elementor-container elementor-column-gap-default\">\n\t\t\t\t\t<div class=\"elementor-column elementor-col-100 elementor-top-column elementor-element elementor-element-480b3aa\" data-id=\"480b3aa\" data-element_type=\"column\" data-e-type=\"column\">\n\t\t\t<div class=\"elementor-widget-wrap elementor-element-populated\">\n\t\t\t\t\t\t<div class=\"elementor-element elementor-element-e9066dc elementor-widget elementor-widget-text-editor\" data-id=\"e9066dc\" data-element_type=\"widget\" data-e-type=\"widget\" data-widget_type=\"text-editor.default\">\n\t\t\t\t<div class=\"elementor-widget-container\">\n\t\t\t\t\t\t\t\t\t<p>O nosso empenho na inova\u00e7\u00e3o digital reflecte os nossos esfor\u00e7os para criar uma administra\u00e7\u00e3o mais eficiente, ecol\u00f3gica e flex\u00edvel.<\/p>\t\t\t\t\t\t\t\t<\/div>\n\t\t\t\t<\/div>\n\t\t\t\t<div class=\"elementor-element elementor-element-42d1e95 elementor-widget elementor-widget-heading\" data-id=\"42d1e95\" data-element_type=\"widget\" data-e-type=\"widget\" data-widget_type=\"heading.default\">\n\t\t\t\t<div class=\"elementor-widget-container\">\n\t\t\t\t\t<h2 class=\"elementor-heading-title elementor-size-default\">Cidad\u00e3os no \u00e2mbito da OZG<\/h2>\t\t\t\t<\/div>\n\t\t\t\t<\/div>\n\t\t\t\t<div class=\"elementor-element elementor-element-7847e34 elementor-widget elementor-widget-text-editor\" data-id=\"7847e34\" data-element_type=\"widget\" data-e-type=\"widget\" data-widget_type=\"text-editor.default\">\n\t\t\t\t<div class=\"elementor-widget-container\">\n\t\t\t\t\t\t\t\t\t<p>A partir de 1 de janeiro de 2023, estamos preparados para oferecer todos os servi\u00e7os administrativos por via eletr\u00f3nica no \u00e2mbito da Lei de Acesso Online alem\u00e3 (OZG), uma iniciativa para promover a administra\u00e7\u00e3o digital. Atrav\u00e9s da otimiza\u00e7\u00e3o e expans\u00e3o cont\u00ednuas dos nossos processos digitais, especialmente nas reparti\u00e7\u00f5es de fiscais, garantimos um servi\u00e7o eficiente e sem problemas:<\/p><ul><li><strong>Entrega digital:<\/strong> Os cidad\u00e3os beneficiam de uma entrega eletr\u00f3nica de documentos mais r\u00e1pida e mais ecol\u00f3gica.<\/li><li><strong>Conformidade com a OZG:<\/strong> A nossa conformidade com a OZG real\u00e7a o nosso objetivo de uma administra\u00e7\u00e3o moderna, digital e sem barreiras.<\/li><\/ul><p>Com o nosso empenho na administra\u00e7\u00e3o digital, facilitamos a vida quotidiana dos cidad\u00e3os e contribu\u00edmos ativamente para a digitaliza\u00e7\u00e3o da sociedade.<\/p>\t\t\t\t\t\t\t\t<\/div>\n\t\t\t\t<\/div>\n\t\t\t\t<div class=\"elementor-element elementor-element-11ccf39 elementor-widget elementor-widget-text-editor\" data-id=\"11ccf39\" data-element_type=\"widget\" data-e-type=\"widget\" data-widget_type=\"text-editor.default\">\n\t\t\t\t<div class=\"elementor-widget-container\">\n\t\t\t\t\t\t\t\t\t<p><strong>Quer saber como pode utilizar o CIB flow para a sua entidade p\u00fablica?<\/strong><\/p><p>Fale com os nossos especialistas em workflow e deixe-nos aconselh\u00e1-lo! Com as nossas solu\u00e7\u00f5es CIB, ajudamo-lo a dominar a digitaliza\u00e7\u00e3o.<\/p>\t\t\t\t\t\t\t\t<\/div>\n\t\t\t\t<\/div>\n\t\t\t\t\t<\/div>\n\t\t<\/div>\n\t\t\t\t\t<\/div>\n\t\t<\/section>\n\t\t\t\t<section class=\"elementor-section elementor-top-section elementor-element elementor-element-1427264 elementor-section-boxed elementor-section-height-default elementor-section-height-default\" data-id=\"1427264\" data-element_type=\"section\" data-e-type=\"section\">\n\t\t\t\t\t\t<div class=\"elementor-container elementor-column-gap-default\">\n\t\t\t\t\t<div class=\"elementor-column elementor-col-100 elementor-top-column elementor-element elementor-element-b3ff02d\" data-id=\"b3ff02d\" data-element_type=\"column\" data-e-type=\"column\">\n\t\t\t<div class=\"elementor-widget-wrap elementor-element-populated\">\n\t\t\t\t\t\t<div class=\"elementor-element elementor-element-d2eef13 elementor-widget elementor-widget-button\" data-id=\"d2eef13\" data-element_type=\"widget\" data-e-type=\"widget\" data-widget_type=\"button.default\">\n\t\t\t\t<div class=\"elementor-widget-container\">\n\t\t\t\t\t\t\t\t\t<div class=\"elementor-button-wrapper\">\n\t\t\t\t\t<a class=\"elementor-button elementor-button-link elementor-size-sm\" href=\"\/pt\/contact\/\">\n\t\t\t\t\t\t<span class=\"elementor-button-content-wrapper\">\n\t\t\t\t\t\t\t\t\t<span class=\"elementor-button-text\">Contacto<\/span>\n\t\t\t\t\t<\/span>\n\t\t\t\t\t<\/a>\n\t\t\t\t<\/div>\n\t\t\t\t\t\t\t\t<\/div>\n\t\t\t\t<\/div>\n\t\t\t\t<div class=\"elementor-element elementor-element-93e588e elementor-widget elementor-widget-button\" data-id=\"93e588e\" data-element_type=\"widget\" data-e-type=\"widget\" data-widget_type=\"button.default\">\n\t\t\t\t<div class=\"elementor-widget-container\">\n\t\t\t\t\t\t\t\t\t<div class=\"elementor-button-wrapper\">\n\t\t\t\t\t<a class=\"elementor-button elementor-button-link elementor-size-sm\" href=\"\/pt\/case-study\/cib-flow-transforma-as-administracoes-fiscais-de-baden-wuerttemberg\/\">\n\t\t\t\t\t\t<span class=\"elementor-button-content-wrapper\">\n\t\t\t\t\t\t\t\t\t<span class=\"elementor-button-text\">Case Study<\/span>\n\t\t\t\t\t<\/span>\n\t\t\t\t\t<\/a>\n\t\t\t\t<\/div>\n\t\t\t\t\t\t\t\t<\/div>\n\t\t\t\t<\/div>\n\t\t\t\t<div class=\"elementor-element elementor-element-5ecea9d elementor-widget elementor-widget-text-editor\" data-id=\"5ecea9d\" data-element_type=\"widget\" data-e-type=\"widget\" data-widget_type=\"text-editor.default\">\n\t\t\t\t<div class=\"elementor-widget-container\">\n\t\t\t\t\t\t\t\t\t<p>Let\u00b4s CIB!<\/p>\t\t\t\t\t\t\t\t<\/div>\n\t\t\t\t<\/div>\n\t\t\t\t\t<\/div>\n\t\t<\/div>\n\t\t\t\t\t<\/div>\n\t\t<\/section>\n\t\t\t\t<\/div>","protected":false},"excerpt":{"rendered":"<p>Com CIB flow est\u00e1 a redefinir o futuro da administra\u00e7\u00e3o fiscal em Baden-W\u00fcrttemberg. Desde o ver\u00e3o de 2017, o projeto \"Ag\u00eancia Fiscal do Futuro\" tem impulsionado uma transforma\u00e7\u00e3o sem precedentes em Baden-W\u00fcrttemberg<\/p>","protected":false},"author":235,"featured_media":107309,"comment_status":"closed","ping_status":"closed","sticky":false,"template":"","format":"standard","meta":{"_acf_changed":false,"footnotes":""},"categories":[918],"tags":[1695],"class_list":["post-107307","post","type-post","status-publish","format-standard","has-post-thumbnail","hentry","category-digitalisierung","tag-cib-flow"],"acf":[],"yoast_head":"<!-- This site is optimized with the Yoast SEO plugin v27.5 - https:\/\/yoast.com\/product\/yoast-seo-wordpress\/ -->\n<title>CIB flow ver\u00e4ndert Finanz\u00e4mter in Baden-W\u00fcrttemberg<\/title>\n<meta name=\"description\" content=\"CIB flow hat mit dem \u201cProjekt Finanzamt der Zukunft&quot; die Zukunft der Finanzverwaltung in Baden-W\u00fcrttemberg neu definiert.\" \/>\n<meta name=\"robots\" content=\"index, follow, max-snippet:-1, max-image-preview:large, max-video-preview:-1\" \/>\n<link rel=\"canonical\" href=\"https:\/\/www.cib.de\/pt\/cib-flow-transforma-o-centro-financeiro-de-baden-wuerttemberg\/\" \/>\n<meta property=\"og:locale\" content=\"pt_PT\" \/>\n<meta property=\"og:type\" content=\"article\" \/>\n<meta property=\"og:title\" content=\"CIB flow ver\u00e4ndert Finanz\u00e4mter in Baden-W\u00fcrttemberg\" \/>\n<meta property=\"og:description\" content=\"CIB flow hat mit dem \u201cProjekt Finanzamt der Zukunft&quot; die Zukunft der Finanzverwaltung in Baden-W\u00fcrttemberg neu definiert.\" \/>\n<meta property=\"og:url\" content=\"https:\/\/www.cib.de\/pt\/cib-flow-transforma-o-centro-financeiro-de-baden-wuerttemberg\/\" \/>\n<meta property=\"og:site_name\" content=\"CIB Group\" \/>\n<meta property=\"article:publisher\" content=\"https:\/\/www.linkedin.com\/company\/cib\/\" \/>\n<meta property=\"article:published_time\" content=\"2023-12-07T13:40:24+00:00\" \/>\n<meta property=\"article:modified_time\" content=\"2024-06-06T07:12:15+00:00\" \/>\n<meta property=\"og:image\" content=\"https:\/\/www.cib.de\/wp-content\/uploads\/2023\/12\/HG.png\" \/>\n\t<meta property=\"og:image:width\" content=\"1382\" \/>\n\t<meta property=\"og:image:height\" content=\"603\" \/>\n\t<meta property=\"og:image:type\" content=\"image\/png\" \/>\n<meta name=\"author\" content=\"Frank Seboldt\" \/>\n<meta name=\"twitter:card\" content=\"summary_large_image\" \/>\n<meta name=\"twitter:label1\" content=\"Escrito por\" \/>\n\t<meta name=\"twitter:data1\" content=\"Frank Seboldt\" \/>\n\t<meta name=\"twitter:label2\" content=\"Tempo estimado de leitura\" \/>\n\t<meta name=\"twitter:data2\" content=\"5 minutos\" \/>\n<script type=\"application\/ld+json\" class=\"yoast-schema-graph\">{\"@context\":\"https:\\\/\\\/schema.org\",\"@graph\":[{\"@type\":\"Article\",\"@id\":\"https:\\\/\\\/www.cib.de\\\/cib-flow-veraendert-finanzaemter-baden-wuerttemberg\\\/#article\",\"isPartOf\":{\"@id\":\"https:\\\/\\\/www.cib.de\\\/cib-flow-veraendert-finanzaemter-baden-wuerttemberg\\\/\"},\"author\":{\"name\":\"Frank Seboldt\",\"@id\":\"https:\\\/\\\/www.cib.de\\\/#\\\/schema\\\/person\\\/6cbda8c1ed50e169cf1ca3987ee2367d\"},\"headline\":\"Digitale Transformation in der Finanzverwaltung: CIB flow ver\u00e4ndert Finanz\u00e4mter in Baden-W\u00fcrttemberg\",\"datePublished\":\"2023-12-07T13:40:24+00:00\",\"dateModified\":\"2024-06-06T07:12:15+00:00\",\"mainEntityOfPage\":{\"@id\":\"https:\\\/\\\/www.cib.de\\\/cib-flow-veraendert-finanzaemter-baden-wuerttemberg\\\/\"},\"wordCount\":971,\"publisher\":{\"@id\":\"https:\\\/\\\/www.cib.de\\\/#organization\"},\"image\":{\"@id\":\"https:\\\/\\\/www.cib.de\\\/cib-flow-veraendert-finanzaemter-baden-wuerttemberg\\\/#primaryimage\"},\"thumbnailUrl\":\"https:\\\/\\\/www.cib.de\\\/wp-content\\\/uploads\\\/2023\\\/12\\\/HG-e1767877484556.png\",\"keywords\":[\"CIB flow\"],\"articleSection\":[\"Digitalisierung\"],\"inLanguage\":\"pt-PT\"},{\"@type\":\"WebPage\",\"@id\":\"https:\\\/\\\/www.cib.de\\\/cib-flow-veraendert-finanzaemter-baden-wuerttemberg\\\/\",\"url\":\"https:\\\/\\\/www.cib.de\\\/cib-flow-veraendert-finanzaemter-baden-wuerttemberg\\\/\",\"name\":\"CIB flow ver\u00e4ndert Finanz\u00e4mter in Baden-W\u00fcrttemberg\",\"isPartOf\":{\"@id\":\"https:\\\/\\\/www.cib.de\\\/#website\"},\"primaryImageOfPage\":{\"@id\":\"https:\\\/\\\/www.cib.de\\\/cib-flow-veraendert-finanzaemter-baden-wuerttemberg\\\/#primaryimage\"},\"image\":{\"@id\":\"https:\\\/\\\/www.cib.de\\\/cib-flow-veraendert-finanzaemter-baden-wuerttemberg\\\/#primaryimage\"},\"thumbnailUrl\":\"https:\\\/\\\/www.cib.de\\\/wp-content\\\/uploads\\\/2023\\\/12\\\/HG-e1767877484556.png\",\"datePublished\":\"2023-12-07T13:40:24+00:00\",\"dateModified\":\"2024-06-06T07:12:15+00:00\",\"description\":\"CIB flow hat mit dem \u201cProjekt Finanzamt der Zukunft\\\" die Zukunft der Finanzverwaltung in Baden-W\u00fcrttemberg neu definiert.\",\"breadcrumb\":{\"@id\":\"https:\\\/\\\/www.cib.de\\\/cib-flow-veraendert-finanzaemter-baden-wuerttemberg\\\/#breadcrumb\"},\"inLanguage\":\"pt-PT\",\"potentialAction\":[{\"@type\":\"ReadAction\",\"target\":[\"https:\\\/\\\/www.cib.de\\\/cib-flow-veraendert-finanzaemter-baden-wuerttemberg\\\/\"]}]},{\"@type\":\"ImageObject\",\"inLanguage\":\"pt-PT\",\"@id\":\"https:\\\/\\\/www.cib.de\\\/cib-flow-veraendert-finanzaemter-baden-wuerttemberg\\\/#primaryimage\",\"url\":\"https:\\\/\\\/www.cib.de\\\/wp-content\\\/uploads\\\/2023\\\/12\\\/HG-e1767877484556.png\",\"contentUrl\":\"https:\\\/\\\/www.cib.de\\\/wp-content\\\/uploads\\\/2023\\\/12\\\/HG-e1767877484556.png\",\"width\":1261,\"height\":550},{\"@type\":\"BreadcrumbList\",\"@id\":\"https:\\\/\\\/www.cib.de\\\/cib-flow-veraendert-finanzaemter-baden-wuerttemberg\\\/#breadcrumb\",\"itemListElement\":[{\"@type\":\"ListItem\",\"position\":1,\"name\":\"Home\",\"item\":\"https:\\\/\\\/www.cib.de\\\/\"},{\"@type\":\"ListItem\",\"position\":2,\"name\":\"Digitale Transformation in der Finanzverwaltung: CIB flow ver\u00e4ndert Finanz\u00e4mter in Baden-W\u00fcrttemberg\"}]},{\"@type\":\"WebSite\",\"@id\":\"https:\\\/\\\/www.cib.de\\\/#website\",\"url\":\"https:\\\/\\\/www.cib.de\\\/\",\"name\":\"CIB Group\",\"description\":\"Digitalisierung, Prozessautomatisierung, K\u00fcnstliche Intelligenz\",\"publisher\":{\"@id\":\"https:\\\/\\\/www.cib.de\\\/#organization\"},\"potentialAction\":[{\"@type\":\"SearchAction\",\"target\":{\"@type\":\"EntryPoint\",\"urlTemplate\":\"https:\\\/\\\/www.cib.de\\\/?s={search_term_string}\"},\"query-input\":{\"@type\":\"PropertyValueSpecification\",\"valueRequired\":true,\"valueName\":\"search_term_string\"}}],\"inLanguage\":\"pt-PT\"},{\"@type\":\"Organization\",\"@id\":\"https:\\\/\\\/www.cib.de\\\/#organization\",\"name\":\"CIB Group\",\"url\":\"https:\\\/\\\/www.cib.de\\\/\",\"logo\":{\"@type\":\"ImageObject\",\"inLanguage\":\"pt-PT\",\"@id\":\"https:\\\/\\\/www.cib.de\\\/#\\\/schema\\\/logo\\\/image\\\/\",\"url\":\"https:\\\/\\\/www.cib.de\\\/wp-content\\\/uploads\\\/2023\\\/10\\\/CIB_Logo_.svg\",\"contentUrl\":\"https:\\\/\\\/www.cib.de\\\/wp-content\\\/uploads\\\/2023\\\/10\\\/CIB_Logo_.svg\",\"width\":283,\"height\":128,\"caption\":\"CIB Group\"},\"image\":{\"@id\":\"https:\\\/\\\/www.cib.de\\\/#\\\/schema\\\/logo\\\/image\\\/\"},\"sameAs\":[\"https:\\\/\\\/www.linkedin.com\\\/company\\\/cib\\\/\"]},{\"@type\":\"Person\",\"@id\":\"https:\\\/\\\/www.cib.de\\\/#\\\/schema\\\/person\\\/6cbda8c1ed50e169cf1ca3987ee2367d\",\"name\":\"Frank Seboldt\",\"image\":{\"@type\":\"ImageObject\",\"inLanguage\":\"pt-PT\",\"@id\":\"https:\\\/\\\/www.cib.de\\\/wp-content\\\/uploads\\\/2022\\\/05\\\/frank_blog-96x96.jpg\",\"url\":\"https:\\\/\\\/www.cib.de\\\/wp-content\\\/uploads\\\/2022\\\/05\\\/frank_blog-96x96.jpg\",\"contentUrl\":\"https:\\\/\\\/www.cib.de\\\/wp-content\\\/uploads\\\/2022\\\/05\\\/frank_blog-96x96.jpg\",\"caption\":\"Frank Seboldt\"},\"description\":\"Produktmanagement &amp; Strategie\"}]}<\/script>\n<!-- \/ Yoast SEO plugin. -->","yoast_head_json":{"title":"CIB flow transforma reparti\u00e7\u00f5es fiscais em Baden-W\u00fcrttemberg","description":"O CIB flow est\u00e1 a redefinir o futuro da administra\u00e7\u00e3o financeira em Baden-W\u00fcrttemberg com o projeto \"Reparti\u00e7\u00e3o de Finan\u00e7as do Futuro\".","robots":{"index":"index","follow":"follow","max-snippet":"max-snippet:-1","max-image-preview":"max-image-preview:large","max-video-preview":"max-video-preview:-1"},"canonical":"https:\/\/www.cib.de\/pt\/cib-flow-transforma-o-centro-financeiro-de-baden-wuerttemberg\/","og_locale":"pt_PT","og_type":"article","og_title":"CIB flow ver\u00e4ndert Finanz\u00e4mter in Baden-W\u00fcrttemberg","og_description":"CIB flow hat mit dem \u201cProjekt Finanzamt der Zukunft\" die Zukunft der Finanzverwaltung in Baden-W\u00fcrttemberg neu definiert.","og_url":"https:\/\/www.cib.de\/pt\/cib-flow-transforma-o-centro-financeiro-de-baden-wuerttemberg\/","og_site_name":"CIB Group","article_publisher":"https:\/\/www.linkedin.com\/company\/cib\/","article_published_time":"2023-12-07T13:40:24+00:00","article_modified_time":"2024-06-06T07:12:15+00:00","og_image":[{"width":1382,"height":603,"url":"https:\/\/www.cib.de\/wp-content\/uploads\/2023\/12\/HG.png","type":"image\/png"}],"author":"Frank Seboldt","twitter_card":"summary_large_image","twitter_misc":{"Escrito por":"Frank Seboldt","Tempo estimado de leitura":"5 minutos"},"schema":{"@context":"https:\/\/schema.org","@graph":[{"@type":"Article","@id":"https:\/\/www.cib.de\/cib-flow-veraendert-finanzaemter-baden-wuerttemberg\/#article","isPartOf":{"@id":"https:\/\/www.cib.de\/cib-flow-veraendert-finanzaemter-baden-wuerttemberg\/"},"author":{"name":"Frank Seboldt","@id":"https:\/\/www.cib.de\/#\/schema\/person\/6cbda8c1ed50e169cf1ca3987ee2367d"},"headline":"Digitale Transformation in der Finanzverwaltung: CIB flow ver\u00e4ndert Finanz\u00e4mter in Baden-W\u00fcrttemberg","datePublished":"2023-12-07T13:40:24+00:00","dateModified":"2024-06-06T07:12:15+00:00","mainEntityOfPage":{"@id":"https:\/\/www.cib.de\/cib-flow-veraendert-finanzaemter-baden-wuerttemberg\/"},"wordCount":971,"publisher":{"@id":"https:\/\/www.cib.de\/#organization"},"image":{"@id":"https:\/\/www.cib.de\/cib-flow-veraendert-finanzaemter-baden-wuerttemberg\/#primaryimage"},"thumbnailUrl":"https:\/\/www.cib.de\/wp-content\/uploads\/2023\/12\/HG-e1767877484556.png","keywords":["CIB flow"],"articleSection":["Digitalisierung"],"inLanguage":"pt-PT"},{"@type":"WebPage","@id":"https:\/\/www.cib.de\/cib-flow-veraendert-finanzaemter-baden-wuerttemberg\/","url":"https:\/\/www.cib.de\/cib-flow-veraendert-finanzaemter-baden-wuerttemberg\/","name":"CIB flow transforma reparti\u00e7\u00f5es fiscais em Baden-W\u00fcrttemberg","isPartOf":{"@id":"https:\/\/www.cib.de\/#website"},"primaryImageOfPage":{"@id":"https:\/\/www.cib.de\/cib-flow-veraendert-finanzaemter-baden-wuerttemberg\/#primaryimage"},"image":{"@id":"https:\/\/www.cib.de\/cib-flow-veraendert-finanzaemter-baden-wuerttemberg\/#primaryimage"},"thumbnailUrl":"https:\/\/www.cib.de\/wp-content\/uploads\/2023\/12\/HG-e1767877484556.png","datePublished":"2023-12-07T13:40:24+00:00","dateModified":"2024-06-06T07:12:15+00:00","description":"O CIB flow est\u00e1 a redefinir o futuro da administra\u00e7\u00e3o financeira em Baden-W\u00fcrttemberg com o projeto \"Reparti\u00e7\u00e3o de Finan\u00e7as do Futuro\".","breadcrumb":{"@id":"https:\/\/www.cib.de\/cib-flow-veraendert-finanzaemter-baden-wuerttemberg\/#breadcrumb"},"inLanguage":"pt-PT","potentialAction":[{"@type":"ReadAction","target":["https:\/\/www.cib.de\/cib-flow-veraendert-finanzaemter-baden-wuerttemberg\/"]}]},{"@type":"ImageObject","inLanguage":"pt-PT","@id":"https:\/\/www.cib.de\/cib-flow-veraendert-finanzaemter-baden-wuerttemberg\/#primaryimage","url":"https:\/\/www.cib.de\/wp-content\/uploads\/2023\/12\/HG-e1767877484556.png","contentUrl":"https:\/\/www.cib.de\/wp-content\/uploads\/2023\/12\/HG-e1767877484556.png","width":1261,"height":550},{"@type":"BreadcrumbList","@id":"https:\/\/www.cib.de\/cib-flow-veraendert-finanzaemter-baden-wuerttemberg\/#breadcrumb","itemListElement":[{"@type":"ListItem","position":1,"name":"Home","item":"https:\/\/www.cib.de\/"},{"@type":"ListItem","position":2,"name":"Digitale Transformation in der Finanzverwaltung: CIB flow ver\u00e4ndert Finanz\u00e4mter in Baden-W\u00fcrttemberg"}]},{"@type":"WebSite","@id":"https:\/\/www.cib.de\/#website","url":"https:\/\/www.cib.de\/","name":"CIB Group","description":"Digitalisierung, Prozessautomatisierung, K\u00fcnstliche Intelligenz","publisher":{"@id":"https:\/\/www.cib.de\/#organization"},"potentialAction":[{"@type":"SearchAction","target":{"@type":"EntryPoint","urlTemplate":"https:\/\/www.cib.de\/?s={search_term_string}"},"query-input":{"@type":"PropertyValueSpecification","valueRequired":true,"valueName":"search_term_string"}}],"inLanguage":"pt-PT"},{"@type":"Organization","@id":"https:\/\/www.cib.de\/#organization","name":"CIB Group","url":"https:\/\/www.cib.de\/","logo":{"@type":"ImageObject","inLanguage":"pt-PT","@id":"https:\/\/www.cib.de\/#\/schema\/logo\/image\/","url":"https:\/\/www.cib.de\/wp-content\/uploads\/2023\/10\/CIB_Logo_.svg","contentUrl":"https:\/\/www.cib.de\/wp-content\/uploads\/2023\/10\/CIB_Logo_.svg","width":283,"height":128,"caption":"CIB Group"},"image":{"@id":"https:\/\/www.cib.de\/#\/schema\/logo\/image\/"},"sameAs":["https:\/\/www.linkedin.com\/company\/cib\/"]},{"@type":"Person","@id":"https:\/\/www.cib.de\/#\/schema\/person\/6cbda8c1ed50e169cf1ca3987ee2367d","name":"Frank Seboldt","image":{"@type":"ImageObject","inLanguage":"pt-PT","@id":"https:\/\/www.cib.de\/wp-content\/uploads\/2022\/05\/frank_blog-96x96.jpg","url":"https:\/\/www.cib.de\/wp-content\/uploads\/2022\/05\/frank_blog-96x96.jpg","contentUrl":"https:\/\/www.cib.de\/wp-content\/uploads\/2022\/05\/frank_blog-96x96.jpg","caption":"Frank Seboldt"},"description":"Produktmanagement &amp; Strategie"}]}},"post_mailing_queue_ids":[],"_links":{"self":[{"href":"https:\/\/www.cib.de\/pt\/wp-json\/wp\/v2\/posts\/107307","targetHints":{"allow":["GET"]}}],"collection":[{"href":"https:\/\/www.cib.de\/pt\/wp-json\/wp\/v2\/posts"}],"about":[{"href":"https:\/\/www.cib.de\/pt\/wp-json\/wp\/v2\/types\/post"}],"author":[{"embeddable":true,"href":"https:\/\/www.cib.de\/pt\/wp-json\/wp\/v2\/users\/235"}],"replies":[{"embeddable":true,"href":"https:\/\/www.cib.de\/pt\/wp-json\/wp\/v2\/comments?post=107307"}],"version-history":[{"count":93,"href":"https:\/\/www.cib.de\/pt\/wp-json\/wp\/v2\/posts\/107307\/revisions"}],"predecessor-version":[{"id":115783,"href":"https:\/\/www.cib.de\/pt\/wp-json\/wp\/v2\/posts\/107307\/revisions\/115783"}],"wp:featuredmedia":[{"embeddable":true,"href":"https:\/\/www.cib.de\/pt\/wp-json\/wp\/v2\/media\/107309"}],"wp:attachment":[{"href":"https:\/\/www.cib.de\/pt\/wp-json\/wp\/v2\/media?parent=107307"}],"wp:term":[{"taxonomy":"category","embeddable":true,"href":"https:\/\/www.cib.de\/pt\/wp-json\/wp\/v2\/categories?post=107307"},{"taxonomy":"post_tag","embeddable":true,"href":"https:\/\/www.cib.de\/pt\/wp-json\/wp\/v2\/tags?post=107307"}],"curies":[{"name":"wp","href":"https:\/\/api.w.org\/{rel}","templated":true}]}}