{"id":114059,"date":"2024-03-27T08:47:41","date_gmt":"2024-03-27T07:47:41","guid":{"rendered":"https:\/\/www.cib.de\/?p=114059"},"modified":"2024-11-04T09:42:54","modified_gmt":"2024-11-04T08:42:54","slug":"cib-portugal-jobfair-faro","status":"publish","type":"post","link":"https:\/\/www.cib.de\/pt\/cib-portugal-jobmesse-faro\/","title":{"rendered":"CIB Portugal participa com muitas sinergias na UAlg Careers Fair em Faro"},"content":{"rendered":"<div data-elementor-type=\"wp-post\" data-elementor-id=\"114059\" class=\"elementor elementor-114059\" data-elementor-post-type=\"post\">\n\t\t\t\t\t\t<section class=\"elementor-section elementor-top-section elementor-element elementor-element-05fc2a9 elementor-section-boxed elementor-section-height-default elementor-section-height-default\" data-id=\"05fc2a9\" data-element_type=\"section\" data-e-type=\"section\">\n\t\t\t\t\t\t<div class=\"elementor-container elementor-column-gap-default\">\n\t\t\t\t\t<div class=\"elementor-column elementor-col-100 elementor-top-column elementor-element elementor-element-0facebf\" data-id=\"0facebf\" data-element_type=\"column\" data-e-type=\"column\">\n\t\t\t<div class=\"elementor-widget-wrap elementor-element-populated\">\n\t\t\t\t\t\t<div class=\"elementor-element elementor-element-931a1f0 elementor-widget elementor-widget-text-editor\" data-id=\"931a1f0\" data-element_type=\"widget\" data-e-type=\"widget\" data-widget_type=\"text-editor.default\">\n\t\t\t\t<div class=\"elementor-widget-container\">\n\t\t\t\t\t\t\t\t\t<p class=\"translation-block\">Na semana passada, a nossa equipa em Portugal participou na UAlg Careers Fair, em Faro. Foi uma ocasi\u00e3o especial para os nossos colaboradores visitarem mais uma vez a sua alma mater, a <a href=\"https:\/\/www.ualg.pt\/\" target=\"_blank\" rel=\"noopener\">Universidade do Algarve<\/a> (UAlg). O dia foi repleto de conversas interessantes com estudantes e empresas. Foi inspirador partilhar as nossas experi\u00eancias com os estudantes e inform\u00e1-los sobre as in\u00fameras oportunidades de carreira na CIB.<\/p>\t\t\t\t\t\t\t\t<\/div>\n\t\t\t\t<\/div>\n\t\t\t\t\t<\/div>\n\t\t<\/div>\n\t\t\t\t\t<\/div>\n\t\t<\/section>\n\t\t\t\t<section class=\"elementor-section elementor-top-section elementor-element elementor-element-f3c544a elementor-reverse-tablet elementor-reverse-mobile elementor-section-boxed elementor-section-height-default elementor-section-height-default\" data-id=\"f3c544a\" data-element_type=\"section\" data-e-type=\"section\">\n\t\t\t\t\t\t<div class=\"elementor-container elementor-column-gap-default\">\n\t\t\t\t\t<div class=\"elementor-column elementor-col-50 elementor-top-column elementor-element elementor-element-5014131\" data-id=\"5014131\" data-element_type=\"column\" data-e-type=\"column\">\n\t\t\t<div class=\"elementor-widget-wrap elementor-element-populated\">\n\t\t\t\t\t\t<div class=\"elementor-element elementor-element-d860a68 elementor-widget elementor-widget-heading\" data-id=\"d860a68\" data-element_type=\"widget\" data-e-type=\"widget\" data-widget_type=\"heading.default\">\n\t\t\t\t<div class=\"elementor-widget-container\">\n\t\t\t\t\t<h2 class=\"elementor-heading-title elementor-size-default\">CIB doXibox Challenge<\/h2>\t\t\t\t<\/div>\n\t\t\t\t<\/div>\n\t\t\t\t<div class=\"elementor-element elementor-element-31ff72d elementor-widget elementor-widget-text-editor\" data-id=\"31ff72d\" data-element_type=\"widget\" data-e-type=\"widget\" data-widget_type=\"text-editor.default\">\n\t\t\t\t<div class=\"elementor-widget-container\">\n\t\t\t\t\t\t\t\t\t<p class=\"translation-block\">Como \u00e9 habitual nos nossos eventos, o <a href=\"https:\/\/www.cib.de\/pt\/scannerbox\/\" target=\"_self\">CIB doXibox<\/a> Challenge foi muito participado. Fic\u00e1mos muito satisfeitos com o entusiasmo e a criatividade dos participantes. Os nossos vencedores ficaram muito contentes com os seus presentes.<\/p>\t\t\t\t\t\t\t\t<\/div>\n\t\t\t\t<\/div>\n\t\t\t\t\t<\/div>\n\t\t<\/div>\n\t\t\t\t<div class=\"elementor-column elementor-col-50 elementor-top-column elementor-element elementor-element-cd5bed2\" data-id=\"cd5bed2\" data-element_type=\"column\" data-e-type=\"column\">\n\t\t\t<div class=\"elementor-widget-wrap elementor-element-populated\">\n\t\t\t\t\t\t<div class=\"elementor-element elementor-element-085fec1 elementor-widget elementor-widget-image\" data-id=\"085fec1\" data-element_type=\"widget\" data-e-type=\"widget\" data-widget_type=\"image.default\">\n\t\t\t\t<div class=\"elementor-widget-container\">\n\t\t\t\t\t\t\t\t\t\t\t\t\t\t\t<img fetchpriority=\"high\" decoding=\"async\" width=\"667\" height=\"500\" src=\"https:\/\/www.cib.de\/wp-content\/uploads\/2024\/03\/ualg_hq3-e1767875603489.jpg\" class=\"attachment-large size-large wp-image-114069\" alt=\"\" \/>\t\t\t\t\t\t\t\t\t\t\t\t\t\t\t<\/div>\n\t\t\t\t<\/div>\n\t\t\t\t\t<\/div>\n\t\t<\/div>\n\t\t\t\t\t<\/div>\n\t\t<\/section>\n\t\t\t\t<section class=\"elementor-section elementor-top-section elementor-element elementor-element-8fd82d2 elementor-section-boxed elementor-section-height-default elementor-section-height-default\" data-id=\"8fd82d2\" data-element_type=\"section\" data-e-type=\"section\">\n\t\t\t\t\t\t<div class=\"elementor-container elementor-column-gap-default\">\n\t\t\t\t\t<div class=\"elementor-column elementor-col-100 elementor-top-column elementor-element elementor-element-20cde83\" data-id=\"20cde83\" data-element_type=\"column\" data-e-type=\"column\">\n\t\t\t<div class=\"elementor-widget-wrap elementor-element-populated\">\n\t\t\t\t\t\t<div class=\"elementor-element elementor-element-cce2245 elementor-widget elementor-widget-heading\" data-id=\"cce2245\" data-element_type=\"widget\" data-e-type=\"widget\" data-widget_type=\"heading.default\">\n\t\t\t\t<div class=\"elementor-widget-container\">\n\t\t\t\t\t<h2 class=\"elementor-heading-title elementor-size-default\">Um grande evento<\/h2>\t\t\t\t<\/div>\n\t\t\t\t<\/div>\n\t\t\t\t\t<\/div>\n\t\t<\/div>\n\t\t\t\t\t<\/div>\n\t\t<\/section>\n\t\t\t\t<section class=\"elementor-section elementor-top-section elementor-element elementor-element-f852595 elementor-section-boxed elementor-section-height-default elementor-section-height-default\" data-id=\"f852595\" data-element_type=\"section\" data-e-type=\"section\">\n\t\t\t\t\t\t<div class=\"elementor-container elementor-column-gap-default\">\n\t\t\t\t\t<div class=\"elementor-column elementor-col-100 elementor-top-column elementor-element elementor-element-415b480\" data-id=\"415b480\" data-element_type=\"column\" data-e-type=\"column\">\n\t\t\t<div class=\"elementor-widget-wrap elementor-element-populated\">\n\t\t\t\t\t\t<div class=\"elementor-element elementor-element-1e88a71 elementor-widget elementor-widget-text-editor\" data-id=\"1e88a71\" data-element_type=\"widget\" data-e-type=\"widget\" data-widget_type=\"text-editor.default\">\n\t\t\t\t<div class=\"elementor-widget-container\">\n\t\t\t\t\t\t\t\t\t<p>A organiza\u00e7\u00e3o do evento foi impec\u00e1vel, um testemunho do empenho da equipa da UALg, um reflexo da procura de excel\u00eancia da Universidade.<\/p>\t\t\t\t\t\t\t\t<\/div>\n\t\t\t\t<\/div>\n\t\t\t\t<div class=\"elementor-element elementor-element-92e8858 elementor-widget elementor-widget-gallery\" data-id=\"92e8858\" data-element_type=\"widget\" data-e-type=\"widget\" data-settings=\"{&quot;columns&quot;:3,&quot;lazyload&quot;:&quot;yes&quot;,&quot;gallery_layout&quot;:&quot;grid&quot;,&quot;columns_tablet&quot;:2,&quot;columns_mobile&quot;:1,&quot;gap&quot;:{&quot;unit&quot;:&quot;px&quot;,&quot;size&quot;:10,&quot;sizes&quot;:[]},&quot;gap_tablet&quot;:{&quot;unit&quot;:&quot;px&quot;,&quot;size&quot;:10,&quot;sizes&quot;:[]},&quot;gap_mobile&quot;:{&quot;unit&quot;:&quot;px&quot;,&quot;size&quot;:10,&quot;sizes&quot;:[]},&quot;link_to&quot;:&quot;file&quot;,&quot;aspect_ratio&quot;:&quot;3:2&quot;,&quot;content_hover_animation&quot;:&quot;fade-in&quot;}\" data-widget_type=\"gallery.default\">\n\t\t\t\t<div class=\"elementor-widget-container\">\n\t\t\t\t\t\t\t<div class=\"elementor-gallery__container\">\n\t\t\t\t\t\t\t<a class=\"e-gallery-item elementor-gallery-item elementor-animated-content\" href=\"https:\/\/www.cib.de\/wp-content\/uploads\/2024\/03\/ualg_hq2-e1767875594651.jpg\" data-elementor-open-lightbox=\"yes\" data-elementor-lightbox-slideshow=\"92e8858\" data-elementor-lightbox-title=\"ualg_hq2\" data-e-action-hash=\"#elementor-action%3Aaction%3Dlightbox%26settings%3DeyJpZCI6MTE0MDcwLCJ1cmwiOiJodHRwczpcL1wvd3d3LmNpYi5kZVwvd3AtY29udGVudFwvdXBsb2Fkc1wvMjAyNFwvMDNcL3VhbGdfaHEyLWUxNzY3ODc1NTk0NjUxLmpwZyIsInNsaWRlc2hvdyI6IjkyZTg4NTgifQ%3D%3D\">\n\t\t\t\t\t<div class=\"e-gallery-image elementor-gallery-item__image\" data-thumbnail=\"https:\/\/www.cib.de\/wp-content\/uploads\/2024\/03\/ualg_hq2-e1767875594651.jpg\" data-width=\"500\" data-height=\"667\" aria-label=\"\" role=\"img\" ><\/div>\n\t\t\t\t\t\t\t\t\t\t\t\t\t\t<\/a>\n\t\t\t\t\t\t\t<a class=\"e-gallery-item elementor-gallery-item elementor-animated-content\" href=\"https:\/\/www.cib.de\/wp-content\/uploads\/2024\/03\/ualg_hq1-e1767875583157.jpg\" data-elementor-open-lightbox=\"yes\" data-elementor-lightbox-slideshow=\"92e8858\" data-elementor-lightbox-title=\"ualg_hq1\" data-e-action-hash=\"#elementor-action%3Aaction%3Dlightbox%26settings%3DeyJpZCI6MTE0MDcxLCJ1cmwiOiJodHRwczpcL1wvd3d3LmNpYi5kZVwvd3AtY29udGVudFwvdXBsb2Fkc1wvMjAyNFwvMDNcL3VhbGdfaHExLWUxNzY3ODc1NTgzMTU3LmpwZyIsInNsaWRlc2hvdyI6IjkyZTg4NTgifQ%3D%3D\">\n\t\t\t\t\t<div class=\"e-gallery-image elementor-gallery-item__image\" data-thumbnail=\"https:\/\/www.cib.de\/wp-content\/uploads\/2024\/03\/ualg_hq1-e1767875583157.jpg\" data-width=\"666\" data-height=\"500\" aria-label=\"\" role=\"img\" ><\/div>\n\t\t\t\t\t\t\t\t\t\t\t\t\t\t<\/a>\n\t\t\t\t\t\t\t<a class=\"e-gallery-item elementor-gallery-item elementor-animated-content\" href=\"https:\/\/www.cib.de\/wp-content\/uploads\/2024\/03\/ualg_hq4-e1767875575398.jpg\" data-elementor-open-lightbox=\"yes\" data-elementor-lightbox-slideshow=\"92e8858\" data-elementor-lightbox-title=\"ualg_hq4\" data-e-action-hash=\"#elementor-action%3Aaction%3Dlightbox%26settings%3DeyJpZCI6MTE0MDcyLCJ1cmwiOiJodHRwczpcL1wvd3d3LmNpYi5kZVwvd3AtY29udGVudFwvdXBsb2Fkc1wvMjAyNFwvMDNcL3VhbGdfaHE0LWUxNzY3ODc1NTc1Mzk4LmpwZyIsInNsaWRlc2hvdyI6IjkyZTg4NTgifQ%3D%3D\">\n\t\t\t\t\t<div class=\"e-gallery-image elementor-gallery-item__image\" data-thumbnail=\"https:\/\/www.cib.de\/wp-content\/uploads\/2024\/03\/ualg_hq4-e1767875575398.jpg\" data-width=\"746\" data-height=\"500\" aria-label=\"\" role=\"img\" ><\/div>\n\t\t\t\t\t\t\t\t\t\t\t\t\t\t<\/a>\n\t\t\t\t\t<\/div>\n\t\t\t\t\t<\/div>\n\t\t\t\t<\/div>\n\t\t\t\t\t<\/div>\n\t\t<\/div>\n\t\t\t\t\t<\/div>\n\t\t<\/section>\n\t\t\t\t<section class=\"elementor-section elementor-top-section elementor-element elementor-element-219037a elementor-section-boxed elementor-section-height-default elementor-section-height-default\" data-id=\"219037a\" data-element_type=\"section\" data-e-type=\"section\">\n\t\t\t\t\t\t<div class=\"elementor-container elementor-column-gap-default\">\n\t\t\t\t\t<div class=\"elementor-column elementor-col-100 elementor-top-column elementor-element elementor-element-89eacbf\" data-id=\"89eacbf\" data-element_type=\"column\" data-e-type=\"column\">\n\t\t\t<div class=\"elementor-widget-wrap elementor-element-populated\">\n\t\t\t\t\t\t<div class=\"elementor-element elementor-element-c0adf2d elementor-widget elementor-widget-heading\" data-id=\"c0adf2d\" data-element_type=\"widget\" data-e-type=\"widget\" data-widget_type=\"heading.default\">\n\t\t\t\t<div class=\"elementor-widget-container\">\n\t\t\t\t\t<h2 class=\"elementor-heading-title elementor-size-default\">Acede ao portal de emprego<\/h2>\t\t\t\t<\/div>\n\t\t\t\t<\/div>\n\t\t\t\t\t<\/div>\n\t\t<\/div>\n\t\t\t\t\t<\/div>\n\t\t<\/section>\n\t\t\t\t<section class=\"elementor-section elementor-top-section elementor-element elementor-element-5ccb776 elementor-section-boxed elementor-section-height-default elementor-section-height-default\" data-id=\"5ccb776\" data-element_type=\"section\" data-e-type=\"section\">\n\t\t\t\t\t\t<div class=\"elementor-container elementor-column-gap-default\">\n\t\t\t\t\t<div class=\"elementor-column elementor-col-100 elementor-top-column elementor-element elementor-element-e93669d\" data-id=\"e93669d\" data-element_type=\"column\" data-e-type=\"column\">\n\t\t\t<div class=\"elementor-widget-wrap elementor-element-populated\">\n\t\t\t\t\t\t<div class=\"elementor-element elementor-element-cfe14ef elementor-widget elementor-widget-text-editor\" data-id=\"cfe14ef\" data-element_type=\"widget\" data-e-type=\"widget\" data-widget_type=\"text-editor.default\">\n\t\t\t\t<div class=\"elementor-widget-container\">\n\t\t\t\t\t\t\t\t\t<p>Procuras um emprego numa empresa inovadora que te motive e ajude a progredir?<\/p><p>Somos especialistas em digitaliza\u00e7\u00e3o e automatiza\u00e7\u00e3o com intelig\u00eancia artificial. A nossa vis\u00e3o \u00e9 libertar as empresas e as entidades p\u00fablicas das tarefas quotidianas entediantes na gest\u00e3o de documentos.<\/p><p>H\u00e1 muitas boas raz\u00f5es para escolher a CIB. Candidata-te e vamos conversar!<\/p>\t\t\t\t\t\t\t\t<\/div>\n\t\t\t\t<\/div>\n\t\t\t\t\t<\/div>\n\t\t<\/div>\n\t\t\t\t\t<\/div>\n\t\t<\/section>\n\t\t\t\t<section class=\"elementor-section elementor-top-section elementor-element elementor-element-056de39 elementor-section-boxed elementor-section-height-default elementor-section-height-default\" data-id=\"056de39\" data-element_type=\"section\" data-e-type=\"section\">\n\t\t\t\t\t\t<div class=\"elementor-container elementor-column-gap-default\">\n\t\t\t\t\t<div class=\"elementor-column elementor-col-100 elementor-top-column elementor-element elementor-element-6c18c23\" data-id=\"6c18c23\" data-element_type=\"column\" data-e-type=\"column\">\n\t\t\t<div class=\"elementor-widget-wrap elementor-element-populated\">\n\t\t\t\t\t\t<div class=\"elementor-element elementor-element-4a3ec84 elementor-widget elementor-widget-button\" data-id=\"4a3ec84\" data-element_type=\"widget\" data-e-type=\"widget\" data-widget_type=\"button.default\">\n\t\t\t\t<div class=\"elementor-widget-container\">\n\t\t\t\t\t\t\t\t\t<div class=\"elementor-button-wrapper\">\n\t\t\t\t\t<a class=\"elementor-button elementor-button-link elementor-size-sm\" href=\"\/pt\/ofertas\/\">\n\t\t\t\t\t\t<span class=\"elementor-button-content-wrapper\">\n\t\t\t\t\t\t\t\t\t<span class=\"elementor-button-text\">Aceder ao portal de emprego<\/span>\n\t\t\t\t\t<\/span>\n\t\t\t\t\t<\/a>\n\t\t\t\t<\/div>\n\t\t\t\t\t\t\t\t<\/div>\n\t\t\t\t<\/div>\n\t\t\t\t<div class=\"elementor-element elementor-element-ff5947b elementor-widget elementor-widget-button\" data-id=\"ff5947b\" data-element_type=\"widget\" data-e-type=\"widget\" data-widget_type=\"button.default\">\n\t\t\t\t<div class=\"elementor-widget-container\">\n\t\t\t\t\t\t\t\t\t<div class=\"elementor-button-wrapper\">\n\t\t\t\t\t<a class=\"elementor-button elementor-button-link elementor-size-sm\" href=\"\/pt\/carreiras\/\">\n\t\t\t\t\t\t<span class=\"elementor-button-content-wrapper\">\n\t\t\t\t\t\t\t\t\t<span class=\"elementor-button-text\">Carreira e incentivos<\/span>\n\t\t\t\t\t<\/span>\n\t\t\t\t\t<\/a>\n\t\t\t\t<\/div>\n\t\t\t\t\t\t\t\t<\/div>\n\t\t\t\t<\/div>\n\t\t\t\t<div class=\"elementor-element elementor-element-bd8d201 elementor-widget elementor-widget-text-editor\" data-id=\"bd8d201\" data-element_type=\"widget\" data-e-type=\"widget\" data-widget_type=\"text-editor.default\">\n\t\t\t\t<div class=\"elementor-widget-container\">\n\t\t\t\t\t\t\t\t\t<p>Let\u00b4s CIB!<\/p>\t\t\t\t\t\t\t\t<\/div>\n\t\t\t\t<\/div>\n\t\t\t\t\t<\/div>\n\t\t<\/div>\n\t\t\t\t\t<\/div>\n\t\t<\/section>\n\t\t\t\t<\/div>","protected":false},"excerpt":{"rendered":"<p>Na semana passada, a nossa equipa em Portugal participou na UAlg Careers Fair, em Faro. Foi uma ocasi\u00e3o especial para os nossos colaboradores visitarem mais uma vez a sua alma mater, a Universidade do Algarve (UAlg).<\/p>","protected":false},"author":246,"featured_media":114060,"comment_status":"closed","ping_status":"closed","sticky":false,"template":"","format":"standard","meta":{"_acf_changed":false,"footnotes":""},"categories":[1],"tags":[1072,2387],"class_list":["post-114059","post","type-post","status-publish","format-standard","has-post-thumbnail","hentry","category-cib-group","tag-karriere","tag-cib-portugal"],"acf":[],"yoast_head":"<!-- This site is optimized with the Yoast SEO plugin v27.5 - https:\/\/yoast.com\/product\/yoast-seo-wordpress\/ -->\n<title>CIB Portugal auf der Jobmesse in Faro 2024<\/title>\n<meta name=\"description\" content=\"Vergangene Woche nahm unser Team in Portugal auf der UAlg Careers Fair in Faro teil, um unser Netzwerk mit den Studierenden zu st\u00e4rken.\" \/>\n<meta name=\"robots\" content=\"index, follow, max-snippet:-1, max-image-preview:large, max-video-preview:-1\" \/>\n<link rel=\"canonical\" href=\"https:\/\/www.cib.de\/pt\/cib-portugal-jobfair-faro\/\" \/>\n<meta property=\"og:locale\" content=\"pt_PT\" \/>\n<meta property=\"og:type\" content=\"article\" \/>\n<meta property=\"og:title\" content=\"CIB Portugal auf der Jobmesse in Faro 2024\" \/>\n<meta property=\"og:description\" content=\"Vergangene Woche nahm unser Team in Portugal auf der UAlg Careers Fair in Faro teil, um unser Netzwerk mit den Studierenden zu st\u00e4rken.\" \/>\n<meta property=\"og:url\" content=\"https:\/\/www.cib.de\/pt\/cib-portugal-jobfair-faro\/\" \/>\n<meta property=\"og:site_name\" content=\"CIB Group\" \/>\n<meta property=\"article:publisher\" content=\"https:\/\/www.linkedin.com\/company\/cib\/\" \/>\n<meta property=\"article:published_time\" content=\"2024-03-27T07:47:41+00:00\" \/>\n<meta property=\"article:modified_time\" content=\"2024-11-04T08:42:54+00:00\" \/>\n<meta property=\"og:image\" content=\"https:\/\/www.cib.de\/wp-content\/uploads\/2024\/03\/HG-UALG-1.jpg\" \/>\n\t<meta property=\"og:image:width\" content=\"1625\" \/>\n\t<meta property=\"og:image:height\" content=\"557\" \/>\n\t<meta property=\"og:image:type\" content=\"image\/jpeg\" \/>\n<meta name=\"author\" content=\"CIB Group\" \/>\n<meta name=\"twitter:card\" content=\"summary_large_image\" \/>\n<meta name=\"twitter:label1\" content=\"Escrito por\" \/>\n\t<meta name=\"twitter:data1\" content=\"CIB Group\" \/>\n\t<meta name=\"twitter:label2\" content=\"Tempo estimado de leitura\" \/>\n\t<meta name=\"twitter:data2\" content=\"1 minuto\" \/>\n<script type=\"application\/ld+json\" class=\"yoast-schema-graph\">{\"@context\":\"https:\\\/\\\/schema.org\",\"@graph\":[{\"@type\":\"Article\",\"@id\":\"https:\\\/\\\/www.cib.de\\\/cib-portugal-jobmesse-faro\\\/#article\",\"isPartOf\":{\"@id\":\"https:\\\/\\\/www.cib.de\\\/cib-portugal-jobmesse-faro\\\/\"},\"author\":{\"name\":\"CIB Group\",\"@id\":\"https:\\\/\\\/www.cib.de\\\/#\\\/schema\\\/person\\\/4c70f0634b93acb47baacdb671694155\"},\"headline\":\"CIB Portugal mit zahlreichen Synergieeffekten auf der Jobmesse in Faro vertreten\",\"datePublished\":\"2024-03-27T07:47:41+00:00\",\"dateModified\":\"2024-11-04T08:42:54+00:00\",\"mainEntityOfPage\":{\"@id\":\"https:\\\/\\\/www.cib.de\\\/cib-portugal-jobmesse-faro\\\/\"},\"wordCount\":210,\"publisher\":{\"@id\":\"https:\\\/\\\/www.cib.de\\\/#organization\"},\"image\":{\"@id\":\"https:\\\/\\\/www.cib.de\\\/cib-portugal-jobmesse-faro\\\/#primaryimage\"},\"thumbnailUrl\":\"https:\\\/\\\/www.cib.de\\\/wp-content\\\/uploads\\\/2024\\\/03\\\/HG-UALG-1.jpg\",\"keywords\":[\"CIB Karriere\",\"CIB Portugal\"],\"articleSection\":[\"CIB Group\"],\"inLanguage\":\"pt-PT\"},{\"@type\":\"WebPage\",\"@id\":\"https:\\\/\\\/www.cib.de\\\/cib-portugal-jobmesse-faro\\\/\",\"url\":\"https:\\\/\\\/www.cib.de\\\/cib-portugal-jobmesse-faro\\\/\",\"name\":\"CIB Portugal auf der Jobmesse in Faro 2024\",\"isPartOf\":{\"@id\":\"https:\\\/\\\/www.cib.de\\\/#website\"},\"primaryImageOfPage\":{\"@id\":\"https:\\\/\\\/www.cib.de\\\/cib-portugal-jobmesse-faro\\\/#primaryimage\"},\"image\":{\"@id\":\"https:\\\/\\\/www.cib.de\\\/cib-portugal-jobmesse-faro\\\/#primaryimage\"},\"thumbnailUrl\":\"https:\\\/\\\/www.cib.de\\\/wp-content\\\/uploads\\\/2024\\\/03\\\/HG-UALG-1.jpg\",\"datePublished\":\"2024-03-27T07:47:41+00:00\",\"dateModified\":\"2024-11-04T08:42:54+00:00\",\"description\":\"Vergangene Woche nahm unser Team in Portugal auf der UAlg Careers Fair in Faro teil, um unser Netzwerk mit den Studierenden zu st\u00e4rken.\",\"breadcrumb\":{\"@id\":\"https:\\\/\\\/www.cib.de\\\/cib-portugal-jobmesse-faro\\\/#breadcrumb\"},\"inLanguage\":\"pt-PT\",\"potentialAction\":[{\"@type\":\"ReadAction\",\"target\":[\"https:\\\/\\\/www.cib.de\\\/cib-portugal-jobmesse-faro\\\/\"]}]},{\"@type\":\"ImageObject\",\"inLanguage\":\"pt-PT\",\"@id\":\"https:\\\/\\\/www.cib.de\\\/cib-portugal-jobmesse-faro\\\/#primaryimage\",\"url\":\"https:\\\/\\\/www.cib.de\\\/wp-content\\\/uploads\\\/2024\\\/03\\\/HG-UALG-1.jpg\",\"contentUrl\":\"https:\\\/\\\/www.cib.de\\\/wp-content\\\/uploads\\\/2024\\\/03\\\/HG-UALG-1.jpg\",\"width\":1625,\"height\":557},{\"@type\":\"BreadcrumbList\",\"@id\":\"https:\\\/\\\/www.cib.de\\\/cib-portugal-jobmesse-faro\\\/#breadcrumb\",\"itemListElement\":[{\"@type\":\"ListItem\",\"position\":1,\"name\":\"Home\",\"item\":\"https:\\\/\\\/www.cib.de\\\/\"},{\"@type\":\"ListItem\",\"position\":2,\"name\":\"CIB Portugal mit zahlreichen Synergieeffekten auf der Jobmesse in Faro vertreten\"}]},{\"@type\":\"WebSite\",\"@id\":\"https:\\\/\\\/www.cib.de\\\/#website\",\"url\":\"https:\\\/\\\/www.cib.de\\\/\",\"name\":\"CIB Group\",\"description\":\"Digitalisierung, Prozessautomatisierung, K\u00fcnstliche Intelligenz\",\"publisher\":{\"@id\":\"https:\\\/\\\/www.cib.de\\\/#organization\"},\"potentialAction\":[{\"@type\":\"SearchAction\",\"target\":{\"@type\":\"EntryPoint\",\"urlTemplate\":\"https:\\\/\\\/www.cib.de\\\/?s={search_term_string}\"},\"query-input\":{\"@type\":\"PropertyValueSpecification\",\"valueRequired\":true,\"valueName\":\"search_term_string\"}}],\"inLanguage\":\"pt-PT\"},{\"@type\":\"Organization\",\"@id\":\"https:\\\/\\\/www.cib.de\\\/#organization\",\"name\":\"CIB Group\",\"url\":\"https:\\\/\\\/www.cib.de\\\/\",\"logo\":{\"@type\":\"ImageObject\",\"inLanguage\":\"pt-PT\",\"@id\":\"https:\\\/\\\/www.cib.de\\\/#\\\/schema\\\/logo\\\/image\\\/\",\"url\":\"https:\\\/\\\/www.cib.de\\\/wp-content\\\/uploads\\\/2023\\\/10\\\/CIB_Logo_.svg\",\"contentUrl\":\"https:\\\/\\\/www.cib.de\\\/wp-content\\\/uploads\\\/2023\\\/10\\\/CIB_Logo_.svg\",\"width\":283,\"height\":128,\"caption\":\"CIB Group\"},\"image\":{\"@id\":\"https:\\\/\\\/www.cib.de\\\/#\\\/schema\\\/logo\\\/image\\\/\"},\"sameAs\":[\"https:\\\/\\\/www.linkedin.com\\\/company\\\/cib\\\/\"]},{\"@type\":\"Person\",\"@id\":\"https:\\\/\\\/www.cib.de\\\/#\\\/schema\\\/person\\\/4c70f0634b93acb47baacdb671694155\",\"name\":\"CIB Group\",\"image\":{\"@type\":\"ImageObject\",\"inLanguage\":\"pt-PT\",\"@id\":\"https:\\\/\\\/www.cib.de\\\/wp-content\\\/uploads\\\/2023\\\/03\\\/logo_signature2.png\",\"url\":\"https:\\\/\\\/www.cib.de\\\/wp-content\\\/uploads\\\/2023\\\/03\\\/logo_signature2.png\",\"contentUrl\":\"https:\\\/\\\/www.cib.de\\\/wp-content\\\/uploads\\\/2023\\\/03\\\/logo_signature2.png\",\"caption\":\"CIB Group\"},\"description\":\"Die Digitalisierungsexperten\"}]}<\/script>\n<!-- \/ Yoast SEO plugin. -->","yoast_head_json":{"title":"CIB Portugal na feira de emprego de Faro 2024","description":"Na semana passada, a nossa equipa em Portugal participou na Feira de Carreiras da UAlg, em Faro, para refor\u00e7ar a nossa rede de contactos com os estudantes.","robots":{"index":"index","follow":"follow","max-snippet":"max-snippet:-1","max-image-preview":"max-image-preview:large","max-video-preview":"max-video-preview:-1"},"canonical":"https:\/\/www.cib.de\/pt\/cib-portugal-jobfair-faro\/","og_locale":"pt_PT","og_type":"article","og_title":"CIB Portugal auf der Jobmesse in Faro 2024","og_description":"Vergangene Woche nahm unser Team in Portugal auf der UAlg Careers Fair in Faro teil, um unser Netzwerk mit den Studierenden zu st\u00e4rken.","og_url":"https:\/\/www.cib.de\/pt\/cib-portugal-jobfair-faro\/","og_site_name":"CIB Group","article_publisher":"https:\/\/www.linkedin.com\/company\/cib\/","article_published_time":"2024-03-27T07:47:41+00:00","article_modified_time":"2024-11-04T08:42:54+00:00","og_image":[{"width":1625,"height":557,"url":"https:\/\/www.cib.de\/wp-content\/uploads\/2024\/03\/HG-UALG-1.jpg","type":"image\/jpeg"}],"author":"CIB Group","twitter_card":"summary_large_image","twitter_misc":{"Escrito por":"CIB Group","Tempo estimado de leitura":"1 minuto"},"schema":{"@context":"https:\/\/schema.org","@graph":[{"@type":"Article","@id":"https:\/\/www.cib.de\/cib-portugal-jobmesse-faro\/#article","isPartOf":{"@id":"https:\/\/www.cib.de\/cib-portugal-jobmesse-faro\/"},"author":{"name":"CIB Group","@id":"https:\/\/www.cib.de\/#\/schema\/person\/4c70f0634b93acb47baacdb671694155"},"headline":"CIB Portugal mit zahlreichen Synergieeffekten auf der Jobmesse in Faro vertreten","datePublished":"2024-03-27T07:47:41+00:00","dateModified":"2024-11-04T08:42:54+00:00","mainEntityOfPage":{"@id":"https:\/\/www.cib.de\/cib-portugal-jobmesse-faro\/"},"wordCount":210,"publisher":{"@id":"https:\/\/www.cib.de\/#organization"},"image":{"@id":"https:\/\/www.cib.de\/cib-portugal-jobmesse-faro\/#primaryimage"},"thumbnailUrl":"https:\/\/www.cib.de\/wp-content\/uploads\/2024\/03\/HG-UALG-1.jpg","keywords":["CIB Karriere","CIB Portugal"],"articleSection":["CIB Group"],"inLanguage":"pt-PT"},{"@type":"WebPage","@id":"https:\/\/www.cib.de\/cib-portugal-jobmesse-faro\/","url":"https:\/\/www.cib.de\/cib-portugal-jobmesse-faro\/","name":"CIB Portugal na feira de emprego de Faro 2024","isPartOf":{"@id":"https:\/\/www.cib.de\/#website"},"primaryImageOfPage":{"@id":"https:\/\/www.cib.de\/cib-portugal-jobmesse-faro\/#primaryimage"},"image":{"@id":"https:\/\/www.cib.de\/cib-portugal-jobmesse-faro\/#primaryimage"},"thumbnailUrl":"https:\/\/www.cib.de\/wp-content\/uploads\/2024\/03\/HG-UALG-1.jpg","datePublished":"2024-03-27T07:47:41+00:00","dateModified":"2024-11-04T08:42:54+00:00","description":"Na semana passada, a nossa equipa em Portugal participou na Feira de Carreiras da UAlg, em Faro, para refor\u00e7ar a nossa rede de contactos com os estudantes.","breadcrumb":{"@id":"https:\/\/www.cib.de\/cib-portugal-jobmesse-faro\/#breadcrumb"},"inLanguage":"pt-PT","potentialAction":[{"@type":"ReadAction","target":["https:\/\/www.cib.de\/cib-portugal-jobmesse-faro\/"]}]},{"@type":"ImageObject","inLanguage":"pt-PT","@id":"https:\/\/www.cib.de\/cib-portugal-jobmesse-faro\/#primaryimage","url":"https:\/\/www.cib.de\/wp-content\/uploads\/2024\/03\/HG-UALG-1.jpg","contentUrl":"https:\/\/www.cib.de\/wp-content\/uploads\/2024\/03\/HG-UALG-1.jpg","width":1625,"height":557},{"@type":"BreadcrumbList","@id":"https:\/\/www.cib.de\/cib-portugal-jobmesse-faro\/#breadcrumb","itemListElement":[{"@type":"ListItem","position":1,"name":"Home","item":"https:\/\/www.cib.de\/"},{"@type":"ListItem","position":2,"name":"CIB Portugal mit zahlreichen Synergieeffekten auf der Jobmesse in Faro vertreten"}]},{"@type":"WebSite","@id":"https:\/\/www.cib.de\/#website","url":"https:\/\/www.cib.de\/","name":"CIB Group","description":"Digitalisierung, Prozessautomatisierung, K\u00fcnstliche Intelligenz","publisher":{"@id":"https:\/\/www.cib.de\/#organization"},"potentialAction":[{"@type":"SearchAction","target":{"@type":"EntryPoint","urlTemplate":"https:\/\/www.cib.de\/?s={search_term_string}"},"query-input":{"@type":"PropertyValueSpecification","valueRequired":true,"valueName":"search_term_string"}}],"inLanguage":"pt-PT"},{"@type":"Organization","@id":"https:\/\/www.cib.de\/#organization","name":"CIB Group","url":"https:\/\/www.cib.de\/","logo":{"@type":"ImageObject","inLanguage":"pt-PT","@id":"https:\/\/www.cib.de\/#\/schema\/logo\/image\/","url":"https:\/\/www.cib.de\/wp-content\/uploads\/2023\/10\/CIB_Logo_.svg","contentUrl":"https:\/\/www.cib.de\/wp-content\/uploads\/2023\/10\/CIB_Logo_.svg","width":283,"height":128,"caption":"CIB Group"},"image":{"@id":"https:\/\/www.cib.de\/#\/schema\/logo\/image\/"},"sameAs":["https:\/\/www.linkedin.com\/company\/cib\/"]},{"@type":"Person","@id":"https:\/\/www.cib.de\/#\/schema\/person\/4c70f0634b93acb47baacdb671694155","name":"CIB Group","image":{"@type":"ImageObject","inLanguage":"pt-PT","@id":"https:\/\/www.cib.de\/wp-content\/uploads\/2023\/03\/logo_signature2.png","url":"https:\/\/www.cib.de\/wp-content\/uploads\/2023\/03\/logo_signature2.png","contentUrl":"https:\/\/www.cib.de\/wp-content\/uploads\/2023\/03\/logo_signature2.png","caption":"CIB Group"},"description":"Especialistas em digitaliza\u00e7\u00e3o"}]}},"post_mailing_queue_ids":[],"_links":{"self":[{"href":"https:\/\/www.cib.de\/pt\/wp-json\/wp\/v2\/posts\/114059","targetHints":{"allow":["GET"]}}],"collection":[{"href":"https:\/\/www.cib.de\/pt\/wp-json\/wp\/v2\/posts"}],"about":[{"href":"https:\/\/www.cib.de\/pt\/wp-json\/wp\/v2\/types\/post"}],"author":[{"embeddable":true,"href":"https:\/\/www.cib.de\/pt\/wp-json\/wp\/v2\/users\/246"}],"replies":[{"embeddable":true,"href":"https:\/\/www.cib.de\/pt\/wp-json\/wp\/v2\/comments?post=114059"}],"version-history":[{"count":29,"href":"https:\/\/www.cib.de\/pt\/wp-json\/wp\/v2\/posts\/114059\/revisions"}],"predecessor-version":[{"id":114248,"href":"https:\/\/www.cib.de\/pt\/wp-json\/wp\/v2\/posts\/114059\/revisions\/114248"}],"wp:featuredmedia":[{"embeddable":true,"href":"https:\/\/www.cib.de\/pt\/wp-json\/wp\/v2\/media\/114060"}],"wp:attachment":[{"href":"https:\/\/www.cib.de\/pt\/wp-json\/wp\/v2\/media?parent=114059"}],"wp:term":[{"taxonomy":"category","embeddable":true,"href":"https:\/\/www.cib.de\/pt\/wp-json\/wp\/v2\/categories?post=114059"},{"taxonomy":"post_tag","embeddable":true,"href":"https:\/\/www.cib.de\/pt\/wp-json\/wp\/v2\/tags?post=114059"}],"curies":[{"name":"wp","href":"https:\/\/api.w.org\/{rel}","templated":true}]}}