{"id":121509,"date":"2024-10-29T14:03:08","date_gmt":"2024-10-29T13:03:08","guid":{"rendered":"https:\/\/www.cib.de\/?p=121509"},"modified":"2024-10-29T16:30:44","modified_gmt":"2024-10-29T15:30:44","slug":"cib-celebra-35-aniversario-entrevista-fundador-ulrich-brandner","status":"publish","type":"post","link":"https:\/\/www.cib.de\/pt\/cib-feiert-35-jubilaum-interview-mit-cib-grunder-ulrich-brandner\/","title":{"rendered":"A CIB celebra o seu 35\u00ba anivers\u00e1rio - Entrevista com o fundador, Ulrich Brandner"},"content":{"rendered":"<div data-elementor-type=\"wp-post\" data-elementor-id=\"121509\" class=\"elementor elementor-121509\" data-elementor-post-type=\"post\">\n\t\t\t\t\t\t<section class=\"elementor-section elementor-top-section elementor-element elementor-element-c76b5ad elementor-section-boxed elementor-section-height-default elementor-section-height-default\" data-id=\"c76b5ad\" data-element_type=\"section\" data-e-type=\"section\">\n\t\t\t\t\t\t<div class=\"elementor-container elementor-column-gap-default\">\n\t\t\t\t\t<div class=\"elementor-column elementor-col-100 elementor-top-column elementor-element elementor-element-d354e29\" data-id=\"d354e29\" data-element_type=\"column\" data-e-type=\"column\">\n\t\t\t<div class=\"elementor-widget-wrap elementor-element-populated\">\n\t\t\t\t\t\t<div class=\"elementor-element elementor-element-29e6085 elementor-widget elementor-widget-text-editor\" data-id=\"29e6085\" data-element_type=\"widget\" data-e-type=\"widget\" data-widget_type=\"text-editor.default\">\n\t\t\t\t<div class=\"elementor-widget-container\">\n\t\t\t\t\t\t\t\t\t<p class=\"translation-block\">O CIB Group comemora 35 anos de hist\u00f3ria. Ontem, desfrut\u00e1mos o pequeno-almo\u00e7o em conjunto, enquanto record\u00e1vamos muitos momentos memor\u00e1vel num slideshow. Tamb\u00e9m presente\u00e1mos o nosso fundador, <span style=\"text-decoration: underline\"><a href=\"https:\/\/www.linkedin.com\/in\/ulrich-brandner\/\" target=\"_blank\">Ulrich Brandner<\/a><\/span>, com jornais originais de 1989, o ano da nossa funda\u00e7\u00e3o...<\/p>\t\t\t\t\t\t\t\t<\/div>\n\t\t\t\t<\/div>\n\t\t\t\t\t<\/div>\n\t\t<\/div>\n\t\t\t\t\t<\/div>\n\t\t<\/section>\n\t\t\t\t<section class=\"elementor-section elementor-top-section elementor-element elementor-element-c1cd833 elementor-section-boxed elementor-section-height-default elementor-section-height-default\" data-id=\"c1cd833\" data-element_type=\"section\" data-e-type=\"section\">\n\t\t\t\t\t\t<div class=\"elementor-container elementor-column-gap-default\">\n\t\t\t\t\t<div class=\"elementor-column elementor-col-100 elementor-top-column elementor-element elementor-element-819ef18\" data-id=\"819ef18\" data-element_type=\"column\" data-e-type=\"column\">\n\t\t\t<div class=\"elementor-widget-wrap elementor-element-populated\">\n\t\t\t\t\t\t\t<\/div>\n\t\t<\/div>\n\t\t\t\t\t<\/div>\n\t\t<\/section>\n\t\t\t\t<section class=\"elementor-section elementor-top-section elementor-element elementor-element-c7ee5aa elementor-section-content-middle elementor-section-boxed elementor-section-height-default elementor-section-height-default\" data-id=\"c7ee5aa\" data-element_type=\"section\" data-e-type=\"section\">\n\t\t\t\t\t\t<div class=\"elementor-container elementor-column-gap-default\">\n\t\t\t\t\t<div class=\"elementor-column elementor-col-50 elementor-top-column elementor-element elementor-element-b235eef\" data-id=\"b235eef\" data-element_type=\"column\" data-e-type=\"column\">\n\t\t\t<div class=\"elementor-widget-wrap elementor-element-populated\">\n\t\t\t\t\t\t<div class=\"elementor-element elementor-element-3f451a2 elementor-widget elementor-widget-text-editor\" data-id=\"3f451a2\" data-element_type=\"widget\" data-e-type=\"widget\" data-widget_type=\"text-editor.default\">\n\t\t\t\t<div class=\"elementor-widget-container\">\n\t\t\t\t\t\t\t\t\tPara assinalar o 35\u00ba anivers\u00e1rio, entrevist\u00e1mos Ulrich Brandner sobre as suas experi\u00eancias desde os primeiros tempos\t\t\t\t\t\t\t\t<\/div>\n\t\t\t\t<\/div>\n\t\t\t\t<div class=\"elementor-element elementor-element-a2b9cdd elementor-widget elementor-widget-text-editor\" data-id=\"a2b9cdd\" data-element_type=\"widget\" data-e-type=\"widget\" data-widget_type=\"text-editor.default\">\n\t\t\t\t<div class=\"elementor-widget-container\">\n\t\t\t\t\t\t\t\t\t<strong>35 anos do Grupo CIB - um percurso impressionante! Sr. Brandner, fundou a empresa numa altura de convuls\u00e3o pol\u00edtica na Alemanha. Quais s\u00e3o as suas recorda\u00e7\u00f5es desse per\u00edodo?<\/strong>\t\t\t\t\t\t\t\t<\/div>\n\t\t\t\t<\/div>\n\t\t\t\t<div class=\"elementor-element elementor-element-2dafee8 elementor-widget elementor-widget-text-editor\" data-id=\"2dafee8\" data-element_type=\"widget\" data-e-type=\"widget\" data-widget_type=\"text-editor.default\">\n\t\t\t\t<div class=\"elementor-widget-container\">\n\t\t\t\t\t\t\t\t\t<p><em>Brandner: Foi uma \u00e9poca extremamente emocionante e comovente: Outubro de 1989 marcou um ponto de viragem na hist\u00f3ria da Alemanha. As manifesta\u00e7\u00f5es das segundas-feiras na RDA tornaram-se um s\u00edmbolo de resist\u00eancia pac\u00edfica contra o regime. Isso acabou por levar \u00e0 queda do Muro de Berlim, em Novembro de 1989.<\/em><\/p>\t\t\t\t\t\t\t\t<\/div>\n\t\t\t\t<\/div>\n\t\t\t\t\t<\/div>\n\t\t<\/div>\n\t\t\t\t<div class=\"elementor-column elementor-col-50 elementor-top-column elementor-element elementor-element-0f8aa91\" data-id=\"0f8aa91\" data-element_type=\"column\" data-e-type=\"column\">\n\t\t\t<div class=\"elementor-widget-wrap elementor-element-populated\">\n\t\t\t\t\t\t<div class=\"elementor-element elementor-element-095e637 elementor-widget elementor-widget-image\" data-id=\"095e637\" data-element_type=\"widget\" data-e-type=\"widget\" data-widget_type=\"image.default\">\n\t\t\t\t<div class=\"elementor-widget-container\">\n\t\t\t\t\t\t\t\t\t\t\t\t\t\t\t<img fetchpriority=\"high\" decoding=\"async\" width=\"683\" height=\"1024\" src=\"https:\/\/www.cib.de\/wp-content\/uploads\/2024\/10\/35-Jahre-blog-20.-Uli-683x1024.jpg\" class=\"attachment-large size-large wp-image-121508\" alt=\"\" srcset=\"https:\/\/www.cib.de\/wp-content\/uploads\/2024\/10\/35-Jahre-blog-20.-Uli-683x1024.jpg 683w, https:\/\/www.cib.de\/wp-content\/uploads\/2024\/10\/35-Jahre-blog-20.-Uli-200x300.jpg 200w, https:\/\/www.cib.de\/wp-content\/uploads\/2024\/10\/35-Jahre-blog-20.-Uli-768x1152.jpg 768w, https:\/\/www.cib.de\/wp-content\/uploads\/2024\/10\/35-Jahre-blog-20.-Uli-1024x1536.jpg 1024w, https:\/\/www.cib.de\/wp-content\/uploads\/2024\/10\/35-Jahre-blog-20.-Uli-1365x2048.jpg 1365w, https:\/\/www.cib.de\/wp-content\/uploads\/2024\/10\/35-Jahre-blog-20.-Uli-8x12.jpg 8w, https:\/\/www.cib.de\/wp-content\/uploads\/2024\/10\/35-Jahre-blog-20.-Uli-scaled-e1767788372129.jpg 400w\" sizes=\"(max-width: 683px) 100vw, 683px\" \/>\t\t\t\t\t\t\t\t\t\t\t\t\t\t\t<\/div>\n\t\t\t\t<\/div>\n\t\t\t\t\t<\/div>\n\t\t<\/div>\n\t\t\t\t\t<\/div>\n\t\t<\/section>\n\t\t\t\t<section class=\"elementor-section elementor-top-section elementor-element elementor-element-4fa627d elementor-section-boxed elementor-section-height-default elementor-section-height-default\" data-id=\"4fa627d\" data-element_type=\"section\" data-e-type=\"section\">\n\t\t\t\t\t\t<div class=\"elementor-container elementor-column-gap-default\">\n\t\t\t\t\t<div class=\"elementor-column elementor-col-100 elementor-top-column elementor-element elementor-element-47d47d9\" data-id=\"47d47d9\" data-element_type=\"column\" data-e-type=\"column\">\n\t\t\t<div class=\"elementor-widget-wrap elementor-element-populated\">\n\t\t\t\t\t\t<div class=\"elementor-element elementor-element-4699f09 elementor-widget elementor-widget-text-editor\" data-id=\"4699f09\" data-element_type=\"widget\" data-e-type=\"widget\" data-widget_type=\"text-editor.default\">\n\t\t\t\t<div class=\"elementor-widget-container\">\n\t\t\t\t\t\t\t\t\t<strong>Como \u00e9 que a queda do Muro de Berlim afectou a sua empresa?<\/strong>\t\t\t\t\t\t\t\t<\/div>\n\t\t\t\t<\/div>\n\t\t\t\t\t<\/div>\n\t\t<\/div>\n\t\t\t\t\t<\/div>\n\t\t<\/section>\n\t\t\t\t<section class=\"elementor-section elementor-top-section elementor-element elementor-element-89ee7cf elementor-section-boxed elementor-section-height-default elementor-section-height-default\" data-id=\"89ee7cf\" data-element_type=\"section\" data-e-type=\"section\">\n\t\t\t\t\t\t<div class=\"elementor-container elementor-column-gap-default\">\n\t\t\t\t\t<div class=\"elementor-column elementor-col-100 elementor-top-column elementor-element elementor-element-00dc15b\" data-id=\"00dc15b\" data-element_type=\"column\" data-e-type=\"column\">\n\t\t\t<div class=\"elementor-widget-wrap elementor-element-populated\">\n\t\t\t\t\t\t<div class=\"elementor-element elementor-element-7a5cd5e elementor-widget elementor-widget-text-editor\" data-id=\"7a5cd5e\" data-element_type=\"widget\" data-e-type=\"widget\" data-widget_type=\"text-editor.default\">\n\t\t\t\t<div class=\"elementor-widget-container\">\n\t\t\t\t\t\t\t\t\t<em>Brandner: Ap\u00f3s a queda do Muro de Berlim, recebemos in\u00fameras candidaturas da antiga RDA. Infelizmente, apercebemo-nos de que as compet\u00eancias dos candidatos em mat\u00e9ria de IT n\u00e3o correspondiam muitas vezes \u00e0s nossas exig\u00eancias. Al\u00e9m disso, a maioria dos candidatos falava apenas russo e n\u00e3o ingl\u00eas, o que constitu\u00eda um grande obst\u00e1culo no sector de IT. N\u00e3o obstante, esfor\u00e7\u00e1mo-nos por integrar os candidatos nos nossos processos de trabalho.<\/em>\t\t\t\t\t\t\t\t<\/div>\n\t\t\t\t<\/div>\n\t\t\t\t\t<\/div>\n\t\t<\/div>\n\t\t\t\t\t<\/div>\n\t\t<\/section>\n\t\t\t\t<section class=\"elementor-section elementor-top-section elementor-element elementor-element-0703f22 elementor-section-boxed elementor-section-height-default elementor-section-height-default\" data-id=\"0703f22\" data-element_type=\"section\" data-e-type=\"section\">\n\t\t\t\t\t\t<div class=\"elementor-container elementor-column-gap-default\">\n\t\t\t\t\t<div class=\"elementor-column elementor-col-100 elementor-top-column elementor-element elementor-element-df3a556\" data-id=\"df3a556\" data-element_type=\"column\" data-e-type=\"column\">\n\t\t\t<div class=\"elementor-widget-wrap elementor-element-populated\">\n\t\t\t\t\t\t<div class=\"elementor-element elementor-element-1e32678 elementor-widget elementor-widget-text-editor\" data-id=\"1e32678\" data-element_type=\"widget\" data-e-type=\"widget\" data-widget_type=\"text-editor.default\">\n\t\t\t\t<div class=\"elementor-widget-container\">\n\t\t\t\t\t\t\t\t\t<strong>Pode falar-nos mais sobre o per\u00edodo inicial?<\/strong>\t\t\t\t\t\t\t\t<\/div>\n\t\t\t\t<\/div>\n\t\t\t\t\t<\/div>\n\t\t<\/div>\n\t\t\t\t\t<\/div>\n\t\t<\/section>\n\t\t\t\t<section class=\"elementor-section elementor-top-section elementor-element elementor-element-0616bed elementor-section-boxed elementor-section-height-default elementor-section-height-default\" data-id=\"0616bed\" data-element_type=\"section\" data-e-type=\"section\">\n\t\t\t\t\t\t<div class=\"elementor-container elementor-column-gap-default\">\n\t\t\t\t\t<div class=\"elementor-column elementor-col-100 elementor-top-column elementor-element elementor-element-0e4a2cf\" data-id=\"0e4a2cf\" data-element_type=\"column\" data-e-type=\"column\">\n\t\t\t<div class=\"elementor-widget-wrap elementor-element-populated\">\n\t\t\t\t\t\t<div class=\"elementor-element elementor-element-da5f17a elementor-widget elementor-widget-text-editor\" data-id=\"da5f17a\" data-element_type=\"widget\" data-e-type=\"widget\" data-widget_type=\"text-editor.default\">\n\t\t\t\t<div class=\"elementor-widget-container\">\n\t\t\t\t\t\t\t\t\t<em>Brandner: No in\u00edcio, \u00e9ramos sete e cada um de n\u00f3s investiu do pr\u00f3prio bolso. Na altura, em 1989, os custos dos computadores e de um servidor totalizavam quase 90 000 euros. Era uma soma consider\u00e1vel, especialmente se tivermos em conta que a infraestrutura de IT era outro desafio na altura. A t\u00edtulo de compara\u00e7\u00e3o, na altura, os grandes discos r\u00edgidos tinham uma capacidade de armazenamento de 256 MB. <\/em>\t\t\t\t\t\t\t\t<\/div>\n\t\t\t\t<\/div>\n\t\t\t\t\t<\/div>\n\t\t<\/div>\n\t\t\t\t\t<\/div>\n\t\t<\/section>\n\t\t\t\t<section class=\"elementor-section elementor-top-section elementor-element elementor-element-04e0824 elementor-section-boxed elementor-section-height-default elementor-section-height-default\" data-id=\"04e0824\" data-element_type=\"section\" data-e-type=\"section\">\n\t\t\t\t\t\t<div class=\"elementor-container elementor-column-gap-default\">\n\t\t\t\t\t<div class=\"elementor-column elementor-col-100 elementor-top-column elementor-element elementor-element-fb9d780\" data-id=\"fb9d780\" data-element_type=\"column\" data-e-type=\"column\">\n\t\t\t<div class=\"elementor-widget-wrap elementor-element-populated\">\n\t\t\t\t\t\t<div class=\"elementor-element elementor-element-8ddc5ae elementor-widget elementor-widget-text-editor\" data-id=\"8ddc5ae\" data-element_type=\"widget\" data-e-type=\"widget\" data-widget_type=\"text-editor.default\">\n\t\t\t\t<div class=\"elementor-widget-container\">\n\t\t\t\t\t\t\t\t\t<strong>Que desafios recorda em particular dos primeiros tempos? <\/strong>\t\t\t\t\t\t\t\t<\/div>\n\t\t\t\t<\/div>\n\t\t\t\t\t<\/div>\n\t\t<\/div>\n\t\t\t\t\t<\/div>\n\t\t<\/section>\n\t\t\t\t<section class=\"elementor-section elementor-top-section elementor-element elementor-element-fdfa07e elementor-section-boxed elementor-section-height-default elementor-section-height-default\" data-id=\"fdfa07e\" data-element_type=\"section\" data-e-type=\"section\">\n\t\t\t\t\t\t<div class=\"elementor-container elementor-column-gap-default\">\n\t\t\t\t\t<div class=\"elementor-column elementor-col-100 elementor-top-column elementor-element elementor-element-11f2bed\" data-id=\"11f2bed\" data-element_type=\"column\" data-e-type=\"column\">\n\t\t\t<div class=\"elementor-widget-wrap elementor-element-populated\">\n\t\t\t\t\t\t<div class=\"elementor-element elementor-element-8faf8ac elementor-widget elementor-widget-text-editor\" data-id=\"8faf8ac\" data-element_type=\"widget\" data-e-type=\"widget\" data-widget_type=\"text-editor.default\">\n\t\t\t\t<div class=\"elementor-widget-container\">\n\t\t\t\t\t\t\t\t\t<p><em>Brandner: Foram muitos! H\u00e1 um em particular em particular que me ficou na mem\u00f3ria: Na altura n\u00e3o havia telem\u00f3veis nem e-mails. Devido a um atraso na entrega do nosso sistema telef\u00f3nico, tivemos de fazer neg\u00f3cios a partir de uma cabine telef\u00f3nica pr\u00f3xima do escrit\u00f3rio durante quase tr\u00eas meses. E como n\u00e3o nos podiam ligar de volta, t\u00ednhamos de ficar na fila!  <\/em><\/p>\t\t\t\t\t\t\t\t<\/div>\n\t\t\t\t<\/div>\n\t\t\t\t\t<\/div>\n\t\t<\/div>\n\t\t\t\t\t<\/div>\n\t\t<\/section>\n\t\t\t\t<section class=\"elementor-section elementor-top-section elementor-element elementor-element-394b277 elementor-section-boxed elementor-section-height-default elementor-section-height-default\" data-id=\"394b277\" data-element_type=\"section\" data-e-type=\"section\">\n\t\t\t\t\t\t<div class=\"elementor-container elementor-column-gap-default\">\n\t\t\t\t\t<div class=\"elementor-column elementor-col-100 elementor-top-column elementor-element elementor-element-73c3d88\" data-id=\"73c3d88\" data-element_type=\"column\" data-e-type=\"column\">\n\t\t\t<div class=\"elementor-widget-wrap elementor-element-populated\">\n\t\t\t\t\t\t<div class=\"elementor-element elementor-element-02bcc09 elementor-widget elementor-widget-text-editor\" data-id=\"02bcc09\" data-element_type=\"widget\" data-e-type=\"widget\" data-widget_type=\"text-editor.default\">\n\t\t\t\t<div class=\"elementor-widget-container\">\n\t\t\t\t\t\t\t\t\t<strong>Com que rapidez \u00e9 que o sucesso se materializou?<\/strong>\t\t\t\t\t\t\t\t<\/div>\n\t\t\t\t<\/div>\n\t\t\t\t\t<\/div>\n\t\t<\/div>\n\t\t\t\t\t<\/div>\n\t\t<\/section>\n\t\t\t\t<section class=\"elementor-section elementor-top-section elementor-element elementor-element-0149e68 elementor-section-boxed elementor-section-height-default elementor-section-height-default\" data-id=\"0149e68\" data-element_type=\"section\" data-e-type=\"section\">\n\t\t\t\t\t\t<div class=\"elementor-container elementor-column-gap-default\">\n\t\t\t\t\t<div class=\"elementor-column elementor-col-100 elementor-top-column elementor-element elementor-element-4fa51a1\" data-id=\"4fa51a1\" data-element_type=\"column\" data-e-type=\"column\">\n\t\t\t<div class=\"elementor-widget-wrap elementor-element-populated\">\n\t\t\t\t\t\t<div class=\"elementor-element elementor-element-57fbdc3 elementor-widget elementor-widget-text-editor\" data-id=\"57fbdc3\" data-element_type=\"widget\" data-e-type=\"widget\" data-widget_type=\"text-editor.default\">\n\t\t\t\t<div class=\"elementor-widget-container\">\n\t\t\t\t\t\t\t\t\t<em>Brandner: Temos crescido continuamente. Em apenas dois anos, t\u00ednhamos 13 funcion\u00e1rios e, dez anos depois, t\u00ednhamos mais de 40. A nossa colabora\u00e7\u00e3o com equipas de desenvolvimento internacionais ajudou-nos a progredir de forma constante. Em 2007, inici\u00e1mos a nossa internacionaliza\u00e7\u00e3o para a Bielorr\u00fassia. Em 2015, fundei a nossa primeira unidade em Espanha e, mais tarde, na \u00c1ustria e em Portugal. O nosso objetivo foi sempre o de nos mantermos pr\u00f3ximos dos nossos clientes. Atualmente, empregamos 150 pessoas em sete localiza\u00e7\u00f5es internacionais. A viagem continua a ser emocionante!<\/em>\t\t\t\t\t\t\t\t<\/div>\n\t\t\t\t<\/div>\n\t\t\t\t\t<\/div>\n\t\t<\/div>\n\t\t\t\t\t<\/div>\n\t\t<\/section>\n\t\t\t\t<section class=\"elementor-section elementor-top-section elementor-element elementor-element-bbbd66b elementor-section-boxed elementor-section-height-default elementor-section-height-default\" data-id=\"bbbd66b\" data-element_type=\"section\" data-e-type=\"section\">\n\t\t\t\t\t\t<div class=\"elementor-container elementor-column-gap-default\">\n\t\t\t\t\t<div class=\"elementor-column elementor-col-100 elementor-top-column elementor-element elementor-element-dba96da\" data-id=\"dba96da\" data-element_type=\"column\" data-e-type=\"column\">\n\t\t\t<div class=\"elementor-widget-wrap elementor-element-populated\">\n\t\t\t\t\t\t<div class=\"elementor-element elementor-element-7f01183 elementor-widget elementor-widget-text-editor\" data-id=\"7f01183\" data-element_type=\"widget\" data-e-type=\"widget\" data-widget_type=\"text-editor.default\">\n\t\t\t\t<div class=\"elementor-widget-container\">\n\t\t\t\t\t\t\t\t\t<strong>Na sua opini\u00e3o, qual foi o fator-chave para o sucesso do  CIB Group?  <\/strong>\t\t\t\t\t\t\t\t<\/div>\n\t\t\t\t<\/div>\n\t\t\t\t\t<\/div>\n\t\t<\/div>\n\t\t\t\t\t<\/div>\n\t\t<\/section>\n\t\t\t\t<section class=\"elementor-section elementor-top-section elementor-element elementor-element-cfef212 elementor-section-boxed elementor-section-height-default elementor-section-height-default\" data-id=\"cfef212\" data-element_type=\"section\" data-e-type=\"section\">\n\t\t\t\t\t\t<div class=\"elementor-container elementor-column-gap-default\">\n\t\t\t\t\t<div class=\"elementor-column elementor-col-100 elementor-top-column elementor-element elementor-element-030c45d\" data-id=\"030c45d\" data-element_type=\"column\" data-e-type=\"column\">\n\t\t\t<div class=\"elementor-widget-wrap elementor-element-populated\">\n\t\t\t\t\t\t<div class=\"elementor-element elementor-element-2dc86dc elementor-widget elementor-widget-text-editor\" data-id=\"2dc86dc\" data-element_type=\"widget\" data-e-type=\"widget\" data-widget_type=\"text-editor.default\">\n\t\t\t\t<div class=\"elementor-widget-container\">\n\t\t\t\t\t\t\t\t\t<em>Brandner: Continu\u00e1mos sempre a desenvolver e a procurar novas solu\u00e7\u00f5es. Fomos corajosos e apaixonados. A CIB assenta numa comunidade que se mant\u00e9m unida pela confian\u00e7a, liberdade e independ\u00eancia. Estes valores s\u00e3o importantes para o nosso sucesso.<\/em>\t\t\t\t\t\t\t\t<\/div>\n\t\t\t\t<\/div>\n\t\t\t\t\t<\/div>\n\t\t<\/div>\n\t\t\t\t\t<\/div>\n\t\t<\/section>\n\t\t\t\t<section class=\"elementor-section elementor-top-section elementor-element elementor-element-2d4ad75 elementor-section-boxed elementor-section-height-default elementor-section-height-default\" data-id=\"2d4ad75\" data-element_type=\"section\" data-e-type=\"section\">\n\t\t\t\t\t\t<div class=\"elementor-container elementor-column-gap-default\">\n\t\t\t\t\t<div class=\"elementor-column elementor-col-100 elementor-top-column elementor-element elementor-element-ad1e6c5\" data-id=\"ad1e6c5\" data-element_type=\"column\" data-e-type=\"column\">\n\t\t\t<div class=\"elementor-widget-wrap elementor-element-populated\">\n\t\t\t\t\t\t<div class=\"elementor-element elementor-element-2d90775 elementor-widget elementor-widget-text-editor\" data-id=\"2d90775\" data-element_type=\"widget\" data-e-type=\"widget\" data-widget_type=\"text-editor.default\">\n\t\t\t\t<div class=\"elementor-widget-container\">\n\t\t\t\t\t\t\t\t\t<strong>Que conselhos daria aos jovens fundadores?<\/strong>\t\t\t\t\t\t\t\t<\/div>\n\t\t\t\t<\/div>\n\t\t\t\t\t<\/div>\n\t\t<\/div>\n\t\t\t\t\t<\/div>\n\t\t<\/section>\n\t\t\t\t<section class=\"elementor-section elementor-top-section elementor-element elementor-element-a5cf189 elementor-section-boxed elementor-section-height-default elementor-section-height-default\" data-id=\"a5cf189\" data-element_type=\"section\" data-e-type=\"section\">\n\t\t\t\t\t\t<div class=\"elementor-container elementor-column-gap-default\">\n\t\t\t\t\t<div class=\"elementor-column elementor-col-100 elementor-top-column elementor-element elementor-element-c22b554\" data-id=\"c22b554\" data-element_type=\"column\" data-e-type=\"column\">\n\t\t\t<div class=\"elementor-widget-wrap elementor-element-populated\">\n\t\t\t\t\t\t<div class=\"elementor-element elementor-element-93f175e elementor-widget elementor-widget-text-editor\" data-id=\"93f175e\" data-element_type=\"widget\" data-e-type=\"widget\" data-widget_type=\"text-editor.default\">\n\t\t\t\t<div class=\"elementor-widget-container\">\n\t\t\t\t\t\t\t\t\t<p><em>Brandner: Os jovens empres\u00e1rios devem utilizar as tecnologias mais recentes, especialmente a intelig\u00eancia artificial. As oportunidades oferecidas pela IA s\u00e3o enormes - \u00e9 preciso ter a coragem de as utilizar. <\/em><\/p><p>Muito obrigado pela entrevista!<\/p><p><span style=\"text-decoration: underline;\"><a href=\"https:\/\/www.cib.de\/pt\/historia\/\">Pode saber mais sobre a nossa hist\u00f3ria aqui.<\/a><\/span><\/p>\t\t\t\t\t\t\t\t<\/div>\n\t\t\t\t<\/div>\n\t\t\t\t\t<\/div>\n\t\t<\/div>\n\t\t\t\t\t<\/div>\n\t\t<\/section>\n\t\t\t\t<section class=\"elementor-section elementor-top-section elementor-element elementor-element-9d2d9a8 elementor-section-boxed elementor-section-height-default elementor-section-height-default\" data-id=\"9d2d9a8\" data-element_type=\"section\" data-e-type=\"section\">\n\t\t\t\t\t\t<div class=\"elementor-container elementor-column-gap-default\">\n\t\t\t\t\t<div class=\"elementor-column elementor-col-100 elementor-top-column elementor-element elementor-element-274c993\" data-id=\"274c993\" data-element_type=\"column\" data-e-type=\"column\">\n\t\t\t<div class=\"elementor-widget-wrap elementor-element-populated\">\n\t\t\t\t\t\t<div class=\"elementor-element elementor-element-c01d043 elementor-widget elementor-widget-gallery\" data-id=\"c01d043\" data-element_type=\"widget\" data-e-type=\"widget\" data-settings=\"{&quot;gallery_layout&quot;:&quot;justified&quot;,&quot;gap&quot;:{&quot;unit&quot;:&quot;px&quot;,&quot;size&quot;:0,&quot;sizes&quot;:[]},&quot;ideal_row_height&quot;:{&quot;unit&quot;:&quot;px&quot;,&quot;size&quot;:273,&quot;sizes&quot;:[]},&quot;lazyload&quot;:&quot;yes&quot;,&quot;ideal_row_height_tablet&quot;:{&quot;unit&quot;:&quot;px&quot;,&quot;size&quot;:150,&quot;sizes&quot;:[]},&quot;ideal_row_height_mobile&quot;:{&quot;unit&quot;:&quot;px&quot;,&quot;size&quot;:150,&quot;sizes&quot;:[]},&quot;gap_tablet&quot;:{&quot;unit&quot;:&quot;px&quot;,&quot;size&quot;:10,&quot;sizes&quot;:[]},&quot;gap_mobile&quot;:{&quot;unit&quot;:&quot;px&quot;,&quot;size&quot;:10,&quot;sizes&quot;:[]},&quot;link_to&quot;:&quot;file&quot;,&quot;overlay_background&quot;:&quot;yes&quot;,&quot;content_hover_animation&quot;:&quot;fade-in&quot;}\" data-widget_type=\"gallery.default\">\n\t\t\t\t<div class=\"elementor-widget-container\">\n\t\t\t\t\t\t\t<div class=\"elementor-gallery__container\">\n\t\t\t\t\t\t\t<a class=\"e-gallery-item elementor-gallery-item elementor-animated-content\" href=\"https:\/\/www.cib.de\/wp-content\/uploads\/2024\/10\/35-Jahre-blog-1.jpg\" data-elementor-open-lightbox=\"yes\" data-elementor-lightbox-slideshow=\"c01d043\" data-elementor-lightbox-title=\"35-Jahre-blog-1\" data-e-action-hash=\"#elementor-action%3Aaction%3Dlightbox%26settings%3DeyJpZCI6MTIxNTEyLCJ1cmwiOiJodHRwczpcL1wvd3d3LmNpYi5kZVwvd3AtY29udGVudFwvdXBsb2Fkc1wvMjAyNFwvMTBcLzM1LUphaHJlLWJsb2ctMS5qcGciLCJzbGlkZXNob3ciOiJjMDFkMDQzIn0%3D\">\n\t\t\t\t\t<div class=\"e-gallery-image elementor-gallery-item__image\" data-thumbnail=\"https:\/\/www.cib.de\/wp-content\/uploads\/2024\/10\/35-Jahre-blog-1.jpg\" data-width=\"525\" data-height=\"394\" aria-label=\"\" role=\"img\" ><\/div>\n\t\t\t\t\t\t\t\t\t\t\t<div class=\"elementor-gallery-item__overlay\"><\/div>\n\t\t\t\t\t\t\t\t\t\t\t\t\t\t<\/a>\n\t\t\t\t\t\t\t<a class=\"e-gallery-item elementor-gallery-item elementor-animated-content\" href=\"https:\/\/www.cib.de\/wp-content\/uploads\/2024\/10\/35-Jahre-blog-2-e1767788324931.jpg\" data-elementor-open-lightbox=\"yes\" data-elementor-lightbox-slideshow=\"c01d043\" data-elementor-lightbox-title=\"35-Jahre-blog-2\" data-e-action-hash=\"#elementor-action%3Aaction%3Dlightbox%26settings%3DeyJpZCI6MTIxNTE2LCJ1cmwiOiJodHRwczpcL1wvd3d3LmNpYi5kZVwvd3AtY29udGVudFwvdXBsb2Fkc1wvMjAyNFwvMTBcLzM1LUphaHJlLWJsb2ctMi1lMTc2Nzc4ODMyNDkzMS5qcGciLCJzbGlkZXNob3ciOiJjMDFkMDQzIn0%3D\">\n\t\t\t\t\t<div class=\"e-gallery-image elementor-gallery-item__image\" data-thumbnail=\"https:\/\/www.cib.de\/wp-content\/uploads\/2024\/10\/35-Jahre-blog-2-e1767788324931.jpg\" data-width=\"439\" data-height=\"350\" aria-label=\"\" role=\"img\" ><\/div>\n\t\t\t\t\t\t\t\t\t\t\t<div class=\"elementor-gallery-item__overlay\"><\/div>\n\t\t\t\t\t\t\t\t\t\t\t\t\t\t<\/a>\n\t\t\t\t\t\t\t<a class=\"e-gallery-item elementor-gallery-item elementor-animated-content\" href=\"https:\/\/www.cib.de\/wp-content\/uploads\/2024\/10\/35-Jahre-blog-3.jpg\" data-elementor-open-lightbox=\"yes\" data-elementor-lightbox-slideshow=\"c01d043\" data-elementor-lightbox-title=\"35-Jahre-blog-3\" data-e-action-hash=\"#elementor-action%3Aaction%3Dlightbox%26settings%3DeyJpZCI6MTIxNTE1LCJ1cmwiOiJodHRwczpcL1wvd3d3LmNpYi5kZVwvd3AtY29udGVudFwvdXBsb2Fkc1wvMjAyNFwvMTBcLzM1LUphaHJlLWJsb2ctMy5qcGciLCJzbGlkZXNob3ciOiJjMDFkMDQzIn0%3D\">\n\t\t\t\t\t<div class=\"e-gallery-image elementor-gallery-item__image\" data-thumbnail=\"https:\/\/www.cib.de\/wp-content\/uploads\/2024\/10\/35-Jahre-blog-3.jpg\" data-width=\"249\" data-height=\"394\" aria-label=\"\" role=\"img\" ><\/div>\n\t\t\t\t\t\t\t\t\t\t\t<div class=\"elementor-gallery-item__overlay\"><\/div>\n\t\t\t\t\t\t\t\t\t\t\t\t\t\t<\/a>\n\t\t\t\t\t<\/div>\n\t\t\t\t\t<\/div>\n\t\t\t\t<\/div>\n\t\t\t\t\t<\/div>\n\t\t<\/div>\n\t\t\t\t\t<\/div>\n\t\t<\/section>\n\t\t\t\t<\/div>","protected":false},"excerpt":{"rendered":"<p>CIB Group pode recordar 35 anos de hist\u00f3ria da empresa. Ontem, tom\u00e1mos o pequeno-almo\u00e7o juntos e vimos uma proje\u00e7\u00e3o de diapositivos para recordar muitos momentos maravilhosos que pass\u00e1mos juntos.<\/p>","protected":false},"author":246,"featured_media":121526,"comment_status":"closed","ping_status":"closed","sticky":false,"template":"","format":"standard","meta":{"_acf_changed":false,"footnotes":""},"categories":[1],"tags":[1066,1980],"class_list":["post-121509","post","type-post","status-publish","format-standard","has-post-thumbnail","hentry","category-cib-group","tag-cib-event","tag-cib-group"],"acf":[],"yoast_head":"<!-- This site is optimized with the Yoast SEO plugin v27.5 - https:\/\/yoast.com\/product\/yoast-seo-wordpress\/ -->\n<title>CIB feiert 35. Jubil\u00e4um \u2013 Interview mit CIB-Gr\u00fcnder Ulrich Brandner<\/title>\n<meta name=\"description\" content=\"Die CIB Group blickt auf 35 Jahre Unternehmensgeschichte zur\u00fcck. Dazu haben wir Unternehmensgr\u00fcnder Ulrich Brandner interviewt.\" \/>\n<meta name=\"robots\" content=\"index, follow, max-snippet:-1, max-image-preview:large, max-video-preview:-1\" \/>\n<link rel=\"canonical\" href=\"https:\/\/www.cib.de\/pt\/cib-celebra-35-aniversario-entrevista-fundador-ulrich-brandner\/\" \/>\n<meta property=\"og:locale\" content=\"pt_PT\" \/>\n<meta property=\"og:type\" content=\"article\" \/>\n<meta property=\"og:title\" content=\"CIB feiert 35. Jubil\u00e4um \u2013 Interview mit CIB-Gr\u00fcnder Ulrich Brandner\" \/>\n<meta property=\"og:description\" content=\"Die CIB Group blickt auf 35 Jahre Unternehmensgeschichte zur\u00fcck. Dazu haben wir Unternehmensgr\u00fcnder Ulrich Brandner interviewt.\" \/>\n<meta property=\"og:url\" content=\"https:\/\/www.cib.de\/pt\/cib-celebra-35-aniversario-entrevista-fundador-ulrich-brandner\/\" \/>\n<meta property=\"og:site_name\" content=\"CIB Group\" \/>\n<meta property=\"article:publisher\" content=\"https:\/\/www.linkedin.com\/company\/cib\/\" \/>\n<meta property=\"article:published_time\" content=\"2024-10-29T13:03:08+00:00\" \/>\n<meta property=\"article:modified_time\" content=\"2024-10-29T15:30:44+00:00\" \/>\n<meta property=\"og:image\" content=\"https:\/\/www.cib.de\/wp-content\/uploads\/2024\/10\/35-Jahre-blog-HG2.jpg\" \/>\n\t<meta property=\"og:image:width\" content=\"1600\" \/>\n\t<meta property=\"og:image:height\" content=\"600\" \/>\n\t<meta property=\"og:image:type\" content=\"image\/jpeg\" \/>\n<meta name=\"author\" content=\"CIB Group\" \/>\n<meta name=\"twitter:card\" content=\"summary_large_image\" \/>\n<meta name=\"twitter:label1\" content=\"Escrito por\" \/>\n\t<meta name=\"twitter:data1\" content=\"CIB Group\" \/>\n\t<meta name=\"twitter:label2\" content=\"Tempo estimado de leitura\" \/>\n\t<meta name=\"twitter:data2\" content=\"3 minutos\" \/>\n<script type=\"application\/ld+json\" class=\"yoast-schema-graph\">{\"@context\":\"https:\\\/\\\/schema.org\",\"@graph\":[{\"@type\":\"Article\",\"@id\":\"https:\\\/\\\/www.cib.de\\\/cib-feiert-35-jubilaum-interview-mit-cib-grunder-ulrich-brandner\\\/#article\",\"isPartOf\":{\"@id\":\"https:\\\/\\\/www.cib.de\\\/cib-feiert-35-jubilaum-interview-mit-cib-grunder-ulrich-brandner\\\/\"},\"author\":{\"name\":\"CIB Group\",\"@id\":\"https:\\\/\\\/www.cib.de\\\/#\\\/schema\\\/person\\\/4c70f0634b93acb47baacdb671694155\"},\"headline\":\"CIB feiert 35. Jubil\u00e4um \u2013 Interview mit CIB-Gr\u00fcnder Ulrich Brandner\",\"datePublished\":\"2024-10-29T13:03:08+00:00\",\"dateModified\":\"2024-10-29T15:30:44+00:00\",\"mainEntityOfPage\":{\"@id\":\"https:\\\/\\\/www.cib.de\\\/cib-feiert-35-jubilaum-interview-mit-cib-grunder-ulrich-brandner\\\/\"},\"wordCount\":559,\"publisher\":{\"@id\":\"https:\\\/\\\/www.cib.de\\\/#organization\"},\"image\":{\"@id\":\"https:\\\/\\\/www.cib.de\\\/cib-feiert-35-jubilaum-interview-mit-cib-grunder-ulrich-brandner\\\/#primaryimage\"},\"thumbnailUrl\":\"https:\\\/\\\/www.cib.de\\\/wp-content\\\/uploads\\\/2024\\\/10\\\/35-Jahre-blog-HG2-e1767788313140.jpg\",\"keywords\":[\"CIB Events\",\"CIB Group\"],\"articleSection\":[\"CIB Group\"],\"inLanguage\":\"pt-PT\"},{\"@type\":\"WebPage\",\"@id\":\"https:\\\/\\\/www.cib.de\\\/cib-feiert-35-jubilaum-interview-mit-cib-grunder-ulrich-brandner\\\/\",\"url\":\"https:\\\/\\\/www.cib.de\\\/cib-feiert-35-jubilaum-interview-mit-cib-grunder-ulrich-brandner\\\/\",\"name\":\"CIB feiert 35. Jubil\u00e4um \u2013 Interview mit CIB-Gr\u00fcnder Ulrich Brandner\",\"isPartOf\":{\"@id\":\"https:\\\/\\\/www.cib.de\\\/#website\"},\"primaryImageOfPage\":{\"@id\":\"https:\\\/\\\/www.cib.de\\\/cib-feiert-35-jubilaum-interview-mit-cib-grunder-ulrich-brandner\\\/#primaryimage\"},\"image\":{\"@id\":\"https:\\\/\\\/www.cib.de\\\/cib-feiert-35-jubilaum-interview-mit-cib-grunder-ulrich-brandner\\\/#primaryimage\"},\"thumbnailUrl\":\"https:\\\/\\\/www.cib.de\\\/wp-content\\\/uploads\\\/2024\\\/10\\\/35-Jahre-blog-HG2-e1767788313140.jpg\",\"datePublished\":\"2024-10-29T13:03:08+00:00\",\"dateModified\":\"2024-10-29T15:30:44+00:00\",\"description\":\"Die CIB Group blickt auf 35 Jahre Unternehmensgeschichte zur\u00fcck. Dazu haben wir Unternehmensgr\u00fcnder Ulrich Brandner interviewt.\",\"breadcrumb\":{\"@id\":\"https:\\\/\\\/www.cib.de\\\/cib-feiert-35-jubilaum-interview-mit-cib-grunder-ulrich-brandner\\\/#breadcrumb\"},\"inLanguage\":\"pt-PT\",\"potentialAction\":[{\"@type\":\"ReadAction\",\"target\":[\"https:\\\/\\\/www.cib.de\\\/cib-feiert-35-jubilaum-interview-mit-cib-grunder-ulrich-brandner\\\/\"]}]},{\"@type\":\"ImageObject\",\"inLanguage\":\"pt-PT\",\"@id\":\"https:\\\/\\\/www.cib.de\\\/cib-feiert-35-jubilaum-interview-mit-cib-grunder-ulrich-brandner\\\/#primaryimage\",\"url\":\"https:\\\/\\\/www.cib.de\\\/wp-content\\\/uploads\\\/2024\\\/10\\\/35-Jahre-blog-HG2-e1767788313140.jpg\",\"contentUrl\":\"https:\\\/\\\/www.cib.de\\\/wp-content\\\/uploads\\\/2024\\\/10\\\/35-Jahre-blog-HG2-e1767788313140.jpg\",\"width\":1467,\"height\":550},{\"@type\":\"BreadcrumbList\",\"@id\":\"https:\\\/\\\/www.cib.de\\\/cib-feiert-35-jubilaum-interview-mit-cib-grunder-ulrich-brandner\\\/#breadcrumb\",\"itemListElement\":[{\"@type\":\"ListItem\",\"position\":1,\"name\":\"Home\",\"item\":\"https:\\\/\\\/www.cib.de\\\/\"},{\"@type\":\"ListItem\",\"position\":2,\"name\":\"CIB feiert 35. Jubil\u00e4um \u2013 Interview mit CIB-Gr\u00fcnder Ulrich Brandner\"}]},{\"@type\":\"WebSite\",\"@id\":\"https:\\\/\\\/www.cib.de\\\/#website\",\"url\":\"https:\\\/\\\/www.cib.de\\\/\",\"name\":\"CIB Group\",\"description\":\"Digitalisierung, Prozessautomatisierung, K\u00fcnstliche Intelligenz\",\"publisher\":{\"@id\":\"https:\\\/\\\/www.cib.de\\\/#organization\"},\"potentialAction\":[{\"@type\":\"SearchAction\",\"target\":{\"@type\":\"EntryPoint\",\"urlTemplate\":\"https:\\\/\\\/www.cib.de\\\/?s={search_term_string}\"},\"query-input\":{\"@type\":\"PropertyValueSpecification\",\"valueRequired\":true,\"valueName\":\"search_term_string\"}}],\"inLanguage\":\"pt-PT\"},{\"@type\":\"Organization\",\"@id\":\"https:\\\/\\\/www.cib.de\\\/#organization\",\"name\":\"CIB Group\",\"url\":\"https:\\\/\\\/www.cib.de\\\/\",\"logo\":{\"@type\":\"ImageObject\",\"inLanguage\":\"pt-PT\",\"@id\":\"https:\\\/\\\/www.cib.de\\\/#\\\/schema\\\/logo\\\/image\\\/\",\"url\":\"https:\\\/\\\/www.cib.de\\\/wp-content\\\/uploads\\\/2023\\\/10\\\/CIB_Logo_.svg\",\"contentUrl\":\"https:\\\/\\\/www.cib.de\\\/wp-content\\\/uploads\\\/2023\\\/10\\\/CIB_Logo_.svg\",\"width\":283,\"height\":128,\"caption\":\"CIB Group\"},\"image\":{\"@id\":\"https:\\\/\\\/www.cib.de\\\/#\\\/schema\\\/logo\\\/image\\\/\"},\"sameAs\":[\"https:\\\/\\\/www.linkedin.com\\\/company\\\/cib\\\/\"]},{\"@type\":\"Person\",\"@id\":\"https:\\\/\\\/www.cib.de\\\/#\\\/schema\\\/person\\\/4c70f0634b93acb47baacdb671694155\",\"name\":\"CIB Group\",\"image\":{\"@type\":\"ImageObject\",\"inLanguage\":\"pt-PT\",\"@id\":\"https:\\\/\\\/www.cib.de\\\/wp-content\\\/uploads\\\/2023\\\/03\\\/logo_signature2.png\",\"url\":\"https:\\\/\\\/www.cib.de\\\/wp-content\\\/uploads\\\/2023\\\/03\\\/logo_signature2.png\",\"contentUrl\":\"https:\\\/\\\/www.cib.de\\\/wp-content\\\/uploads\\\/2023\\\/03\\\/logo_signature2.png\",\"caption\":\"CIB Group\"},\"description\":\"Die Digitalisierungsexperten\"}]}<\/script>\n<!-- \/ Yoast SEO plugin. -->","yoast_head_json":{"title":"A CIB celebra o seu 35\u00ba anivers\u00e1rio - Entrevista com o fundador, Ulrich Brandner","description":"O CIB Group conta com 35 anos de hist\u00f3ria. Para o efeito, entrevist\u00e1mos o fundador da empresa, Ulrich Brandner.","robots":{"index":"index","follow":"follow","max-snippet":"max-snippet:-1","max-image-preview":"max-image-preview:large","max-video-preview":"max-video-preview:-1"},"canonical":"https:\/\/www.cib.de\/pt\/cib-celebra-35-aniversario-entrevista-fundador-ulrich-brandner\/","og_locale":"pt_PT","og_type":"article","og_title":"CIB feiert 35. Jubil\u00e4um \u2013 Interview mit CIB-Gr\u00fcnder Ulrich Brandner","og_description":"Die CIB Group blickt auf 35 Jahre Unternehmensgeschichte zur\u00fcck. Dazu haben wir Unternehmensgr\u00fcnder Ulrich Brandner interviewt.","og_url":"https:\/\/www.cib.de\/pt\/cib-celebra-35-aniversario-entrevista-fundador-ulrich-brandner\/","og_site_name":"CIB Group","article_publisher":"https:\/\/www.linkedin.com\/company\/cib\/","article_published_time":"2024-10-29T13:03:08+00:00","article_modified_time":"2024-10-29T15:30:44+00:00","og_image":[{"width":1600,"height":600,"url":"https:\/\/www.cib.de\/wp-content\/uploads\/2024\/10\/35-Jahre-blog-HG2.jpg","type":"image\/jpeg"}],"author":"CIB Group","twitter_card":"summary_large_image","twitter_misc":{"Escrito por":"CIB Group","Tempo estimado de leitura":"3 minutos"},"schema":{"@context":"https:\/\/schema.org","@graph":[{"@type":"Article","@id":"https:\/\/www.cib.de\/cib-feiert-35-jubilaum-interview-mit-cib-grunder-ulrich-brandner\/#article","isPartOf":{"@id":"https:\/\/www.cib.de\/cib-feiert-35-jubilaum-interview-mit-cib-grunder-ulrich-brandner\/"},"author":{"name":"CIB Group","@id":"https:\/\/www.cib.de\/#\/schema\/person\/4c70f0634b93acb47baacdb671694155"},"headline":"CIB feiert 35. Jubil\u00e4um \u2013 Interview mit CIB-Gr\u00fcnder Ulrich Brandner","datePublished":"2024-10-29T13:03:08+00:00","dateModified":"2024-10-29T15:30:44+00:00","mainEntityOfPage":{"@id":"https:\/\/www.cib.de\/cib-feiert-35-jubilaum-interview-mit-cib-grunder-ulrich-brandner\/"},"wordCount":559,"publisher":{"@id":"https:\/\/www.cib.de\/#organization"},"image":{"@id":"https:\/\/www.cib.de\/cib-feiert-35-jubilaum-interview-mit-cib-grunder-ulrich-brandner\/#primaryimage"},"thumbnailUrl":"https:\/\/www.cib.de\/wp-content\/uploads\/2024\/10\/35-Jahre-blog-HG2-e1767788313140.jpg","keywords":["CIB Events","CIB Group"],"articleSection":["CIB Group"],"inLanguage":"pt-PT"},{"@type":"WebPage","@id":"https:\/\/www.cib.de\/cib-feiert-35-jubilaum-interview-mit-cib-grunder-ulrich-brandner\/","url":"https:\/\/www.cib.de\/cib-feiert-35-jubilaum-interview-mit-cib-grunder-ulrich-brandner\/","name":"A CIB celebra o seu 35\u00ba anivers\u00e1rio - Entrevista com o fundador, Ulrich Brandner","isPartOf":{"@id":"https:\/\/www.cib.de\/#website"},"primaryImageOfPage":{"@id":"https:\/\/www.cib.de\/cib-feiert-35-jubilaum-interview-mit-cib-grunder-ulrich-brandner\/#primaryimage"},"image":{"@id":"https:\/\/www.cib.de\/cib-feiert-35-jubilaum-interview-mit-cib-grunder-ulrich-brandner\/#primaryimage"},"thumbnailUrl":"https:\/\/www.cib.de\/wp-content\/uploads\/2024\/10\/35-Jahre-blog-HG2-e1767788313140.jpg","datePublished":"2024-10-29T13:03:08+00:00","dateModified":"2024-10-29T15:30:44+00:00","description":"O CIB Group conta com 35 anos de hist\u00f3ria. Para o efeito, entrevist\u00e1mos o fundador da empresa, Ulrich Brandner.","breadcrumb":{"@id":"https:\/\/www.cib.de\/cib-feiert-35-jubilaum-interview-mit-cib-grunder-ulrich-brandner\/#breadcrumb"},"inLanguage":"pt-PT","potentialAction":[{"@type":"ReadAction","target":["https:\/\/www.cib.de\/cib-feiert-35-jubilaum-interview-mit-cib-grunder-ulrich-brandner\/"]}]},{"@type":"ImageObject","inLanguage":"pt-PT","@id":"https:\/\/www.cib.de\/cib-feiert-35-jubilaum-interview-mit-cib-grunder-ulrich-brandner\/#primaryimage","url":"https:\/\/www.cib.de\/wp-content\/uploads\/2024\/10\/35-Jahre-blog-HG2-e1767788313140.jpg","contentUrl":"https:\/\/www.cib.de\/wp-content\/uploads\/2024\/10\/35-Jahre-blog-HG2-e1767788313140.jpg","width":1467,"height":550},{"@type":"BreadcrumbList","@id":"https:\/\/www.cib.de\/cib-feiert-35-jubilaum-interview-mit-cib-grunder-ulrich-brandner\/#breadcrumb","itemListElement":[{"@type":"ListItem","position":1,"name":"Home","item":"https:\/\/www.cib.de\/"},{"@type":"ListItem","position":2,"name":"CIB feiert 35. Jubil\u00e4um \u2013 Interview mit CIB-Gr\u00fcnder Ulrich Brandner"}]},{"@type":"WebSite","@id":"https:\/\/www.cib.de\/#website","url":"https:\/\/www.cib.de\/","name":"CIB Group","description":"Digitalisierung, Prozessautomatisierung, K\u00fcnstliche Intelligenz","publisher":{"@id":"https:\/\/www.cib.de\/#organization"},"potentialAction":[{"@type":"SearchAction","target":{"@type":"EntryPoint","urlTemplate":"https:\/\/www.cib.de\/?s={search_term_string}"},"query-input":{"@type":"PropertyValueSpecification","valueRequired":true,"valueName":"search_term_string"}}],"inLanguage":"pt-PT"},{"@type":"Organization","@id":"https:\/\/www.cib.de\/#organization","name":"CIB Group","url":"https:\/\/www.cib.de\/","logo":{"@type":"ImageObject","inLanguage":"pt-PT","@id":"https:\/\/www.cib.de\/#\/schema\/logo\/image\/","url":"https:\/\/www.cib.de\/wp-content\/uploads\/2023\/10\/CIB_Logo_.svg","contentUrl":"https:\/\/www.cib.de\/wp-content\/uploads\/2023\/10\/CIB_Logo_.svg","width":283,"height":128,"caption":"CIB Group"},"image":{"@id":"https:\/\/www.cib.de\/#\/schema\/logo\/image\/"},"sameAs":["https:\/\/www.linkedin.com\/company\/cib\/"]},{"@type":"Person","@id":"https:\/\/www.cib.de\/#\/schema\/person\/4c70f0634b93acb47baacdb671694155","name":"CIB Group","image":{"@type":"ImageObject","inLanguage":"pt-PT","@id":"https:\/\/www.cib.de\/wp-content\/uploads\/2023\/03\/logo_signature2.png","url":"https:\/\/www.cib.de\/wp-content\/uploads\/2023\/03\/logo_signature2.png","contentUrl":"https:\/\/www.cib.de\/wp-content\/uploads\/2023\/03\/logo_signature2.png","caption":"CIB Group"},"description":"Especialistas em digitaliza\u00e7\u00e3o"}]}},"post_mailing_queue_ids":[],"_links":{"self":[{"href":"https:\/\/www.cib.de\/pt\/wp-json\/wp\/v2\/posts\/121509","targetHints":{"allow":["GET"]}}],"collection":[{"href":"https:\/\/www.cib.de\/pt\/wp-json\/wp\/v2\/posts"}],"about":[{"href":"https:\/\/www.cib.de\/pt\/wp-json\/wp\/v2\/types\/post"}],"author":[{"embeddable":true,"href":"https:\/\/www.cib.de\/pt\/wp-json\/wp\/v2\/users\/246"}],"replies":[{"embeddable":true,"href":"https:\/\/www.cib.de\/pt\/wp-json\/wp\/v2\/comments?post=121509"}],"version-history":[{"count":48,"href":"https:\/\/www.cib.de\/pt\/wp-json\/wp\/v2\/posts\/121509\/revisions"}],"predecessor-version":[{"id":130681,"href":"https:\/\/www.cib.de\/pt\/wp-json\/wp\/v2\/posts\/121509\/revisions\/130681"}],"wp:featuredmedia":[{"embeddable":true,"href":"https:\/\/www.cib.de\/pt\/wp-json\/wp\/v2\/media\/121526"}],"wp:attachment":[{"href":"https:\/\/www.cib.de\/pt\/wp-json\/wp\/v2\/media?parent=121509"}],"wp:term":[{"taxonomy":"category","embeddable":true,"href":"https:\/\/www.cib.de\/pt\/wp-json\/wp\/v2\/categories?post=121509"},{"taxonomy":"post_tag","embeddable":true,"href":"https:\/\/www.cib.de\/pt\/wp-json\/wp\/v2\/tags?post=121509"}],"curies":[{"name":"wp","href":"https:\/\/api.w.org\/{rel}","templated":true}]}}