{"id":121696,"date":"2024-11-05T14:48:39","date_gmt":"2024-11-05T13:48:39","guid":{"rendered":"https:\/\/www.cib.de\/?p=121696"},"modified":"2024-11-05T16:53:44","modified_gmt":"2024-11-05T15:53:44","slug":"inovacao-tecnologia-economia-algarve-techhub-2024-ulrich-brandner","status":"publish","type":"post","link":"https:\/\/www.cib.de\/pt\/innovation-technologie-wirtschaft-algarve-techhub-2024-ulrich-brandner\/","title":{"rendered":"Inova\u00e7\u00e3o, tecnologia e economia no Algarve Tech Hub Summit 2024 com Ulrich Brandner\u00a0"},"content":{"rendered":"<div data-elementor-type=\"wp-post\" data-elementor-id=\"121696\" class=\"elementor elementor-121696\" data-elementor-post-type=\"post\">\n\t\t\t\t\t\t<section class=\"elementor-section elementor-top-section elementor-element elementor-element-7353505 elementor-section-boxed elementor-section-height-default elementor-section-height-default\" data-id=\"7353505\" data-element_type=\"section\" data-e-type=\"section\">\n\t\t\t\t\t\t<div class=\"elementor-container elementor-column-gap-default\">\n\t\t\t\t\t<div class=\"elementor-column elementor-col-100 elementor-top-column elementor-element elementor-element-db3f0dc\" data-id=\"db3f0dc\" data-element_type=\"column\" data-e-type=\"column\">\n\t\t\t<div class=\"elementor-widget-wrap elementor-element-populated\">\n\t\t\t\t\t\t<div class=\"elementor-element elementor-element-30f82cd elementor-widget elementor-widget-text-editor\" data-id=\"30f82cd\" data-element_type=\"widget\" data-e-type=\"widget\" data-widget_type=\"text-editor.default\">\n\t\t\t\t<div class=\"elementor-widget-container\">\n\t\t\t\t\t\t\t\t\t<p><span style=\"text-decoration: underline;\"><a href=\"https:\/\/www.linkedin.com\/in\/ulrich-brandner\/\" target=\"_blank\" rel=\"noopener\">Ulrich Brandner<\/a><\/span>, fundador do nosso <strong>CIB Group<\/strong> e CEO da CIB compass Unipessoal Lda. em Portugal, foi speaker convidado no <span style=\"text-decoration: underline;\"><a href=\"https:\/\/algarvesummit.com\/\" target=\"_blank\" rel=\"noopener\">Algarve Tech Hub Summit 2024<\/a><\/span>, que teve lugar de 23 a 25 de outubro.<\/p>\t\t\t\t\t\t\t\t<\/div>\n\t\t\t\t<\/div>\n\t\t\t\t<div class=\"elementor-element elementor-element-366d65f elementor-widget elementor-widget-heading\" data-id=\"366d65f\" data-element_type=\"widget\" data-e-type=\"widget\" data-widget_type=\"heading.default\">\n\t\t\t\t<div class=\"elementor-widget-container\">\n\t\t\t\t\t<h2 class=\"elementor-heading-title elementor-size-default\">Um ponto de encontro para a inova\u00e7\u00e3o global e o desenvolvimento tecnol\u00f3gico <\/h2>\t\t\t\t<\/div>\n\t\t\t\t<\/div>\n\t\t\t\t<div class=\"elementor-element elementor-element-e7d47a3 elementor-widget elementor-widget-text-editor\" data-id=\"e7d47a3\" data-element_type=\"widget\" data-e-type=\"widget\" data-widget_type=\"text-editor.default\">\n\t\t\t\t<div class=\"elementor-widget-container\">\n\t\t\t\t\t\t\t\t\t<p>O <strong>AlgarveTech Hub Summit<\/strong> j\u00e1 se afirmou como uma refer\u00eancia para a inova\u00e7\u00e3o tecnol\u00f3gica na regi\u00e3o e pretende refor\u00e7ar a posi\u00e7\u00e3o do Algarve como um centro tecnol\u00f3gico globalmente competitivo.<\/p>\t\t\t\t\t\t\t\t<\/div>\n\t\t\t\t<\/div>\n\t\t\t\t<section class=\"elementor-section elementor-inner-section elementor-element elementor-element-4a084e7 elementor-reverse-tablet elementor-reverse-mobile elementor-section-boxed elementor-section-height-default elementor-section-height-default\" data-id=\"4a084e7\" data-element_type=\"section\" data-e-type=\"section\">\n\t\t\t\t\t\t<div class=\"elementor-container elementor-column-gap-default\">\n\t\t\t\t\t<div class=\"elementor-column elementor-col-50 elementor-inner-column elementor-element elementor-element-ef6591f\" data-id=\"ef6591f\" data-element_type=\"column\" data-e-type=\"column\">\n\t\t\t<div class=\"elementor-widget-wrap elementor-element-populated\">\n\t\t\t\t\t\t<div class=\"elementor-element elementor-element-558342f elementor-widget elementor-widget-text-editor\" data-id=\"558342f\" data-element_type=\"widget\" data-e-type=\"widget\" data-widget_type=\"text-editor.default\">\n\t\t\t\t<div class=\"elementor-widget-container\">\n\t\t\t\t\t\t\t\t\t<p>O evento deste ano contou com uma s\u00e9rie de speaker internacionais que debateram a inova\u00e7\u00e3o, a tecnologia e os neg\u00f3cios. Foi uma excelente oportunidade para os especialistas em tecnologia e as empresas explorarem oportunidades de colabora\u00e7\u00e3o num ambiente que atrai cada vez mais investimento e talento, gra\u00e7as \u00e0 sua qualidade de vida e ambiente favor\u00e1vel aos n\u00f3madas digitais e \u00e0s startups.<\/p>\t\t\t\t\t\t\t\t<\/div>\n\t\t\t\t<\/div>\n\t\t\t\t\t<\/div>\n\t\t<\/div>\n\t\t\t\t<div class=\"elementor-column elementor-col-50 elementor-inner-column elementor-element elementor-element-e99f5ce\" data-id=\"e99f5ce\" data-element_type=\"column\" data-e-type=\"column\">\n\t\t\t<div class=\"elementor-widget-wrap elementor-element-populated\">\n\t\t\t\t\t\t<div class=\"elementor-element elementor-element-1d069a0 elementor-widget elementor-widget-image\" data-id=\"1d069a0\" data-element_type=\"widget\" data-e-type=\"widget\" data-widget_type=\"image.default\">\n\t\t\t\t<div class=\"elementor-widget-container\">\n\t\t\t\t\t\t\t\t\t\t\t\t\t\t\t<img fetchpriority=\"high\" decoding=\"async\" width=\"750\" height=\"500\" src=\"https:\/\/www.cib.de\/wp-content\/uploads\/2024\/11\/au-157-e1767788087567.jpg\" class=\"attachment-large size-large wp-image-121702\" alt=\"\" \/>\t\t\t\t\t\t\t\t\t\t\t\t\t\t\t<\/div>\n\t\t\t\t<\/div>\n\t\t\t\t\t<\/div>\n\t\t<\/div>\n\t\t\t\t\t<\/div>\n\t\t<\/section>\n\t\t\t\t<div class=\"elementor-element elementor-element-00577a1 elementor-widget elementor-widget-heading\" data-id=\"00577a1\" data-element_type=\"widget\" data-e-type=\"widget\" data-widget_type=\"heading.default\">\n\t\t\t\t<div class=\"elementor-widget-container\">\n\t\t\t\t\t<h2 class=\"elementor-heading-title elementor-size-default\">Speaker Ulrich Brandner no painel de peritos \u201cEmpowering the Algarve: Bringing Talent and Adding Value\u201d <\/h2>\t\t\t\t<\/div>\n\t\t\t\t<\/div>\n\t\t\t\t<div class=\"elementor-element elementor-element-2f95e14 elementor-widget elementor-widget-text-editor\" data-id=\"2f95e14\" data-element_type=\"widget\" data-e-type=\"widget\" data-widget_type=\"text-editor.default\">\n\t\t\t\t<div class=\"elementor-widget-container\">\n\t\t\t\t\t\t\t\t\t<p>A vis\u00e3o de Brandner fez da CIB um interveniente de relevo no dom\u00ednio da automa\u00e7\u00e3o e da inova\u00e7\u00e3o empresarial em toda a Europa. O seu empenho foi fundamental para transformar o CIB Group numa refer\u00eancia no desenvolvimento de solu\u00e7\u00f5es de software avan\u00e7adas, nomeadamente no dom\u00ednio da automa\u00e7\u00e3o de processos empresariais, e uma figura influente no ecossistema tecnol\u00f3gico europeu h\u00e1 35 anos.<\/p>\t\t\t\t\t\t\t\t<\/div>\n\t\t\t\t<\/div>\n\t\t\t\t<section class=\"elementor-section elementor-inner-section elementor-element elementor-element-2c9d318 elementor-section-boxed elementor-section-height-default elementor-section-height-default\" data-id=\"2c9d318\" data-element_type=\"section\" data-e-type=\"section\">\n\t\t\t\t\t\t<div class=\"elementor-container elementor-column-gap-default\">\n\t\t\t\t\t<div class=\"elementor-column elementor-col-50 elementor-inner-column elementor-element elementor-element-34ef682\" data-id=\"34ef682\" data-element_type=\"column\" data-e-type=\"column\">\n\t\t\t<div class=\"elementor-widget-wrap elementor-element-populated\">\n\t\t\t\t\t\t<div class=\"elementor-element elementor-element-d99ed1a elementor-widget elementor-widget-image\" data-id=\"d99ed1a\" data-element_type=\"widget\" data-e-type=\"widget\" data-widget_type=\"image.default\">\n\t\t\t\t<div class=\"elementor-widget-container\">\n\t\t\t\t\t\t\t\t\t\t\t\t\t\t\t<img decoding=\"async\" width=\"546\" height=\"500\" src=\"https:\/\/www.cib.de\/wp-content\/uploads\/2024\/11\/au-144_2-e1767788080363.jpg\" class=\"attachment-large size-large wp-image-121704\" alt=\"\" \/>\t\t\t\t\t\t\t\t\t\t\t\t\t\t\t<\/div>\n\t\t\t\t<\/div>\n\t\t\t\t\t<\/div>\n\t\t<\/div>\n\t\t\t\t<div class=\"elementor-column elementor-col-50 elementor-inner-column elementor-element elementor-element-4354bce\" data-id=\"4354bce\" data-element_type=\"column\" data-e-type=\"column\">\n\t\t\t<div class=\"elementor-widget-wrap elementor-element-populated\">\n\t\t\t\t\t\t<div class=\"elementor-element elementor-element-b4f1e31 elementor-widget elementor-widget-text-editor\" data-id=\"b4f1e31\" data-element_type=\"widget\" data-e-type=\"widget\" data-widget_type=\"text-editor.default\">\n\t\t\t\t<div class=\"elementor-widget-container\">\n\t\t\t\t\t\t\t\t\t<p>\u201cA investiga\u00e7\u00e3o de ponta permite \u00e0 CIB alcan\u00e7ar o sucesso no mercado com novas solu\u00e7\u00f5es. Sendo uma empresa de dimens\u00e3o m\u00e9dia, a CIB \u00e9 particularmente flex\u00edvel e r\u00e1pida a entrar em novos mercados. Isto aplica-se, em particular, aos novos dom\u00ednios de investiga\u00e7\u00e3o da intelig\u00eancia artificial, onde a rapidez \u00e9 crucial. \"<\/p>\t\t\t\t\t\t\t\t<\/div>\n\t\t\t\t<\/div>\n\t\t\t\t\t<\/div>\n\t\t<\/div>\n\t\t\t\t\t<\/div>\n\t\t<\/section>\n\t\t\t\t<div class=\"elementor-element elementor-element-f396209 elementor-widget elementor-widget-heading\" data-id=\"f396209\" data-element_type=\"widget\" data-e-type=\"widget\" data-widget_type=\"heading.default\">\n\t\t\t\t<div class=\"elementor-widget-container\">\n\t\t\t\t\t<h2 class=\"elementor-heading-title elementor-size-default\">O portal para processos de fatura\u00e7\u00e3o eficientes <\/h2>\t\t\t\t<\/div>\n\t\t\t\t<\/div>\n\t\t\t\t<div class=\"elementor-element elementor-element-b598920 elementor-widget elementor-widget-text-editor\" data-id=\"b598920\" data-element_type=\"widget\" data-e-type=\"widget\" data-widget_type=\"text-editor.default\">\n\t\t\t\t<div class=\"elementor-widget-container\">\n\t\t\t\t\t\t\t\t\t<p>O Algarve Tech Hub Summit 2024 foi um evento emocionante para todos os apaixonados por inova\u00e7\u00e3o, tecnologia e neg\u00f3cios. O foco de Brandner na automa\u00e7\u00e3o e digitaliza\u00e7\u00e3o demonstrou como a tecnologia pode impulsionar a produtividade e a sustentabilidade. O Summit foi uma excelente oportunidade para explorar novas ideias e colabora\u00e7\u00f5es num cen\u00e1rio tecnol\u00f3gico em crescimento.<\/p>\t\t\t\t\t\t\t\t<\/div>\n\t\t\t\t<\/div>\n\t\t\t\t<div class=\"elementor-element elementor-element-14d1887 elementor-widget elementor-widget-text-editor\" data-id=\"14d1887\" data-element_type=\"widget\" data-e-type=\"widget\" data-widget_type=\"text-editor.default\">\n\t\t\t\t<div class=\"elementor-widget-container\">\n\t\t\t\t\t\t\t\t\tLet\u00b4s CIB! \t\t\t\t\t\t\t\t<\/div>\n\t\t\t\t<\/div>\n\t\t\t\t\t<\/div>\n\t\t<\/div>\n\t\t\t\t\t<\/div>\n\t\t<\/section>\n\t\t\t\t<\/div>","protected":false},"excerpt":{"rendered":"<p>Ulrich Brandner, fundador do nosso CIB Group e CEO da CIB compass Unipessoal Lda. em Portugal, foi speaker convidado no Algarve Tech Hub Summit 2024, que teve lugar de 23 a 25 de outubro. <\/p>","protected":false},"author":246,"featured_media":121697,"comment_status":"closed","ping_status":"closed","sticky":false,"template":"","format":"standard","meta":{"_acf_changed":false,"footnotes":""},"categories":[1],"tags":[1066,1980,2387],"class_list":["post-121696","post","type-post","status-publish","format-standard","has-post-thumbnail","hentry","category-cib-group","tag-cib-event","tag-cib-group","tag-cib-portugal"],"acf":[],"yoast_head":"<!-- This site is optimized with the Yoast SEO plugin v27.5 - https:\/\/yoast.com\/product\/yoast-seo-wordpress\/ -->\n<title>Innovation beim Tech Hub Summit in Algarve mit Ulrich Brandner<\/title>\n<meta name=\"description\" content=\"CIB Gr\u00fcnder Ulrich Brandner war eingeladener Redner auf dem Algarve Tech Hub Summit 2024, der vom 23. bis 25. Oktober stattfand.\" \/>\n<meta name=\"robots\" content=\"index, follow, max-snippet:-1, max-image-preview:large, max-video-preview:-1\" \/>\n<link rel=\"canonical\" href=\"https:\/\/www.cib.de\/pt\/inovacao-tecnologia-economia-algarve-techhub-2024-ulrich-brandner\/\" \/>\n<meta property=\"og:locale\" content=\"pt_PT\" \/>\n<meta property=\"og:type\" content=\"article\" \/>\n<meta property=\"og:title\" content=\"Innovation beim Tech Hub Summit in Algarve mit Ulrich Brandner\" \/>\n<meta property=\"og:description\" content=\"CIB Gr\u00fcnder Ulrich Brandner war eingeladener Redner auf dem Algarve Tech Hub Summit 2024, der vom 23. bis 25. Oktober stattfand.\" \/>\n<meta property=\"og:url\" content=\"https:\/\/www.cib.de\/pt\/inovacao-tecnologia-economia-algarve-techhub-2024-ulrich-brandner\/\" \/>\n<meta property=\"og:site_name\" content=\"CIB Group\" \/>\n<meta property=\"article:publisher\" content=\"https:\/\/www.linkedin.com\/company\/cib\/\" \/>\n<meta property=\"article:published_time\" content=\"2024-11-05T13:48:39+00:00\" \/>\n<meta property=\"article:modified_time\" content=\"2024-11-05T15:53:44+00:00\" \/>\n<meta property=\"og:image\" content=\"https:\/\/www.cib.de\/wp-content\/uploads\/2024\/11\/Algarve-Summit-HG_3.png\" \/>\n\t<meta property=\"og:image:width\" content=\"1600\" \/>\n\t<meta property=\"og:image:height\" content=\"600\" \/>\n\t<meta property=\"og:image:type\" content=\"image\/png\" \/>\n<meta name=\"author\" content=\"CIB Group\" \/>\n<meta name=\"twitter:card\" content=\"summary_large_image\" \/>\n<meta name=\"twitter:label1\" content=\"Escrito por\" \/>\n\t<meta name=\"twitter:data1\" content=\"CIB Group\" \/>\n\t<meta name=\"twitter:label2\" content=\"Tempo estimado de leitura\" \/>\n\t<meta name=\"twitter:data2\" content=\"2 minutos\" \/>\n<script type=\"application\/ld+json\" class=\"yoast-schema-graph\">{\"@context\":\"https:\\\/\\\/schema.org\",\"@graph\":[{\"@type\":\"Article\",\"@id\":\"https:\\\/\\\/www.cib.de\\\/innovation-technologie-wirtschaft-algarve-techhub-2024-ulrich-brandner\\\/#article\",\"isPartOf\":{\"@id\":\"https:\\\/\\\/www.cib.de\\\/innovation-technologie-wirtschaft-algarve-techhub-2024-ulrich-brandner\\\/\"},\"author\":{\"name\":\"CIB Group\",\"@id\":\"https:\\\/\\\/www.cib.de\\\/#\\\/schema\\\/person\\\/4c70f0634b93acb47baacdb671694155\"},\"headline\":\"Innovation, Technologie und Wirtschaft auf dem Algarve Tech Hub Summit 2024 mit Ulrich Brandner\u00a0\",\"datePublished\":\"2024-11-05T13:48:39+00:00\",\"dateModified\":\"2024-11-05T15:53:44+00:00\",\"mainEntityOfPage\":{\"@id\":\"https:\\\/\\\/www.cib.de\\\/innovation-technologie-wirtschaft-algarve-techhub-2024-ulrich-brandner\\\/\"},\"wordCount\":321,\"publisher\":{\"@id\":\"https:\\\/\\\/www.cib.de\\\/#organization\"},\"image\":{\"@id\":\"https:\\\/\\\/www.cib.de\\\/innovation-technologie-wirtschaft-algarve-techhub-2024-ulrich-brandner\\\/#primaryimage\"},\"thumbnailUrl\":\"https:\\\/\\\/www.cib.de\\\/wp-content\\\/uploads\\\/2024\\\/11\\\/Algarve-Summit-HG_3-e1767788102862.png\",\"keywords\":[\"CIB Events\",\"CIB Group\",\"CIB Portugal\"],\"articleSection\":[\"CIB Group\"],\"inLanguage\":\"pt-PT\"},{\"@type\":\"WebPage\",\"@id\":\"https:\\\/\\\/www.cib.de\\\/innovation-technologie-wirtschaft-algarve-techhub-2024-ulrich-brandner\\\/\",\"url\":\"https:\\\/\\\/www.cib.de\\\/innovation-technologie-wirtschaft-algarve-techhub-2024-ulrich-brandner\\\/\",\"name\":\"Innovation beim Tech Hub Summit in Algarve mit Ulrich Brandner\",\"isPartOf\":{\"@id\":\"https:\\\/\\\/www.cib.de\\\/#website\"},\"primaryImageOfPage\":{\"@id\":\"https:\\\/\\\/www.cib.de\\\/innovation-technologie-wirtschaft-algarve-techhub-2024-ulrich-brandner\\\/#primaryimage\"},\"image\":{\"@id\":\"https:\\\/\\\/www.cib.de\\\/innovation-technologie-wirtschaft-algarve-techhub-2024-ulrich-brandner\\\/#primaryimage\"},\"thumbnailUrl\":\"https:\\\/\\\/www.cib.de\\\/wp-content\\\/uploads\\\/2024\\\/11\\\/Algarve-Summit-HG_3-e1767788102862.png\",\"datePublished\":\"2024-11-05T13:48:39+00:00\",\"dateModified\":\"2024-11-05T15:53:44+00:00\",\"description\":\"CIB Gr\u00fcnder Ulrich Brandner war eingeladener Redner auf dem Algarve Tech Hub Summit 2024, der vom 23. bis 25. Oktober stattfand.\",\"breadcrumb\":{\"@id\":\"https:\\\/\\\/www.cib.de\\\/innovation-technologie-wirtschaft-algarve-techhub-2024-ulrich-brandner\\\/#breadcrumb\"},\"inLanguage\":\"pt-PT\",\"potentialAction\":[{\"@type\":\"ReadAction\",\"target\":[\"https:\\\/\\\/www.cib.de\\\/innovation-technologie-wirtschaft-algarve-techhub-2024-ulrich-brandner\\\/\"]}]},{\"@type\":\"ImageObject\",\"inLanguage\":\"pt-PT\",\"@id\":\"https:\\\/\\\/www.cib.de\\\/innovation-technologie-wirtschaft-algarve-techhub-2024-ulrich-brandner\\\/#primaryimage\",\"url\":\"https:\\\/\\\/www.cib.de\\\/wp-content\\\/uploads\\\/2024\\\/11\\\/Algarve-Summit-HG_3-e1767788102862.png\",\"contentUrl\":\"https:\\\/\\\/www.cib.de\\\/wp-content\\\/uploads\\\/2024\\\/11\\\/Algarve-Summit-HG_3-e1767788102862.png\",\"width\":1467,\"height\":550},{\"@type\":\"BreadcrumbList\",\"@id\":\"https:\\\/\\\/www.cib.de\\\/innovation-technologie-wirtschaft-algarve-techhub-2024-ulrich-brandner\\\/#breadcrumb\",\"itemListElement\":[{\"@type\":\"ListItem\",\"position\":1,\"name\":\"Home\",\"item\":\"https:\\\/\\\/www.cib.de\\\/\"},{\"@type\":\"ListItem\",\"position\":2,\"name\":\"Innovation, Technologie und Wirtschaft auf dem Algarve Tech Hub Summit 2024 mit Ulrich Brandner\u00a0\"}]},{\"@type\":\"WebSite\",\"@id\":\"https:\\\/\\\/www.cib.de\\\/#website\",\"url\":\"https:\\\/\\\/www.cib.de\\\/\",\"name\":\"CIB Group\",\"description\":\"Digitalisierung, Prozessautomatisierung, K\u00fcnstliche Intelligenz\",\"publisher\":{\"@id\":\"https:\\\/\\\/www.cib.de\\\/#organization\"},\"potentialAction\":[{\"@type\":\"SearchAction\",\"target\":{\"@type\":\"EntryPoint\",\"urlTemplate\":\"https:\\\/\\\/www.cib.de\\\/?s={search_term_string}\"},\"query-input\":{\"@type\":\"PropertyValueSpecification\",\"valueRequired\":true,\"valueName\":\"search_term_string\"}}],\"inLanguage\":\"pt-PT\"},{\"@type\":\"Organization\",\"@id\":\"https:\\\/\\\/www.cib.de\\\/#organization\",\"name\":\"CIB Group\",\"url\":\"https:\\\/\\\/www.cib.de\\\/\",\"logo\":{\"@type\":\"ImageObject\",\"inLanguage\":\"pt-PT\",\"@id\":\"https:\\\/\\\/www.cib.de\\\/#\\\/schema\\\/logo\\\/image\\\/\",\"url\":\"https:\\\/\\\/www.cib.de\\\/wp-content\\\/uploads\\\/2023\\\/10\\\/CIB_Logo_.svg\",\"contentUrl\":\"https:\\\/\\\/www.cib.de\\\/wp-content\\\/uploads\\\/2023\\\/10\\\/CIB_Logo_.svg\",\"width\":283,\"height\":128,\"caption\":\"CIB Group\"},\"image\":{\"@id\":\"https:\\\/\\\/www.cib.de\\\/#\\\/schema\\\/logo\\\/image\\\/\"},\"sameAs\":[\"https:\\\/\\\/www.linkedin.com\\\/company\\\/cib\\\/\"]},{\"@type\":\"Person\",\"@id\":\"https:\\\/\\\/www.cib.de\\\/#\\\/schema\\\/person\\\/4c70f0634b93acb47baacdb671694155\",\"name\":\"CIB Group\",\"image\":{\"@type\":\"ImageObject\",\"inLanguage\":\"pt-PT\",\"@id\":\"https:\\\/\\\/www.cib.de\\\/wp-content\\\/uploads\\\/2023\\\/03\\\/logo_signature2.png\",\"url\":\"https:\\\/\\\/www.cib.de\\\/wp-content\\\/uploads\\\/2023\\\/03\\\/logo_signature2.png\",\"contentUrl\":\"https:\\\/\\\/www.cib.de\\\/wp-content\\\/uploads\\\/2023\\\/03\\\/logo_signature2.png\",\"caption\":\"CIB Group\"},\"description\":\"Die Digitalisierungsexperten\"}]}<\/script>\n<!-- \/ Yoast SEO plugin. -->","yoast_head_json":{"title":"Inova\u00e7\u00e3o no Summit do Tech Hub no Algarve 2024 com Ulrich Brandner","description":"O fundador do CIB, Ulrich Brandner, foi orador convidado no Algarve Tech Hub Summit 2024, que decorreu de 23 a 25 de outubro.","robots":{"index":"index","follow":"follow","max-snippet":"max-snippet:-1","max-image-preview":"max-image-preview:large","max-video-preview":"max-video-preview:-1"},"canonical":"https:\/\/www.cib.de\/pt\/inovacao-tecnologia-economia-algarve-techhub-2024-ulrich-brandner\/","og_locale":"pt_PT","og_type":"article","og_title":"Innovation beim Tech Hub Summit in Algarve mit Ulrich Brandner","og_description":"CIB Gr\u00fcnder Ulrich Brandner war eingeladener Redner auf dem Algarve Tech Hub Summit 2024, der vom 23. bis 25. Oktober stattfand.","og_url":"https:\/\/www.cib.de\/pt\/inovacao-tecnologia-economia-algarve-techhub-2024-ulrich-brandner\/","og_site_name":"CIB Group","article_publisher":"https:\/\/www.linkedin.com\/company\/cib\/","article_published_time":"2024-11-05T13:48:39+00:00","article_modified_time":"2024-11-05T15:53:44+00:00","og_image":[{"width":1600,"height":600,"url":"https:\/\/www.cib.de\/wp-content\/uploads\/2024\/11\/Algarve-Summit-HG_3.png","type":"image\/png"}],"author":"CIB Group","twitter_card":"summary_large_image","twitter_misc":{"Escrito por":"CIB Group","Tempo estimado de leitura":"2 minutos"},"schema":{"@context":"https:\/\/schema.org","@graph":[{"@type":"Article","@id":"https:\/\/www.cib.de\/innovation-technologie-wirtschaft-algarve-techhub-2024-ulrich-brandner\/#article","isPartOf":{"@id":"https:\/\/www.cib.de\/innovation-technologie-wirtschaft-algarve-techhub-2024-ulrich-brandner\/"},"author":{"name":"CIB Group","@id":"https:\/\/www.cib.de\/#\/schema\/person\/4c70f0634b93acb47baacdb671694155"},"headline":"Innovation, Technologie und Wirtschaft auf dem Algarve Tech Hub Summit 2024 mit Ulrich Brandner\u00a0","datePublished":"2024-11-05T13:48:39+00:00","dateModified":"2024-11-05T15:53:44+00:00","mainEntityOfPage":{"@id":"https:\/\/www.cib.de\/innovation-technologie-wirtschaft-algarve-techhub-2024-ulrich-brandner\/"},"wordCount":321,"publisher":{"@id":"https:\/\/www.cib.de\/#organization"},"image":{"@id":"https:\/\/www.cib.de\/innovation-technologie-wirtschaft-algarve-techhub-2024-ulrich-brandner\/#primaryimage"},"thumbnailUrl":"https:\/\/www.cib.de\/wp-content\/uploads\/2024\/11\/Algarve-Summit-HG_3-e1767788102862.png","keywords":["CIB Events","CIB Group","CIB Portugal"],"articleSection":["CIB Group"],"inLanguage":"pt-PT"},{"@type":"WebPage","@id":"https:\/\/www.cib.de\/innovation-technologie-wirtschaft-algarve-techhub-2024-ulrich-brandner\/","url":"https:\/\/www.cib.de\/innovation-technologie-wirtschaft-algarve-techhub-2024-ulrich-brandner\/","name":"Inova\u00e7\u00e3o no Summit do Tech Hub no Algarve 2024 com Ulrich Brandner","isPartOf":{"@id":"https:\/\/www.cib.de\/#website"},"primaryImageOfPage":{"@id":"https:\/\/www.cib.de\/innovation-technologie-wirtschaft-algarve-techhub-2024-ulrich-brandner\/#primaryimage"},"image":{"@id":"https:\/\/www.cib.de\/innovation-technologie-wirtschaft-algarve-techhub-2024-ulrich-brandner\/#primaryimage"},"thumbnailUrl":"https:\/\/www.cib.de\/wp-content\/uploads\/2024\/11\/Algarve-Summit-HG_3-e1767788102862.png","datePublished":"2024-11-05T13:48:39+00:00","dateModified":"2024-11-05T15:53:44+00:00","description":"O fundador do CIB, Ulrich Brandner, foi orador convidado no Algarve Tech Hub Summit 2024, que decorreu de 23 a 25 de outubro.","breadcrumb":{"@id":"https:\/\/www.cib.de\/innovation-technologie-wirtschaft-algarve-techhub-2024-ulrich-brandner\/#breadcrumb"},"inLanguage":"pt-PT","potentialAction":[{"@type":"ReadAction","target":["https:\/\/www.cib.de\/innovation-technologie-wirtschaft-algarve-techhub-2024-ulrich-brandner\/"]}]},{"@type":"ImageObject","inLanguage":"pt-PT","@id":"https:\/\/www.cib.de\/innovation-technologie-wirtschaft-algarve-techhub-2024-ulrich-brandner\/#primaryimage","url":"https:\/\/www.cib.de\/wp-content\/uploads\/2024\/11\/Algarve-Summit-HG_3-e1767788102862.png","contentUrl":"https:\/\/www.cib.de\/wp-content\/uploads\/2024\/11\/Algarve-Summit-HG_3-e1767788102862.png","width":1467,"height":550},{"@type":"BreadcrumbList","@id":"https:\/\/www.cib.de\/innovation-technologie-wirtschaft-algarve-techhub-2024-ulrich-brandner\/#breadcrumb","itemListElement":[{"@type":"ListItem","position":1,"name":"Home","item":"https:\/\/www.cib.de\/"},{"@type":"ListItem","position":2,"name":"Innovation, Technologie und Wirtschaft auf dem Algarve Tech Hub Summit 2024 mit Ulrich Brandner\u00a0"}]},{"@type":"WebSite","@id":"https:\/\/www.cib.de\/#website","url":"https:\/\/www.cib.de\/","name":"CIB Group","description":"Digitalisierung, Prozessautomatisierung, K\u00fcnstliche Intelligenz","publisher":{"@id":"https:\/\/www.cib.de\/#organization"},"potentialAction":[{"@type":"SearchAction","target":{"@type":"EntryPoint","urlTemplate":"https:\/\/www.cib.de\/?s={search_term_string}"},"query-input":{"@type":"PropertyValueSpecification","valueRequired":true,"valueName":"search_term_string"}}],"inLanguage":"pt-PT"},{"@type":"Organization","@id":"https:\/\/www.cib.de\/#organization","name":"CIB Group","url":"https:\/\/www.cib.de\/","logo":{"@type":"ImageObject","inLanguage":"pt-PT","@id":"https:\/\/www.cib.de\/#\/schema\/logo\/image\/","url":"https:\/\/www.cib.de\/wp-content\/uploads\/2023\/10\/CIB_Logo_.svg","contentUrl":"https:\/\/www.cib.de\/wp-content\/uploads\/2023\/10\/CIB_Logo_.svg","width":283,"height":128,"caption":"CIB Group"},"image":{"@id":"https:\/\/www.cib.de\/#\/schema\/logo\/image\/"},"sameAs":["https:\/\/www.linkedin.com\/company\/cib\/"]},{"@type":"Person","@id":"https:\/\/www.cib.de\/#\/schema\/person\/4c70f0634b93acb47baacdb671694155","name":"CIB Group","image":{"@type":"ImageObject","inLanguage":"pt-PT","@id":"https:\/\/www.cib.de\/wp-content\/uploads\/2023\/03\/logo_signature2.png","url":"https:\/\/www.cib.de\/wp-content\/uploads\/2023\/03\/logo_signature2.png","contentUrl":"https:\/\/www.cib.de\/wp-content\/uploads\/2023\/03\/logo_signature2.png","caption":"CIB Group"},"description":"Especialistas em digitaliza\u00e7\u00e3o"}]}},"post_mailing_queue_ids":[],"_links":{"self":[{"href":"https:\/\/www.cib.de\/pt\/wp-json\/wp\/v2\/posts\/121696","targetHints":{"allow":["GET"]}}],"collection":[{"href":"https:\/\/www.cib.de\/pt\/wp-json\/wp\/v2\/posts"}],"about":[{"href":"https:\/\/www.cib.de\/pt\/wp-json\/wp\/v2\/types\/post"}],"author":[{"embeddable":true,"href":"https:\/\/www.cib.de\/pt\/wp-json\/wp\/v2\/users\/246"}],"replies":[{"embeddable":true,"href":"https:\/\/www.cib.de\/pt\/wp-json\/wp\/v2\/comments?post=121696"}],"version-history":[{"count":21,"href":"https:\/\/www.cib.de\/pt\/wp-json\/wp\/v2\/posts\/121696\/revisions"}],"predecessor-version":[{"id":121762,"href":"https:\/\/www.cib.de\/pt\/wp-json\/wp\/v2\/posts\/121696\/revisions\/121762"}],"wp:featuredmedia":[{"embeddable":true,"href":"https:\/\/www.cib.de\/pt\/wp-json\/wp\/v2\/media\/121697"}],"wp:attachment":[{"href":"https:\/\/www.cib.de\/pt\/wp-json\/wp\/v2\/media?parent=121696"}],"wp:term":[{"taxonomy":"category","embeddable":true,"href":"https:\/\/www.cib.de\/pt\/wp-json\/wp\/v2\/categories?post=121696"},{"taxonomy":"post_tag","embeddable":true,"href":"https:\/\/www.cib.de\/pt\/wp-json\/wp\/v2\/tags?post=121696"}],"curies":[{"name":"wp","href":"https:\/\/api.w.org\/{rel}","templated":true}]}}