{"id":124181,"date":"2025-02-11T10:29:49","date_gmt":"2025-02-11T09:29:49","guid":{"rendered":"https:\/\/www.cib.de\/?p=124181"},"modified":"2025-04-09T12:08:37","modified_gmt":"2025-04-09T10:08:37","slug":"salvar-vidas-defibrilhador-cib-portugal-faro","status":"publish","type":"post","link":"https:\/\/www.cib.de\/pt\/erste-hilfe-schulung-cib-standort-faro\/","title":{"rendered":"Salvar vidas: forma\u00e7\u00e3o de primeiros socorros e suporte b\u00e1sico de vida com DAE nas instala\u00e7\u00f5es da CIB em Faro"},"content":{"rendered":"<div data-elementor-type=\"wp-post\" data-elementor-id=\"124181\" class=\"elementor elementor-124181\" data-elementor-post-type=\"post\">\n\t\t\t\t\t\t<section class=\"elementor-section elementor-top-section elementor-element elementor-element-6ff3b72 elementor-section-boxed elementor-section-height-default elementor-section-height-default\" data-id=\"6ff3b72\" data-element_type=\"section\" data-e-type=\"section\">\n\t\t\t\t\t\t<div class=\"elementor-container elementor-column-gap-default\">\n\t\t\t\t\t<div class=\"elementor-column elementor-col-100 elementor-top-column elementor-element elementor-element-be298b3\" data-id=\"be298b3\" data-element_type=\"column\" data-e-type=\"column\">\n\t\t\t<div class=\"elementor-widget-wrap elementor-element-populated\">\n\t\t\t\t\t\t<div class=\"elementor-element elementor-element-14cef5c elementor-widget elementor-widget-text-editor\" data-id=\"14cef5c\" data-element_type=\"widget\" data-e-type=\"widget\" data-widget_type=\"text-editor.default\">\n\t\t\t\t<div class=\"elementor-widget-container\">\n\t\t\t\t\t\t\t\t\t<p>Na semana passada, os nossos colaboradores de Faro viveram um momento especial: seguiram os seus colegas de Lisboa e participaram em a\u00e7\u00f5es de forma\u00e7\u00e3o em primeiros socorros, suporte b\u00e1sico de vida (SBV) e utiliza\u00e7\u00e3o de desfibrilhadores autom\u00e1ticos externos (DAE). Esta iniciativa real\u00e7a o nosso empenho na sa\u00fade, seguran\u00e7a e prontid\u00e3o operacional nas nossas instala\u00e7\u00f5es.<\/p><p>Os nossos escrit\u00f3rios de Lisboa e Faro est\u00e3o agora equipados com aparelhos de DAE e orgulham-se de participar no PNDAE (Programa Nacional de DAE), licenciado pelo INEM. Este programa garante que as nossas equipas est\u00e3o n\u00e3o s\u00f3 treinadas, mas tamb\u00e9m preparadas para agir de forma decisiva em caso de emerg\u00eancia.<\/p>\t\t\t\t\t\t\t\t<\/div>\n\t\t\t\t<\/div>\n\t\t\t\t<div class=\"elementor-element elementor-element-45c5b0a elementor-widget elementor-widget-heading\" data-id=\"45c5b0a\" data-element_type=\"widget\" data-e-type=\"widget\" data-widget_type=\"heading.default\">\n\t\t\t\t<div class=\"elementor-widget-container\">\n\t\t\t\t\t<h2 class=\"elementor-heading-title elementor-size-default\">O poder de salvar vidas dos DAE <\/h2>\t\t\t\t<\/div>\n\t\t\t\t<\/div>\n\t\t\t\t\t<\/div>\n\t\t<\/div>\n\t\t\t\t\t<\/div>\n\t\t<\/section>\n\t\t\t\t<section class=\"elementor-section elementor-top-section elementor-element elementor-element-8780156 elementor-section-boxed elementor-section-height-default elementor-section-height-default\" data-id=\"8780156\" data-element_type=\"section\" data-e-type=\"section\">\n\t\t\t\t\t\t<div class=\"elementor-container elementor-column-gap-default\">\n\t\t\t\t\t<div class=\"elementor-column elementor-col-100 elementor-top-column elementor-element elementor-element-ed10a49\" data-id=\"ed10a49\" data-element_type=\"column\" data-e-type=\"column\">\n\t\t\t<div class=\"elementor-widget-wrap elementor-element-populated\">\n\t\t\t\t\t\t<section class=\"elementor-section elementor-inner-section elementor-element elementor-element-21b99b3 elementor-section-boxed elementor-section-height-default elementor-section-height-default\" data-id=\"21b99b3\" data-element_type=\"section\" data-e-type=\"section\">\n\t\t\t\t\t\t<div class=\"elementor-container elementor-column-gap-default\">\n\t\t\t\t\t<div class=\"elementor-column elementor-col-50 elementor-inner-column elementor-element elementor-element-a346504\" data-id=\"a346504\" data-element_type=\"column\" data-e-type=\"column\">\n\t\t\t<div class=\"elementor-widget-wrap elementor-element-populated\">\n\t\t\t\t\t\t<div class=\"elementor-element elementor-element-8e66ac1 elementor-widget elementor-widget-text-editor\" data-id=\"8e66ac1\" data-element_type=\"widget\" data-e-type=\"widget\" data-widget_type=\"text-editor.default\">\n\t\t\t\t<div class=\"elementor-widget-container\">\n\t\t\t\t\t\t\t\t\t<p>Os desfibrilhadores autom\u00e1ticos externos s\u00e3o dispositivos eletr\u00f3nicos port\u00e1teis utilizados em caso de paragem card\u00edaca. Estes dispositivos analisam o ritmo card\u00edaco e, se necess\u00e1rio, aplicam um choque el\u00e9trico para restabelecer um ritmo card\u00edaco normal. A sua r\u00e1pida ativa\u00e7\u00e3o pode fazer a diferen\u00e7a entre a vida e a morte.<\/p>\t\t\t\t\t\t\t\t<\/div>\n\t\t\t\t<\/div>\n\t\t\t\t\t<\/div>\n\t\t<\/div>\n\t\t\t\t<div class=\"elementor-column elementor-col-50 elementor-inner-column elementor-element elementor-element-e5d2fd9\" data-id=\"e5d2fd9\" data-element_type=\"column\" data-e-type=\"column\">\n\t\t\t<div class=\"elementor-widget-wrap elementor-element-populated\">\n\t\t\t\t\t\t<div class=\"elementor-element elementor-element-51fb907 elementor-widget elementor-widget-image\" data-id=\"51fb907\" data-element_type=\"widget\" data-e-type=\"widget\" data-widget_type=\"image.default\">\n\t\t\t\t<div class=\"elementor-widget-container\">\n\t\t\t\t\t\t\t\t\t\t\t\t\t\t\t<img fetchpriority=\"high\" decoding=\"async\" width=\"1012\" height=\"1024\" src=\"https:\/\/www.cib.de\/wp-content\/uploads\/2025\/02\/Portugal-CPR-e1739194752652-1012x1024.jpeg\" class=\"attachment-large size-large wp-image-124184\" alt=\"\" srcset=\"https:\/\/www.cib.de\/wp-content\/uploads\/2025\/02\/Portugal-CPR-e1739194752652-1012x1024.jpeg 1012w, https:\/\/www.cib.de\/wp-content\/uploads\/2025\/02\/Portugal-CPR-e1739194752652-296x300.jpeg 296w, https:\/\/www.cib.de\/wp-content\/uploads\/2025\/02\/Portugal-CPR-e1739194752652-768x777.jpeg 768w, https:\/\/www.cib.de\/wp-content\/uploads\/2025\/02\/Portugal-CPR-e1739194752652-12x12.jpeg 12w\" sizes=\"(max-width: 1012px) 100vw, 1012px\" \/>\t\t\t\t\t\t\t\t\t\t\t\t\t\t\t<\/div>\n\t\t\t\t<\/div>\n\t\t\t\t\t<\/div>\n\t\t<\/div>\n\t\t\t\t\t<\/div>\n\t\t<\/section>\n\t\t\t\t\t<\/div>\n\t\t<\/div>\n\t\t\t\t\t<\/div>\n\t\t<\/section>\n\t\t\t\t<section class=\"elementor-section elementor-top-section elementor-element elementor-element-d436d04 elementor-section-boxed elementor-section-height-default elementor-section-height-default\" data-id=\"d436d04\" data-element_type=\"section\" data-e-type=\"section\">\n\t\t\t\t\t\t<div class=\"elementor-container elementor-column-gap-default\">\n\t\t\t\t\t<div class=\"elementor-column elementor-col-100 elementor-top-column elementor-element elementor-element-58476c8\" data-id=\"58476c8\" data-element_type=\"column\" data-e-type=\"column\">\n\t\t\t<div class=\"elementor-widget-wrap elementor-element-populated\">\n\t\t\t\t\t\t<div class=\"elementor-element elementor-element-2949004 elementor-widget elementor-widget-text-editor\" data-id=\"2949004\" data-element_type=\"widget\" data-e-type=\"widget\" data-widget_type=\"text-editor.default\">\n\t\t\t\t<div class=\"elementor-widget-container\">\n\t\t\t\t\t\t\t\t\t<p>A paragem card\u00edaca continua a ser a principal causa de morte nos pa\u00edses industrializados. S\u00f3 em Portugal, ocorrem cerca de 10 000 casos por ano, muitas vezes de forma inesperada e fora dos hospitais. Muitas vezes, o \u00fanico tratamento eficaz \u00e9 a desfibrilha\u00e7\u00e3o el\u00e9trica.<\/p>\t\t\t\t\t\t\t\t<\/div>\n\t\t\t\t<\/div>\n\t\t\t\t<div class=\"elementor-element elementor-element-bf7f9b2 elementor-widget elementor-widget-heading\" data-id=\"bf7f9b2\" data-element_type=\"widget\" data-e-type=\"widget\" data-widget_type=\"heading.default\">\n\t\t\t\t<div class=\"elementor-widget-container\">\n\t\t\t\t\t<h2 class=\"elementor-heading-title elementor-size-default\">Corrida contra o tempo <\/h2>\t\t\t\t<\/div>\n\t\t\t\t<\/div>\n\t\t\t\t<div class=\"elementor-element elementor-element-a6db245 elementor-widget elementor-widget-text-editor\" data-id=\"a6db245\" data-element_type=\"widget\" data-e-type=\"widget\" data-widget_type=\"text-editor.default\">\n\t\t\t\t<div class=\"elementor-widget-container\">\n\t\t\t\t\t\t\t\t\t<p>No caso de uma paragem card\u00edaca, cada segundo \u00e9 crucial. O in\u00edcio imediato do suporte b\u00e1sico de vida (SBV), seguido da utiliza\u00e7\u00e3o de um desfibrilhador autom\u00e1tico externo (DAE), aumenta significativamente as hip\u00f3teses de sobreviv\u00eancia. Esta forma\u00e7\u00e3o garante que as nossas equipas s\u00e3o competentes e confiantes para agir de forma r\u00e1pida e eficaz numa emerg\u00eancia.<\/p>\t\t\t\t\t\t\t\t<\/div>\n\t\t\t\t<\/div>\n\t\t\t\t<section class=\"elementor-section elementor-inner-section elementor-element elementor-element-c95ea94 elementor-reverse-tablet elementor-reverse-mobile elementor-section-boxed elementor-section-height-default elementor-section-height-default\" data-id=\"c95ea94\" data-element_type=\"section\" data-e-type=\"section\">\n\t\t\t\t\t\t<div class=\"elementor-container elementor-column-gap-default\">\n\t\t\t\t\t<div class=\"elementor-column elementor-col-50 elementor-inner-column elementor-element elementor-element-de1b7e6\" data-id=\"de1b7e6\" data-element_type=\"column\" data-e-type=\"column\">\n\t\t\t<div class=\"elementor-widget-wrap elementor-element-populated\">\n\t\t\t\t\t\t<div class=\"elementor-element elementor-element-52859c5 elementor-widget elementor-widget-image\" data-id=\"52859c5\" data-element_type=\"widget\" data-e-type=\"widget\" data-widget_type=\"image.default\">\n\t\t\t\t<div class=\"elementor-widget-container\">\n\t\t\t\t\t\t\t\t\t\t\t\t\t\t\t<img decoding=\"async\" width=\"1024\" height=\"822\" src=\"https:\/\/www.cib.de\/wp-content\/uploads\/2025\/02\/Portugal-CPR_02-e1739194921964-1024x822.jpeg\" class=\"attachment-large size-large wp-image-124185\" alt=\"\" srcset=\"https:\/\/www.cib.de\/wp-content\/uploads\/2025\/02\/Portugal-CPR_02-e1739194921964-1024x822.jpeg 1024w, https:\/\/www.cib.de\/wp-content\/uploads\/2025\/02\/Portugal-CPR_02-e1739194921964-374x300.jpeg 374w, https:\/\/www.cib.de\/wp-content\/uploads\/2025\/02\/Portugal-CPR_02-e1739194921964-768x616.jpeg 768w, https:\/\/www.cib.de\/wp-content\/uploads\/2025\/02\/Portugal-CPR_02-e1739194921964-15x12.jpeg 15w\" sizes=\"(max-width: 1024px) 100vw, 1024px\" \/>\t\t\t\t\t\t\t\t\t\t\t\t\t\t\t<\/div>\n\t\t\t\t<\/div>\n\t\t\t\t\t<\/div>\n\t\t<\/div>\n\t\t\t\t<div class=\"elementor-column elementor-col-50 elementor-inner-column elementor-element elementor-element-4bde484\" data-id=\"4bde484\" data-element_type=\"column\" data-e-type=\"column\">\n\t\t\t<div class=\"elementor-widget-wrap elementor-element-populated\">\n\t\t\t\t\t\t<div class=\"elementor-element elementor-element-78f7292 elementor-widget elementor-widget-heading\" data-id=\"78f7292\" data-element_type=\"widget\" data-e-type=\"widget\" data-widget_type=\"heading.default\">\n\t\t\t\t<div class=\"elementor-widget-container\">\n\t\t\t\t\t<h2 class=\"elementor-heading-title elementor-size-default\">Aumentar a prontid\u00e3o, salvar vidas <\/h2>\t\t\t\t<\/div>\n\t\t\t\t<\/div>\n\t\t\t\t<div class=\"elementor-element elementor-element-a230924 elementor-widget elementor-widget-text-editor\" data-id=\"a230924\" data-element_type=\"widget\" data-e-type=\"widget\" data-widget_type=\"text-editor.default\">\n\t\t\t\t<div class=\"elementor-widget-container\">\n\t\t\t\t\t\t\t\t\tAo equipar os nossos escrit\u00f3rios com dispositivos DAE e ao assegurar que as nossas equipas recebem forma\u00e7\u00e3o, estamos a tomar medidas proativas para proteger o bem-estar dos nossos colegas, dos nossos clientes e da comunidade. \t\t\t\t\t\t\t\t<\/div>\n\t\t\t\t<\/div>\n\t\t\t\t\t<\/div>\n\t\t<\/div>\n\t\t\t\t\t<\/div>\n\t\t<\/section>\n\t\t\t\t\t<\/div>\n\t\t<\/div>\n\t\t\t\t\t<\/div>\n\t\t<\/section>\n\t\t\t\t<section class=\"elementor-section elementor-top-section elementor-element elementor-element-151b05e elementor-section-boxed elementor-section-height-default elementor-section-height-default\" data-id=\"151b05e\" data-element_type=\"section\" data-e-type=\"section\">\n\t\t\t\t\t\t<div class=\"elementor-container elementor-column-gap-default\">\n\t\t\t\t\t<div class=\"elementor-column elementor-col-100 elementor-top-column elementor-element elementor-element-6bcac6b\" data-id=\"6bcac6b\" data-element_type=\"column\" data-e-type=\"column\">\n\t\t\t<div class=\"elementor-widget-wrap elementor-element-populated\">\n\t\t\t\t\t\t<div class=\"elementor-element elementor-element-f3e6121 elementor-widget elementor-widget-text-editor\" data-id=\"f3e6121\" data-element_type=\"widget\" data-e-type=\"widget\" data-widget_type=\"text-editor.default\">\n\t\t\t\t<div class=\"elementor-widget-container\">\n\t\t\t\t\t\t\t\t\t<p>Fic\u00e1mos tamb\u00e9m muito satisfeitos por a <span style=\"text-decoration: underline;\"><a href=\"https:\/\/www.linkedin.com\/in\/jessdemelocosta\/\" target=\"_blank\" rel=\"noopener\">Jessica Costa,<\/a><\/span> CEO da Algarve STP,  ter aceite o nosso convite e participado na forma\u00e7\u00e3o conosco. Muito obrigado ao nosso CEO em Portugal, <span style=\"text-decoration: underline;\"><a href=\"https:\/\/www.linkedin.com\/in\/ulrich-brandner\/\" target=\"_blank\" rel=\"noopener\">Ulrich Brandner<\/a><\/span>, por ter tornado esta forma\u00e7\u00e3o poss\u00edvel.<\/p><p>Let\u00b4s CIB!<\/p>\t\t\t\t\t\t\t\t<\/div>\n\t\t\t\t<\/div>\n\t\t\t\t\t<\/div>\n\t\t<\/div>\n\t\t\t\t\t<\/div>\n\t\t<\/section>\n\t\t\t\t<\/div>","protected":false},"excerpt":{"rendered":"<p>O futuro pertence a modelos de trabalho mais flex\u00edveis - o CIB Group est\u00e1 convencido disso. Enquanto empresa internacional de IT com instala\u00e7\u00f5es na Alemanha, \u00c1ustria, Portugal e Espanha,<\/p>","protected":false},"author":246,"featured_media":124183,"comment_status":"closed","ping_status":"closed","sticky":false,"template":"","format":"standard","meta":{"_acf_changed":false,"footnotes":""},"categories":[220],"tags":[2333],"class_list":["post-124181","post","type-post","status-publish","format-standard","has-post-thumbnail","hentry","category-cat-proactive","tag-cib-proactive"],"acf":[],"yoast_head":"<!-- This site is optimized with the Yoast SEO plugin v27.5 - https:\/\/yoast.com\/product\/yoast-seo-wordpress\/ -->\n<title>Erste-Hilfe- und Defibrillator-Schulung am CIB-Standort Faro<\/title>\n<meta name=\"description\" content=\"F\u00fcr unsere Mitarbeiterinnen und Mitarbeiter in Faro stand in der vergangenen Woche eine Erste-Hilfe-Schulung auf dem Programm.\" \/>\n<meta name=\"robots\" content=\"index, follow, max-snippet:-1, max-image-preview:large, max-video-preview:-1\" \/>\n<link rel=\"canonical\" href=\"https:\/\/www.cib.de\/pt\/salvar-vidas-defibrilhador-cib-portugal-faro\/\" \/>\n<meta property=\"og:locale\" content=\"pt_PT\" \/>\n<meta property=\"og:type\" content=\"article\" \/>\n<meta property=\"og:title\" content=\"Erste-Hilfe- und Defibrillator-Schulung am CIB-Standort Faro\" \/>\n<meta property=\"og:description\" content=\"F\u00fcr unsere Mitarbeiterinnen und Mitarbeiter in Faro stand in der vergangenen Woche eine Erste-Hilfe-Schulung auf dem Programm.\" \/>\n<meta property=\"og:url\" content=\"https:\/\/www.cib.de\/pt\/salvar-vidas-defibrilhador-cib-portugal-faro\/\" \/>\n<meta property=\"og:site_name\" content=\"CIB Group\" \/>\n<meta property=\"article:publisher\" content=\"https:\/\/www.linkedin.com\/company\/cib\/\" \/>\n<meta property=\"article:published_time\" content=\"2025-02-11T09:29:49+00:00\" \/>\n<meta property=\"article:modified_time\" content=\"2025-04-09T10:08:37+00:00\" \/>\n<meta property=\"og:image\" content=\"https:\/\/www.cib.de\/wp-content\/uploads\/2025\/02\/Portugal-CPR.jpg\" \/>\n\t<meta property=\"og:image:width\" content=\"1600\" \/>\n\t<meta property=\"og:image:height\" content=\"600\" \/>\n\t<meta property=\"og:image:type\" content=\"image\/jpeg\" \/>\n<meta name=\"author\" content=\"CIB Group\" \/>\n<meta name=\"twitter:card\" content=\"summary_large_image\" \/>\n<meta name=\"twitter:label1\" content=\"Escrito por\" \/>\n\t<meta name=\"twitter:data1\" content=\"CIB Group\" \/>\n\t<meta name=\"twitter:label2\" content=\"Tempo estimado de leitura\" \/>\n\t<meta name=\"twitter:data2\" content=\"2 minutos\" \/>\n<script type=\"application\/ld+json\" class=\"yoast-schema-graph\">{\"@context\":\"https:\\\/\\\/schema.org\",\"@graph\":[{\"@type\":\"Article\",\"@id\":\"https:\\\/\\\/www.cib.de\\\/erste-hilfe-schulung-cib-standort-faro\\\/#article\",\"isPartOf\":{\"@id\":\"https:\\\/\\\/www.cib.de\\\/erste-hilfe-schulung-cib-standort-faro\\\/\"},\"author\":{\"name\":\"CIB Group\",\"@id\":\"https:\\\/\\\/www.cib.de\\\/#\\\/schema\\\/person\\\/4c70f0634b93acb47baacdb671694155\"},\"headline\":\"Leben retten: Erste-Hilfe- und Defibrillator-Schulung am CIB-Standort Faro\",\"datePublished\":\"2025-02-11T09:29:49+00:00\",\"dateModified\":\"2025-04-09T10:08:37+00:00\",\"mainEntityOfPage\":{\"@id\":\"https:\\\/\\\/www.cib.de\\\/erste-hilfe-schulung-cib-standort-faro\\\/\"},\"wordCount\":343,\"publisher\":{\"@id\":\"https:\\\/\\\/www.cib.de\\\/#organization\"},\"image\":{\"@id\":\"https:\\\/\\\/www.cib.de\\\/erste-hilfe-schulung-cib-standort-faro\\\/#primaryimage\"},\"thumbnailUrl\":\"https:\\\/\\\/www.cib.de\\\/wp-content\\\/uploads\\\/2025\\\/02\\\/Portugal-CPR-e1767786255262.jpg\",\"keywords\":[\"CIB proActive\"],\"articleSection\":[\"CIB proActive\"],\"inLanguage\":\"pt-PT\"},{\"@type\":\"WebPage\",\"@id\":\"https:\\\/\\\/www.cib.de\\\/erste-hilfe-schulung-cib-standort-faro\\\/\",\"url\":\"https:\\\/\\\/www.cib.de\\\/erste-hilfe-schulung-cib-standort-faro\\\/\",\"name\":\"Erste-Hilfe- und Defibrillator-Schulung am CIB-Standort Faro\",\"isPartOf\":{\"@id\":\"https:\\\/\\\/www.cib.de\\\/#website\"},\"primaryImageOfPage\":{\"@id\":\"https:\\\/\\\/www.cib.de\\\/erste-hilfe-schulung-cib-standort-faro\\\/#primaryimage\"},\"image\":{\"@id\":\"https:\\\/\\\/www.cib.de\\\/erste-hilfe-schulung-cib-standort-faro\\\/#primaryimage\"},\"thumbnailUrl\":\"https:\\\/\\\/www.cib.de\\\/wp-content\\\/uploads\\\/2025\\\/02\\\/Portugal-CPR-e1767786255262.jpg\",\"datePublished\":\"2025-02-11T09:29:49+00:00\",\"dateModified\":\"2025-04-09T10:08:37+00:00\",\"description\":\"F\u00fcr unsere Mitarbeiterinnen und Mitarbeiter in Faro stand in der vergangenen Woche eine Erste-Hilfe-Schulung auf dem Programm.\",\"breadcrumb\":{\"@id\":\"https:\\\/\\\/www.cib.de\\\/erste-hilfe-schulung-cib-standort-faro\\\/#breadcrumb\"},\"inLanguage\":\"pt-PT\",\"potentialAction\":[{\"@type\":\"ReadAction\",\"target\":[\"https:\\\/\\\/www.cib.de\\\/erste-hilfe-schulung-cib-standort-faro\\\/\"]}]},{\"@type\":\"ImageObject\",\"inLanguage\":\"pt-PT\",\"@id\":\"https:\\\/\\\/www.cib.de\\\/erste-hilfe-schulung-cib-standort-faro\\\/#primaryimage\",\"url\":\"https:\\\/\\\/www.cib.de\\\/wp-content\\\/uploads\\\/2025\\\/02\\\/Portugal-CPR-e1767786255262.jpg\",\"contentUrl\":\"https:\\\/\\\/www.cib.de\\\/wp-content\\\/uploads\\\/2025\\\/02\\\/Portugal-CPR-e1767786255262.jpg\",\"width\":1467,\"height\":550},{\"@type\":\"BreadcrumbList\",\"@id\":\"https:\\\/\\\/www.cib.de\\\/erste-hilfe-schulung-cib-standort-faro\\\/#breadcrumb\",\"itemListElement\":[{\"@type\":\"ListItem\",\"position\":1,\"name\":\"Home\",\"item\":\"https:\\\/\\\/www.cib.de\\\/\"},{\"@type\":\"ListItem\",\"position\":2,\"name\":\"Leben retten: Erste-Hilfe- und Defibrillator-Schulung am CIB-Standort Faro\"}]},{\"@type\":\"WebSite\",\"@id\":\"https:\\\/\\\/www.cib.de\\\/#website\",\"url\":\"https:\\\/\\\/www.cib.de\\\/\",\"name\":\"CIB Group\",\"description\":\"Digitalisierung, Prozessautomatisierung, K\u00fcnstliche Intelligenz\",\"publisher\":{\"@id\":\"https:\\\/\\\/www.cib.de\\\/#organization\"},\"potentialAction\":[{\"@type\":\"SearchAction\",\"target\":{\"@type\":\"EntryPoint\",\"urlTemplate\":\"https:\\\/\\\/www.cib.de\\\/?s={search_term_string}\"},\"query-input\":{\"@type\":\"PropertyValueSpecification\",\"valueRequired\":true,\"valueName\":\"search_term_string\"}}],\"inLanguage\":\"pt-PT\"},{\"@type\":\"Organization\",\"@id\":\"https:\\\/\\\/www.cib.de\\\/#organization\",\"name\":\"CIB Group\",\"url\":\"https:\\\/\\\/www.cib.de\\\/\",\"logo\":{\"@type\":\"ImageObject\",\"inLanguage\":\"pt-PT\",\"@id\":\"https:\\\/\\\/www.cib.de\\\/#\\\/schema\\\/logo\\\/image\\\/\",\"url\":\"https:\\\/\\\/www.cib.de\\\/wp-content\\\/uploads\\\/2023\\\/10\\\/CIB_Logo_.svg\",\"contentUrl\":\"https:\\\/\\\/www.cib.de\\\/wp-content\\\/uploads\\\/2023\\\/10\\\/CIB_Logo_.svg\",\"width\":283,\"height\":128,\"caption\":\"CIB Group\"},\"image\":{\"@id\":\"https:\\\/\\\/www.cib.de\\\/#\\\/schema\\\/logo\\\/image\\\/\"},\"sameAs\":[\"https:\\\/\\\/www.linkedin.com\\\/company\\\/cib\\\/\"]},{\"@type\":\"Person\",\"@id\":\"https:\\\/\\\/www.cib.de\\\/#\\\/schema\\\/person\\\/4c70f0634b93acb47baacdb671694155\",\"name\":\"CIB Group\",\"image\":{\"@type\":\"ImageObject\",\"inLanguage\":\"pt-PT\",\"@id\":\"https:\\\/\\\/www.cib.de\\\/wp-content\\\/uploads\\\/2023\\\/03\\\/logo_signature2.png\",\"url\":\"https:\\\/\\\/www.cib.de\\\/wp-content\\\/uploads\\\/2023\\\/03\\\/logo_signature2.png\",\"contentUrl\":\"https:\\\/\\\/www.cib.de\\\/wp-content\\\/uploads\\\/2023\\\/03\\\/logo_signature2.png\",\"caption\":\"CIB Group\"},\"description\":\"Die Digitalisierungsexperten\"}]}<\/script>\n<!-- \/ Yoast SEO plugin. -->","yoast_head_json":{"title":"Forma\u00e7\u00e3o em primeiros socorros e desfibrilhador nas instala\u00e7\u00f5es da CIB em Faro","description":"O futuro pertence a modelos de trabalho mais flex\u00edveis - o CIB Group est\u00e1 convencido disso. Enquanto empresa internacional de IT com instala\u00e7\u00f5es na Alemanha, \u00c1ustria, Portugal e Espanha,","robots":{"index":"index","follow":"follow","max-snippet":"max-snippet:-1","max-image-preview":"max-image-preview:large","max-video-preview":"max-video-preview:-1"},"canonical":"https:\/\/www.cib.de\/pt\/salvar-vidas-defibrilhador-cib-portugal-faro\/","og_locale":"pt_PT","og_type":"article","og_title":"Erste-Hilfe- und Defibrillator-Schulung am CIB-Standort Faro","og_description":"F\u00fcr unsere Mitarbeiterinnen und Mitarbeiter in Faro stand in der vergangenen Woche eine Erste-Hilfe-Schulung auf dem Programm.","og_url":"https:\/\/www.cib.de\/pt\/salvar-vidas-defibrilhador-cib-portugal-faro\/","og_site_name":"CIB Group","article_publisher":"https:\/\/www.linkedin.com\/company\/cib\/","article_published_time":"2025-02-11T09:29:49+00:00","article_modified_time":"2025-04-09T10:08:37+00:00","og_image":[{"width":1600,"height":600,"url":"https:\/\/www.cib.de\/wp-content\/uploads\/2025\/02\/Portugal-CPR.jpg","type":"image\/jpeg"}],"author":"CIB Group","twitter_card":"summary_large_image","twitter_misc":{"Escrito por":"CIB Group","Tempo estimado de leitura":"2 minutos"},"schema":{"@context":"https:\/\/schema.org","@graph":[{"@type":"Article","@id":"https:\/\/www.cib.de\/erste-hilfe-schulung-cib-standort-faro\/#article","isPartOf":{"@id":"https:\/\/www.cib.de\/erste-hilfe-schulung-cib-standort-faro\/"},"author":{"name":"CIB Group","@id":"https:\/\/www.cib.de\/#\/schema\/person\/4c70f0634b93acb47baacdb671694155"},"headline":"Leben retten: Erste-Hilfe- und Defibrillator-Schulung am CIB-Standort Faro","datePublished":"2025-02-11T09:29:49+00:00","dateModified":"2025-04-09T10:08:37+00:00","mainEntityOfPage":{"@id":"https:\/\/www.cib.de\/erste-hilfe-schulung-cib-standort-faro\/"},"wordCount":343,"publisher":{"@id":"https:\/\/www.cib.de\/#organization"},"image":{"@id":"https:\/\/www.cib.de\/erste-hilfe-schulung-cib-standort-faro\/#primaryimage"},"thumbnailUrl":"https:\/\/www.cib.de\/wp-content\/uploads\/2025\/02\/Portugal-CPR-e1767786255262.jpg","keywords":["CIB proActive"],"articleSection":["CIB proActive"],"inLanguage":"pt-PT"},{"@type":"WebPage","@id":"https:\/\/www.cib.de\/erste-hilfe-schulung-cib-standort-faro\/","url":"https:\/\/www.cib.de\/erste-hilfe-schulung-cib-standort-faro\/","name":"Forma\u00e7\u00e3o em primeiros socorros e desfibrilhador nas instala\u00e7\u00f5es da CIB em Faro","isPartOf":{"@id":"https:\/\/www.cib.de\/#website"},"primaryImageOfPage":{"@id":"https:\/\/www.cib.de\/erste-hilfe-schulung-cib-standort-faro\/#primaryimage"},"image":{"@id":"https:\/\/www.cib.de\/erste-hilfe-schulung-cib-standort-faro\/#primaryimage"},"thumbnailUrl":"https:\/\/www.cib.de\/wp-content\/uploads\/2025\/02\/Portugal-CPR-e1767786255262.jpg","datePublished":"2025-02-11T09:29:49+00:00","dateModified":"2025-04-09T10:08:37+00:00","description":"O futuro pertence a modelos de trabalho mais flex\u00edveis - o CIB Group est\u00e1 convencido disso. Enquanto empresa internacional de IT com instala\u00e7\u00f5es na Alemanha, \u00c1ustria, Portugal e Espanha,","breadcrumb":{"@id":"https:\/\/www.cib.de\/erste-hilfe-schulung-cib-standort-faro\/#breadcrumb"},"inLanguage":"pt-PT","potentialAction":[{"@type":"ReadAction","target":["https:\/\/www.cib.de\/erste-hilfe-schulung-cib-standort-faro\/"]}]},{"@type":"ImageObject","inLanguage":"pt-PT","@id":"https:\/\/www.cib.de\/erste-hilfe-schulung-cib-standort-faro\/#primaryimage","url":"https:\/\/www.cib.de\/wp-content\/uploads\/2025\/02\/Portugal-CPR-e1767786255262.jpg","contentUrl":"https:\/\/www.cib.de\/wp-content\/uploads\/2025\/02\/Portugal-CPR-e1767786255262.jpg","width":1467,"height":550},{"@type":"BreadcrumbList","@id":"https:\/\/www.cib.de\/erste-hilfe-schulung-cib-standort-faro\/#breadcrumb","itemListElement":[{"@type":"ListItem","position":1,"name":"Home","item":"https:\/\/www.cib.de\/"},{"@type":"ListItem","position":2,"name":"Leben retten: Erste-Hilfe- und Defibrillator-Schulung am CIB-Standort Faro"}]},{"@type":"WebSite","@id":"https:\/\/www.cib.de\/#website","url":"https:\/\/www.cib.de\/","name":"CIB Group","description":"Digitalisierung, Prozessautomatisierung, K\u00fcnstliche Intelligenz","publisher":{"@id":"https:\/\/www.cib.de\/#organization"},"potentialAction":[{"@type":"SearchAction","target":{"@type":"EntryPoint","urlTemplate":"https:\/\/www.cib.de\/?s={search_term_string}"},"query-input":{"@type":"PropertyValueSpecification","valueRequired":true,"valueName":"search_term_string"}}],"inLanguage":"pt-PT"},{"@type":"Organization","@id":"https:\/\/www.cib.de\/#organization","name":"CIB Group","url":"https:\/\/www.cib.de\/","logo":{"@type":"ImageObject","inLanguage":"pt-PT","@id":"https:\/\/www.cib.de\/#\/schema\/logo\/image\/","url":"https:\/\/www.cib.de\/wp-content\/uploads\/2023\/10\/CIB_Logo_.svg","contentUrl":"https:\/\/www.cib.de\/wp-content\/uploads\/2023\/10\/CIB_Logo_.svg","width":283,"height":128,"caption":"CIB Group"},"image":{"@id":"https:\/\/www.cib.de\/#\/schema\/logo\/image\/"},"sameAs":["https:\/\/www.linkedin.com\/company\/cib\/"]},{"@type":"Person","@id":"https:\/\/www.cib.de\/#\/schema\/person\/4c70f0634b93acb47baacdb671694155","name":"CIB Group","image":{"@type":"ImageObject","inLanguage":"pt-PT","@id":"https:\/\/www.cib.de\/wp-content\/uploads\/2023\/03\/logo_signature2.png","url":"https:\/\/www.cib.de\/wp-content\/uploads\/2023\/03\/logo_signature2.png","contentUrl":"https:\/\/www.cib.de\/wp-content\/uploads\/2023\/03\/logo_signature2.png","caption":"CIB Group"},"description":"Especialistas em digitaliza\u00e7\u00e3o"}]}},"post_mailing_queue_ids":[],"_links":{"self":[{"href":"https:\/\/www.cib.de\/pt\/wp-json\/wp\/v2\/posts\/124181","targetHints":{"allow":["GET"]}}],"collection":[{"href":"https:\/\/www.cib.de\/pt\/wp-json\/wp\/v2\/posts"}],"about":[{"href":"https:\/\/www.cib.de\/pt\/wp-json\/wp\/v2\/types\/post"}],"author":[{"embeddable":true,"href":"https:\/\/www.cib.de\/pt\/wp-json\/wp\/v2\/users\/246"}],"replies":[{"embeddable":true,"href":"https:\/\/www.cib.de\/pt\/wp-json\/wp\/v2\/comments?post=124181"}],"version-history":[{"count":14,"href":"https:\/\/www.cib.de\/pt\/wp-json\/wp\/v2\/posts\/124181\/revisions"}],"predecessor-version":[{"id":124208,"href":"https:\/\/www.cib.de\/pt\/wp-json\/wp\/v2\/posts\/124181\/revisions\/124208"}],"wp:featuredmedia":[{"embeddable":true,"href":"https:\/\/www.cib.de\/pt\/wp-json\/wp\/v2\/media\/124183"}],"wp:attachment":[{"href":"https:\/\/www.cib.de\/pt\/wp-json\/wp\/v2\/media?parent=124181"}],"wp:term":[{"taxonomy":"category","embeddable":true,"href":"https:\/\/www.cib.de\/pt\/wp-json\/wp\/v2\/categories?post=124181"},{"taxonomy":"post_tag","embeddable":true,"href":"https:\/\/www.cib.de\/pt\/wp-json\/wp\/v2\/tags?post=124181"}],"curies":[{"name":"wp","href":"https:\/\/api.w.org\/{rel}","templated":true}]}}