{"id":126103,"date":"2025-04-23T12:29:12","date_gmt":"2025-04-23T10:29:12","guid":{"rendered":"https:\/\/www.cib.de\/?p=126103"},"modified":"2025-04-23T13:03:10","modified_gmt":"2025-04-23T11:03:10","slug":"inovacao-proximidade-coworking-space-viena","status":"publish","type":"post","link":"https:\/\/www.cib.de\/pt\/innovation-und-kundennaehe-mit-coworking-space-wien\/","title":{"rendered":"Mais perto dos nossos clientes com o nosso novo espa\u00e7o de coworking em Viena\u00a0"},"content":{"rendered":"<div data-elementor-type=\"wp-post\" data-elementor-id=\"126103\" class=\"elementor elementor-126103\" data-elementor-post-type=\"post\">\n\t\t\t\t\t\t<section class=\"elementor-section elementor-top-section elementor-element elementor-element-4f0303c elementor-section-boxed elementor-section-height-default elementor-section-height-default\" data-id=\"4f0303c\" data-element_type=\"section\" data-e-type=\"section\">\n\t\t\t\t\t\t<div class=\"elementor-container elementor-column-gap-default\">\n\t\t\t\t\t<div class=\"elementor-column elementor-col-100 elementor-top-column elementor-element elementor-element-dc4df66\" data-id=\"dc4df66\" data-element_type=\"column\" data-e-type=\"column\">\n\t\t\t<div class=\"elementor-widget-wrap elementor-element-populated\">\n\t\t\t\t\t\t<div class=\"elementor-element elementor-element-6c146dd elementor-widget elementor-widget-text-editor\" data-id=\"6c146dd\" data-element_type=\"widget\" data-e-type=\"widget\" data-widget_type=\"text-editor.default\">\n\t\t\t\t<div class=\"elementor-widget-container\">\n\t\t\t\t\t\t\t\t\t<p class=\"translation-block\">Temos o prazer de apresentar o nosso novo <strong>espa\u00e7o de co-working<\/strong> em Viena! Este local de trabalho moderno \u00e9 mais do que um simples escrit\u00f3rio - <strong>\u00e9 um s\u00edtio para nos encontrarmos, trocarmos ideias e trabalharmos juntos<\/strong>. A nossa mudan\u00e7a para o novo espa\u00e7o de trabalho real\u00e7a a nossa miss\u00e3o central: <strong>Estamos c\u00e1 para os nossos clientes.<\/strong><\/p>\t\t\t\t\t\t\t\t<\/div>\n\t\t\t\t<\/div>\n\t\t\t\t<div class=\"elementor-element elementor-element-42ecd05 elementor-widget elementor-widget-heading\" data-id=\"42ecd05\" data-element_type=\"widget\" data-e-type=\"widget\" data-widget_type=\"heading.default\">\n\t\t\t\t<div class=\"elementor-widget-container\">\n\t\t\t\t\t<h2 class=\"elementor-heading-title elementor-size-default\">Porqu\u00ea um espa\u00e7o de coworking? Porque a proximidade \u00e9 importante. <\/h2>\t\t\t\t<\/div>\n\t\t\t\t<\/div>\n\t\t\t\t<div class=\"elementor-element elementor-element-e1c8f11 elementor-widget elementor-widget-text-editor\" data-id=\"e1c8f11\" data-element_type=\"widget\" data-e-type=\"widget\" data-widget_type=\"text-editor.default\">\n\t\t\t\t<div class=\"elementor-widget-container\">\n\t\t\t\t\t\t\t\t\t<p class=\"translation-block\">Os nossos clientes - especialmente os <strong>minist\u00e9rios federais e os decisores do sector privado<\/strong> - enfrentam desafios complexos. Quer se trate da <strong>transforma\u00e7\u00e3o digital, da intelig\u00eancia artificial ou da prote\u00e7\u00e3o de informa\u00e7\u00f5es confidenciais<\/strong> - em conjunto, desenvolvemos solu\u00e7\u00f5es personalizadas.<\/p><p class=\"translation-block\">Por conseguinte, era importante para n\u00f3s criar um local de trabalho onde pud\u00e9ssemos n\u00e3o s\u00f3 trabalhar de forma eficiente, mas tamb\u00e9m ser <strong>facilmente acess\u00edveis aos nossos clientes<\/strong>. A nova localiza\u00e7\u00e3o permite-nos responder rapidamente aos pedidos, oferecer reuni\u00f5es presenciais e fazer avan\u00e7ar a inova\u00e7\u00e3o em conjunto.<\/p>\t\t\t\t\t\t\t\t<\/div>\n\t\t\t\t<\/div>\n\t\t\t\t<div class=\"elementor-element elementor-element-7313e4d elementor-widget elementor-widget-heading\" data-id=\"7313e4d\" data-element_type=\"widget\" data-e-type=\"widget\" data-widget_type=\"heading.default\">\n\t\t\t\t<div class=\"elementor-widget-container\">\n\t\t\t\t\t<h2 class=\"elementor-heading-title elementor-size-default\">O nosso novo espa\u00e7o de trabalho: funcionalidade e eleg\u00e2ncia <\/h2>\t\t\t\t<\/div>\n\t\t\t\t<\/div>\n\t\t\t\t\t<\/div>\n\t\t<\/div>\n\t\t\t\t\t<\/div>\n\t\t<\/section>\n\t\t\t\t<section class=\"elementor-section elementor-top-section elementor-element elementor-element-46b106e elementor-reverse-tablet elementor-reverse-mobile elementor-section-boxed elementor-section-height-default elementor-section-height-default\" data-id=\"46b106e\" data-element_type=\"section\" data-e-type=\"section\">\n\t\t\t\t\t\t<div class=\"elementor-container elementor-column-gap-default\">\n\t\t\t\t\t<div class=\"elementor-column elementor-col-50 elementor-top-column elementor-element elementor-element-2ac95b9\" data-id=\"2ac95b9\" data-element_type=\"column\" data-e-type=\"column\">\n\t\t\t<div class=\"elementor-widget-wrap elementor-element-populated\">\n\t\t\t\t\t\t<div class=\"elementor-element elementor-element-f1315f3 elementor-widget elementor-widget-text-editor\" data-id=\"f1315f3\" data-element_type=\"widget\" data-e-type=\"widget\" data-widget_type=\"text-editor.default\">\n\t\t\t\t<div class=\"elementor-widget-container\">\n\t\t\t\t\t\t\t\t\t<p class=\"translation-block\">O nosso escrit\u00f3rio est\u00e1 localizado no <a href=\"https:\/\/www.sissi-works.com\/\" target=\"_blank\" rel=\"noopener\"><span style=\"text-decoration: underline\"><strong>Sissi Works Workspace<\/strong><\/span><\/a>, um ambiente de co-working moderno num edif\u00edcio hist\u00f3rico mesmo ao lado do Pal\u00e1cio de Sch\u00f6nbrunn e apenas a 15 minutos do centro da cidade.<\/p>\t\t\t\t\t\t\t\t<\/div>\n\t\t\t\t<\/div>\n\t\t\t\t\t<\/div>\n\t\t<\/div>\n\t\t\t\t<div class=\"elementor-column elementor-col-50 elementor-top-column elementor-element elementor-element-821420b\" data-id=\"821420b\" data-element_type=\"column\" data-e-type=\"column\" data-settings=\"{&quot;background_background&quot;:&quot;classic&quot;}\">\n\t\t\t<div class=\"elementor-widget-wrap elementor-element-populated\">\n\t\t\t\t\t\t<div class=\"elementor-element elementor-element-dbf9715 elementor-widget elementor-widget-image\" data-id=\"dbf9715\" data-element_type=\"widget\" data-e-type=\"widget\" data-widget_type=\"image.default\">\n\t\t\t\t<div class=\"elementor-widget-container\">\n\t\t\t\t\t\t\t\t\t\t\t\t\t\t\t<img fetchpriority=\"high\" decoding=\"async\" width=\"1024\" height=\"768\" src=\"https:\/\/www.cib.de\/wp-content\/uploads\/2025\/04\/20241016_142239-1024x768.jpg\" class=\"attachment-large size-large wp-image-126083\" alt=\"\" srcset=\"https:\/\/www.cib.de\/wp-content\/uploads\/2025\/04\/20241016_142239-1024x768.jpg 1024w, https:\/\/www.cib.de\/wp-content\/uploads\/2025\/04\/20241016_142239-400x300.jpg 400w, https:\/\/www.cib.de\/wp-content\/uploads\/2025\/04\/20241016_142239-768x576.jpg 768w, https:\/\/www.cib.de\/wp-content\/uploads\/2025\/04\/20241016_142239-1536x1152.jpg 1536w, https:\/\/www.cib.de\/wp-content\/uploads\/2025\/04\/20241016_142239-2048x1536.jpg 2048w, https:\/\/www.cib.de\/wp-content\/uploads\/2025\/04\/20241016_142239-16x12.jpg 16w, https:\/\/www.cib.de\/wp-content\/uploads\/2025\/04\/20241016_142239-scaled-e1767784613533.jpg 1333w\" sizes=\"(max-width: 1024px) 100vw, 1024px\" \/>\t\t\t\t\t\t\t\t\t\t\t\t\t\t\t<\/div>\n\t\t\t\t<\/div>\n\t\t\t\t\t<\/div>\n\t\t<\/div>\n\t\t\t\t\t<\/div>\n\t\t<\/section>\n\t\t\t\t<section class=\"elementor-section elementor-top-section elementor-element elementor-element-e28db54 elementor-section-boxed elementor-section-height-default elementor-section-height-default\" data-id=\"e28db54\" data-element_type=\"section\" data-e-type=\"section\">\n\t\t\t\t\t\t<div class=\"elementor-container elementor-column-gap-default\">\n\t\t\t\t\t<div class=\"elementor-column elementor-col-100 elementor-top-column elementor-element elementor-element-6cefb8c\" data-id=\"6cefb8c\" data-element_type=\"column\" data-e-type=\"column\">\n\t\t\t<div class=\"elementor-widget-wrap elementor-element-populated\">\n\t\t\t\t\t\t<div class=\"elementor-element elementor-element-a21adf7 elementor-widget elementor-widget-heading\" data-id=\"a21adf7\" data-element_type=\"widget\" data-e-type=\"widget\" data-widget_type=\"heading.default\">\n\t\t\t\t<div class=\"elementor-widget-container\">\n\t\t\t\t\t<h2 class=\"elementor-heading-title elementor-size-default\">Highlights: <\/h2>\t\t\t\t<\/div>\n\t\t\t\t<\/div>\n\t\t\t\t<div class=\"elementor-element elementor-element-d39213f elementor-widget elementor-widget-text-editor\" data-id=\"d39213f\" data-element_type=\"widget\" data-e-type=\"widget\" data-widget_type=\"text-editor.default\">\n\t\t\t\t<div class=\"elementor-widget-container\">\n\t\t\t\t\t\t\t\t\t<ul>\n<li>Postos de trabalho modernos num ambiente elegante<\/li>\n<li>Acesso 24 horas por dia, 7 dias por semana, para hor\u00e1rios de trabalho flex\u00edveis e seguros<\/li>\n<li>Uma sala de reuni\u00f5es para um m\u00e1ximo de 15 pessoas - ideal para workshops e reuni\u00f5es com clientes<\/li>\n<li>Um jardim espa\u00e7oso - ideal para eventos com mais de 100 convidados<\/li>\n<li>Localiza\u00e7\u00e3o de topo - mesmo ao lado da esta\u00e7\u00e3o de metro Hietzing U4<\/li>\n<li>Mimamos os nossos clientes e parceiros com um excelente caf\u00e9!\u00a0<\/li>\n<\/ul>\t\t\t\t\t\t\t\t<\/div>\n\t\t\t\t<\/div>\n\t\t\t\t<div class=\"elementor-element elementor-element-ea36fd9 elementor-widget elementor-widget-heading\" data-id=\"ea36fd9\" data-element_type=\"widget\" data-e-type=\"widget\" data-widget_type=\"heading.default\">\n\t\t\t\t<div class=\"elementor-widget-container\">\n\t\t\t\t\t<h2 class=\"elementor-heading-title elementor-size-default\">Um espa\u00e7o de colabora\u00e7\u00e3o e progresso <\/h2>\t\t\t\t<\/div>\n\t\t\t\t<\/div>\n\t\t\t\t<div class=\"elementor-element elementor-element-d44b79a elementor-widget elementor-widget-text-editor\" data-id=\"d44b79a\" data-element_type=\"widget\" data-e-type=\"widget\" data-widget_type=\"text-editor.default\">\n\t\t\t\t<div class=\"elementor-widget-container\">\n\t\t\t\t\t\t\t\t\t<p class=\"translation-block\">O nosso objetivo \u00e9 oferecer <strong>aos nossos clientes n\u00e3o s\u00f3 solu\u00e7\u00f5es<\/strong>, mas tamb\u00e9m um ponto de contacto. Um lugar onde as ideias nascem, o conhecimento \u00e9 partilhado e os projectos inovadores crescem.<\/p>\n<p><strong>Como podemos ajudar?<\/strong> Venha conhecer as nossas novas instala\u00e7\u00f5es. Arranjaremos tempo para si - pessoalmente, digitalmente ou em formato h\u00edbrido.<\/p>\n<p><strong>Visite-nos no nosso novo espa\u00e7o de coworking em Viena - estamos ansiosos por trocar ideias!<\/strong><\/p>\t\t\t\t\t\t\t\t<\/div>\n\t\t\t\t<\/div>\n\t\t\t\t<div class=\"elementor-element elementor-element-51a1b8d elementor-widget elementor-widget-text-editor\" data-id=\"51a1b8d\" data-element_type=\"widget\" data-e-type=\"widget\" data-widget_type=\"text-editor.default\">\n\t\t\t\t<div class=\"elementor-widget-container\">\n\t\t\t\t\t\t\t\t\t<span style=\"text-decoration: underline;\"><a href=\"\/pt\/ia-informacoes-classificadas-seguranca-da-confidencialidade\/\">Saiba mais sobre os nossos projectos na \u00c1ustria<\/a><\/span>\t\t\t\t\t\t\t\t<\/div>\n\t\t\t\t<\/div>\n\t\t\t\t<div class=\"elementor-element elementor-element-9a246f7 elementor-widget elementor-widget-button\" data-id=\"9a246f7\" data-element_type=\"widget\" data-e-type=\"widget\" data-widget_type=\"button.default\">\n\t\t\t\t<div class=\"elementor-widget-container\">\n\t\t\t\t\t\t\t\t\t<div class=\"elementor-button-wrapper\">\n\t\t\t\t\t<a class=\"elementor-button elementor-button-link elementor-size-sm\" href=\"\/pt\/contact\/\">\n\t\t\t\t\t\t<span class=\"elementor-button-content-wrapper\">\n\t\t\t\t\t\t\t\t\t<span class=\"elementor-button-text\">Entre em contacto connosco<\/span>\n\t\t\t\t\t<\/span>\n\t\t\t\t\t<\/a>\n\t\t\t\t<\/div>\n\t\t\t\t\t\t\t\t<\/div>\n\t\t\t\t<\/div>\n\t\t\t\t\t<\/div>\n\t\t<\/div>\n\t\t\t\t\t<\/div>\n\t\t<\/section>\n\t\t\t\t<\/div>","protected":false},"excerpt":{"rendered":"<p>Temos o prazer de apresentar o nosso novo espa\u00e7o de co-working em Viena! Este local de trabalho moderno \u00e9 mais do que um simples escrit\u00f3rio - \u00e9 um s\u00edtio para nos encontrarmos, trocarmos ideias e trabalharmos juntos. A nossa mudan\u00e7a para o novo espa\u00e7o de trabalho real\u00e7a a nossa miss\u00e3o central: Estamos c\u00e1 para os nossos clientes.<\/p>","protected":false},"author":246,"featured_media":116833,"comment_status":"closed","ping_status":"closed","sticky":false,"template":"","format":"standard","meta":{"_acf_changed":false,"footnotes":""},"categories":[1],"tags":[1980],"class_list":["post-126103","post","type-post","status-publish","format-standard","has-post-thumbnail","hentry","category-cib-group","tag-cib-group"],"acf":[],"yoast_head":"<!-- This site is optimized with the Yoast SEO plugin v27.5 - https:\/\/yoast.com\/product\/yoast-seo-wordpress\/ -->\n<title>Mehr Kundenn\u00e4he mit unserem neuen Coworking-Space in Wien<\/title>\n<meta name=\"description\" content=\"Mit unserem neuen Coworking-Space am CIB-Standort Wien schaffen wir bessere Kommunikation mit unseren Kundinnen und Kunden.\" \/>\n<meta name=\"robots\" content=\"index, follow, max-snippet:-1, max-image-preview:large, max-video-preview:-1\" \/>\n<link rel=\"canonical\" href=\"https:\/\/www.cib.de\/pt\/inovacao-proximidade-coworking-space-viena\/\" \/>\n<meta property=\"og:locale\" content=\"pt_PT\" \/>\n<meta property=\"og:type\" content=\"article\" \/>\n<meta property=\"og:title\" content=\"Mehr Kundenn\u00e4he mit unserem neuen Coworking-Space in Wien\" \/>\n<meta property=\"og:description\" content=\"Mit unserem neuen Coworking-Space am CIB-Standort Wien schaffen wir bessere Kommunikation mit unseren Kundinnen und Kunden.\" \/>\n<meta property=\"og:url\" content=\"https:\/\/www.cib.de\/pt\/inovacao-proximidade-coworking-space-viena\/\" \/>\n<meta property=\"og:site_name\" content=\"CIB Group\" \/>\n<meta property=\"article:publisher\" content=\"https:\/\/www.linkedin.com\/company\/cib\/\" \/>\n<meta property=\"article:published_time\" content=\"2025-04-23T10:29:12+00:00\" \/>\n<meta property=\"article:modified_time\" content=\"2025-04-23T11:03:10+00:00\" \/>\n<meta property=\"og:image\" content=\"https:\/\/www.cib.de\/wp-content\/uploads\/2024\/07\/HG_wein-1024x384.png\" \/>\n\t<meta property=\"og:image:width\" content=\"1024\" \/>\n\t<meta property=\"og:image:height\" content=\"384\" \/>\n\t<meta property=\"og:image:type\" content=\"image\/png\" \/>\n<meta name=\"author\" content=\"CIB Group\" \/>\n<meta name=\"twitter:card\" content=\"summary_large_image\" \/>\n<meta name=\"twitter:label1\" content=\"Escrito por\" \/>\n\t<meta name=\"twitter:data1\" content=\"CIB Group\" \/>\n\t<meta name=\"twitter:label2\" content=\"Tempo estimado de leitura\" \/>\n\t<meta name=\"twitter:data2\" content=\"2 minutos\" \/>\n<script type=\"application\/ld+json\" class=\"yoast-schema-graph\">{\"@context\":\"https:\\\/\\\/schema.org\",\"@graph\":[{\"@type\":\"Article\",\"@id\":\"https:\\\/\\\/www.cib.de\\\/innovation-und-kundennaehe-mit-coworking-space-wien\\\/#article\",\"isPartOf\":{\"@id\":\"https:\\\/\\\/www.cib.de\\\/innovation-und-kundennaehe-mit-coworking-space-wien\\\/\"},\"author\":{\"name\":\"CIB Group\",\"@id\":\"https:\\\/\\\/www.cib.de\\\/#\\\/schema\\\/person\\\/4c70f0634b93acb47baacdb671694155\"},\"headline\":\"Innovation und Kundenn\u00e4he mit dem neuen Coworking-Space in Wien\u00a0\",\"datePublished\":\"2025-04-23T10:29:12+00:00\",\"dateModified\":\"2025-04-23T11:03:10+00:00\",\"mainEntityOfPage\":{\"@id\":\"https:\\\/\\\/www.cib.de\\\/innovation-und-kundennaehe-mit-coworking-space-wien\\\/\"},\"wordCount\":333,\"publisher\":{\"@id\":\"https:\\\/\\\/www.cib.de\\\/#organization\"},\"image\":{\"@id\":\"https:\\\/\\\/www.cib.de\\\/innovation-und-kundennaehe-mit-coworking-space-wien\\\/#primaryimage\"},\"thumbnailUrl\":\"https:\\\/\\\/www.cib.de\\\/wp-content\\\/uploads\\\/2024\\\/07\\\/HG_wein-e1767790857215.png\",\"keywords\":[\"CIB Group\"],\"articleSection\":[\"CIB Group\"],\"inLanguage\":\"pt-PT\"},{\"@type\":\"WebPage\",\"@id\":\"https:\\\/\\\/www.cib.de\\\/innovation-und-kundennaehe-mit-coworking-space-wien\\\/\",\"url\":\"https:\\\/\\\/www.cib.de\\\/innovation-und-kundennaehe-mit-coworking-space-wien\\\/\",\"name\":\"Mehr Kundenn\u00e4he mit unserem neuen Coworking-Space in Wien\",\"isPartOf\":{\"@id\":\"https:\\\/\\\/www.cib.de\\\/#website\"},\"primaryImageOfPage\":{\"@id\":\"https:\\\/\\\/www.cib.de\\\/innovation-und-kundennaehe-mit-coworking-space-wien\\\/#primaryimage\"},\"image\":{\"@id\":\"https:\\\/\\\/www.cib.de\\\/innovation-und-kundennaehe-mit-coworking-space-wien\\\/#primaryimage\"},\"thumbnailUrl\":\"https:\\\/\\\/www.cib.de\\\/wp-content\\\/uploads\\\/2024\\\/07\\\/HG_wein-e1767790857215.png\",\"datePublished\":\"2025-04-23T10:29:12+00:00\",\"dateModified\":\"2025-04-23T11:03:10+00:00\",\"description\":\"Mit unserem neuen Coworking-Space am CIB-Standort Wien schaffen wir bessere Kommunikation mit unseren Kundinnen und Kunden.\",\"breadcrumb\":{\"@id\":\"https:\\\/\\\/www.cib.de\\\/innovation-und-kundennaehe-mit-coworking-space-wien\\\/#breadcrumb\"},\"inLanguage\":\"pt-PT\",\"potentialAction\":[{\"@type\":\"ReadAction\",\"target\":[\"https:\\\/\\\/www.cib.de\\\/innovation-und-kundennaehe-mit-coworking-space-wien\\\/\"]}]},{\"@type\":\"ImageObject\",\"inLanguage\":\"pt-PT\",\"@id\":\"https:\\\/\\\/www.cib.de\\\/innovation-und-kundennaehe-mit-coworking-space-wien\\\/#primaryimage\",\"url\":\"https:\\\/\\\/www.cib.de\\\/wp-content\\\/uploads\\\/2024\\\/07\\\/HG_wein-e1767790857215.png\",\"contentUrl\":\"https:\\\/\\\/www.cib.de\\\/wp-content\\\/uploads\\\/2024\\\/07\\\/HG_wein-e1767790857215.png\",\"width\":1467,\"height\":550},{\"@type\":\"BreadcrumbList\",\"@id\":\"https:\\\/\\\/www.cib.de\\\/innovation-und-kundennaehe-mit-coworking-space-wien\\\/#breadcrumb\",\"itemListElement\":[{\"@type\":\"ListItem\",\"position\":1,\"name\":\"Home\",\"item\":\"https:\\\/\\\/www.cib.de\\\/\"},{\"@type\":\"ListItem\",\"position\":2,\"name\":\"Innovation und Kundenn\u00e4he mit dem neuen Coworking-Space in Wien\u00a0\"}]},{\"@type\":\"WebSite\",\"@id\":\"https:\\\/\\\/www.cib.de\\\/#website\",\"url\":\"https:\\\/\\\/www.cib.de\\\/\",\"name\":\"CIB Group\",\"description\":\"Digitalisierung, Prozessautomatisierung, K\u00fcnstliche Intelligenz\",\"publisher\":{\"@id\":\"https:\\\/\\\/www.cib.de\\\/#organization\"},\"potentialAction\":[{\"@type\":\"SearchAction\",\"target\":{\"@type\":\"EntryPoint\",\"urlTemplate\":\"https:\\\/\\\/www.cib.de\\\/?s={search_term_string}\"},\"query-input\":{\"@type\":\"PropertyValueSpecification\",\"valueRequired\":true,\"valueName\":\"search_term_string\"}}],\"inLanguage\":\"pt-PT\"},{\"@type\":\"Organization\",\"@id\":\"https:\\\/\\\/www.cib.de\\\/#organization\",\"name\":\"CIB Group\",\"url\":\"https:\\\/\\\/www.cib.de\\\/\",\"logo\":{\"@type\":\"ImageObject\",\"inLanguage\":\"pt-PT\",\"@id\":\"https:\\\/\\\/www.cib.de\\\/#\\\/schema\\\/logo\\\/image\\\/\",\"url\":\"https:\\\/\\\/www.cib.de\\\/wp-content\\\/uploads\\\/2023\\\/10\\\/CIB_Logo_.svg\",\"contentUrl\":\"https:\\\/\\\/www.cib.de\\\/wp-content\\\/uploads\\\/2023\\\/10\\\/CIB_Logo_.svg\",\"width\":283,\"height\":128,\"caption\":\"CIB Group\"},\"image\":{\"@id\":\"https:\\\/\\\/www.cib.de\\\/#\\\/schema\\\/logo\\\/image\\\/\"},\"sameAs\":[\"https:\\\/\\\/www.linkedin.com\\\/company\\\/cib\\\/\"]},{\"@type\":\"Person\",\"@id\":\"https:\\\/\\\/www.cib.de\\\/#\\\/schema\\\/person\\\/4c70f0634b93acb47baacdb671694155\",\"name\":\"CIB Group\",\"image\":{\"@type\":\"ImageObject\",\"inLanguage\":\"pt-PT\",\"@id\":\"https:\\\/\\\/www.cib.de\\\/wp-content\\\/uploads\\\/2023\\\/03\\\/logo_signature2.png\",\"url\":\"https:\\\/\\\/www.cib.de\\\/wp-content\\\/uploads\\\/2023\\\/03\\\/logo_signature2.png\",\"contentUrl\":\"https:\\\/\\\/www.cib.de\\\/wp-content\\\/uploads\\\/2023\\\/03\\\/logo_signature2.png\",\"caption\":\"CIB Group\"},\"description\":\"Die Digitalisierungsexperten\"}]}<\/script>\n<!-- \/ Yoast SEO plugin. -->","yoast_head_json":{"title":"Mais perto dos nossos clientes com o nosso novo espa\u00e7o de coworking em Viena","description":"Com o nosso novo espa\u00e7o de coworking nas instala\u00e7\u00f5es do CIB em Viena, estamos a criar uma melhor comunica\u00e7\u00e3o com os nossos clientes.","robots":{"index":"index","follow":"follow","max-snippet":"max-snippet:-1","max-image-preview":"max-image-preview:large","max-video-preview":"max-video-preview:-1"},"canonical":"https:\/\/www.cib.de\/pt\/inovacao-proximidade-coworking-space-viena\/","og_locale":"pt_PT","og_type":"article","og_title":"Mehr Kundenn\u00e4he mit unserem neuen Coworking-Space in Wien","og_description":"Mit unserem neuen Coworking-Space am CIB-Standort Wien schaffen wir bessere Kommunikation mit unseren Kundinnen und Kunden.","og_url":"https:\/\/www.cib.de\/pt\/inovacao-proximidade-coworking-space-viena\/","og_site_name":"CIB Group","article_publisher":"https:\/\/www.linkedin.com\/company\/cib\/","article_published_time":"2025-04-23T10:29:12+00:00","article_modified_time":"2025-04-23T11:03:10+00:00","og_image":[{"width":1024,"height":384,"url":"https:\/\/www.cib.de\/wp-content\/uploads\/2024\/07\/HG_wein-1024x384.png","type":"image\/png"}],"author":"CIB Group","twitter_card":"summary_large_image","twitter_misc":{"Escrito por":"CIB Group","Tempo estimado de leitura":"2 minutos"},"schema":{"@context":"https:\/\/schema.org","@graph":[{"@type":"Article","@id":"https:\/\/www.cib.de\/innovation-und-kundennaehe-mit-coworking-space-wien\/#article","isPartOf":{"@id":"https:\/\/www.cib.de\/innovation-und-kundennaehe-mit-coworking-space-wien\/"},"author":{"name":"CIB Group","@id":"https:\/\/www.cib.de\/#\/schema\/person\/4c70f0634b93acb47baacdb671694155"},"headline":"Innovation und Kundenn\u00e4he mit dem neuen Coworking-Space in Wien\u00a0","datePublished":"2025-04-23T10:29:12+00:00","dateModified":"2025-04-23T11:03:10+00:00","mainEntityOfPage":{"@id":"https:\/\/www.cib.de\/innovation-und-kundennaehe-mit-coworking-space-wien\/"},"wordCount":333,"publisher":{"@id":"https:\/\/www.cib.de\/#organization"},"image":{"@id":"https:\/\/www.cib.de\/innovation-und-kundennaehe-mit-coworking-space-wien\/#primaryimage"},"thumbnailUrl":"https:\/\/www.cib.de\/wp-content\/uploads\/2024\/07\/HG_wein-e1767790857215.png","keywords":["CIB Group"],"articleSection":["CIB Group"],"inLanguage":"pt-PT"},{"@type":"WebPage","@id":"https:\/\/www.cib.de\/innovation-und-kundennaehe-mit-coworking-space-wien\/","url":"https:\/\/www.cib.de\/innovation-und-kundennaehe-mit-coworking-space-wien\/","name":"Mais perto dos nossos clientes com o nosso novo espa\u00e7o de coworking em Viena","isPartOf":{"@id":"https:\/\/www.cib.de\/#website"},"primaryImageOfPage":{"@id":"https:\/\/www.cib.de\/innovation-und-kundennaehe-mit-coworking-space-wien\/#primaryimage"},"image":{"@id":"https:\/\/www.cib.de\/innovation-und-kundennaehe-mit-coworking-space-wien\/#primaryimage"},"thumbnailUrl":"https:\/\/www.cib.de\/wp-content\/uploads\/2024\/07\/HG_wein-e1767790857215.png","datePublished":"2025-04-23T10:29:12+00:00","dateModified":"2025-04-23T11:03:10+00:00","description":"Com o nosso novo espa\u00e7o de coworking nas instala\u00e7\u00f5es do CIB em Viena, estamos a criar uma melhor comunica\u00e7\u00e3o com os nossos clientes.","breadcrumb":{"@id":"https:\/\/www.cib.de\/innovation-und-kundennaehe-mit-coworking-space-wien\/#breadcrumb"},"inLanguage":"pt-PT","potentialAction":[{"@type":"ReadAction","target":["https:\/\/www.cib.de\/innovation-und-kundennaehe-mit-coworking-space-wien\/"]}]},{"@type":"ImageObject","inLanguage":"pt-PT","@id":"https:\/\/www.cib.de\/innovation-und-kundennaehe-mit-coworking-space-wien\/#primaryimage","url":"https:\/\/www.cib.de\/wp-content\/uploads\/2024\/07\/HG_wein-e1767790857215.png","contentUrl":"https:\/\/www.cib.de\/wp-content\/uploads\/2024\/07\/HG_wein-e1767790857215.png","width":1467,"height":550},{"@type":"BreadcrumbList","@id":"https:\/\/www.cib.de\/innovation-und-kundennaehe-mit-coworking-space-wien\/#breadcrumb","itemListElement":[{"@type":"ListItem","position":1,"name":"Home","item":"https:\/\/www.cib.de\/"},{"@type":"ListItem","position":2,"name":"Innovation und Kundenn\u00e4he mit dem neuen Coworking-Space in Wien\u00a0"}]},{"@type":"WebSite","@id":"https:\/\/www.cib.de\/#website","url":"https:\/\/www.cib.de\/","name":"CIB Group","description":"Digitalisierung, Prozessautomatisierung, K\u00fcnstliche Intelligenz","publisher":{"@id":"https:\/\/www.cib.de\/#organization"},"potentialAction":[{"@type":"SearchAction","target":{"@type":"EntryPoint","urlTemplate":"https:\/\/www.cib.de\/?s={search_term_string}"},"query-input":{"@type":"PropertyValueSpecification","valueRequired":true,"valueName":"search_term_string"}}],"inLanguage":"pt-PT"},{"@type":"Organization","@id":"https:\/\/www.cib.de\/#organization","name":"CIB Group","url":"https:\/\/www.cib.de\/","logo":{"@type":"ImageObject","inLanguage":"pt-PT","@id":"https:\/\/www.cib.de\/#\/schema\/logo\/image\/","url":"https:\/\/www.cib.de\/wp-content\/uploads\/2023\/10\/CIB_Logo_.svg","contentUrl":"https:\/\/www.cib.de\/wp-content\/uploads\/2023\/10\/CIB_Logo_.svg","width":283,"height":128,"caption":"CIB Group"},"image":{"@id":"https:\/\/www.cib.de\/#\/schema\/logo\/image\/"},"sameAs":["https:\/\/www.linkedin.com\/company\/cib\/"]},{"@type":"Person","@id":"https:\/\/www.cib.de\/#\/schema\/person\/4c70f0634b93acb47baacdb671694155","name":"CIB Group","image":{"@type":"ImageObject","inLanguage":"pt-PT","@id":"https:\/\/www.cib.de\/wp-content\/uploads\/2023\/03\/logo_signature2.png","url":"https:\/\/www.cib.de\/wp-content\/uploads\/2023\/03\/logo_signature2.png","contentUrl":"https:\/\/www.cib.de\/wp-content\/uploads\/2023\/03\/logo_signature2.png","caption":"CIB Group"},"description":"Especialistas em digitaliza\u00e7\u00e3o"}]}},"post_mailing_queue_ids":[],"_links":{"self":[{"href":"https:\/\/www.cib.de\/pt\/wp-json\/wp\/v2\/posts\/126103","targetHints":{"allow":["GET"]}}],"collection":[{"href":"https:\/\/www.cib.de\/pt\/wp-json\/wp\/v2\/posts"}],"about":[{"href":"https:\/\/www.cib.de\/pt\/wp-json\/wp\/v2\/types\/post"}],"author":[{"embeddable":true,"href":"https:\/\/www.cib.de\/pt\/wp-json\/wp\/v2\/users\/246"}],"replies":[{"embeddable":true,"href":"https:\/\/www.cib.de\/pt\/wp-json\/wp\/v2\/comments?post=126103"}],"version-history":[{"count":53,"href":"https:\/\/www.cib.de\/pt\/wp-json\/wp\/v2\/posts\/126103\/revisions"}],"predecessor-version":[{"id":126438,"href":"https:\/\/www.cib.de\/pt\/wp-json\/wp\/v2\/posts\/126103\/revisions\/126438"}],"wp:featuredmedia":[{"embeddable":true,"href":"https:\/\/www.cib.de\/pt\/wp-json\/wp\/v2\/media\/116833"}],"wp:attachment":[{"href":"https:\/\/www.cib.de\/pt\/wp-json\/wp\/v2\/media?parent=126103"}],"wp:term":[{"taxonomy":"category","embeddable":true,"href":"https:\/\/www.cib.de\/pt\/wp-json\/wp\/v2\/categories?post=126103"},{"taxonomy":"post_tag","embeddable":true,"href":"https:\/\/www.cib.de\/pt\/wp-json\/wp\/v2\/tags?post=126103"}],"curies":[{"name":"wp","href":"https:\/\/api.w.org\/{rel}","templated":true}]}}