{"id":17423,"date":"2021-10-19T17:13:55","date_gmt":"2021-10-19T15:13:55","guid":{"rendered":"http:\/\/18.198.70.165.nip.io\/?p=17423"},"modified":"2023-04-19T16:51:51","modified_gmt":"2023-04-19T14:51:51","slug":"cib-mit-4-tage-woche-auf-titelseite-in-spanien","status":"publish","type":"post","link":"https:\/\/www.cib.de\/pt\/cib-mit-4-tage-woche-auf-titelseite-in-spanien\/","title":{"rendered":"CIB com a semana de 4 dias  na primeira p\u00e1gina em Espanha"},"content":{"rendered":"<p>\"Como uma empresa internacional de TI consegue a semana de 4 dias sem reduzir os sal\u00e1rios\" era a manchete do \u00faltimo s\u00e1bado no jornal online espanhol El Confidencial. O artigo esclarece a quest\u00e3o da semana de 4 dias e destaca o que distingue a CIB, a empresa de TI referida no t\u00edtulo, de muitas empresas espanholas neste dom\u00ednio.<\/p>\n\n\n\n<p><strong>A Espanha e a semana de 4 dias<\/strong><\/p>\n\n\n\n<p>O modelo de semana de trabalho de 4 dias \u00e9 atualmente um tema muito debatido em Espanha. No in\u00edcio do ano, o Governo aprovou uma proposta do partido M\u00e1s Pa\u00eds para reduzir o hor\u00e1rio de trabalho dos trabalhadores para 32 horas por semana, num projeto-piloto em 200 empresas com apoio financeiro do Estado. No entanto, para os trabalhadores, esta redu\u00e7\u00e3o do hor\u00e1rio de trabalho est\u00e1 tamb\u00e9m associada a uma redu\u00e7\u00e3o dos seus sal\u00e1rios, o que \u00e9 compar\u00e1vel ao emprego a tempo parcial na Alemanha.&nbsp;<\/p>\n\n\n\n<p><strong>O que torna a CIB diferente?<\/strong><\/p>\n\n\n\n<div class=\"wp-block-columns is-layout-flex wp-container-core-columns-is-layout-9d6595d7 wp-block-columns-is-layout-flex\">\n<div class=\"wp-block-column is-layout-flow wp-block-column-is-layout-flow\" style=\"flex-basis:66.66%\">\n<p class=\"translation-block\">Enquanto outras empresas ainda procuram solu\u00e7\u00f5es para o novo modelo de hor\u00e1rio de trabalho, o <a href=\"https:\/\/www.cib.de\/pt\/4dayweek-cib-group-fuhrt-4-tage-woche-ein\/\" target=\"_self\">CIB group j\u00e1 introduziu com sucesso uma semana de 4 dias na Alemanha e em Espanha<\/a>. Um aspeto crucial para o sucesso da implementa\u00e7\u00e3o \u00e9 o facto de os sal\u00e1rios permanecerem inalterados, tal como referido no artigo:<\/p>\n<\/div>\n\n\n\n<div class=\"wp-block-column is-layout-flow wp-block-column-is-layout-flow\" style=\"flex-basis:33.33%\">\n<figure class=\"wp-block-image size-full\"><img decoding=\"async\" src=\"https:\/\/www.cib.de\/wp-content\/uploads\/2021\/10\/work-balance-2-1024x573-1.png\" alt=\"\" class=\"wp-image-17428\"\/><\/figure>\n<\/div>\n<\/div>\n\n\n\n<p>\"\u00c9 o caso da CIB, uma empresa internacional de software de TI especializada na otimiza\u00e7\u00e3o de processos empresariais. Fundada em 1989, a empresa emprega 170 pessoas na sua sede em Munique e nas suas sucursais na \u00c1ustria e em Espanha. Em Espanha, a CIB tem escrit\u00f3rios nas Ilhas Can\u00e1rias e em Val\u00eancia. Durante quase quatro semanas, todos os empregados a tempo inteiro do grupo trabalharam quatro dias por semana, mantendo os seus sal\u00e1rios e direitos a f\u00e9rias inalterados.\"<\/p>\n\n\n\n<p><strong>De 5 a 4 dias, de 40 a 36 horas<\/strong><\/p>\n\n\n\n<p>O modelo adotado pela CIB consiste numa jornada de 9 horas de segunda a quinta-feira. A semana de trabalho totaliza, portanto, 36 horas. \"Pode dizer-se que nos foram \"dadas\" quatro horas por semana\", explica Cristina Silvera Roig, Directora de Recursos Humanos da filial espanhola CIB labs S.L. <\/p>\n\n\n\n<div class=\"wp-block-columns is-layout-flex wp-container-core-columns-is-layout-9d6595d7 wp-block-columns-is-layout-flex\">\n<div class=\"wp-block-column is-layout-flow wp-block-column-is-layout-flow\">\n<div class=\"wp-block-media-text alignwide is-stacked-on-mobile\" style=\"grid-template-columns:40% auto\"><figure class=\"wp-block-media-text__media\"><img decoding=\"async\" src=\"https:\/\/www.cib.de\/wp-content\/uploads\/2021\/10\/time-life-work-3-992x1024-1.png\" alt=\"\" class=\"wp-image-17429 size-full\"\/><\/figure><div class=\"wp-block-media-text__content\">\n<p>\"O fator chave\", diz ela, \"reside na oportunidade de nos libertarmos de tarefas rotineiras que consomem muito tempo\", e sublinha que a CIB, como pioneiro no dom\u00ednio do BPM com intelig\u00eancia artificial, se v\u00ea na posi\u00e7\u00e3o privilegiada de poder obter um aumento da produtividade utilizando as suas pr\u00f3prias solu\u00e7\u00f5es inovadoras no dom\u00ednio da digitaliza\u00e7\u00e3o, libertando assim tempo. \"Os nossos colaboradores n\u00e3o ter\u00e3o de trabalhar mais depressa para compensar a perda de tempo\", acrescenta Silvera e sublinha: \"O objetivo \u00e9 p\u00f4r \u00e0 prova os nossos pr\u00f3prios processos de trabalho, questionar o trabalho de rotina e substitu\u00ed-lo por processos de trabalho novos e eficientes.\"&nbsp;<\/p>\n<\/div><\/div>\n<\/div>\n<\/div>\n\n\n\n<p><strong>N\u00e3o trabalhar de forma mais r\u00e1pida, mas sim mais eficiente<\/strong><\/p>\n\n\n\n<p>Um princ\u00edpio orientador que  prevaleceu na organiza\u00e7\u00e3o da nova semana de trabalho. \"Escolhemos deliberadamente a sexta-feira como dia de folga fixo, o que exclui um sistema de rota\u00e7\u00e3o na maioria das equipas\", diz Silvera. \"Ao sincronizar os hor\u00e1rios de trabalho, evitamos a delega\u00e7\u00e3o de tarefas que consome tempo, as caixas de correio eletr\u00f3nico cheias e o reagendamento de compromissos, aumentando assim o efeito recreativo que o dia de folga adicional nos oferece.\"&nbsp;<\/p>\n\n\n\n<p>O projeto-piloto ser\u00e1 testado durante um per\u00edodo de seis meses, durante o qual ser\u00e1 igualmente acompanhado cientificamente por psic\u00f3logos do trabalho e da ind\u00fastria.<\/p>\n\n\n\n<p><strong>Menos \u00e9 mais<\/strong><\/p>\n\n\n\n<div class=\"wp-block-columns is-layout-flex wp-container-core-columns-is-layout-9d6595d7 wp-block-columns-is-layout-flex\">\n<div class=\"wp-block-column is-layout-flow wp-block-column-is-layout-flow\" style=\"flex-basis:66.66%\">\n<p>A ideia de \"menos \u00e9 mais\" partiu do Diretor-Geral e propriet\u00e1rio do Grupo CIB, Ulrich Brandner, que surpreendeu os trabalhadores em Julho de 2021 com a sua proposta de introduzir uma semana de 4 dias no CIB group. Depois de as reac\u00e7\u00f5es iniciais dos funcion\u00e1rios terem sido extremamente positivas, o m\u00eas de agosto foi utilizado para clarificar os pormenores e tornar a ideia uma realidade a curto prazo.<\/p>\n<\/div>\n\n\n\n<div class=\"wp-block-column is-layout-flow wp-block-column-is-layout-flow\" style=\"flex-basis:33.33%\">\n<figure class=\"wp-block-image size-full\"><img decoding=\"async\" src=\"https:\/\/www.cib.de\/wp-content\/uploads\/2021\/10\/girl-working-at-home-2-1024x726-1.png\" alt=\"\" class=\"wp-image-17430\"\/><\/figure>\n<\/div>\n<\/div>\n\n\n\n<p>\"O \u00faltimo ano e meio, com uma propor\u00e7\u00e3o extremamente elevada de trabalho m\u00f3vel, mostraram-nos mais uma vez que podemos confiar nos nossos colaboradores\", explica Brandner e acrescenta: \"A semana de 4 dias tamb\u00e9m se baseia na confian\u00e7a: temos a certeza de que os nossos colaboradores ganhar\u00e3o mais tempo para assuntos pessoais com um melhor equil\u00edbrio entre a vida profissional e pessoal e, assim, come\u00e7ar\u00e3o a nova semana com a cabe\u00e7a limpa, satisfeitos e motivados. Isto significa que as nossas 36 horas em quatro dias podem tornar-se verdadeiras 'horas de qualidade', durante as quais podemos continuar a concluir com sucesso os nossos projectos com divers\u00e3o e concentra\u00e7\u00e3o.\"&nbsp;<\/p>\n\n\n\n<p><strong>O que \u00e9 que os clientes dizem?<\/strong><\/p>\n\n\n\n<p>\"Como \u00e9 que os nossos clientes reagem?\" Brandner relata que estas foram as preocupa\u00e7\u00f5es mais comuns levantadas pelos empregados em rela\u00e7\u00e3o \u00e0 semana de 4 dias. \"No entanto, verific\u00e1mos que os nossos clientes reagiram de forma muito positiva \u00e0 ideia e que alguns deles gostariam de ter um modelo de hor\u00e1rio de trabalho semelhante. Gra\u00e7as a uma boa organiza\u00e7\u00e3o, assegur\u00e1mos que os nossos clientes tamb\u00e9m podem, naturalmente, contactar-nos \u00e0s sextas-feiras, se necess\u00e1rio.\"<\/p>\n\n\n\n<p>A CIB garante a continuidade do contacto com os clientes \u00e0 sexta-feira, tendo para o efeito criado equipas de emerg\u00eancia. Para que os empregados que trabalham \u00e0 sexta-feira tamb\u00e9m beneficiem das vantagens da semana de 4 dias, a folga destas equipas \u00e9 repartida entre segunda e sexta-feira.&nbsp;<\/p>\n\n\n\n<p><strong>Semana de 4 dias como modelo de tempo de trabalho permanente?<\/strong><\/p>\n\n\n\n<div class=\"wp-block-columns is-layout-flex wp-container-core-columns-is-layout-9d6595d7 wp-block-columns-is-layout-flex\">\n<div class=\"wp-block-column is-layout-flow wp-block-column-is-layout-flow\">\n<div class=\"wp-block-media-text alignwide is-stacked-on-mobile\" style=\"grid-template-columns:40% auto\"><figure class=\"wp-block-media-text__media\"><img decoding=\"async\" src=\"https:\/\/www.cib.de\/wp-content\/uploads\/2021\/10\/client-happy-4-day-week-2-1018x1024-1.png\" alt=\"\" class=\"wp-image-17431 size-full\"\/><\/figure><div class=\"wp-block-media-text__content\">\n<p>Os trabalhadores do CIB group puderam optar pela semana de 4 dias, com redu\u00e7\u00e3o do hor\u00e1rio e o mesmo sal\u00e1rio, ou manter o modelo anterior de hor\u00e1rio de trabalho. Tanto em Espanha como na Alemanha, todos os trabalhadores a tempo inteiro decidiram aceitar a proposta e adquirir experi\u00eancia pessoal durante o per\u00edodo experimental de 6 meses.<\/p>\n<\/div><\/div>\n<\/div>\n<\/div>\n\n\n\n<p>No final do primeiro m\u00eas de testes, a conclus\u00e3o provis\u00f3ria da CIB \u00e9 que todos os trabalhadores est\u00e3o motivados para dar o seu contributo para que a ideia da semana de 4 dias seja um \u00eaxito e se instale de forma permanente na CIB.<\/p>\n\n\n\n<p class=\"translation-block\">Let\u2019s CIB! Visite <a href=\"https:\/\/www.cib.de\/pt\/4dayweek\/\" target=\"_self\">o nosso site<\/a><\/p>","protected":false},"excerpt":{"rendered":"<p>\u201eWie ein internationales IT-Unternehmen die 4-Tage-Woche ohne Gehaltsk\u00fcrzung erreicht\u201c&nbsp;lautete die Schlagzeile vergangenen Samstag in der spanischen Online-Zeitung El Confidencial. Der Artikel beleuchtet die 4-Tage-Woche und stellt heraus, was CIB, das im Titel referenzierte IT-Unternehmen, diesbez\u00fcglich von vielen spanischen Unternehmen unterscheidet. Spanien und die 4-Tage-Woche Das Modell der 4-Tage-Woche ist ein in Spanien aktuell viel diskutiertes &#8230; <a title=\"CIB com a semana de 4 dias  na primeira p\u00e1gina em Espanha\" class=\"read-more\" href=\"https:\/\/www.cib.de\/pt\/cib-mit-4-tage-woche-auf-titelseite-in-spanien\/\" aria-label=\"Leia mais sobre CIB mit 4-Tage-Woche auf Titelseite in Spanien\">Ler mais<\/a><\/p>","protected":false},"author":246,"featured_media":17424,"comment_status":"closed","ping_status":"closed","sticky":false,"template":"","format":"standard","meta":{"_acf_changed":false,"footnotes":""},"categories":[1],"tags":[1927,2206],"class_list":["post-17423","post","type-post","status-publish","format-standard","has-post-thumbnail","hentry","category-cib-group","tag-4-tage-woche","tag-only-en"],"acf":[],"yoast_head":"<!-- This site is optimized with the Yoast SEO plugin v27.5 - https:\/\/yoast.com\/product\/yoast-seo-wordpress\/ -->\n<title>CIB mit 4-Tage-Woche auf Titelseite in Spanien - CIB Group<\/title>\n<meta name=\"robots\" content=\"index, follow, max-snippet:-1, max-image-preview:large, max-video-preview:-1\" \/>\n<link rel=\"canonical\" href=\"https:\/\/www.cib.de\/pt\/cib-mit-4-tage-woche-auf-titelseite-in-spanien\/\" \/>\n<meta property=\"og:locale\" content=\"pt_PT\" \/>\n<meta property=\"og:type\" content=\"article\" \/>\n<meta property=\"og:title\" content=\"CIB mit 4-Tage-Woche auf Titelseite in Spanien - CIB Group\" \/>\n<meta property=\"og:description\" content=\"\u201eWie ein internationales IT-Unternehmen die 4-Tage-Woche ohne Gehaltsk\u00fcrzung erreicht\u201c&nbsp;lautete die Schlagzeile vergangenen Samstag in der spanischen Online-Zeitung El Confidencial. Der Artikel beleuchtet die 4-Tage-Woche und stellt heraus, was CIB, das im Titel referenzierte IT-Unternehmen, diesbez\u00fcglich von vielen spanischen Unternehmen unterscheidet. Spanien und die 4-Tage-Woche Das Modell der 4-Tage-Woche ist ein in Spanien aktuell viel diskutiertes ... Ler mais\" \/>\n<meta property=\"og:url\" content=\"https:\/\/www.cib.de\/pt\/cib-mit-4-tage-woche-auf-titelseite-in-spanien\/\" \/>\n<meta property=\"og:site_name\" content=\"CIB Group\" \/>\n<meta property=\"article:publisher\" content=\"https:\/\/www.linkedin.com\/company\/cib\/\" \/>\n<meta property=\"article:published_time\" content=\"2021-10-19T15:13:55+00:00\" \/>\n<meta property=\"article:modified_time\" content=\"2023-04-19T14:51:51+00:00\" \/>\n<meta property=\"og:image\" content=\"https:\/\/www.cib.de\/wp-content\/uploads\/2021\/11\/Blog-1242x482-El-Confidencial.png\" \/>\n\t<meta property=\"og:image:width\" content=\"1243\" \/>\n\t<meta property=\"og:image:height\" content=\"483\" \/>\n\t<meta property=\"og:image:type\" content=\"image\/png\" \/>\n<meta name=\"author\" content=\"CIB Group\" \/>\n<meta name=\"twitter:card\" content=\"summary_large_image\" \/>\n<meta name=\"twitter:label1\" content=\"Escrito por\" \/>\n\t<meta name=\"twitter:data1\" content=\"CIB Group\" \/>\n\t<meta name=\"twitter:label2\" content=\"Tempo estimado de leitura\" \/>\n\t<meta name=\"twitter:data2\" content=\"5 minutos\" \/>\n<script type=\"application\/ld+json\" class=\"yoast-schema-graph\">{\"@context\":\"https:\\\/\\\/schema.org\",\"@graph\":[{\"@type\":\"Article\",\"@id\":\"https:\\\/\\\/www.cib.de\\\/cib-mit-4-tage-woche-auf-titelseite-in-spanien\\\/#article\",\"isPartOf\":{\"@id\":\"https:\\\/\\\/www.cib.de\\\/cib-mit-4-tage-woche-auf-titelseite-in-spanien\\\/\"},\"author\":{\"name\":\"CIB Group\",\"@id\":\"https:\\\/\\\/www.cib.de\\\/#\\\/schema\\\/person\\\/4c70f0634b93acb47baacdb671694155\"},\"headline\":\"CIB mit 4-Tage-Woche auf Titelseite in Spanien\",\"datePublished\":\"2021-10-19T15:13:55+00:00\",\"dateModified\":\"2023-04-19T14:51:51+00:00\",\"mainEntityOfPage\":{\"@id\":\"https:\\\/\\\/www.cib.de\\\/cib-mit-4-tage-woche-auf-titelseite-in-spanien\\\/\"},\"wordCount\":991,\"publisher\":{\"@id\":\"https:\\\/\\\/www.cib.de\\\/#organization\"},\"image\":{\"@id\":\"https:\\\/\\\/www.cib.de\\\/cib-mit-4-tage-woche-auf-titelseite-in-spanien\\\/#primaryimage\"},\"thumbnailUrl\":\"https:\\\/\\\/www.cib.de\\\/wp-content\\\/uploads\\\/2021\\\/11\\\/Blog-1242x482-El-Confidencial.png\",\"keywords\":[\"4-Tage-Woche\",\"EN\"],\"articleSection\":[\"CIB Group\"],\"inLanguage\":\"pt-PT\"},{\"@type\":\"WebPage\",\"@id\":\"https:\\\/\\\/www.cib.de\\\/cib-mit-4-tage-woche-auf-titelseite-in-spanien\\\/\",\"url\":\"https:\\\/\\\/www.cib.de\\\/cib-mit-4-tage-woche-auf-titelseite-in-spanien\\\/\",\"name\":\"CIB mit 4-Tage-Woche auf Titelseite in Spanien - CIB Group\",\"isPartOf\":{\"@id\":\"https:\\\/\\\/www.cib.de\\\/#website\"},\"primaryImageOfPage\":{\"@id\":\"https:\\\/\\\/www.cib.de\\\/cib-mit-4-tage-woche-auf-titelseite-in-spanien\\\/#primaryimage\"},\"image\":{\"@id\":\"https:\\\/\\\/www.cib.de\\\/cib-mit-4-tage-woche-auf-titelseite-in-spanien\\\/#primaryimage\"},\"thumbnailUrl\":\"https:\\\/\\\/www.cib.de\\\/wp-content\\\/uploads\\\/2021\\\/11\\\/Blog-1242x482-El-Confidencial.png\",\"datePublished\":\"2021-10-19T15:13:55+00:00\",\"dateModified\":\"2023-04-19T14:51:51+00:00\",\"breadcrumb\":{\"@id\":\"https:\\\/\\\/www.cib.de\\\/cib-mit-4-tage-woche-auf-titelseite-in-spanien\\\/#breadcrumb\"},\"inLanguage\":\"pt-PT\",\"potentialAction\":[{\"@type\":\"ReadAction\",\"target\":[\"https:\\\/\\\/www.cib.de\\\/cib-mit-4-tage-woche-auf-titelseite-in-spanien\\\/\"]}]},{\"@type\":\"ImageObject\",\"inLanguage\":\"pt-PT\",\"@id\":\"https:\\\/\\\/www.cib.de\\\/cib-mit-4-tage-woche-auf-titelseite-in-spanien\\\/#primaryimage\",\"url\":\"https:\\\/\\\/www.cib.de\\\/wp-content\\\/uploads\\\/2021\\\/11\\\/Blog-1242x482-El-Confidencial.png\",\"contentUrl\":\"https:\\\/\\\/www.cib.de\\\/wp-content\\\/uploads\\\/2021\\\/11\\\/Blog-1242x482-El-Confidencial.png\",\"width\":1243,\"height\":483,\"caption\":\"Blog el confidencial\"},{\"@type\":\"BreadcrumbList\",\"@id\":\"https:\\\/\\\/www.cib.de\\\/cib-mit-4-tage-woche-auf-titelseite-in-spanien\\\/#breadcrumb\",\"itemListElement\":[{\"@type\":\"ListItem\",\"position\":1,\"name\":\"Home\",\"item\":\"https:\\\/\\\/www.cib.de\\\/\"},{\"@type\":\"ListItem\",\"position\":2,\"name\":\"CIB mit 4-Tage-Woche auf Titelseite in Spanien\"}]},{\"@type\":\"WebSite\",\"@id\":\"https:\\\/\\\/www.cib.de\\\/#website\",\"url\":\"https:\\\/\\\/www.cib.de\\\/\",\"name\":\"CIB Group\",\"description\":\"Digitalisierung, Prozessautomatisierung, K\u00fcnstliche Intelligenz\",\"publisher\":{\"@id\":\"https:\\\/\\\/www.cib.de\\\/#organization\"},\"potentialAction\":[{\"@type\":\"SearchAction\",\"target\":{\"@type\":\"EntryPoint\",\"urlTemplate\":\"https:\\\/\\\/www.cib.de\\\/?s={search_term_string}\"},\"query-input\":{\"@type\":\"PropertyValueSpecification\",\"valueRequired\":true,\"valueName\":\"search_term_string\"}}],\"inLanguage\":\"pt-PT\"},{\"@type\":\"Organization\",\"@id\":\"https:\\\/\\\/www.cib.de\\\/#organization\",\"name\":\"CIB Group\",\"url\":\"https:\\\/\\\/www.cib.de\\\/\",\"logo\":{\"@type\":\"ImageObject\",\"inLanguage\":\"pt-PT\",\"@id\":\"https:\\\/\\\/www.cib.de\\\/#\\\/schema\\\/logo\\\/image\\\/\",\"url\":\"https:\\\/\\\/www.cib.de\\\/wp-content\\\/uploads\\\/2023\\\/10\\\/CIB_Logo_.svg\",\"contentUrl\":\"https:\\\/\\\/www.cib.de\\\/wp-content\\\/uploads\\\/2023\\\/10\\\/CIB_Logo_.svg\",\"width\":283,\"height\":128,\"caption\":\"CIB Group\"},\"image\":{\"@id\":\"https:\\\/\\\/www.cib.de\\\/#\\\/schema\\\/logo\\\/image\\\/\"},\"sameAs\":[\"https:\\\/\\\/www.linkedin.com\\\/company\\\/cib\\\/\"]},{\"@type\":\"Person\",\"@id\":\"https:\\\/\\\/www.cib.de\\\/#\\\/schema\\\/person\\\/4c70f0634b93acb47baacdb671694155\",\"name\":\"CIB Group\",\"image\":{\"@type\":\"ImageObject\",\"inLanguage\":\"pt-PT\",\"@id\":\"https:\\\/\\\/www.cib.de\\\/wp-content\\\/uploads\\\/2023\\\/03\\\/logo_signature2.png\",\"url\":\"https:\\\/\\\/www.cib.de\\\/wp-content\\\/uploads\\\/2023\\\/03\\\/logo_signature2.png\",\"contentUrl\":\"https:\\\/\\\/www.cib.de\\\/wp-content\\\/uploads\\\/2023\\\/03\\\/logo_signature2.png\",\"caption\":\"CIB Group\"},\"description\":\"Die Digitalisierungsexperten\"}]}<\/script>\n<!-- \/ Yoast SEO plugin. -->","yoast_head_json":{"title":"CIB mit 4-Tage-Woche auf Titelseite in Spanien - CIB Group","robots":{"index":"index","follow":"follow","max-snippet":"max-snippet:-1","max-image-preview":"max-image-preview:large","max-video-preview":"max-video-preview:-1"},"canonical":"https:\/\/www.cib.de\/pt\/cib-mit-4-tage-woche-auf-titelseite-in-spanien\/","og_locale":"pt_PT","og_type":"article","og_title":"CIB mit 4-Tage-Woche auf Titelseite in Spanien - CIB Group","og_description":"\u201eWie ein internationales IT-Unternehmen die 4-Tage-Woche ohne Gehaltsk\u00fcrzung erreicht\u201c&nbsp;lautete die Schlagzeile vergangenen Samstag in der spanischen Online-Zeitung El Confidencial. Der Artikel beleuchtet die 4-Tage-Woche und stellt heraus, was CIB, das im Titel referenzierte IT-Unternehmen, diesbez\u00fcglich von vielen spanischen Unternehmen unterscheidet. Spanien und die 4-Tage-Woche Das Modell der 4-Tage-Woche ist ein in Spanien aktuell viel diskutiertes ... Ler mais","og_url":"https:\/\/www.cib.de\/pt\/cib-mit-4-tage-woche-auf-titelseite-in-spanien\/","og_site_name":"CIB Group","article_publisher":"https:\/\/www.linkedin.com\/company\/cib\/","article_published_time":"2021-10-19T15:13:55+00:00","article_modified_time":"2023-04-19T14:51:51+00:00","og_image":[{"width":1243,"height":483,"url":"https:\/\/www.cib.de\/wp-content\/uploads\/2021\/11\/Blog-1242x482-El-Confidencial.png","type":"image\/png"}],"author":"CIB Group","twitter_card":"summary_large_image","twitter_misc":{"Escrito por":"CIB Group","Tempo estimado de leitura":"5 minutos"},"schema":{"@context":"https:\/\/schema.org","@graph":[{"@type":"Article","@id":"https:\/\/www.cib.de\/cib-mit-4-tage-woche-auf-titelseite-in-spanien\/#article","isPartOf":{"@id":"https:\/\/www.cib.de\/cib-mit-4-tage-woche-auf-titelseite-in-spanien\/"},"author":{"name":"CIB Group","@id":"https:\/\/www.cib.de\/#\/schema\/person\/4c70f0634b93acb47baacdb671694155"},"headline":"CIB mit 4-Tage-Woche auf Titelseite in Spanien","datePublished":"2021-10-19T15:13:55+00:00","dateModified":"2023-04-19T14:51:51+00:00","mainEntityOfPage":{"@id":"https:\/\/www.cib.de\/cib-mit-4-tage-woche-auf-titelseite-in-spanien\/"},"wordCount":991,"publisher":{"@id":"https:\/\/www.cib.de\/#organization"},"image":{"@id":"https:\/\/www.cib.de\/cib-mit-4-tage-woche-auf-titelseite-in-spanien\/#primaryimage"},"thumbnailUrl":"https:\/\/www.cib.de\/wp-content\/uploads\/2021\/11\/Blog-1242x482-El-Confidencial.png","keywords":["4-Tage-Woche","EN"],"articleSection":["CIB Group"],"inLanguage":"pt-PT"},{"@type":"WebPage","@id":"https:\/\/www.cib.de\/cib-mit-4-tage-woche-auf-titelseite-in-spanien\/","url":"https:\/\/www.cib.de\/cib-mit-4-tage-woche-auf-titelseite-in-spanien\/","name":"CIB mit 4-Tage-Woche auf Titelseite in Spanien - CIB Group","isPartOf":{"@id":"https:\/\/www.cib.de\/#website"},"primaryImageOfPage":{"@id":"https:\/\/www.cib.de\/cib-mit-4-tage-woche-auf-titelseite-in-spanien\/#primaryimage"},"image":{"@id":"https:\/\/www.cib.de\/cib-mit-4-tage-woche-auf-titelseite-in-spanien\/#primaryimage"},"thumbnailUrl":"https:\/\/www.cib.de\/wp-content\/uploads\/2021\/11\/Blog-1242x482-El-Confidencial.png","datePublished":"2021-10-19T15:13:55+00:00","dateModified":"2023-04-19T14:51:51+00:00","breadcrumb":{"@id":"https:\/\/www.cib.de\/cib-mit-4-tage-woche-auf-titelseite-in-spanien\/#breadcrumb"},"inLanguage":"pt-PT","potentialAction":[{"@type":"ReadAction","target":["https:\/\/www.cib.de\/cib-mit-4-tage-woche-auf-titelseite-in-spanien\/"]}]},{"@type":"ImageObject","inLanguage":"pt-PT","@id":"https:\/\/www.cib.de\/cib-mit-4-tage-woche-auf-titelseite-in-spanien\/#primaryimage","url":"https:\/\/www.cib.de\/wp-content\/uploads\/2021\/11\/Blog-1242x482-El-Confidencial.png","contentUrl":"https:\/\/www.cib.de\/wp-content\/uploads\/2021\/11\/Blog-1242x482-El-Confidencial.png","width":1243,"height":483,"caption":"Blog el confidencial"},{"@type":"BreadcrumbList","@id":"https:\/\/www.cib.de\/cib-mit-4-tage-woche-auf-titelseite-in-spanien\/#breadcrumb","itemListElement":[{"@type":"ListItem","position":1,"name":"Home","item":"https:\/\/www.cib.de\/"},{"@type":"ListItem","position":2,"name":"CIB mit 4-Tage-Woche auf Titelseite in Spanien"}]},{"@type":"WebSite","@id":"https:\/\/www.cib.de\/#website","url":"https:\/\/www.cib.de\/","name":"CIB Group","description":"Digitalisierung, Prozessautomatisierung, K\u00fcnstliche Intelligenz","publisher":{"@id":"https:\/\/www.cib.de\/#organization"},"potentialAction":[{"@type":"SearchAction","target":{"@type":"EntryPoint","urlTemplate":"https:\/\/www.cib.de\/?s={search_term_string}"},"query-input":{"@type":"PropertyValueSpecification","valueRequired":true,"valueName":"search_term_string"}}],"inLanguage":"pt-PT"},{"@type":"Organization","@id":"https:\/\/www.cib.de\/#organization","name":"CIB Group","url":"https:\/\/www.cib.de\/","logo":{"@type":"ImageObject","inLanguage":"pt-PT","@id":"https:\/\/www.cib.de\/#\/schema\/logo\/image\/","url":"https:\/\/www.cib.de\/wp-content\/uploads\/2023\/10\/CIB_Logo_.svg","contentUrl":"https:\/\/www.cib.de\/wp-content\/uploads\/2023\/10\/CIB_Logo_.svg","width":283,"height":128,"caption":"CIB Group"},"image":{"@id":"https:\/\/www.cib.de\/#\/schema\/logo\/image\/"},"sameAs":["https:\/\/www.linkedin.com\/company\/cib\/"]},{"@type":"Person","@id":"https:\/\/www.cib.de\/#\/schema\/person\/4c70f0634b93acb47baacdb671694155","name":"CIB Group","image":{"@type":"ImageObject","inLanguage":"pt-PT","@id":"https:\/\/www.cib.de\/wp-content\/uploads\/2023\/03\/logo_signature2.png","url":"https:\/\/www.cib.de\/wp-content\/uploads\/2023\/03\/logo_signature2.png","contentUrl":"https:\/\/www.cib.de\/wp-content\/uploads\/2023\/03\/logo_signature2.png","caption":"CIB Group"},"description":"Especialistas em digitaliza\u00e7\u00e3o"}]}},"post_mailing_queue_ids":[],"_links":{"self":[{"href":"https:\/\/www.cib.de\/pt\/wp-json\/wp\/v2\/posts\/17423","targetHints":{"allow":["GET"]}}],"collection":[{"href":"https:\/\/www.cib.de\/pt\/wp-json\/wp\/v2\/posts"}],"about":[{"href":"https:\/\/www.cib.de\/pt\/wp-json\/wp\/v2\/types\/post"}],"author":[{"embeddable":true,"href":"https:\/\/www.cib.de\/pt\/wp-json\/wp\/v2\/users\/246"}],"replies":[{"embeddable":true,"href":"https:\/\/www.cib.de\/pt\/wp-json\/wp\/v2\/comments?post=17423"}],"version-history":[{"count":5,"href":"https:\/\/www.cib.de\/pt\/wp-json\/wp\/v2\/posts\/17423\/revisions"}],"predecessor-version":[{"id":50961,"href":"https:\/\/www.cib.de\/pt\/wp-json\/wp\/v2\/posts\/17423\/revisions\/50961"}],"wp:featuredmedia":[{"embeddable":true,"href":"https:\/\/www.cib.de\/pt\/wp-json\/wp\/v2\/media\/17424"}],"wp:attachment":[{"href":"https:\/\/www.cib.de\/pt\/wp-json\/wp\/v2\/media?parent=17423"}],"wp:term":[{"taxonomy":"category","embeddable":true,"href":"https:\/\/www.cib.de\/pt\/wp-json\/wp\/v2\/categories?post=17423"},{"taxonomy":"post_tag","embeddable":true,"href":"https:\/\/www.cib.de\/pt\/wp-json\/wp\/v2\/tags?post=17423"}],"curies":[{"name":"wp","href":"https:\/\/api.w.org\/{rel}","templated":true}]}}