{"id":17596,"date":"2021-10-13T09:41:00","date_gmt":"2021-10-13T07:41:00","guid":{"rendered":"http:\/\/18.198.70.165.nip.io\/?p=17596"},"modified":"2023-04-19T16:52:00","modified_gmt":"2023-04-19T14:52:00","slug":"ocibt-is-teambuilding-im-oktober-fur-cib-in-deutschland-und-spanien","status":"publish","type":"post","link":"https:\/\/www.cib.de\/pt\/ocibt-is-teambuilding-im-oktober-fur-cib-in-deutschland-und-spanien\/","title":{"rendered":"O&#8217;CIBt is! \u2013 Teambuilding im Oktober f\u00fcr CIB in Deutschland und Spanien"},"content":{"rendered":"<p>Mit dem Firmenevent am 01. Oktober 2021 bewies die CIB Group, dass auch in anhaltenden Pandemiezeiten gemeinsame Veranstaltungen nicht nur m\u00f6glich sind, sondern erfolgreich sein k\u00f6nnen!<br><br>Getrennt und doch gemeinsam wurde an den Standorten M\u00fcnchen und Las Palmas gefeiert. Schutzma\u00dfnahmen wie die 3G-Regel und vor Ort angebotene Schnelltests erm\u00f6glichten das Zusammentreffen der Mitarbeiter und den pers\u00f6nlichen Austausch nach der langen Arbeitsphase im Homeoffice. Stets ge\u00f6ffnete Fenster in M\u00fcnchen sowie die wundersch\u00f6ne Dachterrasse in Las Palmas sorgten dabei nicht nur f\u00fcr frische Luft, sondern auch f\u00fcr gute Stimmung. Aber auch zwischen den Standorten wurde kommuniziert: Eine Live-Schaltung brachte Las Palmas und M\u00fcnchen zusammen. Auf diese Weise war auch ein Kennenlernen und Wiedersehen zwischen den spanischen und deutschen Kolleginnen und Kollegen m\u00f6glich.<br><br>Der M\u00fcnchner Standort lud unter dem Motto &#8220;O&#8217;CIBt is!&#8221; zu einem z\u00fcnftigen Wiesn-Fr\u00fchst\u00fcck ein. In Tracht, mit beliebten Wiesn-Hits und bayerischem Bier \u00fcberwand man gemeinsam die erneute Absage des Oktoberfests. Wer aufgrund der langen Zeit zuhause die Kolleginnen und Kollegen noch nicht kennengelernt hatte, konnte sich mit vor Ort gravierten <em>Glupperln<\/em> (mit dem Namen versehene Holz-W\u00e4scheklammern) behelfen.<br><br>In Las Palmas ging es bei einem gemeinsamen Brunch um ein &#8220;Get together&#8221; und ein Kennenlernen der rund 12 neuen Angestellten der CIB Group in Spanien. Diese reisten aus unseren CIB Standorten Valencia und Teneriffa an und hatten die M\u00f6glichkeit, sich pers\u00f6nlich vorzustellen und sich mit den Kollegen vor Ort auszutauschen.<\/p>\n\n\n\n<p>Let\u2019s CIB!<\/p>","protected":false},"excerpt":{"rendered":"<p>Mit dem Firmenevent am 01. Oktober 2021 bewies die CIB Group, dass auch in anhaltenden Pandemiezeiten gemeinsame Veranstaltungen nicht nur m\u00f6glich sind, sondern erfolgreich sein k\u00f6nnen! Getrennt und doch gemeinsam wurde an den Standorten M\u00fcnchen und Las Palmas gefeiert. Schutzma\u00dfnahmen wie die 3G-Regel und vor Ort angebotene Schnelltests erm\u00f6glichten das Zusammentreffen der Mitarbeiter und den &#8230; <a title=\"O&#8217;CIBt is! \u2013 Teambuilding im Oktober f\u00fcr CIB in Deutschland und Spanien\" class=\"read-more\" href=\"https:\/\/www.cib.de\/pt\/ocibt-is-teambuilding-im-oktober-fur-cib-in-deutschland-und-spanien\/\" aria-label=\"Leia mais sobre O&#8217;CIBt is! \u2013 Teambuilding im Oktober f\u00fcr CIB in Deutschland und Spanien\">Ler mais<\/a><\/p>","protected":false},"author":246,"featured_media":17597,"comment_status":"closed","ping_status":"closed","sticky":false,"template":"","format":"standard","meta":{"_acf_changed":false,"footnotes":""},"categories":[1],"tags":[1066,2206],"class_list":["post-17596","post","type-post","status-publish","format-standard","has-post-thumbnail","hentry","category-cib-group","tag-cib-event","tag-only-en"],"acf":[],"yoast_head":"<!-- This site is optimized with the Yoast SEO plugin v27.5 - https:\/\/yoast.com\/product\/yoast-seo-wordpress\/ -->\n<title>O&#039;CIBt is! \u2013 Teambuilding im Oktober f\u00fcr CIB in Deutschland und Spanien - CIB Group<\/title>\n<meta name=\"robots\" content=\"index, follow, max-snippet:-1, max-image-preview:large, max-video-preview:-1\" \/>\n<link rel=\"canonical\" href=\"https:\/\/www.cib.de\/pt\/ocibt-is-teambuilding-im-oktober-fur-cib-in-deutschland-und-spanien\/\" \/>\n<meta property=\"og:locale\" content=\"pt_PT\" \/>\n<meta property=\"og:type\" content=\"article\" \/>\n<meta property=\"og:title\" content=\"O&#039;CIBt is! \u2013 Teambuilding im Oktober f\u00fcr CIB in Deutschland und Spanien - CIB Group\" \/>\n<meta property=\"og:description\" content=\"Mit dem Firmenevent am 01. Oktober 2021 bewies die CIB Group, dass auch in anhaltenden Pandemiezeiten gemeinsame Veranstaltungen nicht nur m\u00f6glich sind, sondern erfolgreich sein k\u00f6nnen! Getrennt und doch gemeinsam wurde an den Standorten M\u00fcnchen und Las Palmas gefeiert. Schutzma\u00dfnahmen wie die 3G-Regel und vor Ort angebotene Schnelltests erm\u00f6glichten das Zusammentreffen der Mitarbeiter und den ... Ler mais\" \/>\n<meta property=\"og:url\" content=\"https:\/\/www.cib.de\/pt\/ocibt-is-teambuilding-im-oktober-fur-cib-in-deutschland-und-spanien\/\" \/>\n<meta property=\"og:site_name\" content=\"CIB Group\" \/>\n<meta property=\"article:publisher\" content=\"https:\/\/www.linkedin.com\/company\/cib\/\" \/>\n<meta property=\"article:published_time\" content=\"2021-10-13T07:41:00+00:00\" \/>\n<meta property=\"article:modified_time\" content=\"2023-04-19T14:52:00+00:00\" \/>\n<meta property=\"og:image\" content=\"https:\/\/www.cib.de\/wp-content\/uploads\/2021\/11\/Blog-1242x482-Oktoberfest.png\" \/>\n\t<meta property=\"og:image:width\" content=\"1243\" \/>\n\t<meta property=\"og:image:height\" content=\"483\" \/>\n\t<meta property=\"og:image:type\" content=\"image\/png\" \/>\n<meta name=\"author\" content=\"CIB Group\" \/>\n<meta name=\"twitter:card\" content=\"summary_large_image\" \/>\n<meta name=\"twitter:label1\" content=\"Escrito por\" \/>\n\t<meta name=\"twitter:data1\" content=\"CIB Group\" \/>\n\t<meta name=\"twitter:label2\" content=\"Tempo estimado de leitura\" \/>\n\t<meta name=\"twitter:data2\" content=\"2 minutos\" \/>\n<script type=\"application\/ld+json\" class=\"yoast-schema-graph\">{\"@context\":\"https:\\\/\\\/schema.org\",\"@graph\":[{\"@type\":\"Article\",\"@id\":\"https:\\\/\\\/www.cib.de\\\/ocibt-is-teambuilding-im-oktober-fur-cib-in-deutschland-und-spanien\\\/#article\",\"isPartOf\":{\"@id\":\"https:\\\/\\\/www.cib.de\\\/ocibt-is-teambuilding-im-oktober-fur-cib-in-deutschland-und-spanien\\\/\"},\"author\":{\"name\":\"CIB Group\",\"@id\":\"https:\\\/\\\/www.cib.de\\\/#\\\/schema\\\/person\\\/4c70f0634b93acb47baacdb671694155\"},\"headline\":\"O&#8217;CIBt is! \u2013 Teambuilding im Oktober f\u00fcr CIB in Deutschland und Spanien\",\"datePublished\":\"2021-10-13T07:41:00+00:00\",\"dateModified\":\"2023-04-19T14:52:00+00:00\",\"mainEntityOfPage\":{\"@id\":\"https:\\\/\\\/www.cib.de\\\/ocibt-is-teambuilding-im-oktober-fur-cib-in-deutschland-und-spanien\\\/\"},\"wordCount\":260,\"publisher\":{\"@id\":\"https:\\\/\\\/www.cib.de\\\/#organization\"},\"image\":{\"@id\":\"https:\\\/\\\/www.cib.de\\\/ocibt-is-teambuilding-im-oktober-fur-cib-in-deutschland-und-spanien\\\/#primaryimage\"},\"thumbnailUrl\":\"https:\\\/\\\/www.cib.de\\\/wp-content\\\/uploads\\\/2021\\\/11\\\/Blog-1242x482-Oktoberfest.png\",\"keywords\":[\"CIB Events\",\"EN\"],\"articleSection\":[\"CIB Group\"],\"inLanguage\":\"pt-PT\"},{\"@type\":\"WebPage\",\"@id\":\"https:\\\/\\\/www.cib.de\\\/ocibt-is-teambuilding-im-oktober-fur-cib-in-deutschland-und-spanien\\\/\",\"url\":\"https:\\\/\\\/www.cib.de\\\/ocibt-is-teambuilding-im-oktober-fur-cib-in-deutschland-und-spanien\\\/\",\"name\":\"O'CIBt is! \u2013 Teambuilding im Oktober f\u00fcr CIB in Deutschland und Spanien - CIB Group\",\"isPartOf\":{\"@id\":\"https:\\\/\\\/www.cib.de\\\/#website\"},\"primaryImageOfPage\":{\"@id\":\"https:\\\/\\\/www.cib.de\\\/ocibt-is-teambuilding-im-oktober-fur-cib-in-deutschland-und-spanien\\\/#primaryimage\"},\"image\":{\"@id\":\"https:\\\/\\\/www.cib.de\\\/ocibt-is-teambuilding-im-oktober-fur-cib-in-deutschland-und-spanien\\\/#primaryimage\"},\"thumbnailUrl\":\"https:\\\/\\\/www.cib.de\\\/wp-content\\\/uploads\\\/2021\\\/11\\\/Blog-1242x482-Oktoberfest.png\",\"datePublished\":\"2021-10-13T07:41:00+00:00\",\"dateModified\":\"2023-04-19T14:52:00+00:00\",\"breadcrumb\":{\"@id\":\"https:\\\/\\\/www.cib.de\\\/ocibt-is-teambuilding-im-oktober-fur-cib-in-deutschland-und-spanien\\\/#breadcrumb\"},\"inLanguage\":\"pt-PT\",\"potentialAction\":[{\"@type\":\"ReadAction\",\"target\":[\"https:\\\/\\\/www.cib.de\\\/ocibt-is-teambuilding-im-oktober-fur-cib-in-deutschland-und-spanien\\\/\"]}]},{\"@type\":\"ImageObject\",\"inLanguage\":\"pt-PT\",\"@id\":\"https:\\\/\\\/www.cib.de\\\/ocibt-is-teambuilding-im-oktober-fur-cib-in-deutschland-und-spanien\\\/#primaryimage\",\"url\":\"https:\\\/\\\/www.cib.de\\\/wp-content\\\/uploads\\\/2021\\\/11\\\/Blog-1242x482-Oktoberfest.png\",\"contentUrl\":\"https:\\\/\\\/www.cib.de\\\/wp-content\\\/uploads\\\/2021\\\/11\\\/Blog-1242x482-Oktoberfest.png\",\"width\":1243,\"height\":483,\"caption\":\"Oktoberfest\"},{\"@type\":\"BreadcrumbList\",\"@id\":\"https:\\\/\\\/www.cib.de\\\/ocibt-is-teambuilding-im-oktober-fur-cib-in-deutschland-und-spanien\\\/#breadcrumb\",\"itemListElement\":[{\"@type\":\"ListItem\",\"position\":1,\"name\":\"Home\",\"item\":\"https:\\\/\\\/www.cib.de\\\/\"},{\"@type\":\"ListItem\",\"position\":2,\"name\":\"O&#8217;CIBt is! \u2013 Teambuilding im Oktober f\u00fcr CIB in Deutschland und Spanien\"}]},{\"@type\":\"WebSite\",\"@id\":\"https:\\\/\\\/www.cib.de\\\/#website\",\"url\":\"https:\\\/\\\/www.cib.de\\\/\",\"name\":\"CIB Group\",\"description\":\"Digitalisierung, Prozessautomatisierung, K\u00fcnstliche Intelligenz\",\"publisher\":{\"@id\":\"https:\\\/\\\/www.cib.de\\\/#organization\"},\"potentialAction\":[{\"@type\":\"SearchAction\",\"target\":{\"@type\":\"EntryPoint\",\"urlTemplate\":\"https:\\\/\\\/www.cib.de\\\/?s={search_term_string}\"},\"query-input\":{\"@type\":\"PropertyValueSpecification\",\"valueRequired\":true,\"valueName\":\"search_term_string\"}}],\"inLanguage\":\"pt-PT\"},{\"@type\":\"Organization\",\"@id\":\"https:\\\/\\\/www.cib.de\\\/#organization\",\"name\":\"CIB Group\",\"url\":\"https:\\\/\\\/www.cib.de\\\/\",\"logo\":{\"@type\":\"ImageObject\",\"inLanguage\":\"pt-PT\",\"@id\":\"https:\\\/\\\/www.cib.de\\\/#\\\/schema\\\/logo\\\/image\\\/\",\"url\":\"https:\\\/\\\/www.cib.de\\\/wp-content\\\/uploads\\\/2023\\\/10\\\/CIB_Logo_.svg\",\"contentUrl\":\"https:\\\/\\\/www.cib.de\\\/wp-content\\\/uploads\\\/2023\\\/10\\\/CIB_Logo_.svg\",\"width\":283,\"height\":128,\"caption\":\"CIB Group\"},\"image\":{\"@id\":\"https:\\\/\\\/www.cib.de\\\/#\\\/schema\\\/logo\\\/image\\\/\"},\"sameAs\":[\"https:\\\/\\\/www.linkedin.com\\\/company\\\/cib\\\/\"]},{\"@type\":\"Person\",\"@id\":\"https:\\\/\\\/www.cib.de\\\/#\\\/schema\\\/person\\\/4c70f0634b93acb47baacdb671694155\",\"name\":\"CIB Group\",\"image\":{\"@type\":\"ImageObject\",\"inLanguage\":\"pt-PT\",\"@id\":\"https:\\\/\\\/www.cib.de\\\/wp-content\\\/uploads\\\/2023\\\/03\\\/logo_signature2.png\",\"url\":\"https:\\\/\\\/www.cib.de\\\/wp-content\\\/uploads\\\/2023\\\/03\\\/logo_signature2.png\",\"contentUrl\":\"https:\\\/\\\/www.cib.de\\\/wp-content\\\/uploads\\\/2023\\\/03\\\/logo_signature2.png\",\"caption\":\"CIB Group\"},\"description\":\"Die Digitalisierungsexperten\"}]}<\/script>\n<!-- \/ Yoast SEO plugin. -->","yoast_head_json":{"title":"O'CIBt is! \u2013 Teambuilding im Oktober f\u00fcr CIB in Deutschland und Spanien - CIB Group","robots":{"index":"index","follow":"follow","max-snippet":"max-snippet:-1","max-image-preview":"max-image-preview:large","max-video-preview":"max-video-preview:-1"},"canonical":"https:\/\/www.cib.de\/pt\/ocibt-is-teambuilding-im-oktober-fur-cib-in-deutschland-und-spanien\/","og_locale":"pt_PT","og_type":"article","og_title":"O'CIBt is! \u2013 Teambuilding im Oktober f\u00fcr CIB in Deutschland und Spanien - CIB Group","og_description":"Mit dem Firmenevent am 01. Oktober 2021 bewies die CIB Group, dass auch in anhaltenden Pandemiezeiten gemeinsame Veranstaltungen nicht nur m\u00f6glich sind, sondern erfolgreich sein k\u00f6nnen! Getrennt und doch gemeinsam wurde an den Standorten M\u00fcnchen und Las Palmas gefeiert. Schutzma\u00dfnahmen wie die 3G-Regel und vor Ort angebotene Schnelltests erm\u00f6glichten das Zusammentreffen der Mitarbeiter und den ... Ler mais","og_url":"https:\/\/www.cib.de\/pt\/ocibt-is-teambuilding-im-oktober-fur-cib-in-deutschland-und-spanien\/","og_site_name":"CIB Group","article_publisher":"https:\/\/www.linkedin.com\/company\/cib\/","article_published_time":"2021-10-13T07:41:00+00:00","article_modified_time":"2023-04-19T14:52:00+00:00","og_image":[{"width":1243,"height":483,"url":"https:\/\/www.cib.de\/wp-content\/uploads\/2021\/11\/Blog-1242x482-Oktoberfest.png","type":"image\/png"}],"author":"CIB Group","twitter_card":"summary_large_image","twitter_misc":{"Escrito por":"CIB Group","Tempo estimado de leitura":"2 minutos"},"schema":{"@context":"https:\/\/schema.org","@graph":[{"@type":"Article","@id":"https:\/\/www.cib.de\/ocibt-is-teambuilding-im-oktober-fur-cib-in-deutschland-und-spanien\/#article","isPartOf":{"@id":"https:\/\/www.cib.de\/ocibt-is-teambuilding-im-oktober-fur-cib-in-deutschland-und-spanien\/"},"author":{"name":"CIB Group","@id":"https:\/\/www.cib.de\/#\/schema\/person\/4c70f0634b93acb47baacdb671694155"},"headline":"O&#8217;CIBt is! \u2013 Teambuilding im Oktober f\u00fcr CIB in Deutschland und Spanien","datePublished":"2021-10-13T07:41:00+00:00","dateModified":"2023-04-19T14:52:00+00:00","mainEntityOfPage":{"@id":"https:\/\/www.cib.de\/ocibt-is-teambuilding-im-oktober-fur-cib-in-deutschland-und-spanien\/"},"wordCount":260,"publisher":{"@id":"https:\/\/www.cib.de\/#organization"},"image":{"@id":"https:\/\/www.cib.de\/ocibt-is-teambuilding-im-oktober-fur-cib-in-deutschland-und-spanien\/#primaryimage"},"thumbnailUrl":"https:\/\/www.cib.de\/wp-content\/uploads\/2021\/11\/Blog-1242x482-Oktoberfest.png","keywords":["CIB Events","EN"],"articleSection":["CIB Group"],"inLanguage":"pt-PT"},{"@type":"WebPage","@id":"https:\/\/www.cib.de\/ocibt-is-teambuilding-im-oktober-fur-cib-in-deutschland-und-spanien\/","url":"https:\/\/www.cib.de\/ocibt-is-teambuilding-im-oktober-fur-cib-in-deutschland-und-spanien\/","name":"O'CIBt is! \u2013 Teambuilding im Oktober f\u00fcr CIB in Deutschland und Spanien - CIB Group","isPartOf":{"@id":"https:\/\/www.cib.de\/#website"},"primaryImageOfPage":{"@id":"https:\/\/www.cib.de\/ocibt-is-teambuilding-im-oktober-fur-cib-in-deutschland-und-spanien\/#primaryimage"},"image":{"@id":"https:\/\/www.cib.de\/ocibt-is-teambuilding-im-oktober-fur-cib-in-deutschland-und-spanien\/#primaryimage"},"thumbnailUrl":"https:\/\/www.cib.de\/wp-content\/uploads\/2021\/11\/Blog-1242x482-Oktoberfest.png","datePublished":"2021-10-13T07:41:00+00:00","dateModified":"2023-04-19T14:52:00+00:00","breadcrumb":{"@id":"https:\/\/www.cib.de\/ocibt-is-teambuilding-im-oktober-fur-cib-in-deutschland-und-spanien\/#breadcrumb"},"inLanguage":"pt-PT","potentialAction":[{"@type":"ReadAction","target":["https:\/\/www.cib.de\/ocibt-is-teambuilding-im-oktober-fur-cib-in-deutschland-und-spanien\/"]}]},{"@type":"ImageObject","inLanguage":"pt-PT","@id":"https:\/\/www.cib.de\/ocibt-is-teambuilding-im-oktober-fur-cib-in-deutschland-und-spanien\/#primaryimage","url":"https:\/\/www.cib.de\/wp-content\/uploads\/2021\/11\/Blog-1242x482-Oktoberfest.png","contentUrl":"https:\/\/www.cib.de\/wp-content\/uploads\/2021\/11\/Blog-1242x482-Oktoberfest.png","width":1243,"height":483,"caption":"Oktoberfest"},{"@type":"BreadcrumbList","@id":"https:\/\/www.cib.de\/ocibt-is-teambuilding-im-oktober-fur-cib-in-deutschland-und-spanien\/#breadcrumb","itemListElement":[{"@type":"ListItem","position":1,"name":"Home","item":"https:\/\/www.cib.de\/"},{"@type":"ListItem","position":2,"name":"O&#8217;CIBt is! \u2013 Teambuilding im Oktober f\u00fcr CIB in Deutschland und Spanien"}]},{"@type":"WebSite","@id":"https:\/\/www.cib.de\/#website","url":"https:\/\/www.cib.de\/","name":"CIB Group","description":"Digitalisierung, Prozessautomatisierung, K\u00fcnstliche Intelligenz","publisher":{"@id":"https:\/\/www.cib.de\/#organization"},"potentialAction":[{"@type":"SearchAction","target":{"@type":"EntryPoint","urlTemplate":"https:\/\/www.cib.de\/?s={search_term_string}"},"query-input":{"@type":"PropertyValueSpecification","valueRequired":true,"valueName":"search_term_string"}}],"inLanguage":"pt-PT"},{"@type":"Organization","@id":"https:\/\/www.cib.de\/#organization","name":"CIB Group","url":"https:\/\/www.cib.de\/","logo":{"@type":"ImageObject","inLanguage":"pt-PT","@id":"https:\/\/www.cib.de\/#\/schema\/logo\/image\/","url":"https:\/\/www.cib.de\/wp-content\/uploads\/2023\/10\/CIB_Logo_.svg","contentUrl":"https:\/\/www.cib.de\/wp-content\/uploads\/2023\/10\/CIB_Logo_.svg","width":283,"height":128,"caption":"CIB Group"},"image":{"@id":"https:\/\/www.cib.de\/#\/schema\/logo\/image\/"},"sameAs":["https:\/\/www.linkedin.com\/company\/cib\/"]},{"@type":"Person","@id":"https:\/\/www.cib.de\/#\/schema\/person\/4c70f0634b93acb47baacdb671694155","name":"CIB Group","image":{"@type":"ImageObject","inLanguage":"pt-PT","@id":"https:\/\/www.cib.de\/wp-content\/uploads\/2023\/03\/logo_signature2.png","url":"https:\/\/www.cib.de\/wp-content\/uploads\/2023\/03\/logo_signature2.png","contentUrl":"https:\/\/www.cib.de\/wp-content\/uploads\/2023\/03\/logo_signature2.png","caption":"CIB Group"},"description":"Especialistas em digitaliza\u00e7\u00e3o"}]}},"post_mailing_queue_ids":[],"_links":{"self":[{"href":"https:\/\/www.cib.de\/pt\/wp-json\/wp\/v2\/posts\/17596","targetHints":{"allow":["GET"]}}],"collection":[{"href":"https:\/\/www.cib.de\/pt\/wp-json\/wp\/v2\/posts"}],"about":[{"href":"https:\/\/www.cib.de\/pt\/wp-json\/wp\/v2\/types\/post"}],"author":[{"embeddable":true,"href":"https:\/\/www.cib.de\/pt\/wp-json\/wp\/v2\/users\/246"}],"replies":[{"embeddable":true,"href":"https:\/\/www.cib.de\/pt\/wp-json\/wp\/v2\/comments?post=17596"}],"version-history":[{"count":2,"href":"https:\/\/www.cib.de\/pt\/wp-json\/wp\/v2\/posts\/17596\/revisions"}],"predecessor-version":[{"id":22513,"href":"https:\/\/www.cib.de\/pt\/wp-json\/wp\/v2\/posts\/17596\/revisions\/22513"}],"wp:featuredmedia":[{"embeddable":true,"href":"https:\/\/www.cib.de\/pt\/wp-json\/wp\/v2\/media\/17597"}],"wp:attachment":[{"href":"https:\/\/www.cib.de\/pt\/wp-json\/wp\/v2\/media?parent=17596"}],"wp:term":[{"taxonomy":"category","embeddable":true,"href":"https:\/\/www.cib.de\/pt\/wp-json\/wp\/v2\/categories?post=17596"},{"taxonomy":"post_tag","embeddable":true,"href":"https:\/\/www.cib.de\/pt\/wp-json\/wp\/v2\/tags?post=17596"}],"curies":[{"name":"wp","href":"https:\/\/api.w.org\/{rel}","templated":true}]}}