{"id":19972,"date":"2020-01-12T12:24:00","date_gmt":"2020-01-12T11:24:00","guid":{"rendered":"http:\/\/18.198.70.165.nip.io\/?p=19972"},"modified":"2023-12-05T09:41:11","modified_gmt":"2023-12-05T08:41:11","slug":"se-for-uma-pessoa-pratica-um-estagio-pode-ser-mais-adequado-para-si","status":"publish","type":"post","link":"https:\/\/www.cib.de\/pt\/wenn-du-eher-ein-praxisorientierter-mensch-bistpasst-eine-ausbildung-vielleicht-besser-zu-dir\/","title":{"rendered":"Se for uma pessoa pr\u00e1tica, um est\u00e1gio pode ser mais adequado para si."},"content":{"rendered":"<h6 class=\"wp-block-heading has-text-align-center has-medium-font-size\">Entrevista com Evelyn H.<\/h6>\n\n\n\n<p><strong>Ol\u00e1 Evelyn!<\/strong><\/p>\n\n\n\n<p><strong>O que estudaste e porque acabaste por desistir?<\/strong><\/p>\n\n\n\n<p class=\"translation-block\">Depois de terminar o liceu, estudei \u201cPedagogia Geral\u201d durante um semestre com uma especializa\u00e7\u00e3o em \u201cSociologia\u201d na LMU de Munique. Na verdade estava interessada em psicologia, mas a minha m\u00e9dia de notas na escola secund\u00e1ria n\u00e3o era suficientemente boa para isso (eu teria precisado de um A).\nAssim, esperava encontrar uma ou duas disciplinas no curso de pedagogia que tivessem algo a ver com psicologia. Este foi o caso, mas ainda assim perdi a motiva\u00e7\u00e3o para estudar ap\u00f3s alguns meses, porque havia muito conhecimento te\u00f3rico a ser ensinado. Tenho notado que prefiro aprender coisas que sei para que as usarei mais tarde ou que posso usar directamente.\nOutra raz\u00e3o para abandonar o ensino foi que o futuro na profiss\u00e3o docente n\u00e3o me pareceu muito promissor, tanto em termos da situa\u00e7\u00e3o no mercado de trabalho como em termos de perspectivas financeiras.<\/p>\n\n\n\n<p><strong>Como vieste para a CIB?<\/strong><\/p>\n\n\n\n<p class=\"translation-block\">Comecei um est\u00e1gio como t\u00e9cnica de electr\u00f3nica em Munique e por isso mudei-me para um dormit\u00f3rio para estudantes e estagi\u00e1rios em Munique. Depois de ter interrompido a aprendizagem ap\u00f3s nove meses, estava \u00e0 procura de um novo posto de forma\u00e7\u00e3o. Desta vez como especialista em TI, porque este trabalho parecia adequar-se melhor \u00e0s minhas compet\u00eancias.\nO dormit\u00f3rio onde eu ainda vivia na altura oferecia apoio educacional, ou seja, h\u00e1 uma pessoa de contacto para todos os assuntos que est\u00e1 no local todos os dias. O supervisor respons\u00e1vel pelo meu grupo residencial na altura sabia da minha procura por est\u00e1gios e falou-me da CIB e que eles estavam \u00e0 procura de estagi\u00e1rios no local. Assim, escrevi um pedido \u00e0 CIB e pouco tempo depois fui convidada para uma entrevista. Uma semana mais tarde recebi a confirma\u00e7\u00e3o e voil\u00e0 \u2013 aqui estou eu!<\/p>\n\n\n\n<p><strong>Em que departamento come\u00e7aste e como come\u00e7aste?<\/strong><\/p>\n\n\n\n<p>Comecei na equipa de apoio. A\u00ed conheci os produtos do CIB juntamente com os outros quatro estagi\u00e1rios. Isto deu-nos um primeiro vislumbre da vasta gama de produtos e, ao mesmo tempo, fic\u00e1mos a conhecer os outros estagi\u00e1rios. O in\u00edcio foi bem organizado e estruturado para que todos pudessem aprender ao seu pr\u00f3prio ritmo e havia sempre uma pessoa de contacto no local se houvesse algum problema.<\/p>\n\n\n\n<p><strong>Onde est\u00e1s agora?<\/strong><\/p>\n\n\n\n<p class=\"translation-block\">Agora fa\u00e7o parte da equipa de desenvolvimento e trabalho na automatiza\u00e7\u00e3o de processos, entre outras coisas, e j\u00e1 dei uma pequena contribui\u00e7\u00e3o para o novo doXisafe.<\/p>\n\n\n\n<p><strong>O que \u00e9 que mais gostas na CIB?<\/strong><\/p>\n\n\n\n<p>O que mais gosto \u00e9 que, mesmo como estagi\u00e1rio, esteja envolvido em projectos em curso e da abertura geral a novas ideias e sugest\u00f5es.<\/p>\n\n\n\n<p><strong>Que conselhos tens para os que saem da universidade?<\/strong><\/p>\n\n\n\n<p>Se for uma pessoa mais orientada para a pr\u00e1tica, um est\u00e1gio pode ser mais adequado para si \u2013 especialmente no sector das TI, j\u00e1 n\u00e3o precisa necess\u00e1riamente de um diploma para conseguir um bom emprego mais tarde. \u00c9 por isso que recomendo a qualquer pessoa que duvide se um curso de estudo \u00e9 adequado, que simplesmente d\u00ea uma vista de olhos ao mercado de trabalho e considere se um est\u00e1gio n\u00e3o \u00e9 suficiente. Na melhor das hip\u00f3teses, troque um longo curso de estudo, teoricamente pesado, por uma aprendizagem variada e orientada para a pr\u00e1tica, na qual n\u00e3o s\u00f3 ganha dinheiro, mas tamb\u00e9m ganha uma valiosa experi\u00eancia profissional.<\/p>\n\n\n\n<p>Obrigado por partilhares as tuas experi\u00eancias connosco.<\/p>","protected":false},"excerpt":{"rendered":"<p>Interview mit Evelyn H. Hallo Evelyn! Was hast du studiert und wie kam es zum Studienabbruch? Ich habe nach dem Abitur ein Semester lang \u201eAllgemeine P\u00e4dagogik\u201c mit dem Nebenfach \u201eSoziologie\u201c an der LMU M\u00fcnchen studiert. Ich habe mich eigentlich f\u00fcr Psychologie interessiert, aber daf\u00fcr hat mein Abitur-Notenschnitt nicht gereicht (ich h\u00e4tte einen Einserschnitt gebraucht).Deswegen habe &#8230; <a title=\"Se for uma pessoa pr\u00e1tica, um est\u00e1gio pode ser mais adequado para si.\" class=\"read-more\" href=\"https:\/\/www.cib.de\/pt\/wenn-du-eher-ein-praxisorientierter-mensch-bistpasst-eine-ausbildung-vielleicht-besser-zu-dir\/\" aria-label=\"Leia mais sobre Wenn du ein praxisorientierter Mensch bist, passt eine Ausbildung vielleicht besser zu dir\">Ler mais<\/a><\/p>","protected":false},"author":246,"featured_media":33519,"comment_status":"closed","ping_status":"closed","sticky":false,"template":"","format":"standard","meta":{"_acf_changed":false,"footnotes":""},"categories":[1561],"tags":[],"class_list":["post-19972","post","type-post","status-publish","format-standard","has-post-thumbnail","hentry","category-zweite-chance"],"acf":[],"yoast_head":"<!-- This site is optimized with the Yoast SEO plugin v27.5 - https:\/\/yoast.com\/product\/yoast-seo-wordpress\/ -->\n<title>Wenn du ein praxisorientierter Mensch bist, passt eine Ausbildung vielleicht besser zu dir - CIB Group<\/title>\n<meta name=\"robots\" content=\"index, follow, max-snippet:-1, max-image-preview:large, max-video-preview:-1\" \/>\n<link rel=\"canonical\" href=\"https:\/\/www.cib.de\/pt\/se-for-uma-pessoa-pratica-um-estagio-pode-ser-mais-adequado-para-si\/\" \/>\n<meta property=\"og:locale\" content=\"pt_PT\" \/>\n<meta property=\"og:type\" content=\"article\" \/>\n<meta property=\"og:title\" content=\"Wenn du ein praxisorientierter Mensch bist, passt eine Ausbildung vielleicht besser zu dir - CIB Group\" \/>\n<meta property=\"og:description\" content=\"Interview mit Evelyn H. Hallo Evelyn! Was hast du studiert und wie kam es zum Studienabbruch? Ich habe nach dem Abitur ein Semester lang \u201eAllgemeine P\u00e4dagogik\u201c mit dem Nebenfach \u201eSoziologie\u201c an der LMU M\u00fcnchen studiert. Ich habe mich eigentlich f\u00fcr Psychologie interessiert, aber daf\u00fcr hat mein Abitur-Notenschnitt nicht gereicht (ich h\u00e4tte einen Einserschnitt gebraucht).Deswegen habe ... Ler mais\" \/>\n<meta property=\"og:url\" content=\"https:\/\/www.cib.de\/pt\/se-for-uma-pessoa-pratica-um-estagio-pode-ser-mais-adequado-para-si\/\" \/>\n<meta property=\"og:site_name\" content=\"CIB Group\" \/>\n<meta property=\"article:publisher\" content=\"https:\/\/www.linkedin.com\/company\/cib\/\" \/>\n<meta property=\"article:published_time\" content=\"2020-01-12T11:24:00+00:00\" \/>\n<meta property=\"article:modified_time\" content=\"2023-12-05T08:41:11+00:00\" \/>\n<meta property=\"og:image\" content=\"https:\/\/www.cib.de\/wp-content\/uploads\/2022\/03\/Zweite-Chance_CIB-BG-scaled.jpg\" \/>\n\t<meta property=\"og:image:width\" content=\"2560\" \/>\n\t<meta property=\"og:image:height\" content=\"1320\" \/>\n\t<meta property=\"og:image:type\" content=\"image\/jpeg\" \/>\n<meta name=\"author\" content=\"CIB Group\" \/>\n<meta name=\"twitter:card\" content=\"summary_large_image\" \/>\n<meta name=\"twitter:label1\" content=\"Escrito por\" \/>\n\t<meta name=\"twitter:data1\" content=\"CIB Group\" \/>\n\t<meta name=\"twitter:label2\" content=\"Tempo estimado de leitura\" \/>\n\t<meta name=\"twitter:data2\" content=\"3 minutos\" \/>\n<script type=\"application\/ld+json\" class=\"yoast-schema-graph\">{\"@context\":\"https:\\\/\\\/schema.org\",\"@graph\":[{\"@type\":\"Article\",\"@id\":\"https:\\\/\\\/www.cib.de\\\/wenn-du-eher-ein-praxisorientierter-mensch-bistpasst-eine-ausbildung-vielleicht-besser-zu-dir\\\/#article\",\"isPartOf\":{\"@id\":\"https:\\\/\\\/www.cib.de\\\/wenn-du-eher-ein-praxisorientierter-mensch-bistpasst-eine-ausbildung-vielleicht-besser-zu-dir\\\/\"},\"author\":{\"name\":\"CIB Group\",\"@id\":\"https:\\\/\\\/www.cib.de\\\/#\\\/schema\\\/person\\\/4c70f0634b93acb47baacdb671694155\"},\"headline\":\"Wenn du ein praxisorientierter Mensch bist, passt eine Ausbildung vielleicht besser zu dir\",\"datePublished\":\"2020-01-12T11:24:00+00:00\",\"dateModified\":\"2023-12-05T08:41:11+00:00\",\"mainEntityOfPage\":{\"@id\":\"https:\\\/\\\/www.cib.de\\\/wenn-du-eher-ein-praxisorientierter-mensch-bistpasst-eine-ausbildung-vielleicht-besser-zu-dir\\\/\"},\"wordCount\":588,\"publisher\":{\"@id\":\"https:\\\/\\\/www.cib.de\\\/#organization\"},\"image\":{\"@id\":\"https:\\\/\\\/www.cib.de\\\/wenn-du-eher-ein-praxisorientierter-mensch-bistpasst-eine-ausbildung-vielleicht-besser-zu-dir\\\/#primaryimage\"},\"thumbnailUrl\":\"https:\\\/\\\/www.cib.de\\\/wp-content\\\/uploads\\\/2022\\\/03\\\/Zweite-Chance_CIB-BG-scaled-e1768316911202.jpg\",\"articleSection\":[\"Zweite Chance\"],\"inLanguage\":\"pt-PT\"},{\"@type\":\"WebPage\",\"@id\":\"https:\\\/\\\/www.cib.de\\\/wenn-du-eher-ein-praxisorientierter-mensch-bistpasst-eine-ausbildung-vielleicht-besser-zu-dir\\\/\",\"url\":\"https:\\\/\\\/www.cib.de\\\/wenn-du-eher-ein-praxisorientierter-mensch-bistpasst-eine-ausbildung-vielleicht-besser-zu-dir\\\/\",\"name\":\"Wenn du ein praxisorientierter Mensch bist, passt eine Ausbildung vielleicht besser zu dir - CIB Group\",\"isPartOf\":{\"@id\":\"https:\\\/\\\/www.cib.de\\\/#website\"},\"primaryImageOfPage\":{\"@id\":\"https:\\\/\\\/www.cib.de\\\/wenn-du-eher-ein-praxisorientierter-mensch-bistpasst-eine-ausbildung-vielleicht-besser-zu-dir\\\/#primaryimage\"},\"image\":{\"@id\":\"https:\\\/\\\/www.cib.de\\\/wenn-du-eher-ein-praxisorientierter-mensch-bistpasst-eine-ausbildung-vielleicht-besser-zu-dir\\\/#primaryimage\"},\"thumbnailUrl\":\"https:\\\/\\\/www.cib.de\\\/wp-content\\\/uploads\\\/2022\\\/03\\\/Zweite-Chance_CIB-BG-scaled-e1768316911202.jpg\",\"datePublished\":\"2020-01-12T11:24:00+00:00\",\"dateModified\":\"2023-12-05T08:41:11+00:00\",\"breadcrumb\":{\"@id\":\"https:\\\/\\\/www.cib.de\\\/wenn-du-eher-ein-praxisorientierter-mensch-bistpasst-eine-ausbildung-vielleicht-besser-zu-dir\\\/#breadcrumb\"},\"inLanguage\":\"pt-PT\",\"potentialAction\":[{\"@type\":\"ReadAction\",\"target\":[\"https:\\\/\\\/www.cib.de\\\/wenn-du-eher-ein-praxisorientierter-mensch-bistpasst-eine-ausbildung-vielleicht-besser-zu-dir\\\/\"]}]},{\"@type\":\"ImageObject\",\"inLanguage\":\"pt-PT\",\"@id\":\"https:\\\/\\\/www.cib.de\\\/wenn-du-eher-ein-praxisorientierter-mensch-bistpasst-eine-ausbildung-vielleicht-besser-zu-dir\\\/#primaryimage\",\"url\":\"https:\\\/\\\/www.cib.de\\\/wp-content\\\/uploads\\\/2022\\\/03\\\/Zweite-Chance_CIB-BG-scaled-e1768316911202.jpg\",\"contentUrl\":\"https:\\\/\\\/www.cib.de\\\/wp-content\\\/uploads\\\/2022\\\/03\\\/Zweite-Chance_CIB-BG-scaled-e1768316911202.jpg\",\"width\":1164,\"height\":600},{\"@type\":\"BreadcrumbList\",\"@id\":\"https:\\\/\\\/www.cib.de\\\/wenn-du-eher-ein-praxisorientierter-mensch-bistpasst-eine-ausbildung-vielleicht-besser-zu-dir\\\/#breadcrumb\",\"itemListElement\":[{\"@type\":\"ListItem\",\"position\":1,\"name\":\"Home\",\"item\":\"https:\\\/\\\/www.cib.de\\\/\"},{\"@type\":\"ListItem\",\"position\":2,\"name\":\"Wenn du ein praxisorientierter Mensch bist, passt eine Ausbildung vielleicht besser zu dir\"}]},{\"@type\":\"WebSite\",\"@id\":\"https:\\\/\\\/www.cib.de\\\/#website\",\"url\":\"https:\\\/\\\/www.cib.de\\\/\",\"name\":\"CIB Group\",\"description\":\"Digitalisierung, Prozessautomatisierung, K\u00fcnstliche Intelligenz\",\"publisher\":{\"@id\":\"https:\\\/\\\/www.cib.de\\\/#organization\"},\"potentialAction\":[{\"@type\":\"SearchAction\",\"target\":{\"@type\":\"EntryPoint\",\"urlTemplate\":\"https:\\\/\\\/www.cib.de\\\/?s={search_term_string}\"},\"query-input\":{\"@type\":\"PropertyValueSpecification\",\"valueRequired\":true,\"valueName\":\"search_term_string\"}}],\"inLanguage\":\"pt-PT\"},{\"@type\":\"Organization\",\"@id\":\"https:\\\/\\\/www.cib.de\\\/#organization\",\"name\":\"CIB Group\",\"url\":\"https:\\\/\\\/www.cib.de\\\/\",\"logo\":{\"@type\":\"ImageObject\",\"inLanguage\":\"pt-PT\",\"@id\":\"https:\\\/\\\/www.cib.de\\\/#\\\/schema\\\/logo\\\/image\\\/\",\"url\":\"https:\\\/\\\/www.cib.de\\\/wp-content\\\/uploads\\\/2023\\\/10\\\/CIB_Logo_.svg\",\"contentUrl\":\"https:\\\/\\\/www.cib.de\\\/wp-content\\\/uploads\\\/2023\\\/10\\\/CIB_Logo_.svg\",\"width\":283,\"height\":128,\"caption\":\"CIB Group\"},\"image\":{\"@id\":\"https:\\\/\\\/www.cib.de\\\/#\\\/schema\\\/logo\\\/image\\\/\"},\"sameAs\":[\"https:\\\/\\\/www.linkedin.com\\\/company\\\/cib\\\/\"]},{\"@type\":\"Person\",\"@id\":\"https:\\\/\\\/www.cib.de\\\/#\\\/schema\\\/person\\\/4c70f0634b93acb47baacdb671694155\",\"name\":\"CIB Group\",\"image\":{\"@type\":\"ImageObject\",\"inLanguage\":\"pt-PT\",\"@id\":\"https:\\\/\\\/www.cib.de\\\/wp-content\\\/uploads\\\/2023\\\/03\\\/logo_signature2.png\",\"url\":\"https:\\\/\\\/www.cib.de\\\/wp-content\\\/uploads\\\/2023\\\/03\\\/logo_signature2.png\",\"contentUrl\":\"https:\\\/\\\/www.cib.de\\\/wp-content\\\/uploads\\\/2023\\\/03\\\/logo_signature2.png\",\"caption\":\"CIB Group\"},\"description\":\"Die Digitalisierungsexperten\"}]}<\/script>\n<!-- \/ Yoast SEO plugin. -->","yoast_head_json":{"title":"Se for uma pessoa pr\u00e1tica, um est\u00e1gio pode ser mais adequado para si.","robots":{"index":"index","follow":"follow","max-snippet":"max-snippet:-1","max-image-preview":"max-image-preview:large","max-video-preview":"max-video-preview:-1"},"canonical":"https:\/\/www.cib.de\/pt\/se-for-uma-pessoa-pratica-um-estagio-pode-ser-mais-adequado-para-si\/","og_locale":"pt_PT","og_type":"article","og_title":"Wenn du ein praxisorientierter Mensch bist, passt eine Ausbildung vielleicht besser zu dir - CIB Group","og_description":"Interview mit Evelyn H. Hallo Evelyn! Was hast du studiert und wie kam es zum Studienabbruch? Ich habe nach dem Abitur ein Semester lang \u201eAllgemeine P\u00e4dagogik\u201c mit dem Nebenfach \u201eSoziologie\u201c an der LMU M\u00fcnchen studiert. Ich habe mich eigentlich f\u00fcr Psychologie interessiert, aber daf\u00fcr hat mein Abitur-Notenschnitt nicht gereicht (ich h\u00e4tte einen Einserschnitt gebraucht).Deswegen habe ... Ler mais","og_url":"https:\/\/www.cib.de\/pt\/se-for-uma-pessoa-pratica-um-estagio-pode-ser-mais-adequado-para-si\/","og_site_name":"CIB Group","article_publisher":"https:\/\/www.linkedin.com\/company\/cib\/","article_published_time":"2020-01-12T11:24:00+00:00","article_modified_time":"2023-12-05T08:41:11+00:00","og_image":[{"width":2560,"height":1320,"url":"https:\/\/www.cib.de\/wp-content\/uploads\/2022\/03\/Zweite-Chance_CIB-BG-scaled.jpg","type":"image\/jpeg"}],"author":"CIB Group","twitter_card":"summary_large_image","twitter_misc":{"Escrito por":"CIB Group","Tempo estimado de leitura":"3 minutos"},"schema":{"@context":"https:\/\/schema.org","@graph":[{"@type":"Article","@id":"https:\/\/www.cib.de\/wenn-du-eher-ein-praxisorientierter-mensch-bistpasst-eine-ausbildung-vielleicht-besser-zu-dir\/#article","isPartOf":{"@id":"https:\/\/www.cib.de\/wenn-du-eher-ein-praxisorientierter-mensch-bistpasst-eine-ausbildung-vielleicht-besser-zu-dir\/"},"author":{"name":"CIB Group","@id":"https:\/\/www.cib.de\/#\/schema\/person\/4c70f0634b93acb47baacdb671694155"},"headline":"Wenn du ein praxisorientierter Mensch bist, passt eine Ausbildung vielleicht besser zu dir","datePublished":"2020-01-12T11:24:00+00:00","dateModified":"2023-12-05T08:41:11+00:00","mainEntityOfPage":{"@id":"https:\/\/www.cib.de\/wenn-du-eher-ein-praxisorientierter-mensch-bistpasst-eine-ausbildung-vielleicht-besser-zu-dir\/"},"wordCount":588,"publisher":{"@id":"https:\/\/www.cib.de\/#organization"},"image":{"@id":"https:\/\/www.cib.de\/wenn-du-eher-ein-praxisorientierter-mensch-bistpasst-eine-ausbildung-vielleicht-besser-zu-dir\/#primaryimage"},"thumbnailUrl":"https:\/\/www.cib.de\/wp-content\/uploads\/2022\/03\/Zweite-Chance_CIB-BG-scaled-e1768316911202.jpg","articleSection":["Zweite Chance"],"inLanguage":"pt-PT"},{"@type":"WebPage","@id":"https:\/\/www.cib.de\/wenn-du-eher-ein-praxisorientierter-mensch-bistpasst-eine-ausbildung-vielleicht-besser-zu-dir\/","url":"https:\/\/www.cib.de\/wenn-du-eher-ein-praxisorientierter-mensch-bistpasst-eine-ausbildung-vielleicht-besser-zu-dir\/","name":"Se for uma pessoa pr\u00e1tica, um est\u00e1gio pode ser mais adequado para si.","isPartOf":{"@id":"https:\/\/www.cib.de\/#website"},"primaryImageOfPage":{"@id":"https:\/\/www.cib.de\/wenn-du-eher-ein-praxisorientierter-mensch-bistpasst-eine-ausbildung-vielleicht-besser-zu-dir\/#primaryimage"},"image":{"@id":"https:\/\/www.cib.de\/wenn-du-eher-ein-praxisorientierter-mensch-bistpasst-eine-ausbildung-vielleicht-besser-zu-dir\/#primaryimage"},"thumbnailUrl":"https:\/\/www.cib.de\/wp-content\/uploads\/2022\/03\/Zweite-Chance_CIB-BG-scaled-e1768316911202.jpg","datePublished":"2020-01-12T11:24:00+00:00","dateModified":"2023-12-05T08:41:11+00:00","breadcrumb":{"@id":"https:\/\/www.cib.de\/wenn-du-eher-ein-praxisorientierter-mensch-bistpasst-eine-ausbildung-vielleicht-besser-zu-dir\/#breadcrumb"},"inLanguage":"pt-PT","potentialAction":[{"@type":"ReadAction","target":["https:\/\/www.cib.de\/wenn-du-eher-ein-praxisorientierter-mensch-bistpasst-eine-ausbildung-vielleicht-besser-zu-dir\/"]}]},{"@type":"ImageObject","inLanguage":"pt-PT","@id":"https:\/\/www.cib.de\/wenn-du-eher-ein-praxisorientierter-mensch-bistpasst-eine-ausbildung-vielleicht-besser-zu-dir\/#primaryimage","url":"https:\/\/www.cib.de\/wp-content\/uploads\/2022\/03\/Zweite-Chance_CIB-BG-scaled-e1768316911202.jpg","contentUrl":"https:\/\/www.cib.de\/wp-content\/uploads\/2022\/03\/Zweite-Chance_CIB-BG-scaled-e1768316911202.jpg","width":1164,"height":600},{"@type":"BreadcrumbList","@id":"https:\/\/www.cib.de\/wenn-du-eher-ein-praxisorientierter-mensch-bistpasst-eine-ausbildung-vielleicht-besser-zu-dir\/#breadcrumb","itemListElement":[{"@type":"ListItem","position":1,"name":"Home","item":"https:\/\/www.cib.de\/"},{"@type":"ListItem","position":2,"name":"Wenn du ein praxisorientierter Mensch bist, passt eine Ausbildung vielleicht besser zu dir"}]},{"@type":"WebSite","@id":"https:\/\/www.cib.de\/#website","url":"https:\/\/www.cib.de\/","name":"CIB Group","description":"Digitalisierung, Prozessautomatisierung, K\u00fcnstliche Intelligenz","publisher":{"@id":"https:\/\/www.cib.de\/#organization"},"potentialAction":[{"@type":"SearchAction","target":{"@type":"EntryPoint","urlTemplate":"https:\/\/www.cib.de\/?s={search_term_string}"},"query-input":{"@type":"PropertyValueSpecification","valueRequired":true,"valueName":"search_term_string"}}],"inLanguage":"pt-PT"},{"@type":"Organization","@id":"https:\/\/www.cib.de\/#organization","name":"CIB Group","url":"https:\/\/www.cib.de\/","logo":{"@type":"ImageObject","inLanguage":"pt-PT","@id":"https:\/\/www.cib.de\/#\/schema\/logo\/image\/","url":"https:\/\/www.cib.de\/wp-content\/uploads\/2023\/10\/CIB_Logo_.svg","contentUrl":"https:\/\/www.cib.de\/wp-content\/uploads\/2023\/10\/CIB_Logo_.svg","width":283,"height":128,"caption":"CIB Group"},"image":{"@id":"https:\/\/www.cib.de\/#\/schema\/logo\/image\/"},"sameAs":["https:\/\/www.linkedin.com\/company\/cib\/"]},{"@type":"Person","@id":"https:\/\/www.cib.de\/#\/schema\/person\/4c70f0634b93acb47baacdb671694155","name":"CIB Group","image":{"@type":"ImageObject","inLanguage":"pt-PT","@id":"https:\/\/www.cib.de\/wp-content\/uploads\/2023\/03\/logo_signature2.png","url":"https:\/\/www.cib.de\/wp-content\/uploads\/2023\/03\/logo_signature2.png","contentUrl":"https:\/\/www.cib.de\/wp-content\/uploads\/2023\/03\/logo_signature2.png","caption":"CIB Group"},"description":"Especialistas em digitaliza\u00e7\u00e3o"}]}},"post_mailing_queue_ids":[],"_links":{"self":[{"href":"https:\/\/www.cib.de\/pt\/wp-json\/wp\/v2\/posts\/19972","targetHints":{"allow":["GET"]}}],"collection":[{"href":"https:\/\/www.cib.de\/pt\/wp-json\/wp\/v2\/posts"}],"about":[{"href":"https:\/\/www.cib.de\/pt\/wp-json\/wp\/v2\/types\/post"}],"author":[{"embeddable":true,"href":"https:\/\/www.cib.de\/pt\/wp-json\/wp\/v2\/users\/246"}],"replies":[{"embeddable":true,"href":"https:\/\/www.cib.de\/pt\/wp-json\/wp\/v2\/comments?post=19972"}],"version-history":[{"count":8,"href":"https:\/\/www.cib.de\/pt\/wp-json\/wp\/v2\/posts\/19972\/revisions"}],"predecessor-version":[{"id":107201,"href":"https:\/\/www.cib.de\/pt\/wp-json\/wp\/v2\/posts\/19972\/revisions\/107201"}],"wp:featuredmedia":[{"embeddable":true,"href":"https:\/\/www.cib.de\/pt\/wp-json\/wp\/v2\/media\/33519"}],"wp:attachment":[{"href":"https:\/\/www.cib.de\/pt\/wp-json\/wp\/v2\/media?parent=19972"}],"wp:term":[{"taxonomy":"category","embeddable":true,"href":"https:\/\/www.cib.de\/pt\/wp-json\/wp\/v2\/categories?post=19972"},{"taxonomy":"post_tag","embeddable":true,"href":"https:\/\/www.cib.de\/pt\/wp-json\/wp\/v2\/tags?post=19972"}],"curies":[{"name":"wp","href":"https:\/\/api.w.org\/{rel}","templated":true}]}}