{"id":34322,"date":"2022-05-25T08:47:01","date_gmt":"2022-05-25T06:47:01","guid":{"rendered":"http:\/\/18.198.70.165.nip.io\/?p=34322"},"modified":"2025-04-09T12:08:46","modified_gmt":"2025-04-09T10:08:46","slug":"cib-impulsa-digitales-lernen-mit-dem-medienfuehrerschein","status":"publish","type":"post","link":"https:\/\/www.cib.de\/pt\/cib-impulsa-digitales-lernen-mit-dem-medienfuehrerschein\/","title":{"rendered":"CIB Impulsa: digitales Lernen mit dem Medienf\u00fchrerschein"},"content":{"rendered":"<p class=\"translation-block\">CIB f\u00f6rdert den Einsatz von Technologie zum spielerischen Lernen: Im Rahmen des F\u00f6rderprogramms <a href=\"https:\/\/www.cib.de\/pt\/impulsa\/\" target=\"_self\">CIB Impulsa<\/a> hat die <a href=\"http:\/\/dsvalencia.org\/de\/home-university\/\" target=\"_blank\" rel=\"noreferrer noopener\">Deutsche Schule Valencia<\/a> 14 Sch\u00fcler-iPads erhalten. Die <em>Tablets<\/em> werden vorrangig im Grundschulunterricht eingesetzt: Durch den Einsatz von Quizspielen und Learning Apps werden die technischen F\u00e4higkeiten der Sch\u00fcler von klein auf unterst\u00fctzt.<\/p>\n\n\n\n<p>Im t\u00e4glichen Unterricht wird mithilfe der iPads die eigenst\u00e4ndige Informationssuche gef\u00f6rdert, denn die Sch\u00fcler haben Zugriff auf spezielle Kinderw\u00f6rterb\u00fccher und -Wikis und auch in Gruppenarbeiten sind die Tablets inzwischen ein unersetzliches Arbeitsmittel geworden. Hier k\u00f6nnen die Sch\u00fcler gemeinsam schreiben, fotografieren und aufnehmen.&nbsp;<\/p>\n\n\n\n<div style=\"height:30px\" aria-hidden=\"true\" class=\"wp-block-spacer\"><\/div>\n\n\n\n<div class=\"wp-block-columns right-left is-layout-flex wp-container-core-columns-is-layout-9d6595d7 wp-block-columns-is-layout-flex\">\n<div class=\"wp-block-column is-layout-flow wp-block-column-is-layout-flow\" style=\"flex-basis:100%\">\n<div class=\"wp-block-columns are-vertically-aligned-center .right.left is-layout-flex wp-container-core-columns-is-layout-9d6595d7 wp-block-columns-is-layout-flex\">\n<div class=\"wp-block-column is-vertically-aligned-center is-layout-flow wp-block-column-is-layout-flow\">\n<p class=\"translation-block\"><strong>Erz\u00e4hl mir ein M\u00e4rchen<\/strong><br>Ein erstes Projekt wurde in der Unterrichtseinheit <em>M\u00e4rchen<\/em>, mit dem Schwerpunkt <em>Zuh\u00f6ren<\/em>, realisiert. In Gruppen haben die Sch\u00fcler verschiedene M\u00e4rchen als H\u00f6rspiel aufgenommen, wobei jeder Sch\u00fcler eine Rolle \u00fcbernommen und eingesprochen hat. Zu den fertigen H\u00f6rspielen wurde im Anschluss ein QR-Code generiert und Eltern f\u00fcr den Download zur Verf\u00fcgung gestellt.<\/p>\n\n\n\n<p class=\"translation-block\"><strong>Mathe macht Spa\u00df!<\/strong>&nbsp;<br>Ganz besondere Unterst\u00fctzung liefern die iPads auch beim individualisierten Lernen und im F\u00f6rderunterricht: mit den Tablets k\u00f6nnen einzelne Sch\u00fcler ganz gezielt ihre F\u00e4higkeiten im Rechnen und im Umgang mit Zahlen trainieren und verbessern. Dar\u00fcber hinaus kommen die unterst\u00fctzenden Apps zu den Lehrwerken zum Einsatz und erzeugen somit neue Motivation beim Lernen. &nbsp;<br><\/p>\n\n\n\n<p class=\"translation-block\"><strong>Projekt Medienf\u00fchrerschein<\/strong><br>In einem zuk\u00fcnftigen Projekt sollen die Sch\u00fcler einen <em>Medienf\u00fchrerschein <\/em>erwerben. Sie werden durch praktische Anwendungsf\u00e4lle genaueres \u00fcber die einzelnen Funktionen des Tablets erfahren sowie die Benutzung von Apps wie Microsoft Teams und das korrekte Verfassen und Versenden von Emails lernen.<\/p>\n<\/div>\n\n\n\n<div class=\"wp-block-column is-vertically-aligned-center is-layout-flow wp-block-column-is-layout-flow\">\n<figure class=\"wp-block-gallery has-nested-images columns-default is-cropped wp-block-gallery-1 is-layout-flex wp-block-gallery-is-layout-flex\">\n<figure class=\"wp-block-image size-large\"><img decoding=\"async\" data-id=\"50202\" src=\"https:\/\/www.cib.de\/wp-content\/uploads\/2022\/05\/impulsa_valencia_.jpg\" alt=\"DSV Valencia Ipad\" class=\"wp-image-50202\"\/><\/figure>\n<\/figure>\n<\/div>\n<\/div>\n<\/div>\n<\/div>\n\n\n\n<p class=\"translation-block\">Im Rahmen des CIB Impulsa-Programms f\u00f6rdert CIB innovative Ideen in den Bereichen Forschung und Technologie und unterst\u00fctzt Sch\u00fcler und Studenten auf ihrem Weg in das Berufsleben. Wir freuen uns auf die weitere gute Zusammenarbeit mit der <a href=\"https:\/\/www.dsv.es\" target=\"_blank\" rel=\"noreferrer noopener\">Deutschen Schule Valencia<\/a>.<\/p>\n\n\n\n<p><\/p>\n\n\n\n<p>Let\u00b4s CIB!<\/p>","protected":false},"excerpt":{"rendered":"<p>CIB f\u00f6rdert den Einsatz von Technologie zum spielerischen Lernen: Im Rahmen des F\u00f6rderprogramms CIB Impulsa hat die Deutsche Schule Valencia 14 Sch\u00fcler-iPads erhalten. Die Tablets werden vorrangig im Grundschulunterricht eingesetzt: Durch den Einsatz von Quizspielen und Learning Apps werden die technischen F\u00e4higkeiten der Sch\u00fcler von klein auf unterst\u00fctzt.&nbsp; Im t\u00e4glichen Unterricht wird mithilfe der iPads &#8230; <a title=\"CIB Impulsa: digitales Lernen mit dem Medienf\u00fchrerschein\" class=\"read-more\" href=\"https:\/\/www.cib.de\/pt\/cib-impulsa-digitales-lernen-mit-dem-medienfuehrerschein\/\" aria-label=\"Leia mais sobre CIB Impulsa: digitales Lernen mit dem Medienf\u00fchrerschein\">Ler mais<\/a><\/p>","protected":false},"author":246,"featured_media":34853,"comment_status":"closed","ping_status":"closed","sticky":false,"template":"","format":"standard","meta":{"_acf_changed":false,"footnotes":""},"categories":[220],"tags":[1100,1671,2206],"class_list":["post-34322","post","type-post","status-publish","format-standard","has-post-thumbnail","hentry","category-cat-proactive","tag-deutsche-auslandsschulen","tag-cib-impulsa","tag-only-en"],"acf":[],"yoast_head":"<!-- This site is optimized with the Yoast SEO plugin v27.5 - https:\/\/yoast.com\/product\/yoast-seo-wordpress\/ -->\n<title>CIB Impulsa: digitales Lernen mit dem Medienf\u00fchrerschein - CIB Group<\/title>\n<meta name=\"description\" content=\"Im Rahmen unseres F\u00f6rderprogramms CIB Impulsa hat die Deutsche Schule Valencia 2021 insgesamt 14 Sch\u00fcler-iPads erhalten.\" \/>\n<meta name=\"robots\" content=\"index, follow, max-snippet:-1, max-image-preview:large, max-video-preview:-1\" \/>\n<link rel=\"canonical\" href=\"https:\/\/www.cib.de\/pt\/cib-impulsa-digitales-lernen-mit-dem-medienfuehrerschein\/\" \/>\n<meta property=\"og:locale\" content=\"pt_PT\" \/>\n<meta property=\"og:type\" content=\"article\" \/>\n<meta property=\"og:title\" content=\"CIB Impulsa: digitales Lernen mit dem Medienf\u00fchrerschein - CIB Group\" \/>\n<meta property=\"og:description\" content=\"Im Rahmen unseres F\u00f6rderprogramms CIB Impulsa hat die Deutsche Schule Valencia 2021 insgesamt 14 Sch\u00fcler-iPads erhalten.\" \/>\n<meta property=\"og:url\" content=\"https:\/\/www.cib.de\/pt\/cib-impulsa-digitales-lernen-mit-dem-medienfuehrerschein\/\" \/>\n<meta property=\"og:site_name\" content=\"CIB Group\" \/>\n<meta property=\"article:publisher\" content=\"https:\/\/www.linkedin.com\/company\/cib\/\" \/>\n<meta property=\"article:published_time\" content=\"2022-05-25T06:47:01+00:00\" \/>\n<meta property=\"article:modified_time\" content=\"2025-04-09T10:08:46+00:00\" \/>\n<meta property=\"og:image\" content=\"https:\/\/www.cib.de\/wp-content\/uploads\/2022\/03\/Blog-1242x482-DS-Valencia-iPads_CIB-Group.png\" \/>\n\t<meta property=\"og:image:width\" content=\"1243\" \/>\n\t<meta property=\"og:image:height\" content=\"483\" \/>\n\t<meta property=\"og:image:type\" content=\"image\/png\" \/>\n<meta name=\"author\" content=\"CIB Group\" \/>\n<meta name=\"twitter:card\" content=\"summary_large_image\" \/>\n<meta name=\"twitter:label1\" content=\"Escrito por\" \/>\n\t<meta name=\"twitter:data1\" content=\"CIB Group\" \/>\n\t<meta name=\"twitter:label2\" content=\"Tempo estimado de leitura\" \/>\n\t<meta name=\"twitter:data2\" content=\"2 minutos\" \/>\n<script type=\"application\/ld+json\" class=\"yoast-schema-graph\">{\"@context\":\"https:\\\/\\\/schema.org\",\"@graph\":[{\"@type\":\"Article\",\"@id\":\"https:\\\/\\\/www.cib.de\\\/cib-impulsa-digitales-lernen-mit-dem-medienfuehrerschein\\\/#article\",\"isPartOf\":{\"@id\":\"https:\\\/\\\/www.cib.de\\\/cib-impulsa-digitales-lernen-mit-dem-medienfuehrerschein\\\/\"},\"author\":{\"name\":\"CIB Group\",\"@id\":\"https:\\\/\\\/www.cib.de\\\/#\\\/schema\\\/person\\\/4c70f0634b93acb47baacdb671694155\"},\"headline\":\"CIB Impulsa: digitales Lernen mit dem Medienf\u00fchrerschein\",\"datePublished\":\"2022-05-25T06:47:01+00:00\",\"dateModified\":\"2025-04-09T10:08:46+00:00\",\"mainEntityOfPage\":{\"@id\":\"https:\\\/\\\/www.cib.de\\\/cib-impulsa-digitales-lernen-mit-dem-medienfuehrerschein\\\/\"},\"wordCount\":337,\"publisher\":{\"@id\":\"https:\\\/\\\/www.cib.de\\\/#organization\"},\"image\":{\"@id\":\"https:\\\/\\\/www.cib.de\\\/cib-impulsa-digitales-lernen-mit-dem-medienfuehrerschein\\\/#primaryimage\"},\"thumbnailUrl\":\"https:\\\/\\\/www.cib.de\\\/wp-content\\\/uploads\\\/2022\\\/03\\\/Blog-1242x482-DS-Valencia-iPads_CIB-Group-e1768316648683.png\",\"keywords\":[\"Deutsche Auslandsschulen\",\"CIB Impulsa\",\"EN\"],\"articleSection\":[\"CIB proActive\"],\"inLanguage\":\"pt-PT\"},{\"@type\":\"WebPage\",\"@id\":\"https:\\\/\\\/www.cib.de\\\/cib-impulsa-digitales-lernen-mit-dem-medienfuehrerschein\\\/\",\"url\":\"https:\\\/\\\/www.cib.de\\\/cib-impulsa-digitales-lernen-mit-dem-medienfuehrerschein\\\/\",\"name\":\"CIB Impulsa: digitales Lernen mit dem Medienf\u00fchrerschein - CIB Group\",\"isPartOf\":{\"@id\":\"https:\\\/\\\/www.cib.de\\\/#website\"},\"primaryImageOfPage\":{\"@id\":\"https:\\\/\\\/www.cib.de\\\/cib-impulsa-digitales-lernen-mit-dem-medienfuehrerschein\\\/#primaryimage\"},\"image\":{\"@id\":\"https:\\\/\\\/www.cib.de\\\/cib-impulsa-digitales-lernen-mit-dem-medienfuehrerschein\\\/#primaryimage\"},\"thumbnailUrl\":\"https:\\\/\\\/www.cib.de\\\/wp-content\\\/uploads\\\/2022\\\/03\\\/Blog-1242x482-DS-Valencia-iPads_CIB-Group-e1768316648683.png\",\"datePublished\":\"2022-05-25T06:47:01+00:00\",\"dateModified\":\"2025-04-09T10:08:46+00:00\",\"description\":\"Im Rahmen unseres F\u00f6rderprogramms CIB Impulsa hat die Deutsche Schule Valencia 2021 insgesamt 14 Sch\u00fcler-iPads erhalten.\",\"breadcrumb\":{\"@id\":\"https:\\\/\\\/www.cib.de\\\/cib-impulsa-digitales-lernen-mit-dem-medienfuehrerschein\\\/#breadcrumb\"},\"inLanguage\":\"pt-PT\",\"potentialAction\":[{\"@type\":\"ReadAction\",\"target\":[\"https:\\\/\\\/www.cib.de\\\/cib-impulsa-digitales-lernen-mit-dem-medienfuehrerschein\\\/\"]}]},{\"@type\":\"ImageObject\",\"inLanguage\":\"pt-PT\",\"@id\":\"https:\\\/\\\/www.cib.de\\\/cib-impulsa-digitales-lernen-mit-dem-medienfuehrerschein\\\/#primaryimage\",\"url\":\"https:\\\/\\\/www.cib.de\\\/wp-content\\\/uploads\\\/2022\\\/03\\\/Blog-1242x482-DS-Valencia-iPads_CIB-Group-e1768316648683.png\",\"contentUrl\":\"https:\\\/\\\/www.cib.de\\\/wp-content\\\/uploads\\\/2022\\\/03\\\/Blog-1242x482-DS-Valencia-iPads_CIB-Group-e1768316648683.png\",\"width\":1158,\"height\":450},{\"@type\":\"BreadcrumbList\",\"@id\":\"https:\\\/\\\/www.cib.de\\\/cib-impulsa-digitales-lernen-mit-dem-medienfuehrerschein\\\/#breadcrumb\",\"itemListElement\":[{\"@type\":\"ListItem\",\"position\":1,\"name\":\"Home\",\"item\":\"https:\\\/\\\/www.cib.de\\\/\"},{\"@type\":\"ListItem\",\"position\":2,\"name\":\"CIB Impulsa: digitales Lernen mit dem Medienf\u00fchrerschein\"}]},{\"@type\":\"WebSite\",\"@id\":\"https:\\\/\\\/www.cib.de\\\/#website\",\"url\":\"https:\\\/\\\/www.cib.de\\\/\",\"name\":\"CIB Group\",\"description\":\"Digitalisierung, Prozessautomatisierung, K\u00fcnstliche Intelligenz\",\"publisher\":{\"@id\":\"https:\\\/\\\/www.cib.de\\\/#organization\"},\"potentialAction\":[{\"@type\":\"SearchAction\",\"target\":{\"@type\":\"EntryPoint\",\"urlTemplate\":\"https:\\\/\\\/www.cib.de\\\/?s={search_term_string}\"},\"query-input\":{\"@type\":\"PropertyValueSpecification\",\"valueRequired\":true,\"valueName\":\"search_term_string\"}}],\"inLanguage\":\"pt-PT\"},{\"@type\":\"Organization\",\"@id\":\"https:\\\/\\\/www.cib.de\\\/#organization\",\"name\":\"CIB Group\",\"url\":\"https:\\\/\\\/www.cib.de\\\/\",\"logo\":{\"@type\":\"ImageObject\",\"inLanguage\":\"pt-PT\",\"@id\":\"https:\\\/\\\/www.cib.de\\\/#\\\/schema\\\/logo\\\/image\\\/\",\"url\":\"https:\\\/\\\/www.cib.de\\\/wp-content\\\/uploads\\\/2023\\\/10\\\/CIB_Logo_.svg\",\"contentUrl\":\"https:\\\/\\\/www.cib.de\\\/wp-content\\\/uploads\\\/2023\\\/10\\\/CIB_Logo_.svg\",\"width\":283,\"height\":128,\"caption\":\"CIB Group\"},\"image\":{\"@id\":\"https:\\\/\\\/www.cib.de\\\/#\\\/schema\\\/logo\\\/image\\\/\"},\"sameAs\":[\"https:\\\/\\\/www.linkedin.com\\\/company\\\/cib\\\/\"]},{\"@type\":\"Person\",\"@id\":\"https:\\\/\\\/www.cib.de\\\/#\\\/schema\\\/person\\\/4c70f0634b93acb47baacdb671694155\",\"name\":\"CIB Group\",\"image\":{\"@type\":\"ImageObject\",\"inLanguage\":\"pt-PT\",\"@id\":\"https:\\\/\\\/www.cib.de\\\/wp-content\\\/uploads\\\/2023\\\/03\\\/logo_signature2.png\",\"url\":\"https:\\\/\\\/www.cib.de\\\/wp-content\\\/uploads\\\/2023\\\/03\\\/logo_signature2.png\",\"contentUrl\":\"https:\\\/\\\/www.cib.de\\\/wp-content\\\/uploads\\\/2023\\\/03\\\/logo_signature2.png\",\"caption\":\"CIB Group\"},\"description\":\"Die Digitalisierungsexperten\"}]}<\/script>\n<!-- \/ Yoast SEO plugin. -->","yoast_head_json":{"title":"CIB Impulsa: digitales Lernen mit dem Medienf\u00fchrerschein - CIB Group","description":"Im Rahmen unseres F\u00f6rderprogramms CIB Impulsa hat die Deutsche Schule Valencia 2021 insgesamt 14 Sch\u00fcler-iPads erhalten.","robots":{"index":"index","follow":"follow","max-snippet":"max-snippet:-1","max-image-preview":"max-image-preview:large","max-video-preview":"max-video-preview:-1"},"canonical":"https:\/\/www.cib.de\/pt\/cib-impulsa-digitales-lernen-mit-dem-medienfuehrerschein\/","og_locale":"pt_PT","og_type":"article","og_title":"CIB Impulsa: digitales Lernen mit dem Medienf\u00fchrerschein - CIB Group","og_description":"Im Rahmen unseres F\u00f6rderprogramms CIB Impulsa hat die Deutsche Schule Valencia 2021 insgesamt 14 Sch\u00fcler-iPads erhalten.","og_url":"https:\/\/www.cib.de\/pt\/cib-impulsa-digitales-lernen-mit-dem-medienfuehrerschein\/","og_site_name":"CIB Group","article_publisher":"https:\/\/www.linkedin.com\/company\/cib\/","article_published_time":"2022-05-25T06:47:01+00:00","article_modified_time":"2025-04-09T10:08:46+00:00","og_image":[{"width":1243,"height":483,"url":"https:\/\/www.cib.de\/wp-content\/uploads\/2022\/03\/Blog-1242x482-DS-Valencia-iPads_CIB-Group.png","type":"image\/png"}],"author":"CIB Group","twitter_card":"summary_large_image","twitter_misc":{"Escrito por":"CIB Group","Tempo estimado de leitura":"2 minutos"},"schema":{"@context":"https:\/\/schema.org","@graph":[{"@type":"Article","@id":"https:\/\/www.cib.de\/cib-impulsa-digitales-lernen-mit-dem-medienfuehrerschein\/#article","isPartOf":{"@id":"https:\/\/www.cib.de\/cib-impulsa-digitales-lernen-mit-dem-medienfuehrerschein\/"},"author":{"name":"CIB Group","@id":"https:\/\/www.cib.de\/#\/schema\/person\/4c70f0634b93acb47baacdb671694155"},"headline":"CIB Impulsa: digitales Lernen mit dem Medienf\u00fchrerschein","datePublished":"2022-05-25T06:47:01+00:00","dateModified":"2025-04-09T10:08:46+00:00","mainEntityOfPage":{"@id":"https:\/\/www.cib.de\/cib-impulsa-digitales-lernen-mit-dem-medienfuehrerschein\/"},"wordCount":337,"publisher":{"@id":"https:\/\/www.cib.de\/#organization"},"image":{"@id":"https:\/\/www.cib.de\/cib-impulsa-digitales-lernen-mit-dem-medienfuehrerschein\/#primaryimage"},"thumbnailUrl":"https:\/\/www.cib.de\/wp-content\/uploads\/2022\/03\/Blog-1242x482-DS-Valencia-iPads_CIB-Group-e1768316648683.png","keywords":["Deutsche Auslandsschulen","CIB Impulsa","EN"],"articleSection":["CIB proActive"],"inLanguage":"pt-PT"},{"@type":"WebPage","@id":"https:\/\/www.cib.de\/cib-impulsa-digitales-lernen-mit-dem-medienfuehrerschein\/","url":"https:\/\/www.cib.de\/cib-impulsa-digitales-lernen-mit-dem-medienfuehrerschein\/","name":"CIB Impulsa: digitales Lernen mit dem Medienf\u00fchrerschein - CIB Group","isPartOf":{"@id":"https:\/\/www.cib.de\/#website"},"primaryImageOfPage":{"@id":"https:\/\/www.cib.de\/cib-impulsa-digitales-lernen-mit-dem-medienfuehrerschein\/#primaryimage"},"image":{"@id":"https:\/\/www.cib.de\/cib-impulsa-digitales-lernen-mit-dem-medienfuehrerschein\/#primaryimage"},"thumbnailUrl":"https:\/\/www.cib.de\/wp-content\/uploads\/2022\/03\/Blog-1242x482-DS-Valencia-iPads_CIB-Group-e1768316648683.png","datePublished":"2022-05-25T06:47:01+00:00","dateModified":"2025-04-09T10:08:46+00:00","description":"Im Rahmen unseres F\u00f6rderprogramms CIB Impulsa hat die Deutsche Schule Valencia 2021 insgesamt 14 Sch\u00fcler-iPads erhalten.","breadcrumb":{"@id":"https:\/\/www.cib.de\/cib-impulsa-digitales-lernen-mit-dem-medienfuehrerschein\/#breadcrumb"},"inLanguage":"pt-PT","potentialAction":[{"@type":"ReadAction","target":["https:\/\/www.cib.de\/cib-impulsa-digitales-lernen-mit-dem-medienfuehrerschein\/"]}]},{"@type":"ImageObject","inLanguage":"pt-PT","@id":"https:\/\/www.cib.de\/cib-impulsa-digitales-lernen-mit-dem-medienfuehrerschein\/#primaryimage","url":"https:\/\/www.cib.de\/wp-content\/uploads\/2022\/03\/Blog-1242x482-DS-Valencia-iPads_CIB-Group-e1768316648683.png","contentUrl":"https:\/\/www.cib.de\/wp-content\/uploads\/2022\/03\/Blog-1242x482-DS-Valencia-iPads_CIB-Group-e1768316648683.png","width":1158,"height":450},{"@type":"BreadcrumbList","@id":"https:\/\/www.cib.de\/cib-impulsa-digitales-lernen-mit-dem-medienfuehrerschein\/#breadcrumb","itemListElement":[{"@type":"ListItem","position":1,"name":"Home","item":"https:\/\/www.cib.de\/"},{"@type":"ListItem","position":2,"name":"CIB Impulsa: digitales Lernen mit dem Medienf\u00fchrerschein"}]},{"@type":"WebSite","@id":"https:\/\/www.cib.de\/#website","url":"https:\/\/www.cib.de\/","name":"CIB Group","description":"Digitalisierung, Prozessautomatisierung, K\u00fcnstliche Intelligenz","publisher":{"@id":"https:\/\/www.cib.de\/#organization"},"potentialAction":[{"@type":"SearchAction","target":{"@type":"EntryPoint","urlTemplate":"https:\/\/www.cib.de\/?s={search_term_string}"},"query-input":{"@type":"PropertyValueSpecification","valueRequired":true,"valueName":"search_term_string"}}],"inLanguage":"pt-PT"},{"@type":"Organization","@id":"https:\/\/www.cib.de\/#organization","name":"CIB Group","url":"https:\/\/www.cib.de\/","logo":{"@type":"ImageObject","inLanguage":"pt-PT","@id":"https:\/\/www.cib.de\/#\/schema\/logo\/image\/","url":"https:\/\/www.cib.de\/wp-content\/uploads\/2023\/10\/CIB_Logo_.svg","contentUrl":"https:\/\/www.cib.de\/wp-content\/uploads\/2023\/10\/CIB_Logo_.svg","width":283,"height":128,"caption":"CIB Group"},"image":{"@id":"https:\/\/www.cib.de\/#\/schema\/logo\/image\/"},"sameAs":["https:\/\/www.linkedin.com\/company\/cib\/"]},{"@type":"Person","@id":"https:\/\/www.cib.de\/#\/schema\/person\/4c70f0634b93acb47baacdb671694155","name":"CIB Group","image":{"@type":"ImageObject","inLanguage":"pt-PT","@id":"https:\/\/www.cib.de\/wp-content\/uploads\/2023\/03\/logo_signature2.png","url":"https:\/\/www.cib.de\/wp-content\/uploads\/2023\/03\/logo_signature2.png","contentUrl":"https:\/\/www.cib.de\/wp-content\/uploads\/2023\/03\/logo_signature2.png","caption":"CIB Group"},"description":"Especialistas em digitaliza\u00e7\u00e3o"}]}},"post_mailing_queue_ids":[],"_links":{"self":[{"href":"https:\/\/www.cib.de\/pt\/wp-json\/wp\/v2\/posts\/34322","targetHints":{"allow":["GET"]}}],"collection":[{"href":"https:\/\/www.cib.de\/pt\/wp-json\/wp\/v2\/posts"}],"about":[{"href":"https:\/\/www.cib.de\/pt\/wp-json\/wp\/v2\/types\/post"}],"author":[{"embeddable":true,"href":"https:\/\/www.cib.de\/pt\/wp-json\/wp\/v2\/users\/246"}],"replies":[{"embeddable":true,"href":"https:\/\/www.cib.de\/pt\/wp-json\/wp\/v2\/comments?post=34322"}],"version-history":[{"count":34,"href":"https:\/\/www.cib.de\/pt\/wp-json\/wp\/v2\/posts\/34322\/revisions"}],"predecessor-version":[{"id":50756,"href":"https:\/\/www.cib.de\/pt\/wp-json\/wp\/v2\/posts\/34322\/revisions\/50756"}],"wp:featuredmedia":[{"embeddable":true,"href":"https:\/\/www.cib.de\/pt\/wp-json\/wp\/v2\/media\/34853"}],"wp:attachment":[{"href":"https:\/\/www.cib.de\/pt\/wp-json\/wp\/v2\/media?parent=34322"}],"wp:term":[{"taxonomy":"category","embeddable":true,"href":"https:\/\/www.cib.de\/pt\/wp-json\/wp\/v2\/categories?post=34322"},{"taxonomy":"post_tag","embeddable":true,"href":"https:\/\/www.cib.de\/pt\/wp-json\/wp\/v2\/tags?post=34322"}],"curies":[{"name":"wp","href":"https:\/\/api.w.org\/{rel}","templated":true}]}}