{"id":55633,"date":"2023-01-12T10:00:00","date_gmt":"2023-01-12T09:00:00","guid":{"rendered":"https:\/\/www.cib.de\/?p=55633"},"modified":"2024-11-04T13:32:38","modified_gmt":"2024-11-04T12:32:38","slug":"estagiario-para-funcionario-experiencia-de-treinamento","status":"publish","type":"post","link":"https:\/\/www.cib.de\/pt\/bachelorarbeit-und-praxiserfahrung-bei-cib\/","title":{"rendered":"De estagi\u00e1rio a funcion\u00e1rio em tempo integral: minha experi\u00eancia pr\u00e1tica de treinamento no CIB"},"content":{"rendered":"<div data-elementor-type=\"wp-post\" data-elementor-id=\"55633\" class=\"elementor elementor-55633\" data-elementor-post-type=\"post\">\n\t\t\t\t\t\t<section class=\"elementor-section elementor-top-section elementor-element elementor-element-08b2a54 elementor-section-boxed elementor-section-height-default elementor-section-height-default\" data-id=\"08b2a54\" data-element_type=\"section\" data-e-type=\"section\">\n\t\t\t\t\t\t<div class=\"elementor-container elementor-column-gap-default\">\n\t\t\t\t\t<div class=\"elementor-column elementor-col-100 elementor-top-column elementor-element elementor-element-9df8fb7\" data-id=\"9df8fb7\" data-element_type=\"column\" data-e-type=\"column\">\n\t\t\t<div class=\"elementor-widget-wrap elementor-element-populated\">\n\t\t\t\t\t\t<div class=\"elementor-element elementor-element-f80630f elementor-widget elementor-widget-text-editor\" data-id=\"f80630f\" data-element_type=\"widget\" data-e-type=\"widget\" data-widget_type=\"text-editor.default\">\n\t\t\t\t<div class=\"elementor-widget-container\">\n\t\t\t\t\t\t\t\t\t<p><b>W\u00e4hrend seines Bachelorstudiums in Mathematik an der TU M\u00fcnchen entdeckte Philipp Sanwald seine Leidenschaft zur Informatik. Die Entscheidung, Praxiserfahrung bei einem Unternehmen der IT-Branche zu sammeln, war also naheliegend. Wir haben Philipp gebeten, \u00fcber seine Erfahrungen und die Zeit als Werkstudent bei CIB zu erz\u00e4hlen und seine Eindr\u00fccke zu schildern:<\/b><\/p><p class=\"translation-block\"><span data-contrast=\"auto\">W\u00e4hrend meines Bachelorstudiums in Mathematik an der\u202f<\/span><a href=\"https:\/\/www.tum.de\/\" target=\"_self\"><span data-contrast=\"none\">TU M\u00fcnchen<\/span><\/a><span data-contrast=\"auto\">\u202f stellte sich heraus, dass die F\u00e4cher Mathematik, Wissenschaftliches Rechnen und Optimierung mir am meisten Spa\u00df machten, da mich das P<\/span><span data-contrast=\"auto\">rogrammieren und die Umsetzung der im Unterricht besprochenen Algorithmen faszinierte. Aus diesem Grund wechselte ich sp\u00e4ter auch mein Nebenfach zu Informatik. Schon bald wurden praktische Grundlagen der Programmierung und funktionale Programmierung zu meinen Lieblingskursen, wodurch mir klar wurde, dass Praxiserfahrung in der Softwareentwicklung oder einem verwandten Bereich das Richtige f\u00fcr mich sein w\u00fcrde. W\u00e4hrend des Schreibens meiner Abschlussarbeit h\u00f6rte ich von CIB als Softwarefirma, die viele spannende Projekte in den Bereichen KI und Webentwicklung durchf\u00fchrt. Die Bewerbung bei CIB als Werkstudent war daher eine tolle Gelegenheit f\u00fcr mich!<\/span><span data-ccp-props=\"{&quot;201341983&quot;:2,&quot;335559739&quot;:360,&quot;335559740&quot;:504}\">&nbsp;<\/span><\/p><p><span data-contrast=\"auto\">Die Zeit bei CIB hat mir wirklich gut gefallen und meine Erwartungen, einen besseren Einblick in die IT-Branche zu bekommen und n\u00e4her mit relevanten Tools, Frameworks und Technologien in Ber\u00fchrung zu kommen, haben sich voll erf\u00fcllt. Meine positiven Eindr\u00fccke basieren sicherlich auch auf der Kombination von Arbeitsplatz und den Kollegen, die ich kennengelernt habe. Meine Aufgaben hatten einen konkreten Anwendungsbezug und waren f\u00fcr CIB von Nutzen. Ich konnte h\u00e4ufig Ideen mit Kollegen austauschen und, wenn n\u00f6tig, meinen Teamleiter und die Support- und Web-Entwicklungsteams um Unterst\u00fctzung bitten. Bei Schwierigkeiten standen sie mir jederzeit gerne zur Seite und vermittelten einen starken Teamgeist.<\/span><span data-ccp-props=\"{&quot;201341983&quot;:2,&quot;335559739&quot;:360,&quot;335559740&quot;:504}\">\u00a0<\/span><\/p><p><span data-contrast=\"auto\">CIB bietet eine hervorragende M\u00f6glichkeit, viele Themen zu vertiefen. Das gute Verst\u00e4ndnis des Unternehmens f\u00fcr die Entwicklung neuer Projekte und Tendenzen in der Tech-Branche f\u00fchrt dazu, dass viele innovative Ideen umgesetzt werden.<\/span><span data-ccp-props=\"{&quot;201341983&quot;:2,&quot;335559739&quot;:360,&quot;335559740&quot;:504}\">\u00a0<\/span><\/p><p class=\"translation-block\"><span data-contrast=\"auto\">Insgesamt hat mich die Zeit als Werkstudent bei CIB darin best\u00e4rkt, eine Karriere in der Softwareentwicklung anzustreben. Ich kann CIB all jenen eindeutig empfehlen, die bereits \u00fcber erste Erfahrungen in der Informatik verf\u00fcgen und<\/span><span data-contrast=\"auto\"> ihr Wissen um prakti<\/span><span data-contrast=\"auto\">sche Erfahrungen erweitern m\u00f6chten!<\/span><span data-ccp-props=\"{&quot;201341983&quot;:2,&quot;335559739&quot;:360,&quot;335559740&quot;:504}\">&nbsp;<\/span><\/p><p><span data-contrast=\"auto\">Im Oktober wurde ich als Mitarbeiter in Festanstellung \u00fcbernommen und bin daher mehr als zufrieden!<\/span><span data-ccp-props=\"{&quot;201341983&quot;:2,&quot;335559739&quot;:360,&quot;335559740&quot;:504}\">\u00a0<\/span><\/p>\t\t\t\t\t\t\t\t<\/div>\n\t\t\t\t<\/div>\n\t\t\t\t\t<\/div>\n\t\t<\/div>\n\t\t\t\t\t<\/div>\n\t\t<\/section>\n\t\t\t\t<section class=\"elementor-section elementor-top-section elementor-element elementor-element-82a941a elementor-section-boxed elementor-section-height-default elementor-section-height-default\" data-id=\"82a941a\" data-element_type=\"section\" data-e-type=\"section\">\n\t\t\t\t\t\t<div class=\"elementor-container elementor-column-gap-default\">\n\t\t\t\t\t<div class=\"elementor-column elementor-col-100 elementor-top-column elementor-element elementor-element-7daa295\" data-id=\"7daa295\" data-element_type=\"column\" data-e-type=\"column\">\n\t\t\t<div class=\"elementor-widget-wrap elementor-element-populated\">\n\t\t\t\t\t\t<div class=\"elementor-element elementor-element-d819ec2 elementor-widget elementor-widget-text-editor\" data-id=\"d819ec2\" data-element_type=\"widget\" data-e-type=\"widget\" data-widget_type=\"text-editor.default\">\n\t\t\t\t<div class=\"elementor-widget-container translation-block\"><b>M\u00f6chtest auch du einen Berufsweg in Richtung Digitalisierung einschlagen? Du verf\u00fcgst \u00fcber Informatikkenntnisse und willst erste praktische Erfahrungen in unserem Unternehmen sammeln? Bewirb dich bei CIB!\r\nAlle Stellenangebote und das Bewerbungsformular findest du <a href=\"https:\/\/www.cib.de\/pt\/ofertas\/\" target=\"_self\">in unserer Jobb\u00f6rse<\/a>.<\/b>\r\n<br><br>\r\nLet\u00b4s CIB!<\/div>\n\t\t\t\t<\/div>\n\t\t\t\t\t<\/div>\n\t\t<\/div>\n\t\t\t\t\t<\/div>\n\t\t<\/section>\n\t\t\t\t<\/div>","protected":false},"excerpt":{"rendered":"<p>W\u00e4hrend seines Bachelorstudiums in Mathematik an der TU M\u00fcnchen entdeckte Philipp Sanwald seine Leidenschaft zur Informatik. Die Entscheidung, Praxiserfahrung bei einem Unternehmen der IT-Branche zu sammeln, war also naheliegend. Wir haben Philipp gebeten, \u00fcber seine Erfahrungen und die Zeit als Werkstudent bei CIB zu erz\u00e4hlen und seine Eindr\u00fccke zu schildern: W\u00e4hrend meines Bachelorstudiums in Mathematik &#8230; <a title=\"De estagi\u00e1rio a funcion\u00e1rio em tempo integral: minha experi\u00eancia pr\u00e1tica de treinamento no CIB\" class=\"read-more\" href=\"https:\/\/www.cib.de\/pt\/bachelorarbeit-und-praxiserfahrung-bei-cib\/\" aria-label=\"Leia mais sobre Vom Werkstudent bis zur Festanstellung: Bachelorarbeit und Praxiserfahrung bei CIB\">Ler mais<\/a><\/p>","protected":false},"author":246,"featured_media":64882,"comment_status":"closed","ping_status":"closed","sticky":false,"template":"","format":"standard","meta":{"_acf_changed":false,"footnotes":""},"categories":[78],"tags":[1072,1986,2206],"class_list":["post-55633","post","type-post","status-publish","format-standard","has-post-thumbnail","hentry","category-people","tag-karriere","tag-ausbildung","tag-only-en"],"acf":[],"yoast_head":"<!-- This site is optimized with the Yoast SEO plugin v27.5 - https:\/\/yoast.com\/product\/yoast-seo-wordpress\/ -->\n<title>Vom Werkstudent bis zur Anstellung: Meine Erfahrung bei CIB<\/title>\n<meta name=\"description\" content=\"Unser Mitarbeiter Philipp Sanwald erz\u00e4hlt von seiner Erfahrung im Rahmen seines Praktikums als Entwickler bei CIB.\" \/>\n<meta name=\"robots\" content=\"index, follow, max-snippet:-1, max-image-preview:large, max-video-preview:-1\" \/>\n<link rel=\"canonical\" href=\"https:\/\/www.cib.de\/pt\/estagiario-para-funcionario-experiencia-de-treinamento\/\" \/>\n<meta property=\"og:locale\" content=\"pt_PT\" \/>\n<meta property=\"og:type\" content=\"article\" \/>\n<meta property=\"og:title\" content=\"Vom Werkstudent bis zur Anstellung: Meine Erfahrung bei CIB\" \/>\n<meta property=\"og:description\" content=\"Unser Mitarbeiter Philipp Sanwald erz\u00e4hlt von seiner Erfahrung im Rahmen seines Praktikums als Entwickler bei CIB.\" \/>\n<meta property=\"og:url\" content=\"https:\/\/www.cib.de\/pt\/estagiario-para-funcionario-experiencia-de-treinamento\/\" \/>\n<meta property=\"og:site_name\" content=\"CIB Group\" \/>\n<meta property=\"article:publisher\" content=\"https:\/\/www.linkedin.com\/company\/cib\/\" \/>\n<meta property=\"article:published_time\" content=\"2023-01-12T09:00:00+00:00\" \/>\n<meta property=\"article:modified_time\" content=\"2024-11-04T12:32:38+00:00\" \/>\n<meta property=\"og:image\" content=\"https:\/\/www.cib.de\/wp-content\/uploads\/2022\/08\/Blog-Cib-experience-scaled.jpg\" \/>\n\t<meta property=\"og:image:width\" content=\"2560\" \/>\n\t<meta property=\"og:image:height\" content=\"994\" \/>\n\t<meta property=\"og:image:type\" content=\"image\/jpeg\" \/>\n<meta name=\"author\" content=\"CIB Group\" \/>\n<meta name=\"twitter:card\" content=\"summary_large_image\" \/>\n<meta name=\"twitter:label1\" content=\"Escrito por\" \/>\n\t<meta name=\"twitter:data1\" content=\"CIB Group\" \/>\n\t<meta name=\"twitter:label2\" content=\"Tempo estimado de leitura\" \/>\n\t<meta name=\"twitter:data2\" content=\"2 minutos\" \/>\n<script type=\"application\/ld+json\" class=\"yoast-schema-graph\">{\"@context\":\"https:\\\/\\\/schema.org\",\"@graph\":[{\"@type\":\"Article\",\"@id\":\"https:\\\/\\\/www.cib.de\\\/bachelorarbeit-und-praxiserfahrung-bei-cib\\\/#article\",\"isPartOf\":{\"@id\":\"https:\\\/\\\/www.cib.de\\\/bachelorarbeit-und-praxiserfahrung-bei-cib\\\/\"},\"author\":{\"name\":\"CIB Group\",\"@id\":\"https:\\\/\\\/www.cib.de\\\/#\\\/schema\\\/person\\\/4c70f0634b93acb47baacdb671694155\"},\"headline\":\"Vom Werkstudent bis zur Festanstellung: Bachelorarbeit und Praxiserfahrung bei CIB\",\"datePublished\":\"2023-01-12T09:00:00+00:00\",\"dateModified\":\"2024-11-04T12:32:38+00:00\",\"mainEntityOfPage\":{\"@id\":\"https:\\\/\\\/www.cib.de\\\/bachelorarbeit-und-praxiserfahrung-bei-cib\\\/\"},\"wordCount\":440,\"publisher\":{\"@id\":\"https:\\\/\\\/www.cib.de\\\/#organization\"},\"image\":{\"@id\":\"https:\\\/\\\/www.cib.de\\\/bachelorarbeit-und-praxiserfahrung-bei-cib\\\/#primaryimage\"},\"thumbnailUrl\":\"https:\\\/\\\/www.cib.de\\\/wp-content\\\/uploads\\\/2022\\\/08\\\/Blog-Cib-experience-scaled-e1768314198792.jpg\",\"keywords\":[\"CIB Karriere\",\"Ausbildung\",\"EN\"],\"articleSection\":[\"CIB People\"],\"inLanguage\":\"pt-PT\"},{\"@type\":\"WebPage\",\"@id\":\"https:\\\/\\\/www.cib.de\\\/bachelorarbeit-und-praxiserfahrung-bei-cib\\\/\",\"url\":\"https:\\\/\\\/www.cib.de\\\/bachelorarbeit-und-praxiserfahrung-bei-cib\\\/\",\"name\":\"Vom Werkstudent bis zur Anstellung: Meine Erfahrung bei CIB\",\"isPartOf\":{\"@id\":\"https:\\\/\\\/www.cib.de\\\/#website\"},\"primaryImageOfPage\":{\"@id\":\"https:\\\/\\\/www.cib.de\\\/bachelorarbeit-und-praxiserfahrung-bei-cib\\\/#primaryimage\"},\"image\":{\"@id\":\"https:\\\/\\\/www.cib.de\\\/bachelorarbeit-und-praxiserfahrung-bei-cib\\\/#primaryimage\"},\"thumbnailUrl\":\"https:\\\/\\\/www.cib.de\\\/wp-content\\\/uploads\\\/2022\\\/08\\\/Blog-Cib-experience-scaled-e1768314198792.jpg\",\"datePublished\":\"2023-01-12T09:00:00+00:00\",\"dateModified\":\"2024-11-04T12:32:38+00:00\",\"description\":\"Unser Mitarbeiter Philipp Sanwald erz\u00e4hlt von seiner Erfahrung im Rahmen seines Praktikums als Entwickler bei CIB.\",\"breadcrumb\":{\"@id\":\"https:\\\/\\\/www.cib.de\\\/bachelorarbeit-und-praxiserfahrung-bei-cib\\\/#breadcrumb\"},\"inLanguage\":\"pt-PT\",\"potentialAction\":[{\"@type\":\"ReadAction\",\"target\":[\"https:\\\/\\\/www.cib.de\\\/bachelorarbeit-und-praxiserfahrung-bei-cib\\\/\"]}]},{\"@type\":\"ImageObject\",\"inLanguage\":\"pt-PT\",\"@id\":\"https:\\\/\\\/www.cib.de\\\/bachelorarbeit-und-praxiserfahrung-bei-cib\\\/#primaryimage\",\"url\":\"https:\\\/\\\/www.cib.de\\\/wp-content\\\/uploads\\\/2022\\\/08\\\/Blog-Cib-experience-scaled-e1768314198792.jpg\",\"contentUrl\":\"https:\\\/\\\/www.cib.de\\\/wp-content\\\/uploads\\\/2022\\\/08\\\/Blog-Cib-experience-scaled-e1768314198792.jpg\",\"width\":1545,\"height\":600,\"caption\":\"Vom Werkstudent bis zur Festanstellung: Bachelorarbeit und Praxiserfahrung bei CIB\"},{\"@type\":\"BreadcrumbList\",\"@id\":\"https:\\\/\\\/www.cib.de\\\/bachelorarbeit-und-praxiserfahrung-bei-cib\\\/#breadcrumb\",\"itemListElement\":[{\"@type\":\"ListItem\",\"position\":1,\"name\":\"Home\",\"item\":\"https:\\\/\\\/www.cib.de\\\/\"},{\"@type\":\"ListItem\",\"position\":2,\"name\":\"Vom Werkstudent bis zur Festanstellung: Bachelorarbeit und Praxiserfahrung bei CIB\"}]},{\"@type\":\"WebSite\",\"@id\":\"https:\\\/\\\/www.cib.de\\\/#website\",\"url\":\"https:\\\/\\\/www.cib.de\\\/\",\"name\":\"CIB Group\",\"description\":\"Digitalisierung, Prozessautomatisierung, K\u00fcnstliche Intelligenz\",\"publisher\":{\"@id\":\"https:\\\/\\\/www.cib.de\\\/#organization\"},\"potentialAction\":[{\"@type\":\"SearchAction\",\"target\":{\"@type\":\"EntryPoint\",\"urlTemplate\":\"https:\\\/\\\/www.cib.de\\\/?s={search_term_string}\"},\"query-input\":{\"@type\":\"PropertyValueSpecification\",\"valueRequired\":true,\"valueName\":\"search_term_string\"}}],\"inLanguage\":\"pt-PT\"},{\"@type\":\"Organization\",\"@id\":\"https:\\\/\\\/www.cib.de\\\/#organization\",\"name\":\"CIB Group\",\"url\":\"https:\\\/\\\/www.cib.de\\\/\",\"logo\":{\"@type\":\"ImageObject\",\"inLanguage\":\"pt-PT\",\"@id\":\"https:\\\/\\\/www.cib.de\\\/#\\\/schema\\\/logo\\\/image\\\/\",\"url\":\"https:\\\/\\\/www.cib.de\\\/wp-content\\\/uploads\\\/2023\\\/10\\\/CIB_Logo_.svg\",\"contentUrl\":\"https:\\\/\\\/www.cib.de\\\/wp-content\\\/uploads\\\/2023\\\/10\\\/CIB_Logo_.svg\",\"width\":283,\"height\":128,\"caption\":\"CIB Group\"},\"image\":{\"@id\":\"https:\\\/\\\/www.cib.de\\\/#\\\/schema\\\/logo\\\/image\\\/\"},\"sameAs\":[\"https:\\\/\\\/www.linkedin.com\\\/company\\\/cib\\\/\"]},{\"@type\":\"Person\",\"@id\":\"https:\\\/\\\/www.cib.de\\\/#\\\/schema\\\/person\\\/4c70f0634b93acb47baacdb671694155\",\"name\":\"CIB Group\",\"image\":{\"@type\":\"ImageObject\",\"inLanguage\":\"pt-PT\",\"@id\":\"https:\\\/\\\/www.cib.de\\\/wp-content\\\/uploads\\\/2023\\\/03\\\/logo_signature2.png\",\"url\":\"https:\\\/\\\/www.cib.de\\\/wp-content\\\/uploads\\\/2023\\\/03\\\/logo_signature2.png\",\"contentUrl\":\"https:\\\/\\\/www.cib.de\\\/wp-content\\\/uploads\\\/2023\\\/03\\\/logo_signature2.png\",\"caption\":\"CIB Group\"},\"description\":\"Die Digitalisierungsexperten\"}]}<\/script>\n<!-- \/ Yoast SEO plugin. -->","yoast_head_json":{"title":"Vom Werkstudent bis zur Anstellung: Meine Erfahrung bei CIB","description":"Unser Mitarbeiter Philipp Sanwald erz\u00e4hlt von seiner Erfahrung im Rahmen seines Praktikums als Entwickler bei CIB.","robots":{"index":"index","follow":"follow","max-snippet":"max-snippet:-1","max-image-preview":"max-image-preview:large","max-video-preview":"max-video-preview:-1"},"canonical":"https:\/\/www.cib.de\/pt\/estagiario-para-funcionario-experiencia-de-treinamento\/","og_locale":"pt_PT","og_type":"article","og_title":"Vom Werkstudent bis zur Anstellung: Meine Erfahrung bei CIB","og_description":"Unser Mitarbeiter Philipp Sanwald erz\u00e4hlt von seiner Erfahrung im Rahmen seines Praktikums als Entwickler bei CIB.","og_url":"https:\/\/www.cib.de\/pt\/estagiario-para-funcionario-experiencia-de-treinamento\/","og_site_name":"CIB Group","article_publisher":"https:\/\/www.linkedin.com\/company\/cib\/","article_published_time":"2023-01-12T09:00:00+00:00","article_modified_time":"2024-11-04T12:32:38+00:00","og_image":[{"width":2560,"height":994,"url":"https:\/\/www.cib.de\/wp-content\/uploads\/2022\/08\/Blog-Cib-experience-scaled.jpg","type":"image\/jpeg"}],"author":"CIB Group","twitter_card":"summary_large_image","twitter_misc":{"Escrito por":"CIB Group","Tempo estimado de leitura":"2 minutos"},"schema":{"@context":"https:\/\/schema.org","@graph":[{"@type":"Article","@id":"https:\/\/www.cib.de\/bachelorarbeit-und-praxiserfahrung-bei-cib\/#article","isPartOf":{"@id":"https:\/\/www.cib.de\/bachelorarbeit-und-praxiserfahrung-bei-cib\/"},"author":{"name":"CIB Group","@id":"https:\/\/www.cib.de\/#\/schema\/person\/4c70f0634b93acb47baacdb671694155"},"headline":"Vom Werkstudent bis zur Festanstellung: Bachelorarbeit und Praxiserfahrung bei CIB","datePublished":"2023-01-12T09:00:00+00:00","dateModified":"2024-11-04T12:32:38+00:00","mainEntityOfPage":{"@id":"https:\/\/www.cib.de\/bachelorarbeit-und-praxiserfahrung-bei-cib\/"},"wordCount":440,"publisher":{"@id":"https:\/\/www.cib.de\/#organization"},"image":{"@id":"https:\/\/www.cib.de\/bachelorarbeit-und-praxiserfahrung-bei-cib\/#primaryimage"},"thumbnailUrl":"https:\/\/www.cib.de\/wp-content\/uploads\/2022\/08\/Blog-Cib-experience-scaled-e1768314198792.jpg","keywords":["CIB Karriere","Ausbildung","EN"],"articleSection":["CIB People"],"inLanguage":"pt-PT"},{"@type":"WebPage","@id":"https:\/\/www.cib.de\/bachelorarbeit-und-praxiserfahrung-bei-cib\/","url":"https:\/\/www.cib.de\/bachelorarbeit-und-praxiserfahrung-bei-cib\/","name":"Vom Werkstudent bis zur Anstellung: Meine Erfahrung bei CIB","isPartOf":{"@id":"https:\/\/www.cib.de\/#website"},"primaryImageOfPage":{"@id":"https:\/\/www.cib.de\/bachelorarbeit-und-praxiserfahrung-bei-cib\/#primaryimage"},"image":{"@id":"https:\/\/www.cib.de\/bachelorarbeit-und-praxiserfahrung-bei-cib\/#primaryimage"},"thumbnailUrl":"https:\/\/www.cib.de\/wp-content\/uploads\/2022\/08\/Blog-Cib-experience-scaled-e1768314198792.jpg","datePublished":"2023-01-12T09:00:00+00:00","dateModified":"2024-11-04T12:32:38+00:00","description":"Unser Mitarbeiter Philipp Sanwald erz\u00e4hlt von seiner Erfahrung im Rahmen seines Praktikums als Entwickler bei CIB.","breadcrumb":{"@id":"https:\/\/www.cib.de\/bachelorarbeit-und-praxiserfahrung-bei-cib\/#breadcrumb"},"inLanguage":"pt-PT","potentialAction":[{"@type":"ReadAction","target":["https:\/\/www.cib.de\/bachelorarbeit-und-praxiserfahrung-bei-cib\/"]}]},{"@type":"ImageObject","inLanguage":"pt-PT","@id":"https:\/\/www.cib.de\/bachelorarbeit-und-praxiserfahrung-bei-cib\/#primaryimage","url":"https:\/\/www.cib.de\/wp-content\/uploads\/2022\/08\/Blog-Cib-experience-scaled-e1768314198792.jpg","contentUrl":"https:\/\/www.cib.de\/wp-content\/uploads\/2022\/08\/Blog-Cib-experience-scaled-e1768314198792.jpg","width":1545,"height":600,"caption":"Vom Werkstudent bis zur Festanstellung: Bachelorarbeit und Praxiserfahrung bei CIB"},{"@type":"BreadcrumbList","@id":"https:\/\/www.cib.de\/bachelorarbeit-und-praxiserfahrung-bei-cib\/#breadcrumb","itemListElement":[{"@type":"ListItem","position":1,"name":"Home","item":"https:\/\/www.cib.de\/"},{"@type":"ListItem","position":2,"name":"Vom Werkstudent bis zur Festanstellung: Bachelorarbeit und Praxiserfahrung bei CIB"}]},{"@type":"WebSite","@id":"https:\/\/www.cib.de\/#website","url":"https:\/\/www.cib.de\/","name":"CIB Group","description":"Digitalisierung, Prozessautomatisierung, K\u00fcnstliche Intelligenz","publisher":{"@id":"https:\/\/www.cib.de\/#organization"},"potentialAction":[{"@type":"SearchAction","target":{"@type":"EntryPoint","urlTemplate":"https:\/\/www.cib.de\/?s={search_term_string}"},"query-input":{"@type":"PropertyValueSpecification","valueRequired":true,"valueName":"search_term_string"}}],"inLanguage":"pt-PT"},{"@type":"Organization","@id":"https:\/\/www.cib.de\/#organization","name":"CIB Group","url":"https:\/\/www.cib.de\/","logo":{"@type":"ImageObject","inLanguage":"pt-PT","@id":"https:\/\/www.cib.de\/#\/schema\/logo\/image\/","url":"https:\/\/www.cib.de\/wp-content\/uploads\/2023\/10\/CIB_Logo_.svg","contentUrl":"https:\/\/www.cib.de\/wp-content\/uploads\/2023\/10\/CIB_Logo_.svg","width":283,"height":128,"caption":"CIB Group"},"image":{"@id":"https:\/\/www.cib.de\/#\/schema\/logo\/image\/"},"sameAs":["https:\/\/www.linkedin.com\/company\/cib\/"]},{"@type":"Person","@id":"https:\/\/www.cib.de\/#\/schema\/person\/4c70f0634b93acb47baacdb671694155","name":"CIB Group","image":{"@type":"ImageObject","inLanguage":"pt-PT","@id":"https:\/\/www.cib.de\/wp-content\/uploads\/2023\/03\/logo_signature2.png","url":"https:\/\/www.cib.de\/wp-content\/uploads\/2023\/03\/logo_signature2.png","contentUrl":"https:\/\/www.cib.de\/wp-content\/uploads\/2023\/03\/logo_signature2.png","caption":"CIB Group"},"description":"Especialistas em digitaliza\u00e7\u00e3o"}]}},"post_mailing_queue_ids":[],"_links":{"self":[{"href":"https:\/\/www.cib.de\/pt\/wp-json\/wp\/v2\/posts\/55633","targetHints":{"allow":["GET"]}}],"collection":[{"href":"https:\/\/www.cib.de\/pt\/wp-json\/wp\/v2\/posts"}],"about":[{"href":"https:\/\/www.cib.de\/pt\/wp-json\/wp\/v2\/types\/post"}],"author":[{"embeddable":true,"href":"https:\/\/www.cib.de\/pt\/wp-json\/wp\/v2\/users\/246"}],"replies":[{"embeddable":true,"href":"https:\/\/www.cib.de\/pt\/wp-json\/wp\/v2\/comments?post=55633"}],"version-history":[{"count":181,"href":"https:\/\/www.cib.de\/pt\/wp-json\/wp\/v2\/posts\/55633\/revisions"}],"predecessor-version":[{"id":91217,"href":"https:\/\/www.cib.de\/pt\/wp-json\/wp\/v2\/posts\/55633\/revisions\/91217"}],"wp:featuredmedia":[{"embeddable":true,"href":"https:\/\/www.cib.de\/pt\/wp-json\/wp\/v2\/media\/64882"}],"wp:attachment":[{"href":"https:\/\/www.cib.de\/pt\/wp-json\/wp\/v2\/media?parent=55633"}],"wp:term":[{"taxonomy":"category","embeddable":true,"href":"https:\/\/www.cib.de\/pt\/wp-json\/wp\/v2\/categories?post=55633"},{"taxonomy":"post_tag","embeddable":true,"href":"https:\/\/www.cib.de\/pt\/wp-json\/wp\/v2\/tags?post=55633"}],"curies":[{"name":"wp","href":"https:\/\/api.w.org\/{rel}","templated":true}]}}