{"id":6165,"date":"2014-10-01T17:13:00","date_gmt":"2014-10-01T15:13:00","guid":{"rendered":"http:\/\/blog.cib.de\/?p=6165"},"modified":"2025-03-06T12:49:23","modified_gmt":"2025-03-06T11:49:23","slug":"aufbruchstimmung-auf-der-ersten-ferd-konferenz","status":"publish","type":"post","link":"https:\/\/www.cib.de\/pt\/aufbruchstimmung-auf-der-ersten-ferd-konferenz\/","title":{"rendered":"Aufbruchstimmung auf der ersten FeRD-Konferenz"},"content":{"rendered":"<div class=\"wp-block-image\">\n<figure class=\"alignleft size-full\"><img fetchpriority=\"high\" decoding=\"async\" width=\"300\" height=\"270\" src=\"https:\/\/www.cib.de\/wp-content\/uploads\/2014\/10\/zugferd_ferd.jpg\" alt=\"\" class=\"wp-image-19166\"\/><\/figure>\n<\/div>\n\n\n<p><strong>Immer mehr Unternehmen setzen auf elektronische Rechnungen im ZUGFeRD-Format und haben bereits positive Erfahrungen gesammelt. Das zeigte die erste FeRD-Konferenz in Berlin.<\/strong><\/p>\n\n\n\n<p>Welches Potenzial steckt im neuen ZUGFeRD-Standard und welche Erfahrungswerte gibt es aus der Praxis? Dar\u00fcber diskutierten Experten auf der FeRD-Konferenz, die vom 10. bis 11. September im Bundesministerium f\u00fcr Wirtschaft und Energie (BMWi) in Berlin stattfand. Aktuelle Zahlen best\u00e4tigen, dass der neue Standard auf gro\u00dfes Interesse trifft und sich bereits in der Praxis bew\u00e4hrt hat. So unterst\u00fctzen laut Angaben des BITKOM e.V. derzeit 50 deutsche Hersteller von Faktura- und Finanzbuchhaltungssoftware den neuen Standard. Das ZUGFeRD-Format 1.0 wurde seit seiner Ver\u00f6ffentlichung am 25. Juni 2014 bereits 1.500 Mal beim Forum elektronische Rechnung Deutschland (FeRD) heruntergeladen. Etliche Unternehmen und Beh\u00f6rden setzen den Standard schon ein, darunter die August Storck KG, GS1 Germany, das Bundesverwaltungsamt BVA und das Technische Hilfswerk THW.<\/p>\n\n\n\n<p>&#8220;Erfahrungen mit kleinen und mittleren Unternehmen zeigen, dass ein elektronischer Rechnungsversand wirtschaftlich \u00e4u\u00dferst attraktiv ist, da er 70 bis 80 Prozent der Kosten gegen\u00fcber manueller Bearbeitung einspart&#8221;, erkl\u00e4rte J\u00fcrgen Biffar, Mitglied des Hauptvorstands BITKOM e.V. auf der ausgebuchten Veranstaltung in Berlin. FeRD-Leiter Stefan Engel-Flechsig sprach in seinem Vortrag von 11 bis 28 Euro Ersparnis pro Eingangsrechnung und ca. 10 Euro pro Ausgangsrechnung. Au\u00dferdem habe sich gezeigt, dass dank ZUGFeRD der Zahlungseingang f\u00fcr den Rechnungssteller im Schnitt 5,3 Tage fr\u00fcher erfolgt.<\/p>\n\n\n\n<p>Mit ZUGFeRD k\u00f6nnen auch kleine und mittelst\u00e4ndische Unternehmen (KMU), f\u00fcr die bestehende EDI-Verfahren zu aufw\u00e4ndig sind, auf elektronische Rechnungsabwicklung umstellen. Die CIB software GmbH bietet L\u00f6sungen, die sehr gut f\u00fcr diese Zielgruppe geeignet sind. So k\u00f6nnen KMUs mit den Programmen CIB invoicE und CIB markUp schnell und einfach ZUGFeRD-konforme Rechnungen erstellen. F\u00fcr Entwickler, die ZUGFeRD-Funktionalit\u00e4t in ihre Software einbauen m\u00f6chten, steht das CIB ZUGFeRD SDK zur Verf\u00fcgung. F\u00fcr Rechnungsempf\u00e4nger erleichtert der CIB SEPArator das Ausf\u00fcllen von \u00dcberweisungen.<\/p>","protected":false},"excerpt":{"rendered":"<p>Immer mehr Unternehmen setzen auf elektronische Rechnungen im ZUGFeRD-Format und haben bereits positive Erfahrungen gesammelt. Das zeigte die erste FeRD-Konferenz in Berlin. Welches Potenzial steckt im neuen ZUGFeRD-Standard und welche Erfahrungswerte gibt es aus der Praxis? Dar\u00fcber diskutierten Experten auf der FeRD-Konferenz, die vom 10. bis 11. September im Bundesministerium f\u00fcr Wirtschaft und Energie (BMWi) &#8230; <a title=\"Aufbruchstimmung auf der ersten FeRD-Konferenz\" class=\"read-more\" href=\"https:\/\/www.cib.de\/pt\/aufbruchstimmung-auf-der-ersten-ferd-konferenz\/\" aria-label=\"Leia mais sobre Aufbruchstimmung auf der ersten FeRD-Konferenz\">Ler mais<\/a><\/p>","protected":false},"author":246,"featured_media":8402,"comment_status":"closed","ping_status":"open","sticky":false,"template":"","format":"standard","meta":{"_acf_changed":false,"footnotes":""},"categories":[1],"tags":[1066,1116,1619,2202],"class_list":["post-6165","post","type-post","status-publish","format-standard","has-post-thumbnail","hentry","category-cib-group","tag-cib-event","tag-e-rechnung","tag-avoid-search","tag-only-de"],"acf":[],"yoast_head":"<!-- This site is optimized with the Yoast SEO plugin v27.5 - https:\/\/yoast.com\/product\/yoast-seo-wordpress\/ -->\n<title>Aufbruchstimmung auf der ersten FeRD-Konferenz - CIB Group<\/title>\n<meta name=\"robots\" content=\"index, follow, max-snippet:-1, max-image-preview:large, max-video-preview:-1\" \/>\n<link rel=\"canonical\" href=\"https:\/\/www.cib.de\/pt\/aufbruchstimmung-auf-der-ersten-ferd-konferenz\/\" \/>\n<meta property=\"og:locale\" content=\"pt_PT\" \/>\n<meta property=\"og:type\" content=\"article\" \/>\n<meta property=\"og:title\" content=\"Aufbruchstimmung auf der ersten FeRD-Konferenz - CIB Group\" \/>\n<meta property=\"og:description\" content=\"Immer mehr Unternehmen setzen auf elektronische Rechnungen im ZUGFeRD-Format und haben bereits positive Erfahrungen gesammelt. Das zeigte die erste FeRD-Konferenz in Berlin. Welches Potenzial steckt im neuen ZUGFeRD-Standard und welche Erfahrungswerte gibt es aus der Praxis? Dar\u00fcber diskutierten Experten auf der FeRD-Konferenz, die vom 10. bis 11. September im Bundesministerium f\u00fcr Wirtschaft und Energie (BMWi) ... Ler mais\" \/>\n<meta property=\"og:url\" content=\"https:\/\/www.cib.de\/pt\/aufbruchstimmung-auf-der-ersten-ferd-konferenz\/\" \/>\n<meta property=\"og:site_name\" content=\"CIB Group\" \/>\n<meta property=\"article:publisher\" content=\"https:\/\/www.linkedin.com\/company\/cib\/\" \/>\n<meta property=\"article:published_time\" content=\"2014-10-01T15:13:00+00:00\" \/>\n<meta property=\"article:modified_time\" content=\"2025-03-06T11:49:23+00:00\" \/>\n<meta property=\"og:image\" content=\"https:\/\/www.cib.de\/wp-content\/uploads\/2021\/04\/einvoice.png\" \/>\n\t<meta property=\"og:image:width\" content=\"1281\" \/>\n\t<meta property=\"og:image:height\" content=\"481\" \/>\n\t<meta property=\"og:image:type\" content=\"image\/png\" \/>\n<meta name=\"author\" content=\"CIB Group\" \/>\n<meta name=\"twitter:card\" content=\"summary_large_image\" \/>\n<meta name=\"twitter:label1\" content=\"Escrito por\" \/>\n\t<meta name=\"twitter:data1\" content=\"CIB Group\" \/>\n\t<meta name=\"twitter:label2\" content=\"Tempo estimado de leitura\" \/>\n\t<meta name=\"twitter:data2\" content=\"2 minutos\" \/>\n<script type=\"application\/ld+json\" class=\"yoast-schema-graph\">{\"@context\":\"https:\\\/\\\/schema.org\",\"@graph\":[{\"@type\":\"Article\",\"@id\":\"https:\\\/\\\/www.cib.de\\\/aufbruchstimmung-auf-der-ersten-ferd-konferenz\\\/#article\",\"isPartOf\":{\"@id\":\"https:\\\/\\\/www.cib.de\\\/aufbruchstimmung-auf-der-ersten-ferd-konferenz\\\/\"},\"author\":{\"name\":\"CIB Group\",\"@id\":\"https:\\\/\\\/www.cib.de\\\/#\\\/schema\\\/person\\\/4c70f0634b93acb47baacdb671694155\"},\"headline\":\"Aufbruchstimmung auf der ersten FeRD-Konferenz\",\"datePublished\":\"2014-10-01T15:13:00+00:00\",\"dateModified\":\"2025-03-06T11:49:23+00:00\",\"mainEntityOfPage\":{\"@id\":\"https:\\\/\\\/www.cib.de\\\/aufbruchstimmung-auf-der-ersten-ferd-konferenz\\\/\"},\"wordCount\":320,\"publisher\":{\"@id\":\"https:\\\/\\\/www.cib.de\\\/#organization\"},\"image\":{\"@id\":\"https:\\\/\\\/www.cib.de\\\/aufbruchstimmung-auf-der-ersten-ferd-konferenz\\\/#primaryimage\"},\"thumbnailUrl\":\"https:\\\/\\\/www.cib.de\\\/wp-content\\\/uploads\\\/2021\\\/04\\\/einvoice-e1768817875579.png\",\"keywords\":[\"CIB Events\",\"e-Rechnung\",\"Avoid search\",\"DE\"],\"articleSection\":[\"CIB Group\"],\"inLanguage\":\"pt-PT\"},{\"@type\":\"WebPage\",\"@id\":\"https:\\\/\\\/www.cib.de\\\/aufbruchstimmung-auf-der-ersten-ferd-konferenz\\\/\",\"url\":\"https:\\\/\\\/www.cib.de\\\/aufbruchstimmung-auf-der-ersten-ferd-konferenz\\\/\",\"name\":\"Aufbruchstimmung auf der ersten FeRD-Konferenz - CIB Group\",\"isPartOf\":{\"@id\":\"https:\\\/\\\/www.cib.de\\\/#website\"},\"primaryImageOfPage\":{\"@id\":\"https:\\\/\\\/www.cib.de\\\/aufbruchstimmung-auf-der-ersten-ferd-konferenz\\\/#primaryimage\"},\"image\":{\"@id\":\"https:\\\/\\\/www.cib.de\\\/aufbruchstimmung-auf-der-ersten-ferd-konferenz\\\/#primaryimage\"},\"thumbnailUrl\":\"https:\\\/\\\/www.cib.de\\\/wp-content\\\/uploads\\\/2021\\\/04\\\/einvoice-e1768817875579.png\",\"datePublished\":\"2014-10-01T15:13:00+00:00\",\"dateModified\":\"2025-03-06T11:49:23+00:00\",\"breadcrumb\":{\"@id\":\"https:\\\/\\\/www.cib.de\\\/aufbruchstimmung-auf-der-ersten-ferd-konferenz\\\/#breadcrumb\"},\"inLanguage\":\"pt-PT\",\"potentialAction\":[{\"@type\":\"ReadAction\",\"target\":[\"https:\\\/\\\/www.cib.de\\\/aufbruchstimmung-auf-der-ersten-ferd-konferenz\\\/\"]}]},{\"@type\":\"ImageObject\",\"inLanguage\":\"pt-PT\",\"@id\":\"https:\\\/\\\/www.cib.de\\\/aufbruchstimmung-auf-der-ersten-ferd-konferenz\\\/#primaryimage\",\"url\":\"https:\\\/\\\/www.cib.de\\\/wp-content\\\/uploads\\\/2021\\\/04\\\/einvoice-e1768817875579.png\",\"contentUrl\":\"https:\\\/\\\/www.cib.de\\\/wp-content\\\/uploads\\\/2021\\\/04\\\/einvoice-e1768817875579.png\",\"width\":1000,\"height\":375,\"caption\":\"einvoice\"},{\"@type\":\"BreadcrumbList\",\"@id\":\"https:\\\/\\\/www.cib.de\\\/aufbruchstimmung-auf-der-ersten-ferd-konferenz\\\/#breadcrumb\",\"itemListElement\":[{\"@type\":\"ListItem\",\"position\":1,\"name\":\"Home\",\"item\":\"https:\\\/\\\/www.cib.de\\\/\"},{\"@type\":\"ListItem\",\"position\":2,\"name\":\"Aufbruchstimmung auf der ersten FeRD-Konferenz\"}]},{\"@type\":\"WebSite\",\"@id\":\"https:\\\/\\\/www.cib.de\\\/#website\",\"url\":\"https:\\\/\\\/www.cib.de\\\/\",\"name\":\"CIB Group\",\"description\":\"Digitalisierung, Prozessautomatisierung, K\u00fcnstliche Intelligenz\",\"publisher\":{\"@id\":\"https:\\\/\\\/www.cib.de\\\/#organization\"},\"potentialAction\":[{\"@type\":\"SearchAction\",\"target\":{\"@type\":\"EntryPoint\",\"urlTemplate\":\"https:\\\/\\\/www.cib.de\\\/?s={search_term_string}\"},\"query-input\":{\"@type\":\"PropertyValueSpecification\",\"valueRequired\":true,\"valueName\":\"search_term_string\"}}],\"inLanguage\":\"pt-PT\"},{\"@type\":\"Organization\",\"@id\":\"https:\\\/\\\/www.cib.de\\\/#organization\",\"name\":\"CIB Group\",\"url\":\"https:\\\/\\\/www.cib.de\\\/\",\"logo\":{\"@type\":\"ImageObject\",\"inLanguage\":\"pt-PT\",\"@id\":\"https:\\\/\\\/www.cib.de\\\/#\\\/schema\\\/logo\\\/image\\\/\",\"url\":\"https:\\\/\\\/www.cib.de\\\/wp-content\\\/uploads\\\/2023\\\/10\\\/CIB_Logo_.svg\",\"contentUrl\":\"https:\\\/\\\/www.cib.de\\\/wp-content\\\/uploads\\\/2023\\\/10\\\/CIB_Logo_.svg\",\"width\":283,\"height\":128,\"caption\":\"CIB Group\"},\"image\":{\"@id\":\"https:\\\/\\\/www.cib.de\\\/#\\\/schema\\\/logo\\\/image\\\/\"},\"sameAs\":[\"https:\\\/\\\/www.linkedin.com\\\/company\\\/cib\\\/\"]},{\"@type\":\"Person\",\"@id\":\"https:\\\/\\\/www.cib.de\\\/#\\\/schema\\\/person\\\/4c70f0634b93acb47baacdb671694155\",\"name\":\"CIB Group\",\"image\":{\"@type\":\"ImageObject\",\"inLanguage\":\"pt-PT\",\"@id\":\"https:\\\/\\\/www.cib.de\\\/wp-content\\\/uploads\\\/2023\\\/03\\\/logo_signature2.png\",\"url\":\"https:\\\/\\\/www.cib.de\\\/wp-content\\\/uploads\\\/2023\\\/03\\\/logo_signature2.png\",\"contentUrl\":\"https:\\\/\\\/www.cib.de\\\/wp-content\\\/uploads\\\/2023\\\/03\\\/logo_signature2.png\",\"caption\":\"CIB Group\"},\"description\":\"Die Digitalisierungsexperten\"}]}<\/script>\n<!-- \/ Yoast SEO plugin. -->","yoast_head_json":{"title":"Aufbruchstimmung auf der ersten FeRD-Konferenz - CIB Group","robots":{"index":"index","follow":"follow","max-snippet":"max-snippet:-1","max-image-preview":"max-image-preview:large","max-video-preview":"max-video-preview:-1"},"canonical":"https:\/\/www.cib.de\/pt\/aufbruchstimmung-auf-der-ersten-ferd-konferenz\/","og_locale":"pt_PT","og_type":"article","og_title":"Aufbruchstimmung auf der ersten FeRD-Konferenz - CIB Group","og_description":"Immer mehr Unternehmen setzen auf elektronische Rechnungen im ZUGFeRD-Format und haben bereits positive Erfahrungen gesammelt. Das zeigte die erste FeRD-Konferenz in Berlin. Welches Potenzial steckt im neuen ZUGFeRD-Standard und welche Erfahrungswerte gibt es aus der Praxis? Dar\u00fcber diskutierten Experten auf der FeRD-Konferenz, die vom 10. bis 11. September im Bundesministerium f\u00fcr Wirtschaft und Energie (BMWi) ... Ler mais","og_url":"https:\/\/www.cib.de\/pt\/aufbruchstimmung-auf-der-ersten-ferd-konferenz\/","og_site_name":"CIB Group","article_publisher":"https:\/\/www.linkedin.com\/company\/cib\/","article_published_time":"2014-10-01T15:13:00+00:00","article_modified_time":"2025-03-06T11:49:23+00:00","og_image":[{"width":1281,"height":481,"url":"https:\/\/www.cib.de\/wp-content\/uploads\/2021\/04\/einvoice.png","type":"image\/png"}],"author":"CIB Group","twitter_card":"summary_large_image","twitter_misc":{"Escrito por":"CIB Group","Tempo estimado de leitura":"2 minutos"},"schema":{"@context":"https:\/\/schema.org","@graph":[{"@type":"Article","@id":"https:\/\/www.cib.de\/aufbruchstimmung-auf-der-ersten-ferd-konferenz\/#article","isPartOf":{"@id":"https:\/\/www.cib.de\/aufbruchstimmung-auf-der-ersten-ferd-konferenz\/"},"author":{"name":"CIB Group","@id":"https:\/\/www.cib.de\/#\/schema\/person\/4c70f0634b93acb47baacdb671694155"},"headline":"Aufbruchstimmung auf der ersten FeRD-Konferenz","datePublished":"2014-10-01T15:13:00+00:00","dateModified":"2025-03-06T11:49:23+00:00","mainEntityOfPage":{"@id":"https:\/\/www.cib.de\/aufbruchstimmung-auf-der-ersten-ferd-konferenz\/"},"wordCount":320,"publisher":{"@id":"https:\/\/www.cib.de\/#organization"},"image":{"@id":"https:\/\/www.cib.de\/aufbruchstimmung-auf-der-ersten-ferd-konferenz\/#primaryimage"},"thumbnailUrl":"https:\/\/www.cib.de\/wp-content\/uploads\/2021\/04\/einvoice-e1768817875579.png","keywords":["CIB Events","e-Rechnung","Avoid search","DE"],"articleSection":["CIB Group"],"inLanguage":"pt-PT"},{"@type":"WebPage","@id":"https:\/\/www.cib.de\/aufbruchstimmung-auf-der-ersten-ferd-konferenz\/","url":"https:\/\/www.cib.de\/aufbruchstimmung-auf-der-ersten-ferd-konferenz\/","name":"Aufbruchstimmung auf der ersten FeRD-Konferenz - CIB Group","isPartOf":{"@id":"https:\/\/www.cib.de\/#website"},"primaryImageOfPage":{"@id":"https:\/\/www.cib.de\/aufbruchstimmung-auf-der-ersten-ferd-konferenz\/#primaryimage"},"image":{"@id":"https:\/\/www.cib.de\/aufbruchstimmung-auf-der-ersten-ferd-konferenz\/#primaryimage"},"thumbnailUrl":"https:\/\/www.cib.de\/wp-content\/uploads\/2021\/04\/einvoice-e1768817875579.png","datePublished":"2014-10-01T15:13:00+00:00","dateModified":"2025-03-06T11:49:23+00:00","breadcrumb":{"@id":"https:\/\/www.cib.de\/aufbruchstimmung-auf-der-ersten-ferd-konferenz\/#breadcrumb"},"inLanguage":"pt-PT","potentialAction":[{"@type":"ReadAction","target":["https:\/\/www.cib.de\/aufbruchstimmung-auf-der-ersten-ferd-konferenz\/"]}]},{"@type":"ImageObject","inLanguage":"pt-PT","@id":"https:\/\/www.cib.de\/aufbruchstimmung-auf-der-ersten-ferd-konferenz\/#primaryimage","url":"https:\/\/www.cib.de\/wp-content\/uploads\/2021\/04\/einvoice-e1768817875579.png","contentUrl":"https:\/\/www.cib.de\/wp-content\/uploads\/2021\/04\/einvoice-e1768817875579.png","width":1000,"height":375,"caption":"einvoice"},{"@type":"BreadcrumbList","@id":"https:\/\/www.cib.de\/aufbruchstimmung-auf-der-ersten-ferd-konferenz\/#breadcrumb","itemListElement":[{"@type":"ListItem","position":1,"name":"Home","item":"https:\/\/www.cib.de\/"},{"@type":"ListItem","position":2,"name":"Aufbruchstimmung auf der ersten FeRD-Konferenz"}]},{"@type":"WebSite","@id":"https:\/\/www.cib.de\/#website","url":"https:\/\/www.cib.de\/","name":"CIB Group","description":"Digitalisierung, Prozessautomatisierung, K\u00fcnstliche Intelligenz","publisher":{"@id":"https:\/\/www.cib.de\/#organization"},"potentialAction":[{"@type":"SearchAction","target":{"@type":"EntryPoint","urlTemplate":"https:\/\/www.cib.de\/?s={search_term_string}"},"query-input":{"@type":"PropertyValueSpecification","valueRequired":true,"valueName":"search_term_string"}}],"inLanguage":"pt-PT"},{"@type":"Organization","@id":"https:\/\/www.cib.de\/#organization","name":"CIB Group","url":"https:\/\/www.cib.de\/","logo":{"@type":"ImageObject","inLanguage":"pt-PT","@id":"https:\/\/www.cib.de\/#\/schema\/logo\/image\/","url":"https:\/\/www.cib.de\/wp-content\/uploads\/2023\/10\/CIB_Logo_.svg","contentUrl":"https:\/\/www.cib.de\/wp-content\/uploads\/2023\/10\/CIB_Logo_.svg","width":283,"height":128,"caption":"CIB Group"},"image":{"@id":"https:\/\/www.cib.de\/#\/schema\/logo\/image\/"},"sameAs":["https:\/\/www.linkedin.com\/company\/cib\/"]},{"@type":"Person","@id":"https:\/\/www.cib.de\/#\/schema\/person\/4c70f0634b93acb47baacdb671694155","name":"CIB Group","image":{"@type":"ImageObject","inLanguage":"pt-PT","@id":"https:\/\/www.cib.de\/wp-content\/uploads\/2023\/03\/logo_signature2.png","url":"https:\/\/www.cib.de\/wp-content\/uploads\/2023\/03\/logo_signature2.png","contentUrl":"https:\/\/www.cib.de\/wp-content\/uploads\/2023\/03\/logo_signature2.png","caption":"CIB Group"},"description":"Especialistas em digitaliza\u00e7\u00e3o"}]}},"post_mailing_queue_ids":[],"_links":{"self":[{"href":"https:\/\/www.cib.de\/pt\/wp-json\/wp\/v2\/posts\/6165","targetHints":{"allow":["GET"]}}],"collection":[{"href":"https:\/\/www.cib.de\/pt\/wp-json\/wp\/v2\/posts"}],"about":[{"href":"https:\/\/www.cib.de\/pt\/wp-json\/wp\/v2\/types\/post"}],"author":[{"embeddable":true,"href":"https:\/\/www.cib.de\/pt\/wp-json\/wp\/v2\/users\/246"}],"replies":[{"embeddable":true,"href":"https:\/\/www.cib.de\/pt\/wp-json\/wp\/v2\/comments?post=6165"}],"version-history":[{"count":3,"href":"https:\/\/www.cib.de\/pt\/wp-json\/wp\/v2\/posts\/6165\/revisions"}],"predecessor-version":[{"id":53287,"href":"https:\/\/www.cib.de\/pt\/wp-json\/wp\/v2\/posts\/6165\/revisions\/53287"}],"wp:featuredmedia":[{"embeddable":true,"href":"https:\/\/www.cib.de\/pt\/wp-json\/wp\/v2\/media\/8402"}],"wp:attachment":[{"href":"https:\/\/www.cib.de\/pt\/wp-json\/wp\/v2\/media?parent=6165"}],"wp:term":[{"taxonomy":"category","embeddable":true,"href":"https:\/\/www.cib.de\/pt\/wp-json\/wp\/v2\/categories?post=6165"},{"taxonomy":"post_tag","embeddable":true,"href":"https:\/\/www.cib.de\/pt\/wp-json\/wp\/v2\/tags?post=6165"}],"curies":[{"name":"wp","href":"https:\/\/api.w.org\/{rel}","templated":true}]}}