{"id":6303,"date":"2016-09-27T12:03:00","date_gmt":"2016-09-27T10:03:00","guid":{"rendered":"http:\/\/blog.cib.de\/?p=6303"},"modified":"2023-04-20T08:57:13","modified_gmt":"2023-04-20T06:57:13","slug":"cib-stellt-das-forschungsprojekt-deeper-auf-der-fachtagung-kmu-innovativ-itk-vor","status":"publish","type":"post","link":"https:\/\/www.cib.de\/pt\/cib-stellt-das-forschungsprojekt-deeper-auf-der-fachtagung-kmu-innovativ-itk-vor\/","title":{"rendered":"CIB stellt das Forschungsprojekt DeepER auf der Fachtagung \u201eKMU-Innovativ: ITK\u201c vor"},"content":{"rendered":"<p>Am 10.\/11. Oktober 2016 findet die BMBF-Fachtagung zur F\u00f6rderinitiative \u201eKMU-Innovativ: ITK\u201c mit dem Titel \u201eMittelstand: Digital. Innovativ. Vernetzt.\u201c statt. CIB stellt zu dieser Gelegenheit das Forschungsprojekt DeepER zur Entwicklung einer innovativen OCR-Engine vor.<\/p>\n\n\n\n<p>Seit \u00fcber 27 Jahren stellt CIB software GmbH innovative und flexible L\u00f6sungen im Bereich Document Lifecycle Management mit dem Ziel her, Unternehmen die Optimierung und Automatisierung der Verwaltungsprozesse zu erm\u00f6glichen und damit eine deutliche Effizienzsteigerung im Unternehmen zu erreichen.&nbsp;<\/p>\n\n\n\n<p>Um den st\u00e4ndig wachsenden Anforderungen des Marktes und den Herausforderungen der globalen Digitalisierung anzupassen, investiert CIB in Forschung und Innovation.<\/p>\n\n\n\n<p>Das vom Bildungsministerium gef\u00f6rderte Forschungsprojekt CIB DeepER (Deep learning Extended Range Character Recognition), bei dem CIB mit dem Fraunhofer-Institut f\u00fcr Intelligente Analyse- und Informationssysteme IAIS zusammen arbeitet, startete Anfang Juli.&nbsp;<\/p>\n\n\n\n<figure class=\"wp-block-image size-full\"><img fetchpriority=\"high\" decoding=\"async\" width=\"396\" height=\"299\" src=\"https:\/\/www.cib.de\/wp-content\/uploads\/2016\/09\/csm_DeepER_49680998bd.png\" alt=\"\" class=\"wp-image-19101\" srcset=\"https:\/\/www.cib.de\/wp-content\/uploads\/2016\/09\/csm_DeepER_49680998bd.png 396w, https:\/\/www.cib.de\/wp-content\/uploads\/2016\/09\/csm_DeepER_49680998bd-300x227.png 300w\" sizes=\"(max-width: 396px) 100vw, 396px\" \/><\/figure>\n\n\n\n<p>Zielsetzung ist die Entwicklung einer intelligenten Software-L\u00f6sung zur optischen Zeichenerkennung, die auf deep learning Technologien aufbaut.&nbsp;<\/p>\n\n\n\n<p>Wie bereits in anderen Wissenschaftsbereichen wie der Spracherkennung oder der Bildklassifizierung, soll der wissenschaftliche Ansatz der K\u00fcnstlichen Intelligenz auch im Bereich der Zeichenerkennung f\u00fcr einen Durchbruch sorgen.<\/p>\n\n\n\n<p>Fachleute best\u00e4tigen, dass heute noch immer bis zu 60% der eingescannten Dokumente nachbearbeitet werden m\u00fcssen. F\u00fcr viele Anwendungsbereiche ein inakzeptables Ergebnis, das die Automatisierung der nachgelagerten Unternehmensprozesse erschwert. Ziel des Forschungsprojektes ist es, mit dieser neuen OCR-Engine die Qualit\u00e4t beim Auslesen von gescannten Dokumenten so zu verbessern, dass der Standard einer menschlichen Interpretation erreicht wird und damit der Aufwand einer Nachbearbeitung drastisch sinkt.<\/p>\n\n\n\n<p>Die wissenschaftlichen Ans\u00e4tze von dem Projekt DeepER werden Anfang Oktober auf der BMBF-Fachtagung zusammen mit der von CIB entwickelten Cloudplattform doXisafe, auf der die Forschung durch crowdtesting schnell voran getrieben werden soll, vorgestellt. Die Initiative mit dem Titel&nbsp;\u201eZusammen finden wir jede L\u00f6sung\u201c kann dabei kennen gelernt und getestet werden.<\/p>\n\n\n\n<p>Das bestehende Produktportfolio von CIB wird von den vielversprechenden Forschungsergebnissen direkt profitieren, damit die Ergebnisse bei Verwendung der CIB L\u00f6sungen wie doXisafe oder doXiview, die dadurch noch performanter werden, weiter optimiert und die Prozessautomatisierung zus\u00e4tzlich erleichtert werden.<\/p>","protected":false},"excerpt":{"rendered":"<p>Am 10.\/11. Oktober 2016 findet die BMBF-Fachtagung zur F\u00f6rderinitiative \u201eKMU-Innovativ: ITK\u201c mit dem Titel \u201eMittelstand: Digital. Innovativ. Vernetzt.\u201c statt. CIB stellt zu dieser Gelegenheit das Forschungsprojekt DeepER zur Entwicklung einer innovativen OCR-Engine vor. Seit \u00fcber 27 Jahren stellt CIB software GmbH innovative und flexible L\u00f6sungen im Bereich Document Lifecycle Management mit dem Ziel her, Unternehmen &#8230; <a title=\"CIB stellt das Forschungsprojekt DeepER auf der Fachtagung \u201eKMU-Innovativ: ITK\u201c vor\" class=\"read-more\" href=\"https:\/\/www.cib.de\/pt\/cib-stellt-das-forschungsprojekt-deeper-auf-der-fachtagung-kmu-innovativ-itk-vor\/\" aria-label=\"Leia mais sobre CIB stellt das Forschungsprojekt DeepER auf der Fachtagung \u201eKMU-Innovativ: ITK\u201c vor\">Ler mais<\/a><\/p>","protected":false},"author":246,"featured_media":17695,"comment_status":"closed","ping_status":"open","sticky":false,"template":"","format":"standard","meta":{"_acf_changed":false,"footnotes":""},"categories":[922],"tags":[1290,2202],"class_list":["post-6303","post","type-post","status-publish","format-standard","has-post-thumbnail","hentry","category-ki-innovation","tag-cib-deeper","tag-only-de"],"acf":[],"yoast_head":"<!-- This site is optimized with the Yoast SEO plugin v27.5 - https:\/\/yoast.com\/product\/yoast-seo-wordpress\/ -->\n<title>CIB stellt das Forschungsprojekt DeepER auf der Fachtagung \u201eKMU-Innovativ: ITK\u201c vor - CIB Group<\/title>\n<meta name=\"robots\" content=\"index, follow, max-snippet:-1, max-image-preview:large, max-video-preview:-1\" \/>\n<link rel=\"canonical\" href=\"https:\/\/www.cib.de\/pt\/cib-stellt-das-forschungsprojekt-deeper-auf-der-fachtagung-kmu-innovativ-itk-vor\/\" \/>\n<meta property=\"og:locale\" content=\"pt_PT\" \/>\n<meta property=\"og:type\" content=\"article\" \/>\n<meta property=\"og:title\" content=\"CIB stellt das Forschungsprojekt DeepER auf der Fachtagung \u201eKMU-Innovativ: ITK\u201c vor - CIB Group\" \/>\n<meta property=\"og:description\" content=\"Am 10.\/11. Oktober 2016 findet die BMBF-Fachtagung zur F\u00f6rderinitiative \u201eKMU-Innovativ: ITK\u201c mit dem Titel \u201eMittelstand: Digital. Innovativ. Vernetzt.\u201c statt. CIB stellt zu dieser Gelegenheit das Forschungsprojekt DeepER zur Entwicklung einer innovativen OCR-Engine vor. Seit \u00fcber 27 Jahren stellt CIB software GmbH innovative und flexible L\u00f6sungen im Bereich Document Lifecycle Management mit dem Ziel her, Unternehmen ... Ler mais\" \/>\n<meta property=\"og:url\" content=\"https:\/\/www.cib.de\/pt\/cib-stellt-das-forschungsprojekt-deeper-auf-der-fachtagung-kmu-innovativ-itk-vor\/\" \/>\n<meta property=\"og:site_name\" content=\"CIB Group\" \/>\n<meta property=\"article:publisher\" content=\"https:\/\/www.linkedin.com\/company\/cib\/\" \/>\n<meta property=\"article:published_time\" content=\"2016-09-27T10:03:00+00:00\" \/>\n<meta property=\"article:modified_time\" content=\"2023-04-20T06:57:13+00:00\" \/>\n<meta property=\"og:image\" content=\"https:\/\/www.cib.de\/wp-content\/uploads\/2016\/09\/deeper.jpg\" \/>\n\t<meta property=\"og:image:width\" content=\"1242\" \/>\n\t<meta property=\"og:image:height\" content=\"482\" \/>\n\t<meta property=\"og:image:type\" content=\"image\/jpeg\" \/>\n<meta name=\"author\" content=\"CIB Group\" \/>\n<meta name=\"twitter:card\" content=\"summary_large_image\" \/>\n<meta name=\"twitter:label1\" content=\"Escrito por\" \/>\n\t<meta name=\"twitter:data1\" content=\"CIB Group\" \/>\n\t<meta name=\"twitter:label2\" content=\"Tempo estimado de leitura\" \/>\n\t<meta name=\"twitter:data2\" content=\"2 minutos\" \/>\n<script type=\"application\/ld+json\" class=\"yoast-schema-graph\">{\"@context\":\"https:\\\/\\\/schema.org\",\"@graph\":[{\"@type\":\"Article\",\"@id\":\"https:\\\/\\\/www.cib.de\\\/en\\\/cib-stellt-das-forschungsprojekt-deeper-auf-der-fachtagung-kmu-innovativ-itk-vor\\\/#article\",\"isPartOf\":{\"@id\":\"https:\\\/\\\/www.cib.de\\\/en\\\/cib-stellt-das-forschungsprojekt-deeper-auf-der-fachtagung-kmu-innovativ-itk-vor\\\/\"},\"author\":{\"name\":\"CIB Group\",\"@id\":\"https:\\\/\\\/www.cib.de\\\/#\\\/schema\\\/person\\\/4c70f0634b93acb47baacdb671694155\"},\"headline\":\"CIB stellt das Forschungsprojekt DeepER auf der Fachtagung \u201eKMU-Innovativ: ITK\u201c vor\",\"datePublished\":\"2016-09-27T10:03:00+00:00\",\"dateModified\":\"2023-04-20T06:57:13+00:00\",\"mainEntityOfPage\":{\"@id\":\"https:\\\/\\\/www.cib.de\\\/en\\\/cib-stellt-das-forschungsprojekt-deeper-auf-der-fachtagung-kmu-innovativ-itk-vor\\\/\"},\"wordCount\":343,\"publisher\":{\"@id\":\"https:\\\/\\\/www.cib.de\\\/#organization\"},\"image\":{\"@id\":\"https:\\\/\\\/www.cib.de\\\/en\\\/cib-stellt-das-forschungsprojekt-deeper-auf-der-fachtagung-kmu-innovativ-itk-vor\\\/#primaryimage\"},\"thumbnailUrl\":\"https:\\\/\\\/www.cib.de\\\/wp-content\\\/uploads\\\/2016\\\/09\\\/deeper.jpg\",\"keywords\":[\"CIB deepER\",\"DE\"],\"articleSection\":[\"KI &amp; Innovation\"],\"inLanguage\":\"pt-PT\"},{\"@type\":\"WebPage\",\"@id\":\"https:\\\/\\\/www.cib.de\\\/en\\\/cib-stellt-das-forschungsprojekt-deeper-auf-der-fachtagung-kmu-innovativ-itk-vor\\\/\",\"url\":\"https:\\\/\\\/www.cib.de\\\/en\\\/cib-stellt-das-forschungsprojekt-deeper-auf-der-fachtagung-kmu-innovativ-itk-vor\\\/\",\"name\":\"CIB stellt das Forschungsprojekt DeepER auf der Fachtagung \u201eKMU-Innovativ: ITK\u201c vor - CIB Group\",\"isPartOf\":{\"@id\":\"https:\\\/\\\/www.cib.de\\\/#website\"},\"primaryImageOfPage\":{\"@id\":\"https:\\\/\\\/www.cib.de\\\/en\\\/cib-stellt-das-forschungsprojekt-deeper-auf-der-fachtagung-kmu-innovativ-itk-vor\\\/#primaryimage\"},\"image\":{\"@id\":\"https:\\\/\\\/www.cib.de\\\/en\\\/cib-stellt-das-forschungsprojekt-deeper-auf-der-fachtagung-kmu-innovativ-itk-vor\\\/#primaryimage\"},\"thumbnailUrl\":\"https:\\\/\\\/www.cib.de\\\/wp-content\\\/uploads\\\/2016\\\/09\\\/deeper.jpg\",\"datePublished\":\"2016-09-27T10:03:00+00:00\",\"dateModified\":\"2023-04-20T06:57:13+00:00\",\"breadcrumb\":{\"@id\":\"https:\\\/\\\/www.cib.de\\\/en\\\/cib-stellt-das-forschungsprojekt-deeper-auf-der-fachtagung-kmu-innovativ-itk-vor\\\/#breadcrumb\"},\"inLanguage\":\"pt-PT\",\"potentialAction\":[{\"@type\":\"ReadAction\",\"target\":[\"https:\\\/\\\/www.cib.de\\\/en\\\/cib-stellt-das-forschungsprojekt-deeper-auf-der-fachtagung-kmu-innovativ-itk-vor\\\/\"]}]},{\"@type\":\"ImageObject\",\"inLanguage\":\"pt-PT\",\"@id\":\"https:\\\/\\\/www.cib.de\\\/en\\\/cib-stellt-das-forschungsprojekt-deeper-auf-der-fachtagung-kmu-innovativ-itk-vor\\\/#primaryimage\",\"url\":\"https:\\\/\\\/www.cib.de\\\/wp-content\\\/uploads\\\/2016\\\/09\\\/deeper.jpg\",\"contentUrl\":\"https:\\\/\\\/www.cib.de\\\/wp-content\\\/uploads\\\/2016\\\/09\\\/deeper.jpg\",\"width\":1242,\"height\":482,\"caption\":\"deeper\"},{\"@type\":\"BreadcrumbList\",\"@id\":\"https:\\\/\\\/www.cib.de\\\/en\\\/cib-stellt-das-forschungsprojekt-deeper-auf-der-fachtagung-kmu-innovativ-itk-vor\\\/#breadcrumb\",\"itemListElement\":[{\"@type\":\"ListItem\",\"position\":1,\"name\":\"Home\",\"item\":\"https:\\\/\\\/www.cib.de\\\/\"},{\"@type\":\"ListItem\",\"position\":2,\"name\":\"CIB stellt das Forschungsprojekt DeepER auf der Fachtagung \u201eKMU-Innovativ: ITK\u201c vor\"}]},{\"@type\":\"WebSite\",\"@id\":\"https:\\\/\\\/www.cib.de\\\/#website\",\"url\":\"https:\\\/\\\/www.cib.de\\\/\",\"name\":\"CIB Group\",\"description\":\"Digitalisierung, Prozessautomatisierung, K\u00fcnstliche Intelligenz\",\"publisher\":{\"@id\":\"https:\\\/\\\/www.cib.de\\\/#organization\"},\"potentialAction\":[{\"@type\":\"SearchAction\",\"target\":{\"@type\":\"EntryPoint\",\"urlTemplate\":\"https:\\\/\\\/www.cib.de\\\/?s={search_term_string}\"},\"query-input\":{\"@type\":\"PropertyValueSpecification\",\"valueRequired\":true,\"valueName\":\"search_term_string\"}}],\"inLanguage\":\"pt-PT\"},{\"@type\":\"Organization\",\"@id\":\"https:\\\/\\\/www.cib.de\\\/#organization\",\"name\":\"CIB Group\",\"url\":\"https:\\\/\\\/www.cib.de\\\/\",\"logo\":{\"@type\":\"ImageObject\",\"inLanguage\":\"pt-PT\",\"@id\":\"https:\\\/\\\/www.cib.de\\\/#\\\/schema\\\/logo\\\/image\\\/\",\"url\":\"https:\\\/\\\/www.cib.de\\\/wp-content\\\/uploads\\\/2023\\\/10\\\/CIB_Logo_.svg\",\"contentUrl\":\"https:\\\/\\\/www.cib.de\\\/wp-content\\\/uploads\\\/2023\\\/10\\\/CIB_Logo_.svg\",\"width\":283,\"height\":128,\"caption\":\"CIB Group\"},\"image\":{\"@id\":\"https:\\\/\\\/www.cib.de\\\/#\\\/schema\\\/logo\\\/image\\\/\"},\"sameAs\":[\"https:\\\/\\\/www.linkedin.com\\\/company\\\/cib\\\/\"]},{\"@type\":\"Person\",\"@id\":\"https:\\\/\\\/www.cib.de\\\/#\\\/schema\\\/person\\\/4c70f0634b93acb47baacdb671694155\",\"name\":\"CIB Group\",\"image\":{\"@type\":\"ImageObject\",\"inLanguage\":\"pt-PT\",\"@id\":\"https:\\\/\\\/www.cib.de\\\/wp-content\\\/uploads\\\/2023\\\/03\\\/logo_signature2.png\",\"url\":\"https:\\\/\\\/www.cib.de\\\/wp-content\\\/uploads\\\/2023\\\/03\\\/logo_signature2.png\",\"contentUrl\":\"https:\\\/\\\/www.cib.de\\\/wp-content\\\/uploads\\\/2023\\\/03\\\/logo_signature2.png\",\"caption\":\"CIB Group\"},\"description\":\"Die Digitalisierungsexperten\"}]}<\/script>\n<!-- \/ Yoast SEO plugin. -->","yoast_head_json":{"title":"CIB stellt das Forschungsprojekt DeepER auf der Fachtagung \u201eKMU-Innovativ: ITK\u201c vor - CIB Group","robots":{"index":"index","follow":"follow","max-snippet":"max-snippet:-1","max-image-preview":"max-image-preview:large","max-video-preview":"max-video-preview:-1"},"canonical":"https:\/\/www.cib.de\/pt\/cib-stellt-das-forschungsprojekt-deeper-auf-der-fachtagung-kmu-innovativ-itk-vor\/","og_locale":"pt_PT","og_type":"article","og_title":"CIB stellt das Forschungsprojekt DeepER auf der Fachtagung \u201eKMU-Innovativ: ITK\u201c vor - CIB Group","og_description":"Am 10.\/11. Oktober 2016 findet die BMBF-Fachtagung zur F\u00f6rderinitiative \u201eKMU-Innovativ: ITK\u201c mit dem Titel \u201eMittelstand: Digital. Innovativ. Vernetzt.\u201c statt. CIB stellt zu dieser Gelegenheit das Forschungsprojekt DeepER zur Entwicklung einer innovativen OCR-Engine vor. Seit \u00fcber 27 Jahren stellt CIB software GmbH innovative und flexible L\u00f6sungen im Bereich Document Lifecycle Management mit dem Ziel her, Unternehmen ... Ler mais","og_url":"https:\/\/www.cib.de\/pt\/cib-stellt-das-forschungsprojekt-deeper-auf-der-fachtagung-kmu-innovativ-itk-vor\/","og_site_name":"CIB Group","article_publisher":"https:\/\/www.linkedin.com\/company\/cib\/","article_published_time":"2016-09-27T10:03:00+00:00","article_modified_time":"2023-04-20T06:57:13+00:00","og_image":[{"width":1242,"height":482,"url":"https:\/\/www.cib.de\/wp-content\/uploads\/2016\/09\/deeper.jpg","type":"image\/jpeg"}],"author":"CIB Group","twitter_card":"summary_large_image","twitter_misc":{"Escrito por":"CIB Group","Tempo estimado de leitura":"2 minutos"},"schema":{"@context":"https:\/\/schema.org","@graph":[{"@type":"Article","@id":"https:\/\/www.cib.de\/en\/cib-stellt-das-forschungsprojekt-deeper-auf-der-fachtagung-kmu-innovativ-itk-vor\/#article","isPartOf":{"@id":"https:\/\/www.cib.de\/en\/cib-stellt-das-forschungsprojekt-deeper-auf-der-fachtagung-kmu-innovativ-itk-vor\/"},"author":{"name":"CIB Group","@id":"https:\/\/www.cib.de\/#\/schema\/person\/4c70f0634b93acb47baacdb671694155"},"headline":"CIB stellt das Forschungsprojekt DeepER auf der Fachtagung \u201eKMU-Innovativ: ITK\u201c vor","datePublished":"2016-09-27T10:03:00+00:00","dateModified":"2023-04-20T06:57:13+00:00","mainEntityOfPage":{"@id":"https:\/\/www.cib.de\/en\/cib-stellt-das-forschungsprojekt-deeper-auf-der-fachtagung-kmu-innovativ-itk-vor\/"},"wordCount":343,"publisher":{"@id":"https:\/\/www.cib.de\/#organization"},"image":{"@id":"https:\/\/www.cib.de\/en\/cib-stellt-das-forschungsprojekt-deeper-auf-der-fachtagung-kmu-innovativ-itk-vor\/#primaryimage"},"thumbnailUrl":"https:\/\/www.cib.de\/wp-content\/uploads\/2016\/09\/deeper.jpg","keywords":["CIB deepER","DE"],"articleSection":["KI &amp; Innovation"],"inLanguage":"pt-PT"},{"@type":"WebPage","@id":"https:\/\/www.cib.de\/en\/cib-stellt-das-forschungsprojekt-deeper-auf-der-fachtagung-kmu-innovativ-itk-vor\/","url":"https:\/\/www.cib.de\/en\/cib-stellt-das-forschungsprojekt-deeper-auf-der-fachtagung-kmu-innovativ-itk-vor\/","name":"CIB stellt das Forschungsprojekt DeepER auf der Fachtagung \u201eKMU-Innovativ: ITK\u201c vor - CIB Group","isPartOf":{"@id":"https:\/\/www.cib.de\/#website"},"primaryImageOfPage":{"@id":"https:\/\/www.cib.de\/en\/cib-stellt-das-forschungsprojekt-deeper-auf-der-fachtagung-kmu-innovativ-itk-vor\/#primaryimage"},"image":{"@id":"https:\/\/www.cib.de\/en\/cib-stellt-das-forschungsprojekt-deeper-auf-der-fachtagung-kmu-innovativ-itk-vor\/#primaryimage"},"thumbnailUrl":"https:\/\/www.cib.de\/wp-content\/uploads\/2016\/09\/deeper.jpg","datePublished":"2016-09-27T10:03:00+00:00","dateModified":"2023-04-20T06:57:13+00:00","breadcrumb":{"@id":"https:\/\/www.cib.de\/en\/cib-stellt-das-forschungsprojekt-deeper-auf-der-fachtagung-kmu-innovativ-itk-vor\/#breadcrumb"},"inLanguage":"pt-PT","potentialAction":[{"@type":"ReadAction","target":["https:\/\/www.cib.de\/en\/cib-stellt-das-forschungsprojekt-deeper-auf-der-fachtagung-kmu-innovativ-itk-vor\/"]}]},{"@type":"ImageObject","inLanguage":"pt-PT","@id":"https:\/\/www.cib.de\/en\/cib-stellt-das-forschungsprojekt-deeper-auf-der-fachtagung-kmu-innovativ-itk-vor\/#primaryimage","url":"https:\/\/www.cib.de\/wp-content\/uploads\/2016\/09\/deeper.jpg","contentUrl":"https:\/\/www.cib.de\/wp-content\/uploads\/2016\/09\/deeper.jpg","width":1242,"height":482,"caption":"deeper"},{"@type":"BreadcrumbList","@id":"https:\/\/www.cib.de\/en\/cib-stellt-das-forschungsprojekt-deeper-auf-der-fachtagung-kmu-innovativ-itk-vor\/#breadcrumb","itemListElement":[{"@type":"ListItem","position":1,"name":"Home","item":"https:\/\/www.cib.de\/"},{"@type":"ListItem","position":2,"name":"CIB stellt das Forschungsprojekt DeepER auf der Fachtagung \u201eKMU-Innovativ: ITK\u201c vor"}]},{"@type":"WebSite","@id":"https:\/\/www.cib.de\/#website","url":"https:\/\/www.cib.de\/","name":"CIB Group","description":"Digitalisierung, Prozessautomatisierung, K\u00fcnstliche Intelligenz","publisher":{"@id":"https:\/\/www.cib.de\/#organization"},"potentialAction":[{"@type":"SearchAction","target":{"@type":"EntryPoint","urlTemplate":"https:\/\/www.cib.de\/?s={search_term_string}"},"query-input":{"@type":"PropertyValueSpecification","valueRequired":true,"valueName":"search_term_string"}}],"inLanguage":"pt-PT"},{"@type":"Organization","@id":"https:\/\/www.cib.de\/#organization","name":"CIB Group","url":"https:\/\/www.cib.de\/","logo":{"@type":"ImageObject","inLanguage":"pt-PT","@id":"https:\/\/www.cib.de\/#\/schema\/logo\/image\/","url":"https:\/\/www.cib.de\/wp-content\/uploads\/2023\/10\/CIB_Logo_.svg","contentUrl":"https:\/\/www.cib.de\/wp-content\/uploads\/2023\/10\/CIB_Logo_.svg","width":283,"height":128,"caption":"CIB Group"},"image":{"@id":"https:\/\/www.cib.de\/#\/schema\/logo\/image\/"},"sameAs":["https:\/\/www.linkedin.com\/company\/cib\/"]},{"@type":"Person","@id":"https:\/\/www.cib.de\/#\/schema\/person\/4c70f0634b93acb47baacdb671694155","name":"CIB Group","image":{"@type":"ImageObject","inLanguage":"pt-PT","@id":"https:\/\/www.cib.de\/wp-content\/uploads\/2023\/03\/logo_signature2.png","url":"https:\/\/www.cib.de\/wp-content\/uploads\/2023\/03\/logo_signature2.png","contentUrl":"https:\/\/www.cib.de\/wp-content\/uploads\/2023\/03\/logo_signature2.png","caption":"CIB Group"},"description":"Especialistas em digitaliza\u00e7\u00e3o"}]}},"post_mailing_queue_ids":[],"_links":{"self":[{"href":"https:\/\/www.cib.de\/pt\/wp-json\/wp\/v2\/posts\/6303","targetHints":{"allow":["GET"]}}],"collection":[{"href":"https:\/\/www.cib.de\/pt\/wp-json\/wp\/v2\/posts"}],"about":[{"href":"https:\/\/www.cib.de\/pt\/wp-json\/wp\/v2\/types\/post"}],"author":[{"embeddable":true,"href":"https:\/\/www.cib.de\/pt\/wp-json\/wp\/v2\/users\/246"}],"replies":[{"embeddable":true,"href":"https:\/\/www.cib.de\/pt\/wp-json\/wp\/v2\/comments?post=6303"}],"version-history":[{"count":5,"href":"https:\/\/www.cib.de\/pt\/wp-json\/wp\/v2\/posts\/6303\/revisions"}],"predecessor-version":[{"id":56953,"href":"https:\/\/www.cib.de\/pt\/wp-json\/wp\/v2\/posts\/6303\/revisions\/56953"}],"wp:featuredmedia":[{"embeddable":true,"href":"https:\/\/www.cib.de\/pt\/wp-json\/wp\/v2\/media\/17695"}],"wp:attachment":[{"href":"https:\/\/www.cib.de\/pt\/wp-json\/wp\/v2\/media?parent=6303"}],"wp:term":[{"taxonomy":"category","embeddable":true,"href":"https:\/\/www.cib.de\/pt\/wp-json\/wp\/v2\/categories?post=6303"},{"taxonomy":"post_tag","embeddable":true,"href":"https:\/\/www.cib.de\/pt\/wp-json\/wp\/v2\/tags?post=6303"}],"curies":[{"name":"wp","href":"https:\/\/api.w.org\/{rel}","templated":true}]}}