{"id":7781,"date":"2018-10-23T13:33:51","date_gmt":"2018-10-23T11:33:51","guid":{"rendered":"http:\/\/cib-events.de\/?p=1509"},"modified":"2023-04-20T08:51:44","modified_gmt":"2023-04-20T06:51:44","slug":"kennenlerntag-der-startups-in-module","status":"publish","type":"post","link":"https:\/\/www.cib.de\/pt\/kennenlerntag-der-startups-in-module\/","title":{"rendered":"Kennenlerntag der Startups in modul-E"},"content":{"rendered":"<p>Rechtzeitig vor dem offiziellen Startschuss f\u00fcr unsere Startups in <a href=\"https:\/\/www.cib.de\/pt\/modul-e\/\">modul-E<\/a> am 2. November, fand am 22. Oktober ein Einf\u00fchrungstag statt.<\/p>\n<p>F\u00fcnf Startups aus den Bereichen Digital Health, MedTech und Predictive Maintenance werden in den n\u00e4chsten 6 Monaten die R\u00e4umlichkeiten unseres modul-E nutzen, mit dem Ziel, Ideen und Innovationen voranzutreiben und sich sowohl untereinander als auch mit CIB zu vernetzten.<\/p>\n<p>modul-E Project Lead Konrad Schmid f\u00fchrte durch den Vormittag, an dem unser Gesch\u00e4ftsf\u00fchrer Ulrich Brandner und der Kooperationspartner LMU EC teilnahmen. Nach einer kurzen Vorstellung des Unternehmens hatte auch jedes Startup die M\u00f6glichkeit sich kurz zu pr\u00e4sentieren. Es folgte ein interessanter und zukunftstr\u00e4chtiger Austausch untereinander.<\/p>\n<p>Nach diesem offiziellen Startschuss werden wir hier weiter \u00fcber die Startups im Einzelnen berichten.<\/p>\n<p>Wir freuen uns auf eine spannende und interessante Zeit zusammen.<\/p>\n<p>Let\u2019s CIB and startup!<\/p>","protected":false},"excerpt":{"rendered":"<p>Rechtzeitig vor dem offiziellen Startschuss f\u00fcr unsere Startups in modul-E am 2. November, fand am 22. Oktober ein Einf\u00fchrungstag statt. F\u00fcnf Startups aus den Bereichen Digital Health, MedTech und Predictive Maintenance werden in den n\u00e4chsten 6 Monaten die R\u00e4umlichkeiten unseres modul-E nutzen, mit dem Ziel, Ideen und Innovationen voranzutreiben und sich sowohl untereinander als auch &#8230; <a title=\"Kennenlerntag der Startups in modul-E\" class=\"read-more\" href=\"https:\/\/www.cib.de\/pt\/kennenlerntag-der-startups-in-module\/\" aria-label=\"Leia mais sobre Kennenlerntag der Startups in modul-E\">Ler mais<\/a><\/p>","protected":false},"author":246,"featured_media":9523,"comment_status":"closed","ping_status":"open","sticky":false,"template":"","format":"standard","meta":{"_acf_changed":false,"footnotes":""},"categories":[922],"tags":[1066,1516,2202],"class_list":["post-7781","post","type-post","status-publish","format-standard","has-post-thumbnail","hentry","category-ki-innovation","tag-cib-event","tag-module","tag-only-de"],"acf":[],"yoast_head":"<!-- This site is optimized with the Yoast SEO plugin v27.5 - https:\/\/yoast.com\/product\/yoast-seo-wordpress\/ -->\n<title>Kennenlerntag der Startups in modul-E - CIB Group<\/title>\n<meta name=\"robots\" content=\"index, follow, max-snippet:-1, max-image-preview:large, max-video-preview:-1\" \/>\n<link rel=\"canonical\" href=\"https:\/\/www.cib.de\/pt\/kennenlerntag-der-startups-in-module\/\" \/>\n<meta property=\"og:locale\" content=\"pt_PT\" \/>\n<meta property=\"og:type\" content=\"article\" \/>\n<meta property=\"og:title\" content=\"Kennenlerntag der Startups in modul-E - CIB Group\" \/>\n<meta property=\"og:description\" content=\"Rechtzeitig vor dem offiziellen Startschuss f\u00fcr unsere Startups in modul-E am 2. November, fand am 22. Oktober ein Einf\u00fchrungstag statt. F\u00fcnf Startups aus den Bereichen Digital Health, MedTech und Predictive Maintenance werden in den n\u00e4chsten 6 Monaten die R\u00e4umlichkeiten unseres modul-E nutzen, mit dem Ziel, Ideen und Innovationen voranzutreiben und sich sowohl untereinander als auch ... Ler mais\" \/>\n<meta property=\"og:url\" content=\"https:\/\/www.cib.de\/pt\/kennenlerntag-der-startups-in-module\/\" \/>\n<meta property=\"og:site_name\" content=\"CIB Group\" \/>\n<meta property=\"article:publisher\" content=\"https:\/\/www.linkedin.com\/company\/cib\/\" \/>\n<meta property=\"article:published_time\" content=\"2018-10-23T11:33:51+00:00\" \/>\n<meta property=\"article:modified_time\" content=\"2023-04-20T06:51:44+00:00\" \/>\n<meta property=\"og:image\" content=\"https:\/\/www.cib.de\/wp-content\/uploads\/2018\/11\/news_CIB_MODUL-E-1.png\" \/>\n\t<meta property=\"og:image:width\" content=\"826\" \/>\n\t<meta property=\"og:image:height\" content=\"300\" \/>\n\t<meta property=\"og:image:type\" content=\"image\/png\" \/>\n<meta name=\"author\" content=\"CIB Group\" \/>\n<meta name=\"twitter:card\" content=\"summary_large_image\" \/>\n<meta name=\"twitter:label1\" content=\"Escrito por\" \/>\n\t<meta name=\"twitter:data1\" content=\"CIB Group\" \/>\n\t<meta name=\"twitter:label2\" content=\"Tempo estimado de leitura\" \/>\n\t<meta name=\"twitter:data2\" content=\"1 minuto\" \/>\n<script type=\"application\/ld+json\" class=\"yoast-schema-graph\">{\"@context\":\"https:\\\/\\\/schema.org\",\"@graph\":[{\"@type\":\"Article\",\"@id\":\"https:\\\/\\\/www.cib.de\\\/kennenlerntag-der-startups-in-module\\\/#article\",\"isPartOf\":{\"@id\":\"https:\\\/\\\/www.cib.de\\\/kennenlerntag-der-startups-in-module\\\/\"},\"author\":{\"name\":\"CIB Group\",\"@id\":\"https:\\\/\\\/www.cib.de\\\/#\\\/schema\\\/person\\\/4c70f0634b93acb47baacdb671694155\"},\"headline\":\"Kennenlerntag der Startups in modul-E\",\"datePublished\":\"2018-10-23T11:33:51+00:00\",\"dateModified\":\"2023-04-20T06:51:44+00:00\",\"mainEntityOfPage\":{\"@id\":\"https:\\\/\\\/www.cib.de\\\/kennenlerntag-der-startups-in-module\\\/\"},\"wordCount\":146,\"publisher\":{\"@id\":\"https:\\\/\\\/www.cib.de\\\/#organization\"},\"image\":{\"@id\":\"https:\\\/\\\/www.cib.de\\\/kennenlerntag-der-startups-in-module\\\/#primaryimage\"},\"thumbnailUrl\":\"https:\\\/\\\/www.cib.de\\\/wp-content\\\/uploads\\\/2018\\\/11\\\/news_CIB_MODUL-E-1.png\",\"keywords\":[\"CIB Events\",\"modul-E\",\"DE\"],\"articleSection\":[\"KI &amp; Innovation\"],\"inLanguage\":\"pt-PT\"},{\"@type\":\"WebPage\",\"@id\":\"https:\\\/\\\/www.cib.de\\\/kennenlerntag-der-startups-in-module\\\/\",\"url\":\"https:\\\/\\\/www.cib.de\\\/kennenlerntag-der-startups-in-module\\\/\",\"name\":\"Kennenlerntag der Startups in modul-E - CIB Group\",\"isPartOf\":{\"@id\":\"https:\\\/\\\/www.cib.de\\\/#website\"},\"primaryImageOfPage\":{\"@id\":\"https:\\\/\\\/www.cib.de\\\/kennenlerntag-der-startups-in-module\\\/#primaryimage\"},\"image\":{\"@id\":\"https:\\\/\\\/www.cib.de\\\/kennenlerntag-der-startups-in-module\\\/#primaryimage\"},\"thumbnailUrl\":\"https:\\\/\\\/www.cib.de\\\/wp-content\\\/uploads\\\/2018\\\/11\\\/news_CIB_MODUL-E-1.png\",\"datePublished\":\"2018-10-23T11:33:51+00:00\",\"dateModified\":\"2023-04-20T06:51:44+00:00\",\"breadcrumb\":{\"@id\":\"https:\\\/\\\/www.cib.de\\\/kennenlerntag-der-startups-in-module\\\/#breadcrumb\"},\"inLanguage\":\"pt-PT\",\"potentialAction\":[{\"@type\":\"ReadAction\",\"target\":[\"https:\\\/\\\/www.cib.de\\\/kennenlerntag-der-startups-in-module\\\/\"]}]},{\"@type\":\"ImageObject\",\"inLanguage\":\"pt-PT\",\"@id\":\"https:\\\/\\\/www.cib.de\\\/kennenlerntag-der-startups-in-module\\\/#primaryimage\",\"url\":\"https:\\\/\\\/www.cib.de\\\/wp-content\\\/uploads\\\/2018\\\/11\\\/news_CIB_MODUL-E-1.png\",\"contentUrl\":\"https:\\\/\\\/www.cib.de\\\/wp-content\\\/uploads\\\/2018\\\/11\\\/news_CIB_MODUL-E-1.png\",\"width\":826,\"height\":300,\"caption\":\"CIB ModulE\"},{\"@type\":\"BreadcrumbList\",\"@id\":\"https:\\\/\\\/www.cib.de\\\/kennenlerntag-der-startups-in-module\\\/#breadcrumb\",\"itemListElement\":[{\"@type\":\"ListItem\",\"position\":1,\"name\":\"Home\",\"item\":\"https:\\\/\\\/www.cib.de\\\/\"},{\"@type\":\"ListItem\",\"position\":2,\"name\":\"Kennenlerntag der Startups in modul-E\"}]},{\"@type\":\"WebSite\",\"@id\":\"https:\\\/\\\/www.cib.de\\\/#website\",\"url\":\"https:\\\/\\\/www.cib.de\\\/\",\"name\":\"CIB Group\",\"description\":\"Digitalisierung, Prozessautomatisierung, K\u00fcnstliche Intelligenz\",\"publisher\":{\"@id\":\"https:\\\/\\\/www.cib.de\\\/#organization\"},\"potentialAction\":[{\"@type\":\"SearchAction\",\"target\":{\"@type\":\"EntryPoint\",\"urlTemplate\":\"https:\\\/\\\/www.cib.de\\\/?s={search_term_string}\"},\"query-input\":{\"@type\":\"PropertyValueSpecification\",\"valueRequired\":true,\"valueName\":\"search_term_string\"}}],\"inLanguage\":\"pt-PT\"},{\"@type\":\"Organization\",\"@id\":\"https:\\\/\\\/www.cib.de\\\/#organization\",\"name\":\"CIB Group\",\"url\":\"https:\\\/\\\/www.cib.de\\\/\",\"logo\":{\"@type\":\"ImageObject\",\"inLanguage\":\"pt-PT\",\"@id\":\"https:\\\/\\\/www.cib.de\\\/#\\\/schema\\\/logo\\\/image\\\/\",\"url\":\"https:\\\/\\\/www.cib.de\\\/wp-content\\\/uploads\\\/2023\\\/10\\\/CIB_Logo_.svg\",\"contentUrl\":\"https:\\\/\\\/www.cib.de\\\/wp-content\\\/uploads\\\/2023\\\/10\\\/CIB_Logo_.svg\",\"width\":283,\"height\":128,\"caption\":\"CIB Group\"},\"image\":{\"@id\":\"https:\\\/\\\/www.cib.de\\\/#\\\/schema\\\/logo\\\/image\\\/\"},\"sameAs\":[\"https:\\\/\\\/www.linkedin.com\\\/company\\\/cib\\\/\"]},{\"@type\":\"Person\",\"@id\":\"https:\\\/\\\/www.cib.de\\\/#\\\/schema\\\/person\\\/4c70f0634b93acb47baacdb671694155\",\"name\":\"CIB Group\",\"image\":{\"@type\":\"ImageObject\",\"inLanguage\":\"pt-PT\",\"@id\":\"https:\\\/\\\/www.cib.de\\\/wp-content\\\/uploads\\\/2023\\\/03\\\/logo_signature2.png\",\"url\":\"https:\\\/\\\/www.cib.de\\\/wp-content\\\/uploads\\\/2023\\\/03\\\/logo_signature2.png\",\"contentUrl\":\"https:\\\/\\\/www.cib.de\\\/wp-content\\\/uploads\\\/2023\\\/03\\\/logo_signature2.png\",\"caption\":\"CIB Group\"},\"description\":\"Die Digitalisierungsexperten\"}]}<\/script>\n<!-- \/ Yoast SEO plugin. -->","yoast_head_json":{"title":"Kennenlerntag der Startups in modul-E - CIB Group","robots":{"index":"index","follow":"follow","max-snippet":"max-snippet:-1","max-image-preview":"max-image-preview:large","max-video-preview":"max-video-preview:-1"},"canonical":"https:\/\/www.cib.de\/pt\/kennenlerntag-der-startups-in-module\/","og_locale":"pt_PT","og_type":"article","og_title":"Kennenlerntag der Startups in modul-E - CIB Group","og_description":"Rechtzeitig vor dem offiziellen Startschuss f\u00fcr unsere Startups in modul-E am 2. November, fand am 22. Oktober ein Einf\u00fchrungstag statt. F\u00fcnf Startups aus den Bereichen Digital Health, MedTech und Predictive Maintenance werden in den n\u00e4chsten 6 Monaten die R\u00e4umlichkeiten unseres modul-E nutzen, mit dem Ziel, Ideen und Innovationen voranzutreiben und sich sowohl untereinander als auch ... Ler mais","og_url":"https:\/\/www.cib.de\/pt\/kennenlerntag-der-startups-in-module\/","og_site_name":"CIB Group","article_publisher":"https:\/\/www.linkedin.com\/company\/cib\/","article_published_time":"2018-10-23T11:33:51+00:00","article_modified_time":"2023-04-20T06:51:44+00:00","og_image":[{"width":826,"height":300,"url":"https:\/\/www.cib.de\/wp-content\/uploads\/2018\/11\/news_CIB_MODUL-E-1.png","type":"image\/png"}],"author":"CIB Group","twitter_card":"summary_large_image","twitter_misc":{"Escrito por":"CIB Group","Tempo estimado de leitura":"1 minuto"},"schema":{"@context":"https:\/\/schema.org","@graph":[{"@type":"Article","@id":"https:\/\/www.cib.de\/kennenlerntag-der-startups-in-module\/#article","isPartOf":{"@id":"https:\/\/www.cib.de\/kennenlerntag-der-startups-in-module\/"},"author":{"name":"CIB Group","@id":"https:\/\/www.cib.de\/#\/schema\/person\/4c70f0634b93acb47baacdb671694155"},"headline":"Kennenlerntag der Startups in modul-E","datePublished":"2018-10-23T11:33:51+00:00","dateModified":"2023-04-20T06:51:44+00:00","mainEntityOfPage":{"@id":"https:\/\/www.cib.de\/kennenlerntag-der-startups-in-module\/"},"wordCount":146,"publisher":{"@id":"https:\/\/www.cib.de\/#organization"},"image":{"@id":"https:\/\/www.cib.de\/kennenlerntag-der-startups-in-module\/#primaryimage"},"thumbnailUrl":"https:\/\/www.cib.de\/wp-content\/uploads\/2018\/11\/news_CIB_MODUL-E-1.png","keywords":["CIB Events","modul-E","DE"],"articleSection":["KI &amp; Innovation"],"inLanguage":"pt-PT"},{"@type":"WebPage","@id":"https:\/\/www.cib.de\/kennenlerntag-der-startups-in-module\/","url":"https:\/\/www.cib.de\/kennenlerntag-der-startups-in-module\/","name":"Kennenlerntag der Startups in modul-E - CIB Group","isPartOf":{"@id":"https:\/\/www.cib.de\/#website"},"primaryImageOfPage":{"@id":"https:\/\/www.cib.de\/kennenlerntag-der-startups-in-module\/#primaryimage"},"image":{"@id":"https:\/\/www.cib.de\/kennenlerntag-der-startups-in-module\/#primaryimage"},"thumbnailUrl":"https:\/\/www.cib.de\/wp-content\/uploads\/2018\/11\/news_CIB_MODUL-E-1.png","datePublished":"2018-10-23T11:33:51+00:00","dateModified":"2023-04-20T06:51:44+00:00","breadcrumb":{"@id":"https:\/\/www.cib.de\/kennenlerntag-der-startups-in-module\/#breadcrumb"},"inLanguage":"pt-PT","potentialAction":[{"@type":"ReadAction","target":["https:\/\/www.cib.de\/kennenlerntag-der-startups-in-module\/"]}]},{"@type":"ImageObject","inLanguage":"pt-PT","@id":"https:\/\/www.cib.de\/kennenlerntag-der-startups-in-module\/#primaryimage","url":"https:\/\/www.cib.de\/wp-content\/uploads\/2018\/11\/news_CIB_MODUL-E-1.png","contentUrl":"https:\/\/www.cib.de\/wp-content\/uploads\/2018\/11\/news_CIB_MODUL-E-1.png","width":826,"height":300,"caption":"CIB ModulE"},{"@type":"BreadcrumbList","@id":"https:\/\/www.cib.de\/kennenlerntag-der-startups-in-module\/#breadcrumb","itemListElement":[{"@type":"ListItem","position":1,"name":"Home","item":"https:\/\/www.cib.de\/"},{"@type":"ListItem","position":2,"name":"Kennenlerntag der Startups in modul-E"}]},{"@type":"WebSite","@id":"https:\/\/www.cib.de\/#website","url":"https:\/\/www.cib.de\/","name":"CIB Group","description":"Digitalisierung, Prozessautomatisierung, K\u00fcnstliche Intelligenz","publisher":{"@id":"https:\/\/www.cib.de\/#organization"},"potentialAction":[{"@type":"SearchAction","target":{"@type":"EntryPoint","urlTemplate":"https:\/\/www.cib.de\/?s={search_term_string}"},"query-input":{"@type":"PropertyValueSpecification","valueRequired":true,"valueName":"search_term_string"}}],"inLanguage":"pt-PT"},{"@type":"Organization","@id":"https:\/\/www.cib.de\/#organization","name":"CIB Group","url":"https:\/\/www.cib.de\/","logo":{"@type":"ImageObject","inLanguage":"pt-PT","@id":"https:\/\/www.cib.de\/#\/schema\/logo\/image\/","url":"https:\/\/www.cib.de\/wp-content\/uploads\/2023\/10\/CIB_Logo_.svg","contentUrl":"https:\/\/www.cib.de\/wp-content\/uploads\/2023\/10\/CIB_Logo_.svg","width":283,"height":128,"caption":"CIB Group"},"image":{"@id":"https:\/\/www.cib.de\/#\/schema\/logo\/image\/"},"sameAs":["https:\/\/www.linkedin.com\/company\/cib\/"]},{"@type":"Person","@id":"https:\/\/www.cib.de\/#\/schema\/person\/4c70f0634b93acb47baacdb671694155","name":"CIB Group","image":{"@type":"ImageObject","inLanguage":"pt-PT","@id":"https:\/\/www.cib.de\/wp-content\/uploads\/2023\/03\/logo_signature2.png","url":"https:\/\/www.cib.de\/wp-content\/uploads\/2023\/03\/logo_signature2.png","contentUrl":"https:\/\/www.cib.de\/wp-content\/uploads\/2023\/03\/logo_signature2.png","caption":"CIB Group"},"description":"Especialistas em digitaliza\u00e7\u00e3o"}]}},"post_mailing_queue_ids":[],"_links":{"self":[{"href":"https:\/\/www.cib.de\/pt\/wp-json\/wp\/v2\/posts\/7781","targetHints":{"allow":["GET"]}}],"collection":[{"href":"https:\/\/www.cib.de\/pt\/wp-json\/wp\/v2\/posts"}],"about":[{"href":"https:\/\/www.cib.de\/pt\/wp-json\/wp\/v2\/types\/post"}],"author":[{"embeddable":true,"href":"https:\/\/www.cib.de\/pt\/wp-json\/wp\/v2\/users\/246"}],"replies":[{"embeddable":true,"href":"https:\/\/www.cib.de\/pt\/wp-json\/wp\/v2\/comments?post=7781"}],"version-history":[{"count":4,"href":"https:\/\/www.cib.de\/pt\/wp-json\/wp\/v2\/posts\/7781\/revisions"}],"predecessor-version":[{"id":53144,"href":"https:\/\/www.cib.de\/pt\/wp-json\/wp\/v2\/posts\/7781\/revisions\/53144"}],"wp:featuredmedia":[{"embeddable":true,"href":"https:\/\/www.cib.de\/pt\/wp-json\/wp\/v2\/media\/9523"}],"wp:attachment":[{"href":"https:\/\/www.cib.de\/pt\/wp-json\/wp\/v2\/media?parent=7781"}],"wp:term":[{"taxonomy":"category","embeddable":true,"href":"https:\/\/www.cib.de\/pt\/wp-json\/wp\/v2\/categories?post=7781"},{"taxonomy":"post_tag","embeddable":true,"href":"https:\/\/www.cib.de\/pt\/wp-json\/wp\/v2\/tags?post=7781"}],"curies":[{"name":"wp","href":"https:\/\/api.w.org\/{rel}","templated":true}]}}